{"id":1423070,"date":"2024-04-09T10:29:43","date_gmt":"2024-04-09T08:29:43","guid":{"rendered":"https:\/\/theplayoffs.news\/fr\/?p=1423070"},"modified":"2024-04-09T10:29:43","modified_gmt":"2024-04-09T08:29:43","slug":"framber-valdez-de-retour-a-houston-pour-des-examens-medicaux","status":"publish","type":"post","link":"https:\/\/theplayoffs.news\/fr\/actualite-mlb\/framber-valdez-de-retour-a-houston-pour-des-examens-medicaux\/","title":{"rendered":"Framber Valdez\u00a0de retour \u00e0 Houston pour des examens m\u00e9dicaux !"},"content":{"rendered":"<p style=\"text-align: justify\"><strong>Hier soir, Framber Valdez a d&ucirc; renoncer &agrave; lancer en raison d&rsquo;une blessure au coude. Une l&eacute;g&egrave;re blessure qui ne semble pas inqui&eacute;ter le staff des Astros.<\/strong><\/p><h3 style=\"text-align: justify\">Framber Valdez&nbsp;: Pas de r&eacute;elles inqui&eacute;tudes<\/h3><p>\n<div id=\"attachment_1423073\" style=\"width: 1930px\" class=\"wp-caption alignnone\"><img loading=\"lazy\" decoding=\"async\" aria-describedby=\"caption-attachment-1423073\" class=\"wp-image-1423073 size-full\" src=\"https:\/\/theplayoffs.news\/fr\/wp-content\/uploads\/2024\/04\/USATSI_22577845.jpg\" alt=\"Framber Valdez\" width=\"1920\" height=\"1398\" srcset=\"https:\/\/theplayoffs.news\/fr\/wp-content\/uploads\/2024\/04\/USATSI_22577845.jpg 1920w, https:\/\/theplayoffs.news\/fr\/wp-content\/uploads\/2024\/04\/USATSI_22577845-300x218.jpg 300w, https:\/\/theplayoffs.news\/fr\/wp-content\/uploads\/2024\/04\/USATSI_22577845-1030x750.jpg 1030w, https:\/\/theplayoffs.news\/fr\/wp-content\/uploads\/2024\/04\/USATSI_22577845-768x559.jpg 768w, https:\/\/theplayoffs.news\/fr\/wp-content\/uploads\/2024\/04\/USATSI_22577845-1536x1118.jpg 1536w, https:\/\/theplayoffs.news\/fr\/wp-content\/uploads\/2024\/04\/USATSI_22577845-1500x1092.jpg 1500w, https:\/\/theplayoffs.news\/fr\/wp-content\/uploads\/2024\/04\/USATSI_22577845-705x513.jpg 705w, https:\/\/theplayoffs.news\/fr\/wp-content\/uploads\/2024\/04\/USATSI_22577845-1320x961.jpg 1320w\" sizes=\"auto, (max-width: 1920px) 100vw, 1920px\" \/><p id=\"caption-attachment-1423073\" class=\"wp-caption-text\">Credit: Sam Navarro-USA TODAY Sports<\/p><\/div>\n<\/p><p style=\"text-align: justify\">Dimanche, le lanceur des <a href=\"https:\/\/theplayoffs.news\/fr\/equipe\/houston-astros-mlb\/\" class=\"trk-cta-link\" data-cta-trk='{\"ctaType\":\"Link\",\"ctaSubType\":\"main\"}'>Houston Astros<\/a>, <a href=\"https:\/\/theplayoffs.news\/fr\/joueur\/framber-valdez-mlb-73162\/\" class=\"trk-cta-link\" data-cta-trk='{\"ctaType\":\"Link\",\"ctaSubType\":\"main\"}'>Framber Valdez<\/a>, a ressenti une douleur au coude gauche. La d&eacute;cision a donc &eacute;t&eacute; prise par le staff de renvoyer Framber Valdez &agrave; Houston afin qu&rsquo;il puisse rencontrer un docteur et faire &eacute;valuer sa blessure.<\/p><blockquote>\n<p style=\"text-align: justify\">&laquo;&nbsp;Nous voulons juste voir ce que le docteur va dire. Et nous verrons &agrave; partir de l&agrave;.&nbsp;&raquo; Joe Espada, manager des Astros<\/p>\n<\/blockquote><p style=\"text-align: justify\"><a href=\"https:\/\/www.mlb.com\/astros\/team\/front-office\/dana-brown\" class=\"trk-cta-link\" data-cta-trk='{\"ctaType\":\"Link\",\"ctaSubType\":\"main\"}'>Dana Brown<\/a>, le manager g&eacute;n&eacute;ral des Astros, ne semble pas inquiet quant &agrave; la gravit&eacute; de la blessure. Pour <a href=\"https:\/\/en.wikipedia.org\/wiki\/Joe_Espada\" class=\"trk-cta-link\" data-cta-trk='{\"ctaType\":\"Link\",\"ctaSubType\":\"main\"}'>Joe Espada<\/a>, le fait qu&rsquo;ils n&rsquo;aient pas d&eacute;cid&eacute; de placer Framber Valdez sur la liste des bless&eacute;s, montre que la blessure n&rsquo;est pas si inqui&eacute;tante.<\/p><blockquote>\n<p style=\"text-align: justify\">&laquo;&nbsp;Nous ne sommes pas r&eacute;ellement inquiet. Je pense que ca ira.&nbsp;&raquo; Dana Brown<\/p>\n<\/blockquote><h3 style=\"text-align: justify\">Blair Henley&nbsp;: Une premi&egrave;re catastrophique<\/h3><p>\n<div id=\"attachment_1423074\" style=\"width: 1930px\" class=\"wp-caption alignnone\"><img loading=\"lazy\" decoding=\"async\" aria-describedby=\"caption-attachment-1423074\" class=\"wp-image-1423074 size-full\" src=\"https:\/\/theplayoffs.news\/fr\/wp-content\/uploads\/2024\/04\/USATSI_22977194.jpg\" alt=\"Blair Henley\" width=\"1920\" height=\"1279\" srcset=\"https:\/\/theplayoffs.news\/fr\/wp-content\/uploads\/2024\/04\/USATSI_22977194.jpg 1920w, https:\/\/theplayoffs.news\/fr\/wp-content\/uploads\/2024\/04\/USATSI_22977194-300x200.jpg 300w, https:\/\/theplayoffs.news\/fr\/wp-content\/uploads\/2024\/04\/USATSI_22977194-1030x686.jpg 1030w, https:\/\/theplayoffs.news\/fr\/wp-content\/uploads\/2024\/04\/USATSI_22977194-768x512.jpg 768w, https:\/\/theplayoffs.news\/fr\/wp-content\/uploads\/2024\/04\/USATSI_22977194-1536x1023.jpg 1536w, https:\/\/theplayoffs.news\/fr\/wp-content\/uploads\/2024\/04\/USATSI_22977194-1500x999.jpg 1500w, https:\/\/theplayoffs.news\/fr\/wp-content\/uploads\/2024\/04\/USATSI_22977194-705x470.jpg 705w, https:\/\/theplayoffs.news\/fr\/wp-content\/uploads\/2024\/04\/USATSI_22977194-1320x879.jpg 1320w\" sizes=\"auto, (max-width: 1920px) 100vw, 1920px\" \/><p id=\"caption-attachment-1423074\" class=\"wp-caption-text\">Credit: Jim Cowsert-USA TODAY Sports<\/p><\/div>\n<\/p><p style=\"text-align: justify\">Pour palier l&rsquo;absence de Framber Valdez, les Astros ont d&eacute;cid&eacute; d&rsquo;appeler le jeune <a href=\"https:\/\/theplayoffs.news\/fr\/joueur\/blair-henley-mlb-8162828\/\" class=\"trk-cta-link\" data-cta-trk='{\"ctaType\":\"Link\",\"ctaSubType\":\"main\"}'>Blair Henley<\/a> qui &eacute;volue en Triple-A &agrave; <a href=\"https:\/\/www.milb.com\/sugar-land\" class=\"trk-cta-link\" data-cta-trk='{\"ctaType\":\"Link\",\"ctaSubType\":\"main\"}'>Sugar Land Space Cowboys<\/a>. Le jeune lanceur de 26 ans a donc effectu&eacute; ses grands d&eacute;buts en MLB chez les Rangers, pas tr&egrave;s loin donc de l&agrave; o&ugrave; il a grandit &agrave; Fort Worth.<\/p><p style=\"text-align: justify\">Malheureusement pour le rempla&ccedil;ant de derni&egrave;re minute de Framber Valdez, la soir&eacute;e ne s&rsquo;est pas pass&eacute;e comme il l&rsquo;aurait esp&eacute;r&eacute;.<\/p><p style=\"text-align: justify\">En effet, Blair Henley a v&eacute;cu un v&eacute;ritable cauchemar d&egrave;s la premi&egrave;re manche avec 5 points encaiss&eacute;s, 4 coups s&ucirc;r conc&eacute;d&eacute;s, 3 but sur base et seulement un retrait. Il n&rsquo;ira pas plus loin que la premi&egrave;re manche.<\/p><p style=\"text-align: justify\">Heureusement l&rsquo;enclos des Astros a fait le travail. Tout d&rsquo;abord il y a eu <a href=\"https:\/\/theplayoffs.news\/fr\/joueur\/seth-martinez-mlb-85484\/\" class=\"trk-cta-link\" data-cta-trk='{\"ctaType\":\"Link\",\"ctaSubType\":\"main\"}'>Seth Martinez<\/a>, qui a lanc&eacute; 3 &frac12; manches et s&rsquo;est ainsi vu r&eacute;compenser de la victoire avec 11 retraits en seulement 32 lancers.<\/p><blockquote><p>&laquo;&nbsp;C&rsquo;&eacute;tait &eacute;norme pour l&rsquo;enclos. Nous savons tous que nous pouvons le faire, alors je ne pense pas que ce soit une surprise, mais en m&ecirc;me temps, l&rsquo;&eacute;quipe s&rsquo;en est nourrie. Je pense que nous aurons beaucoup d&rsquo;&eacute;nergies pour les prochaines s&eacute;ries.&nbsp;&raquo; Seth Martinez<\/p><\/blockquote><blockquote class=\"twitter-tweet\" data-width=\"500\" data-dnt=\"true\">\n<p lang=\"en\" dir=\"ltr\">Led by Seth Martinez, the Astros' bullpen rescues Blair Henley with 8 2\/3 scoreless innings &mdash;  the most scoreless innings by an Astros bullpen in a nine-inning game since July 18, 1974, at Philadelphia.<a href=\"https:\/\/t.co\/23BmUocWnS\" class=\"trk-cta-link\" data-cta-trk='{\"ctaType\":\"Link\",\"ctaSubType\":\"main\"}'>https:\/\/t.co\/23BmUocWnS<\/a><\/p>\n<p>&mdash; Brian McTaggart (@brianmctaggart) <a href=\"https:\/\/twitter.com\/brianmctaggart\/status\/1777572548542079069?ref_src=twsrc%5Etfw\" class=\"trk-cta-link\" data-cta-trk='{\"ctaType\":\"Link\",\"ctaSubType\":\"main\"}'>April 9, 2024<\/a><\/p><\/blockquote><p><script async src=\"https:\/\/platform.twitter.com\/widgets.js\" charset=\"utf-8\"><\/script><\/p><p style=\"text-align: justify\">Taylor Scott,Brandon Bielak et Bryan Abreu sont venu terminer le travail.<\/p><blockquote>\n<p style=\"text-align: justify\">&nbsp;&laquo;&nbsp;Un travail ph&eacute;nom&eacute;nal. C&rsquo;est une victoire d&rsquo;&eacute;quipe. Nous avions besoins des gars pour r&eacute;ussir et ils l&rsquo;ont fait.&nbsp;&raquo; Joe Espada<\/p>\n<\/blockquote><p>&nbsp;<\/p><p style=\"text-align: justify\">Joe Espada a tenu a soutenir son jeune lanceur lors de sa sortie pr&eacute;matur&eacute;e.<\/p><blockquote>\n<p style=\"text-align: justify\">&laquo;&nbsp;Lorsque je suis all&eacute; sur le monticule (pour la sortie de Henley), je lui ai dit qu&rsquo;il garde la t&ecirc;te haute et qu&rsquo;on gagnerait ce match pour lui.&nbsp;&raquo; Joe Espada<\/p>\n<\/blockquote><p style=\"text-align: justify\">Blair Henley va retrouver Sugar Land apr&egrave;s cette premi&egrave;re sortie dont il devra se nourrir pour revenir dans la grande ligue.<\/p><blockquote>\n<p style=\"text-align: justify\">&laquo;&nbsp;Tous les gars ont eu de la compassion pour moi. Seth a fait le travail et je l&rsquo;ai f&eacute;licit&eacute; pour &ccedil;a. Le vestiaire est incroyable, le staff et le personnel sont g&eacute;niaux. J&rsquo;aurais une autre opportunit&eacute;.&nbsp;&raquo; Blair Henley<\/p>\n<\/blockquote><p style=\"text-align: justify\">On devrait donc rapidement en savoir plus sur la blessure de Framber Valdez, en esp&eacute;rant que ce ne soit pas trop grave. Pour rappel, les Astros commence la saison avec un bilan n&eacute;gatif de 4 victoires pour 7 d&eacute;faites. Une absence de Framber Valdez serait donc un v&eacute;ritable coup de massue pour la franchise texane.<\/p><p>&nbsp;<\/p><p>[cloudflare_stream_videoplayer idvid=&nbsp;&raquo;fb06d08c9f6d7d0497419737f7a2e86a&nbsp;&raquo;]<\/p><p>&nbsp;<\/p><p>Cr&eacute;dit Photo : Sam Navarro-USA TODAY Sports<\/p>\n","protected":false},"excerpt":{"rendered":"","protected":false},"author":180309823,"featured_media":1423073,"comment_status":"open","ping_status":"closed","sticky":false,"template":"","format":"standard","meta":{"inline_featured_image":false,"kia_subtitle":"","_mux_skip_reasons":[],"proofreadBy":0,"footnotes":""},"categories":[188,9],"tags":[7147,4517,458,7148],"sport":[2786],"saison":[6111],"class_list":["post-1423070","post","type-post","status-publish","format-standard","has-post-thumbnail","hentry","category-actualite-mlb","category-mlb","tag-blair-henley","tag-framber-valdez","tag-houston-astros","tag-seth-martinez","sport-mlb","saison-6111"],"acf":[],"yoast_head":"<!-- This site is optimized with the Yoast SEO plugin v24.2 - https:\/\/yoast.com\/wordpress\/plugins\/seo\/ -->\n<title>Framber Valdez&nbsp;de retour &agrave; Houston pour des examens m&eacute;dicaux ! - The Playoffs FR<\/title>\n<meta name=\"robots\" content=\"index, follow, max-snippet:-1, max-image-preview:large, max-video-preview:-1\" \/>\n<link rel=\"canonical\" href=\"https:\/\/theplayoffs.news\/fr\/actualite-mlb\/framber-valdez-de-retour-a-houston-pour-des-examens-medicaux\/\" \/>\n<meta property=\"og:locale\" content=\"fr_FR\" \/>\n<meta property=\"og:type\" content=\"article\" \/>\n<meta property=\"og:title\" content=\"Framber Valdez&nbsp;de retour &agrave; Houston pour des examens m&eacute;dicaux ! - The Playoffs FR\" \/>\n<meta property=\"og:url\" content=\"https:\/\/theplayoffs.news\/fr\/actualite-mlb\/framber-valdez-de-retour-a-houston-pour-des-examens-medicaux\/\" \/>\n<meta property=\"og:site_name\" content=\"The Playoffs FR\" \/>\n<meta property=\"article:publisher\" content=\"https:\/\/www.facebook.com\/TheFreeAgentFR\/\" \/>\n<meta property=\"article:modified_time\" content=\"2024-04-09T10:29:43+02:00\" \/>\n<meta property=\"og:image\" content=\"https:\/\/theplayoffs.news\/fr\/wp-content\/uploads\/2024\/04\/USATSI_22577845.jpg\" \/>\n\t<meta property=\"og:image:width\" content=\"1920\" \/>\n\t<meta property=\"og:image:height\" content=\"1398\" \/>\n\t<meta property=\"og:image:type\" content=\"image\/jpeg\" \/>\n<meta name=\"author\" content=\"Nicolas Blanchard\" \/>\n<meta name=\"twitter:card\" content=\"summary_large_image\" \/>\n<meta name=\"twitter:creator\" content=\"@TheFreeAgentFR\" \/>\n<meta name=\"twitter:site\" content=\"@TheFreeAgentFR\" \/>\n<meta name=\"twitter:label1\" content=\"\u00c9crit par\" \/>\n\t<meta name=\"twitter:data1\" content=\"Nicolas Blanchard\" \/>\n\t<meta name=\"twitter:label2\" content=\"Dur\u00e9e de lecture estim\u00e9e\" \/>\n\t<meta name=\"twitter:data2\" content=\"3 minutes\" \/>\n<script type=\"application\/ld+json\" class=\"yoast-schema-graph\">{\"@context\":\"https:\/\/schema.org\",\"@graph\":[{\"@type\":\"WebPage\",\"@id\":\"https:\/\/theplayoffs.news\/fr\/actualite-mlb\/framber-valdez-de-retour-a-houston-pour-des-examens-medicaux\/\",\"url\":\"https:\/\/theplayoffs.news\/fr\/actualite-mlb\/framber-valdez-de-retour-a-houston-pour-des-examens-medicaux\/\",\"name\":\"Framber Valdez\u00a0de retour \u00e0 Houston pour des examens m\u00e9dicaux ! - The Playoffs FR\",\"isPartOf\":{\"@id\":\"https:\/\/theplayoffs.news\/fr\/#website\"},\"primaryImageOfPage\":{\"@id\":\"https:\/\/theplayoffs.news\/fr\/actualite-mlb\/framber-valdez-de-retour-a-houston-pour-des-examens-medicaux\/#primaryimage\"},\"image\":{\"@id\":\"https:\/\/theplayoffs.news\/fr\/actualite-mlb\/framber-valdez-de-retour-a-houston-pour-des-examens-medicaux\/#primaryimage\"},\"thumbnailUrl\":\"https:\/\/theplayoffs.news\/fr\/wp-content\/uploads\/2024\/04\/USATSI_22577845.jpg\",\"datePublished\":\"2024-04-09T08:29:43+00:00\",\"dateModified\":\"2024-04-09T08:29:43+00:00\",\"author\":{\"@id\":\"https:\/\/theplayoffs.news\/fr\/#\/schema\/person\/940879031feb6d5e27cf3c6b69917900\"},\"breadcrumb\":{\"@id\":\"https:\/\/theplayoffs.news\/fr\/actualite-mlb\/framber-valdez-de-retour-a-houston-pour-des-examens-medicaux\/#breadcrumb\"},\"inLanguage\":\"fr-FR\",\"potentialAction\":[{\"@type\":\"ReadAction\",\"target\":[\"https:\/\/theplayoffs.news\/fr\/actualite-mlb\/framber-valdez-de-retour-a-houston-pour-des-examens-medicaux\/\"]}]},{\"@type\":\"ImageObject\",\"inLanguage\":\"fr-FR\",\"@id\":\"https:\/\/theplayoffs.news\/fr\/actualite-mlb\/framber-valdez-de-retour-a-houston-pour-des-examens-medicaux\/#primaryimage\",\"url\":\"https:\/\/theplayoffs.news\/fr\/wp-content\/uploads\/2024\/04\/USATSI_22577845.jpg\",\"contentUrl\":\"https:\/\/theplayoffs.news\/fr\/wp-content\/uploads\/2024\/04\/USATSI_22577845.jpg\",\"width\":1920,\"height\":1398,\"caption\":\"Feb 21, 2024; West Palm, FL, USA; Houston Astros starting pitcher Framber Valdez (59) poses for a photo during photo day at CACTI Park of the Palm Beaches complex. Mandatory Credit: Sam Navarro-USA TODAY Sports\"},{\"@type\":\"BreadcrumbList\",\"@id\":\"https:\/\/theplayoffs.news\/fr\/actualite-mlb\/framber-valdez-de-retour-a-houston-pour-des-examens-medicaux\/#breadcrumb\",\"itemListElement\":[{\"@type\":\"ListItem\",\"position\":1,\"name\":\"Accueil\",\"item\":\"https:\/\/theplayoffs.news\/fr\/\"},{\"@type\":\"ListItem\",\"position\":2,\"name\":\"Framber Valdez\u00a0de retour \u00e0 Houston pour des examens m\u00e9dicaux !\"}]},{\"@type\":\"WebSite\",\"@id\":\"https:\/\/theplayoffs.news\/fr\/#website\",\"url\":\"https:\/\/theplayoffs.news\/fr\/\",\"name\":\"The Playoffs FR\",\"description\":\"NBA-NFL-NHL-MLB\",\"potentialAction\":[{\"@type\":\"SearchAction\",\"target\":{\"@type\":\"EntryPoint\",\"urlTemplate\":\"https:\/\/theplayoffs.news\/fr\/?s={search_term_string}\"},\"query-input\":{\"@type\":\"PropertyValueSpecification\",\"valueRequired\":true,\"valueName\":\"search_term_string\"}}],\"inLanguage\":\"fr-FR\"},{\"@type\":\"Person\",\"@id\":\"https:\/\/theplayoffs.news\/fr\/#\/schema\/person\/940879031feb6d5e27cf3c6b69917900\",\"name\":\"Nicolas Blanchard\",\"image\":{\"@type\":\"ImageObject\",\"inLanguage\":\"fr-FR\",\"@id\":\"https:\/\/theplayoffs.news\/fr\/#\/schema\/person\/image\/\",\"url\":\"https:\/\/secure.gravatar.com\/avatar\/98953498460526f9290cb098aaa573c5e0a48837b1ca5807dd22cace83810899?s=96&d=mm&r=g\",\"contentUrl\":\"https:\/\/secure.gravatar.com\/avatar\/98953498460526f9290cb098aaa573c5e0a48837b1ca5807dd22cace83810899?s=96&d=mm&r=g\",\"caption\":\"Nicolas Blanchard\"},\"description\":\"Fan de MLB depuis une dizaine d\u2019ann\u00e9es, je suis tomb\u00e9 amoureux des Chicago Cubs lorsque j\u2019ai vu Bill Murray c\u00e9l\u00e9brer ce premier sacre depuis 108 ans. Mon premier contact avec le Sport US s\u2019est fait lorsque je suis tomb\u00e9 sur une VHS d\u2019Allen Iverson et se fut la r\u00e9v\u00e9lation. Je suis devenu r\u00e9dacteur depuis maintenant 4 ans et cela m\u2019apporte une nouvelle vision du Sport US \u00e0 la fois analytique et bien plus globale (et oui il faut couvrir toutes les \u00e9quipes m\u00eame les chaussettes rouges de Boston).\",\"url\":\"https:\/\/theplayoffs.news\/fr\/author\/nico4017\/\"}]}<\/script>\n<!-- \/ Yoast SEO plugin. -->","yoast_head_json":{"title":"Framber Valdez&nbsp;de retour &agrave; Houston pour des examens m&eacute;dicaux ! - The Playoffs FR","robots":{"index":"index","follow":"follow","max-snippet":"max-snippet:-1","max-image-preview":"max-image-preview:large","max-video-preview":"max-video-preview:-1"},"canonical":"https:\/\/theplayoffs.news\/fr\/actualite-mlb\/framber-valdez-de-retour-a-houston-pour-des-examens-medicaux\/","og_locale":"fr_FR","og_type":"article","og_title":"Framber Valdez&nbsp;de retour &agrave; Houston pour des examens m&eacute;dicaux ! - The Playoffs FR","og_url":"https:\/\/theplayoffs.news\/fr\/actualite-mlb\/framber-valdez-de-retour-a-houston-pour-des-examens-medicaux\/","og_site_name":"The Playoffs FR","article_publisher":"https:\/\/www.facebook.com\/TheFreeAgentFR\/","og_image":[{"width":1920,"height":1398,"url":"https:\/\/theplayoffs.news\/fr\/wp-content\/uploads\/2024\/04\/USATSI_22577845.jpg","type":"image\/jpeg"}],"author":"Nicolas Blanchard","twitter_card":"summary_large_image","twitter_creator":"@TheFreeAgentFR","twitter_site":"@TheFreeAgentFR","twitter_misc":{"\u00c9crit par":"Nicolas Blanchard","Dur\u00e9e de lecture estim\u00e9e":"3 minutes"},"schema":{"@context":"https:\/\/schema.org","@graph":[{"@type":"WebPage","@id":"https:\/\/theplayoffs.news\/fr\/actualite-mlb\/framber-valdez-de-retour-a-houston-pour-des-examens-medicaux\/","url":"https:\/\/theplayoffs.news\/fr\/actualite-mlb\/framber-valdez-de-retour-a-houston-pour-des-examens-medicaux\/","name":"Framber Valdez\u00a0de retour \u00e0 Houston pour des examens m\u00e9dicaux ! - The Playoffs FR","isPartOf":{"@id":"https:\/\/theplayoffs.news\/fr\/#website"},"primaryImageOfPage":{"@id":"https:\/\/theplayoffs.news\/fr\/actualite-mlb\/framber-valdez-de-retour-a-houston-pour-des-examens-medicaux\/#primaryimage"},"image":{"@id":"https:\/\/theplayoffs.news\/fr\/actualite-mlb\/framber-valdez-de-retour-a-houston-pour-des-examens-medicaux\/#primaryimage"},"thumbnailUrl":"https:\/\/theplayoffs.news\/fr\/wp-content\/uploads\/2024\/04\/USATSI_22577845.jpg","datePublished":"2024-04-09T08:29:43+00:00","dateModified":"2024-04-09T08:29:43+00:00","author":{"@id":"https:\/\/theplayoffs.news\/fr\/#\/schema\/person\/940879031feb6d5e27cf3c6b69917900"},"breadcrumb":{"@id":"https:\/\/theplayoffs.news\/fr\/actualite-mlb\/framber-valdez-de-retour-a-houston-pour-des-examens-medicaux\/#breadcrumb"},"inLanguage":"fr-FR","potentialAction":[{"@type":"ReadAction","target":["https:\/\/theplayoffs.news\/fr\/actualite-mlb\/framber-valdez-de-retour-a-houston-pour-des-examens-medicaux\/"]}]},{"@type":"ImageObject","inLanguage":"fr-FR","@id":"https:\/\/theplayoffs.news\/fr\/actualite-mlb\/framber-valdez-de-retour-a-houston-pour-des-examens-medicaux\/#primaryimage","url":"https:\/\/theplayoffs.news\/fr\/wp-content\/uploads\/2024\/04\/USATSI_22577845.jpg","contentUrl":"https:\/\/theplayoffs.news\/fr\/wp-content\/uploads\/2024\/04\/USATSI_22577845.jpg","width":1920,"height":1398,"caption":"Feb 21, 2024; West Palm, FL, USA; Houston Astros starting pitcher Framber Valdez (59) poses for a photo during photo day at CACTI Park of the Palm Beaches complex. Mandatory Credit: Sam Navarro-USA TODAY Sports"},{"@type":"BreadcrumbList","@id":"https:\/\/theplayoffs.news\/fr\/actualite-mlb\/framber-valdez-de-retour-a-houston-pour-des-examens-medicaux\/#breadcrumb","itemListElement":[{"@type":"ListItem","position":1,"name":"Accueil","item":"https:\/\/theplayoffs.news\/fr\/"},{"@type":"ListItem","position":2,"name":"Framber Valdez\u00a0de retour \u00e0 Houston pour des examens m\u00e9dicaux !"}]},{"@type":"WebSite","@id":"https:\/\/theplayoffs.news\/fr\/#website","url":"https:\/\/theplayoffs.news\/fr\/","name":"The Playoffs FR","description":"NBA-NFL-NHL-MLB","potentialAction":[{"@type":"SearchAction","target":{"@type":"EntryPoint","urlTemplate":"https:\/\/theplayoffs.news\/fr\/?s={search_term_string}"},"query-input":{"@type":"PropertyValueSpecification","valueRequired":true,"valueName":"search_term_string"}}],"inLanguage":"fr-FR"},{"@type":"Person","@id":"https:\/\/theplayoffs.news\/fr\/#\/schema\/person\/940879031feb6d5e27cf3c6b69917900","name":"Nicolas Blanchard","image":{"@type":"ImageObject","inLanguage":"fr-FR","@id":"https:\/\/theplayoffs.news\/fr\/#\/schema\/person\/image\/","url":"https:\/\/secure.gravatar.com\/avatar\/98953498460526f9290cb098aaa573c5e0a48837b1ca5807dd22cace83810899?s=96&d=mm&r=g","contentUrl":"https:\/\/secure.gravatar.com\/avatar\/98953498460526f9290cb098aaa573c5e0a48837b1ca5807dd22cace83810899?s=96&d=mm&r=g","caption":"Nicolas Blanchard"},"description":"Fan de MLB depuis une dizaine d\u2019ann\u00e9es, je suis tomb\u00e9 amoureux des Chicago Cubs lorsque j\u2019ai vu Bill Murray c\u00e9l\u00e9brer ce premier sacre depuis 108 ans. Mon premier contact avec le Sport US s\u2019est fait lorsque je suis tomb\u00e9 sur une VHS d\u2019Allen Iverson et se fut la r\u00e9v\u00e9lation. Je suis devenu r\u00e9dacteur depuis maintenant 4 ans et cela m\u2019apporte une nouvelle vision du Sport US \u00e0 la fois analytique et bien plus globale (et oui il faut couvrir toutes les \u00e9quipes m\u00eame les chaussettes rouges de Boston).","url":"https:\/\/theplayoffs.news\/fr\/author\/nico4017\/"}]}},"_links":{"self":[{"href":"https:\/\/theplayoffs.news\/fr\/wp-json\/wp\/v2\/posts\/1423070","targetHints":{"allow":["GET"]}}],"collection":[{"href":"https:\/\/theplayoffs.news\/fr\/wp-json\/wp\/v2\/posts"}],"about":[{"href":"https:\/\/theplayoffs.news\/fr\/wp-json\/wp\/v2\/types\/post"}],"author":[{"embeddable":true,"href":"https:\/\/theplayoffs.news\/fr\/wp-json\/wp\/v2\/users\/180309823"}],"replies":[{"embeddable":true,"href":"https:\/\/theplayoffs.news\/fr\/wp-json\/wp\/v2\/comments?post=1423070"}],"version-history":[{"count":3,"href":"https:\/\/theplayoffs.news\/fr\/wp-json\/wp\/v2\/posts\/1423070\/revisions"}],"predecessor-version":[{"id":1423081,"href":"https:\/\/theplayoffs.news\/fr\/wp-json\/wp\/v2\/posts\/1423070\/revisions\/1423081"}],"wp:featuredmedia":[{"embeddable":true,"href":"https:\/\/theplayoffs.news\/fr\/wp-json\/wp\/v2\/media\/1423073"}],"wp:attachment":[{"href":"https:\/\/theplayoffs.news\/fr\/wp-json\/wp\/v2\/media?parent=1423070"}],"wp:term":[{"taxonomy":"category","embeddable":true,"href":"https:\/\/theplayoffs.news\/fr\/wp-json\/wp\/v2\/categories?post=1423070"},{"taxonomy":"post_tag","embeddable":true,"href":"https:\/\/theplayoffs.news\/fr\/wp-json\/wp\/v2\/tags?post=1423070"},{"taxonomy":"sport","embeddable":true,"href":"https:\/\/theplayoffs.news\/fr\/wp-json\/wp\/v2\/sport?post=1423070"},{"taxonomy":"saison","embeddable":true,"href":"https:\/\/theplayoffs.news\/fr\/wp-json\/wp\/v2\/saison?post=1423070"}],"curies":[{"name":"wp","href":"https:\/\/api.w.org\/{rel}","templated":true}]}}