{"id":1423050,"date":"2024-04-09T09:02:35","date_gmt":"2024-04-09T07:02:35","guid":{"rendered":"https:\/\/theplayoffs.news\/fr\/?p=1423050"},"modified":"2024-04-09T08:50:00","modified_gmt":"2024-04-09T06:50:00","slug":"blake-snell-une-premiere-sortie-compliquee","status":"publish","type":"post","link":"https:\/\/theplayoffs.news\/fr\/actualite-mlb\/blake-snell-une-premiere-sortie-compliquee\/","title":{"rendered":"Blake Snell\u00a0: Une premi\u00e8re sortie compliqu\u00e9e"},"content":{"rendered":"<p style=\"text-align: justify\"><a href=\"https:\/\/theplayoffs.news\/fr\/joueur\/blake-snell-mlb-67496\/\" class=\"trk-cta-link\" data-cta-trk='{\"ctaType\":\"Link\",\"ctaSubType\":\"main\"}'>Blake Snell<\/a> a enfin pu retrouver la route du monticule, apr&egrave;s un hiver pass&eacute; dans l&rsquo;incertitude quant &agrave; sa prochaine destination. L&rsquo;ancien Cy Young a commenc&eacute; son premier match sous ses nouvelles couleurs.<\/p><h3 style=\"text-align: justify\">L&rsquo;&eacute;trange hiver de Blake Snell<\/h3><p style=\"text-align: justify\">On avait quitt&eacute; Blake Snell avec son titre m&eacute;rit&eacute; de <a href=\"https:\/\/theplayoffs.news\/fr\/mlb\/blake-snell-en-route-vers-le-cy-young\/\" class=\"trk-cta-link\" data-cta-trk='{\"ctaType\":\"Link\",\"ctaSubType\":\"main\"}'>Cy Young 2023 de la National League<\/a>. Blake Snell avait termin&eacute; la saison avec un bilan de 14 victoires pour 9 d&eacute;faites, une ERA de 2.25, 234 retraits au marbre en 180 manches lanc&eacute;es.<\/p><p style=\"text-align: justify\">C&rsquo;est donc dans avec cette &eacute;tiquette de Cy Young que Blake Snell allait se pr&eacute;senter en tant qu&rsquo;agent libre durant cette intersaison. Cependant, l&rsquo;ancien lanceur des <a href=\"https:\/\/theplayoffs.news\/fr\/equipe\/san-diego-padres-mlb\/\" class=\"trk-cta-link\" data-cta-trk='{\"ctaType\":\"Link\",\"ctaSubType\":\"main\"}'>San Diego Padres<\/a> s&rsquo;est av&eacute;r&eacute; un peu trop gourmand avec l&rsquo;espoir d&rsquo;un contrat de 240 millions de dollars minimum.<\/p><p style=\"text-align: justify\">Bien que le march&eacute; des lanceurs ait vu la franchises des <a href=\"https:\/\/theplayoffs.news\/fr\/equipe\/los-angeles-dodgers-mlb\/\" class=\"trk-cta-link\" data-cta-trk='{\"ctaType\":\"Link\",\"ctaSubType\":\"main\"}'>Los Angeles Dodgers<\/a> mettre la main au portefeuille pour <a href=\"https:\/\/theplayoffs.news\/fr\/mlb\/yoshinobu-yamamoto-signe-dodgers\/\" class=\"trk-cta-link\" data-cta-trk='{\"ctaType\":\"Link\",\"ctaSubType\":\"main\"}'>Yamamoto (350 millions)<\/a>, personne n&rsquo;a os&eacute; mettre 240 millions sur Blake Snell malgr&eacute; son excellente saison.<\/p><p style=\"text-align: justify\">C&rsquo;est donc dans le flou que Blake Snell a pass&eacute; son hiver, ne sachant pas quelle serait la suite pour sa carri&egrave;re. Finalement, &agrave; quelques jours de l&rsquo;Opening Day, les <a href=\"https:\/\/theplayoffs.news\/fr\/mlb\/blake-snell-sengage-2-ans-avec-les-giants\/\" class=\"trk-cta-link\" data-cta-trk='{\"ctaType\":\"Link\",\"ctaSubType\":\"main\"}'>San Francisco Giants ont r&eacute;ussi le joli coup de le signer pour 2 ans et 62 millions.<\/a><\/p><h3 style=\"text-align: justify\">Une premi&egrave;re sortie bien loin de ses standards<\/h3><p>\n<div id=\"attachment_1423056\" style=\"width: 1930px\" class=\"wp-caption alignnone\"><img loading=\"lazy\" decoding=\"async\" aria-describedby=\"caption-attachment-1423056\" class=\"wp-image-1423056 size-full\" src=\"https:\/\/theplayoffs.news\/fr\/wp-content\/uploads\/2024\/04\/USATSI_22977963.jpg\" alt=\"Blake Snell\" width=\"1920\" height=\"1280\" srcset=\"https:\/\/theplayoffs.news\/fr\/wp-content\/uploads\/2024\/04\/USATSI_22977963.jpg 1920w, https:\/\/theplayoffs.news\/fr\/wp-content\/uploads\/2024\/04\/USATSI_22977963-300x200.jpg 300w, https:\/\/theplayoffs.news\/fr\/wp-content\/uploads\/2024\/04\/USATSI_22977963-1030x687.jpg 1030w, https:\/\/theplayoffs.news\/fr\/wp-content\/uploads\/2024\/04\/USATSI_22977963-768x512.jpg 768w, https:\/\/theplayoffs.news\/fr\/wp-content\/uploads\/2024\/04\/USATSI_22977963-1536x1024.jpg 1536w, https:\/\/theplayoffs.news\/fr\/wp-content\/uploads\/2024\/04\/USATSI_22977963-1500x1000.jpg 1500w, https:\/\/theplayoffs.news\/fr\/wp-content\/uploads\/2024\/04\/USATSI_22977963-705x470.jpg 705w, https:\/\/theplayoffs.news\/fr\/wp-content\/uploads\/2024\/04\/USATSI_22977963-1320x880.jpg 1320w\" sizes=\"auto, (max-width: 1920px) 100vw, 1920px\" \/><p id=\"caption-attachment-1423056\" class=\"wp-caption-text\">Apr 8, 2024; San Francisco, California, USA; Washington Nationals second baseman Luis Garcia Jr. (2) avoids the tag of San Francisco Giants starting pitcher Blake Snell (7) and reaches first base safely on an infield single during the second inning at Oracle Park. Mandatory Credit: Robert Edwards-USA TODAY Sports<\/p><\/div>\n<\/p><p style=\"text-align: justify\">Il aura donc fallu attendre le 08 avril pour revoir Blake Snell sur un monticule. En effet, avec sa situation, le Cy Young 2023 n&rsquo;a pas pu se pr&eacute;parer comme il se doit durant le Spring Training.<\/p><p style=\"text-align: justify\">Face aux <a href=\"https:\/\/theplayoffs.news\/fr\/equipe\/washington-nationals-mlb\/\" class=\"trk-cta-link\" data-cta-trk='{\"ctaType\":\"Link\",\"ctaSubType\":\"main\"}'>Washington Nationals<\/a>, Blake Snell s&rsquo;est retrouv&eacute; en manque de rythme et cela s&rsquo;est vu sur sa prestations. Il va lancer seulement 3 manches, 3 points encaiss&eacute;s, 3 coups s&ucirc;r conc&eacute;d&eacute;s, 2 but sur base et 5 retraits au marbre.<\/p><blockquote>\n<p style=\"text-align: justify\">&laquo;&nbsp;Honn&ecirc;tement, c&rsquo;&eacute;tait bizarre, j&rsquo;ai fait face &agrave; des frappeurs de la grande ligue. Je faisais plus attention que d&rsquo;habitude. Puis j&rsquo;&eacute;tais vraiment excit&eacute; de lancer. Une mauvaise combinaison je suppose.&nbsp;&raquo; Blake Snell<\/p>\n<\/blockquote><p>&nbsp;<\/p><p>[cloudflare_stream_videoplayer idvid=&nbsp;&raquo;00b27fa81c555703f7496692947c38ca&nbsp;&raquo;]<\/p><p>&nbsp;<\/p><p style=\"text-align: justify\">C&rsquo;est donc le bullpen qui a d&ucirc; g&eacute;rer une grande partie de la rencontre, malheureusement avec un r&eacute;sultat tout aussi n&eacute;gatif avec 6 coups s&ucirc;rs conc&eacute;d&eacute;s, 5 points encaiss&eacute;s, 5 but sur base.<\/p><blockquote>\n<p style=\"text-align: justify\">&laquo;&nbsp;J&rsquo;ai fait en sorte que le bullpen ait &agrave; couvrir beaucoup de manches qu&rsquo;ils n&rsquo;auraient pas d&ucirc; couvrir.&nbsp;&raquo; Blake Snell<\/p>\n<\/blockquote><p style=\"text-align: justify\">Malgr&eacute; cette premi&egrave;re sortie compliqu&eacute;e, <a href=\"https:\/\/www.mlb.com\/player\/bob-melvin-118942\" class=\"trk-cta-link\" data-cta-trk='{\"ctaType\":\"Link\",\"ctaSubType\":\"main\"}'>Bob Melvin<\/a>, qui a connu Blake Snell chez les Padres, est ravi de pouvoir compter sur un lanceur du niveau de ce dernier.<\/p><blockquote>\n<p style=\"text-align: justify\">&laquo;&nbsp;Quand nous l&rsquo;avons sign&eacute;, c&rsquo;&eacute;tait un gros coup. Cela a vraiment dynamis&eacute; notre Spring Training. Maintenant il y a l&rsquo;accumulation, pas l&rsquo;id&eacute;al, mais c&rsquo;est ce qu&rsquo;il est. Mais je pense en g&eacute;n&eacute;ral que tout le monde ici est heureux de l&rsquo;avoir parmi nous.&nbsp;&raquo; Bob Melvin<\/p>\n<\/blockquote><p style=\"text-align: justify\">Il faudra bien entendu encore un petit temps d&rsquo;adaptation pour Blake Snell afin de prendre ses marques dans sa nouvelle franchise. Cette premi&egrave;re sortie ne refl&egrave;te en rien le niveau r&eacute;el de l&rsquo;ancien des Padres. Son association avec Logan Webb promet des jours heureux pour les fans de la baie.<\/p><p>&nbsp;<\/p><p>Cr&eacute;dit Photo : Robert Edwards USA Today Sports<\/p>\n","protected":false},"excerpt":{"rendered":"","protected":false},"author":180309823,"featured_media":1423054,"comment_status":"open","ping_status":"closed","sticky":false,"template":"","format":"standard","meta":{"inline_featured_image":false,"kia_subtitle":"","_mux_skip_reasons":[],"proofreadBy":0,"footnotes":""},"categories":[188,9],"tags":[1242,465,466],"sport":[2786],"saison":[6111],"class_list":["post-1423050","post","type-post","status-publish","format-standard","has-post-thumbnail","hentry","category-actualite-mlb","category-mlb","tag-blake-snell","tag-san-diego-padres","tag-san-francisco-giants","sport-mlb","saison-6111"],"acf":[],"yoast_head":"<!-- This site is optimized with the Yoast SEO plugin v24.2 - https:\/\/yoast.com\/wordpress\/plugins\/seo\/ -->\n<title>Blake Snell&nbsp;: Une premi&egrave;re sortie compliqu&eacute;e - The Playoffs FR<\/title>\n<meta name=\"robots\" content=\"index, follow, max-snippet:-1, max-image-preview:large, max-video-preview:-1\" \/>\n<link rel=\"canonical\" href=\"https:\/\/theplayoffs.news\/fr\/actualite-mlb\/blake-snell-une-premiere-sortie-compliquee\/\" \/>\n<meta property=\"og:locale\" content=\"fr_FR\" \/>\n<meta property=\"og:type\" content=\"article\" \/>\n<meta property=\"og:title\" content=\"Blake Snell&nbsp;: Une premi&egrave;re sortie compliqu&eacute;e - The Playoffs FR\" \/>\n<meta property=\"og:url\" content=\"https:\/\/theplayoffs.news\/fr\/actualite-mlb\/blake-snell-une-premiere-sortie-compliquee\/\" \/>\n<meta property=\"og:site_name\" content=\"The Playoffs FR\" \/>\n<meta property=\"article:publisher\" content=\"https:\/\/www.facebook.com\/TheFreeAgentFR\/\" \/>\n<meta property=\"article:modified_time\" content=\"2024-04-09T09:02:35+02:00\" \/>\n<meta property=\"og:image\" content=\"https:\/\/theplayoffs.news\/fr\/wp-content\/uploads\/2024\/04\/USATSI_22978198.jpg\" \/>\n\t<meta property=\"og:image:width\" content=\"1920\" \/>\n\t<meta property=\"og:image:height\" content=\"1280\" \/>\n\t<meta property=\"og:image:type\" content=\"image\/jpeg\" \/>\n<meta name=\"author\" content=\"Nicolas Blanchard\" \/>\n<meta name=\"twitter:card\" content=\"summary_large_image\" \/>\n<meta name=\"twitter:creator\" content=\"@TheFreeAgentFR\" \/>\n<meta name=\"twitter:site\" content=\"@TheFreeAgentFR\" \/>\n<meta name=\"twitter:label1\" content=\"\u00c9crit par\" \/>\n\t<meta name=\"twitter:data1\" content=\"Nicolas Blanchard\" \/>\n\t<meta name=\"twitter:label2\" content=\"Dur\u00e9e de lecture estim\u00e9e\" \/>\n\t<meta name=\"twitter:data2\" content=\"3 minutes\" \/>\n<script type=\"application\/ld+json\" class=\"yoast-schema-graph\">{\"@context\":\"https:\/\/schema.org\",\"@graph\":[{\"@type\":\"WebPage\",\"@id\":\"https:\/\/theplayoffs.news\/fr\/actualite-mlb\/blake-snell-une-premiere-sortie-compliquee\/\",\"url\":\"https:\/\/theplayoffs.news\/fr\/actualite-mlb\/blake-snell-une-premiere-sortie-compliquee\/\",\"name\":\"Blake Snell\u00a0: Une premi\u00e8re sortie compliqu\u00e9e - The Playoffs FR\",\"isPartOf\":{\"@id\":\"https:\/\/theplayoffs.news\/fr\/#website\"},\"primaryImageOfPage\":{\"@id\":\"https:\/\/theplayoffs.news\/fr\/actualite-mlb\/blake-snell-une-premiere-sortie-compliquee\/#primaryimage\"},\"image\":{\"@id\":\"https:\/\/theplayoffs.news\/fr\/actualite-mlb\/blake-snell-une-premiere-sortie-compliquee\/#primaryimage\"},\"thumbnailUrl\":\"https:\/\/theplayoffs.news\/fr\/wp-content\/uploads\/2024\/04\/USATSI_22978198.jpg\",\"datePublished\":\"2024-04-09T07:02:35+00:00\",\"dateModified\":\"2024-04-09T09:02:35+02:00\",\"author\":{\"@id\":\"https:\/\/theplayoffs.news\/fr\/#\/schema\/person\/940879031feb6d5e27cf3c6b69917900\"},\"breadcrumb\":{\"@id\":\"https:\/\/theplayoffs.news\/fr\/actualite-mlb\/blake-snell-une-premiere-sortie-compliquee\/#breadcrumb\"},\"inLanguage\":\"fr-FR\",\"potentialAction\":[{\"@type\":\"ReadAction\",\"target\":[\"https:\/\/theplayoffs.news\/fr\/actualite-mlb\/blake-snell-une-premiere-sortie-compliquee\/\"]}]},{\"@type\":\"ImageObject\",\"inLanguage\":\"fr-FR\",\"@id\":\"https:\/\/theplayoffs.news\/fr\/actualite-mlb\/blake-snell-une-premiere-sortie-compliquee\/#primaryimage\",\"url\":\"https:\/\/theplayoffs.news\/fr\/wp-content\/uploads\/2024\/04\/USATSI_22978198.jpg\",\"contentUrl\":\"https:\/\/theplayoffs.news\/fr\/wp-content\/uploads\/2024\/04\/USATSI_22978198.jpg\",\"width\":1920,\"height\":1280,\"caption\":\"Apr 8, 2024; San Francisco, California, USA; San Francisco Giants starting pitcher Blake Snell (7) throws a pitch against the Washington Nationals during the second inning at Oracle Park. Mandatory Credit: Robert Edwards-USA TODAY Sports\"},{\"@type\":\"BreadcrumbList\",\"@id\":\"https:\/\/theplayoffs.news\/fr\/actualite-mlb\/blake-snell-une-premiere-sortie-compliquee\/#breadcrumb\",\"itemListElement\":[{\"@type\":\"ListItem\",\"position\":1,\"name\":\"Accueil\",\"item\":\"https:\/\/theplayoffs.news\/fr\/\"},{\"@type\":\"ListItem\",\"position\":2,\"name\":\"Blake Snell\u00a0: Une premi\u00e8re sortie compliqu\u00e9e\"}]},{\"@type\":\"WebSite\",\"@id\":\"https:\/\/theplayoffs.news\/fr\/#website\",\"url\":\"https:\/\/theplayoffs.news\/fr\/\",\"name\":\"The Playoffs FR\",\"description\":\"NBA-NFL-NHL-MLB\",\"potentialAction\":[{\"@type\":\"SearchAction\",\"target\":{\"@type\":\"EntryPoint\",\"urlTemplate\":\"https:\/\/theplayoffs.news\/fr\/?s={search_term_string}\"},\"query-input\":{\"@type\":\"PropertyValueSpecification\",\"valueRequired\":true,\"valueName\":\"search_term_string\"}}],\"inLanguage\":\"fr-FR\"},{\"@type\":\"Person\",\"@id\":\"https:\/\/theplayoffs.news\/fr\/#\/schema\/person\/940879031feb6d5e27cf3c6b69917900\",\"name\":\"Nicolas Blanchard\",\"image\":{\"@type\":\"ImageObject\",\"inLanguage\":\"fr-FR\",\"@id\":\"https:\/\/theplayoffs.news\/fr\/#\/schema\/person\/image\/\",\"url\":\"https:\/\/secure.gravatar.com\/avatar\/98953498460526f9290cb098aaa573c5e0a48837b1ca5807dd22cace83810899?s=96&d=mm&r=g\",\"contentUrl\":\"https:\/\/secure.gravatar.com\/avatar\/98953498460526f9290cb098aaa573c5e0a48837b1ca5807dd22cace83810899?s=96&d=mm&r=g\",\"caption\":\"Nicolas Blanchard\"},\"description\":\"Fan de MLB depuis une dizaine d\u2019ann\u00e9es, je suis tomb\u00e9 amoureux des Chicago Cubs lorsque j\u2019ai vu Bill Murray c\u00e9l\u00e9brer ce premier sacre depuis 108 ans. Mon premier contact avec le Sport US s\u2019est fait lorsque je suis tomb\u00e9 sur une VHS d\u2019Allen Iverson et se fut la r\u00e9v\u00e9lation. Je suis devenu r\u00e9dacteur depuis maintenant 4 ans et cela m\u2019apporte une nouvelle vision du Sport US \u00e0 la fois analytique et bien plus globale (et oui il faut couvrir toutes les \u00e9quipes m\u00eame les chaussettes rouges de Boston).\",\"url\":\"https:\/\/theplayoffs.news\/fr\/author\/nico4017\/\"}]}<\/script>\n<!-- \/ Yoast SEO plugin. -->","yoast_head_json":{"title":"Blake Snell&nbsp;: Une premi&egrave;re sortie compliqu&eacute;e - The Playoffs FR","robots":{"index":"index","follow":"follow","max-snippet":"max-snippet:-1","max-image-preview":"max-image-preview:large","max-video-preview":"max-video-preview:-1"},"canonical":"https:\/\/theplayoffs.news\/fr\/actualite-mlb\/blake-snell-une-premiere-sortie-compliquee\/","og_locale":"fr_FR","og_type":"article","og_title":"Blake Snell&nbsp;: Une premi&egrave;re sortie compliqu&eacute;e - The Playoffs FR","og_url":"https:\/\/theplayoffs.news\/fr\/actualite-mlb\/blake-snell-une-premiere-sortie-compliquee\/","og_site_name":"The Playoffs FR","article_publisher":"https:\/\/www.facebook.com\/TheFreeAgentFR\/","article_modified_time":"2024-04-09T06:50:00+00:00","og_image":[{"width":1920,"height":1280,"url":"https:\/\/theplayoffs.news\/fr\/wp-content\/uploads\/2024\/04\/USATSI_22978198.jpg","type":"image\/jpeg"}],"author":"Nicolas Blanchard","twitter_card":"summary_large_image","twitter_creator":"@TheFreeAgentFR","twitter_site":"@TheFreeAgentFR","twitter_misc":{"\u00c9crit par":"Nicolas Blanchard","Dur\u00e9e de lecture estim\u00e9e":"3 minutes"},"schema":{"@context":"https:\/\/schema.org","@graph":[{"@type":"WebPage","@id":"https:\/\/theplayoffs.news\/fr\/actualite-mlb\/blake-snell-une-premiere-sortie-compliquee\/","url":"https:\/\/theplayoffs.news\/fr\/actualite-mlb\/blake-snell-une-premiere-sortie-compliquee\/","name":"Blake Snell\u00a0: Une premi\u00e8re sortie compliqu\u00e9e - The Playoffs FR","isPartOf":{"@id":"https:\/\/theplayoffs.news\/fr\/#website"},"primaryImageOfPage":{"@id":"https:\/\/theplayoffs.news\/fr\/actualite-mlb\/blake-snell-une-premiere-sortie-compliquee\/#primaryimage"},"image":{"@id":"https:\/\/theplayoffs.news\/fr\/actualite-mlb\/blake-snell-une-premiere-sortie-compliquee\/#primaryimage"},"thumbnailUrl":"https:\/\/theplayoffs.news\/fr\/wp-content\/uploads\/2024\/04\/USATSI_22978198.jpg","datePublished":"2024-04-09T07:02:35+00:00","dateModified":"2024-04-09T09:02:35+02:00","author":{"@id":"https:\/\/theplayoffs.news\/fr\/#\/schema\/person\/940879031feb6d5e27cf3c6b69917900"},"breadcrumb":{"@id":"https:\/\/theplayoffs.news\/fr\/actualite-mlb\/blake-snell-une-premiere-sortie-compliquee\/#breadcrumb"},"inLanguage":"fr-FR","potentialAction":[{"@type":"ReadAction","target":["https:\/\/theplayoffs.news\/fr\/actualite-mlb\/blake-snell-une-premiere-sortie-compliquee\/"]}]},{"@type":"ImageObject","inLanguage":"fr-FR","@id":"https:\/\/theplayoffs.news\/fr\/actualite-mlb\/blake-snell-une-premiere-sortie-compliquee\/#primaryimage","url":"https:\/\/theplayoffs.news\/fr\/wp-content\/uploads\/2024\/04\/USATSI_22978198.jpg","contentUrl":"https:\/\/theplayoffs.news\/fr\/wp-content\/uploads\/2024\/04\/USATSI_22978198.jpg","width":1920,"height":1280,"caption":"Apr 8, 2024; San Francisco, California, USA; San Francisco Giants starting pitcher Blake Snell (7) throws a pitch against the Washington Nationals during the second inning at Oracle Park. Mandatory Credit: Robert Edwards-USA TODAY Sports"},{"@type":"BreadcrumbList","@id":"https:\/\/theplayoffs.news\/fr\/actualite-mlb\/blake-snell-une-premiere-sortie-compliquee\/#breadcrumb","itemListElement":[{"@type":"ListItem","position":1,"name":"Accueil","item":"https:\/\/theplayoffs.news\/fr\/"},{"@type":"ListItem","position":2,"name":"Blake Snell\u00a0: Une premi\u00e8re sortie compliqu\u00e9e"}]},{"@type":"WebSite","@id":"https:\/\/theplayoffs.news\/fr\/#website","url":"https:\/\/theplayoffs.news\/fr\/","name":"The Playoffs FR","description":"NBA-NFL-NHL-MLB","potentialAction":[{"@type":"SearchAction","target":{"@type":"EntryPoint","urlTemplate":"https:\/\/theplayoffs.news\/fr\/?s={search_term_string}"},"query-input":{"@type":"PropertyValueSpecification","valueRequired":true,"valueName":"search_term_string"}}],"inLanguage":"fr-FR"},{"@type":"Person","@id":"https:\/\/theplayoffs.news\/fr\/#\/schema\/person\/940879031feb6d5e27cf3c6b69917900","name":"Nicolas Blanchard","image":{"@type":"ImageObject","inLanguage":"fr-FR","@id":"https:\/\/theplayoffs.news\/fr\/#\/schema\/person\/image\/","url":"https:\/\/secure.gravatar.com\/avatar\/98953498460526f9290cb098aaa573c5e0a48837b1ca5807dd22cace83810899?s=96&d=mm&r=g","contentUrl":"https:\/\/secure.gravatar.com\/avatar\/98953498460526f9290cb098aaa573c5e0a48837b1ca5807dd22cace83810899?s=96&d=mm&r=g","caption":"Nicolas Blanchard"},"description":"Fan de MLB depuis une dizaine d\u2019ann\u00e9es, je suis tomb\u00e9 amoureux des Chicago Cubs lorsque j\u2019ai vu Bill Murray c\u00e9l\u00e9brer ce premier sacre depuis 108 ans. Mon premier contact avec le Sport US s\u2019est fait lorsque je suis tomb\u00e9 sur une VHS d\u2019Allen Iverson et se fut la r\u00e9v\u00e9lation. Je suis devenu r\u00e9dacteur depuis maintenant 4 ans et cela m\u2019apporte une nouvelle vision du Sport US \u00e0 la fois analytique et bien plus globale (et oui il faut couvrir toutes les \u00e9quipes m\u00eame les chaussettes rouges de Boston).","url":"https:\/\/theplayoffs.news\/fr\/author\/nico4017\/"}]}},"_links":{"self":[{"href":"https:\/\/theplayoffs.news\/fr\/wp-json\/wp\/v2\/posts\/1423050","targetHints":{"allow":["GET"]}}],"collection":[{"href":"https:\/\/theplayoffs.news\/fr\/wp-json\/wp\/v2\/posts"}],"about":[{"href":"https:\/\/theplayoffs.news\/fr\/wp-json\/wp\/v2\/types\/post"}],"author":[{"embeddable":true,"href":"https:\/\/theplayoffs.news\/fr\/wp-json\/wp\/v2\/users\/180309823"}],"replies":[{"embeddable":true,"href":"https:\/\/theplayoffs.news\/fr\/wp-json\/wp\/v2\/comments?post=1423050"}],"version-history":[{"count":4,"href":"https:\/\/theplayoffs.news\/fr\/wp-json\/wp\/v2\/posts\/1423050\/revisions"}],"predecessor-version":[{"id":1423060,"href":"https:\/\/theplayoffs.news\/fr\/wp-json\/wp\/v2\/posts\/1423050\/revisions\/1423060"}],"wp:featuredmedia":[{"embeddable":true,"href":"https:\/\/theplayoffs.news\/fr\/wp-json\/wp\/v2\/media\/1423054"}],"wp:attachment":[{"href":"https:\/\/theplayoffs.news\/fr\/wp-json\/wp\/v2\/media?parent=1423050"}],"wp:term":[{"taxonomy":"category","embeddable":true,"href":"https:\/\/theplayoffs.news\/fr\/wp-json\/wp\/v2\/categories?post=1423050"},{"taxonomy":"post_tag","embeddable":true,"href":"https:\/\/theplayoffs.news\/fr\/wp-json\/wp\/v2\/tags?post=1423050"},{"taxonomy":"sport","embeddable":true,"href":"https:\/\/theplayoffs.news\/fr\/wp-json\/wp\/v2\/sport?post=1423050"},{"taxonomy":"saison","embeddable":true,"href":"https:\/\/theplayoffs.news\/fr\/wp-json\/wp\/v2\/saison?post=1423050"}],"curies":[{"name":"wp","href":"https:\/\/api.w.org\/{rel}","templated":true}]}}