{"id":1422953,"date":"2024-04-08T17:35:54","date_gmt":"2024-04-08T15:35:54","guid":{"rendered":"https:\/\/theplayoffs.news\/fr\/?p=1422953"},"modified":"2024-04-08T17:35:54","modified_gmt":"2024-04-08T15:35:54","slug":"golden-knights-hertl-va-faire-ses-debuts","status":"publish","type":"post","link":"https:\/\/theplayoffs.news\/fr\/actualite-nhl\/golden-knights-hertl-va-faire-ses-debuts\/","title":{"rendered":"Golden Knights : Hertl va faire ses d\u00e9buts"},"content":{"rendered":"<h2>Ce soir, Tomas Hertl va faire ses d&eacute;buts avec les Vegas Golden Knights, face aux Vancouver Canucks.<\/h2><p>L&rsquo;attaquant Tomas Hertl, a &eacute;t&eacute; acquis par les <a href=\"https:\/\/theplayoffs.news\/fr\/equipe\/vegas-golden-knights-nhl\/\" class=\"trk-cta-link\" data-cta-trk='{\"ctaType\":\"Link\",\"ctaSubType\":\"main\"}'>Golden Knights<\/a> &agrave; la date limite d&rsquo;&eacute;change, il y a un mois, en provenance des Sharks. Le joueur de 30 ans a subi une op&eacute;ration du genou en f&eacute;vrier dernier, le privant ainsi de jouer au hockey.<\/p><blockquote><p>&laquo;&nbsp;Hertl voyage jouera probablement demain&nbsp;&raquo;, a <a href=\"https:\/\/www.sportsnet.ca\/\" class=\"trk-cta-link\" data-cta-trk='{\"ctaType\":\"Link\",\"ctaSubType\":\"main\"}'>d&eacute;clar&eacute; Bruce Cassidy<\/a>, head coach de Vegas. &laquo;&nbsp;La d&eacute;cision sera probablement prise demain.&nbsp;&raquo;<\/p><\/blockquote><p>Le joueur tch&egrave;que a enregistr&eacute; un total de 15 buts pour 19 passes, soit un total de 34 points au cours de 48 matchs cette saison. Celui-ci a pass&eacute; un total de 11 saisons au sein de l&rsquo;organisation des San Jos&eacute; Sharks, et est actuellement dans la deuxi&egrave;me ann&eacute;e d&rsquo;un contrat de huit ans, pour une valeur totale de 65.1 millions de dollars, sign&eacute; avec les Sharks.<\/p><p>Le head coach des Golden Knights, Bruce Cassidy, a &eacute;galement donn&eacute; des nouvelles sur un autre de ses joueurs, Adin Hill, bless&eacute; depuis quelques semaines au bas de son corps.<\/p><p>\n<div id=\"attachment_1422956\" style=\"width: 756px\" class=\"wp-caption aligncenter\"><img loading=\"lazy\" decoding=\"async\" aria-describedby=\"caption-attachment-1422956\" class=\" wp-image-1422956\" src=\"https:\/\/theplayoffs.news\/fr\/wp-content\/uploads\/2024\/04\/USATSI_22852399-300x200.jpg\" alt=\"\" width=\"746\" height=\"497\" srcset=\"https:\/\/theplayoffs.news\/fr\/wp-content\/uploads\/2024\/04\/USATSI_22852399-300x200.jpg 300w, https:\/\/theplayoffs.news\/fr\/wp-content\/uploads\/2024\/04\/USATSI_22852399-1030x687.jpg 1030w, https:\/\/theplayoffs.news\/fr\/wp-content\/uploads\/2024\/04\/USATSI_22852399-768x512.jpg 768w, https:\/\/theplayoffs.news\/fr\/wp-content\/uploads\/2024\/04\/USATSI_22852399-1536x1024.jpg 1536w, https:\/\/theplayoffs.news\/fr\/wp-content\/uploads\/2024\/04\/USATSI_22852399-1500x1000.jpg 1500w, https:\/\/theplayoffs.news\/fr\/wp-content\/uploads\/2024\/04\/USATSI_22852399-705x470.jpg 705w, https:\/\/theplayoffs.news\/fr\/wp-content\/uploads\/2024\/04\/USATSI_22852399-1320x880.jpg 1320w, https:\/\/theplayoffs.news\/fr\/wp-content\/uploads\/2024\/04\/USATSI_22852399.jpg 1920w\" sizes=\"auto, (max-width: 746px) 100vw, 746px\" \/><p id=\"caption-attachment-1422956\" class=\"wp-caption-text\">Cr&eacute;dit: Stephen R. Sylvanie-USA TODAY Sports<\/p><\/div>\n<\/p><blockquote><p>&laquo;&nbsp;Hill est de retour avec le groupe&nbsp;&raquo;, a d&eacute;clar&eacute; Cassidy. &laquo;&nbsp;Il ne sera pas disponible demain, bien s&ucirc;r, mais il voyagera avec nous.&nbsp;&raquo;<\/p><\/blockquote><p>Les Golden Knights occupent actuellement la deuxi&egrave;me place des Wild Cards du c&ocirc;t&eacute; de la conf&eacute;rence Ouest, les qualifiant ainsi pour les play-offs. Ces deux retours de blessure permettra &agrave; Vegas d&rsquo;entrer plus sereinement dans les phases &eacute;liminatoires de la Coupe Stanley.<\/p>\n","protected":false},"excerpt":{"rendered":"","protected":false},"author":180310178,"featured_media":1422955,"comment_status":"open","ping_status":"closed","sticky":false,"template":"","format":"standard","meta":{"inline_featured_image":false,"kia_subtitle":"","_mux_skip_reasons":[],"proofreadBy":0,"footnotes":""},"categories":[187,26],"tags":[4721,221,24,6950,356],"sport":[2784],"saison":[6111],"class_list":["post-1422953","post","type-post","status-publish","format-standard","has-post-thumbnail","hentry","category-actualite-nhl","category-nhl","tag-adin-hill","tag-lnh","tag-nhl","tag-tomas-hertl","tag-vegas-golden-knights","sport-nhl","saison-6111"],"acf":[],"yoast_head":"<!-- This site is optimized with the Yoast SEO plugin v24.2 - https:\/\/yoast.com\/wordpress\/plugins\/seo\/ -->\n<title>Golden Knights : Hertl va faire ses d&eacute;buts - The Playoffs FR<\/title>\n<meta name=\"robots\" content=\"index, follow, max-snippet:-1, max-image-preview:large, max-video-preview:-1\" \/>\n<link rel=\"canonical\" href=\"https:\/\/theplayoffs.news\/fr\/actualite-nhl\/golden-knights-hertl-va-faire-ses-debuts\/\" \/>\n<meta property=\"og:locale\" content=\"fr_FR\" \/>\n<meta property=\"og:type\" content=\"article\" \/>\n<meta property=\"og:title\" content=\"Golden Knights : Hertl va faire ses d&eacute;buts - The Playoffs FR\" \/>\n<meta property=\"og:url\" content=\"https:\/\/theplayoffs.news\/fr\/actualite-nhl\/golden-knights-hertl-va-faire-ses-debuts\/\" \/>\n<meta property=\"og:site_name\" content=\"The Playoffs FR\" \/>\n<meta property=\"article:publisher\" content=\"https:\/\/www.facebook.com\/TheFreeAgentFR\/\" \/>\n<meta property=\"article:modified_time\" content=\"2024-04-08T17:35:54+02:00\" \/>\n<meta property=\"og:image\" content=\"https:\/\/theplayoffs.news\/fr\/wp-content\/uploads\/2024\/04\/USATSI_22317525.jpg\" \/>\n\t<meta property=\"og:image:width\" content=\"1920\" \/>\n\t<meta property=\"og:image:height\" content=\"1344\" \/>\n\t<meta property=\"og:image:type\" content=\"image\/jpeg\" \/>\n<meta name=\"author\" content=\"Arthur Berlemont\" \/>\n<meta name=\"twitter:card\" content=\"summary_large_image\" \/>\n<meta name=\"twitter:creator\" content=\"@TheFreeAgentFR\" \/>\n<meta name=\"twitter:site\" content=\"@TheFreeAgentFR\" \/>\n<meta name=\"twitter:label1\" content=\"\u00c9crit par\" \/>\n\t<meta name=\"twitter:data1\" content=\"Arthur Berlemont\" \/>\n\t<meta name=\"twitter:label2\" content=\"Dur\u00e9e de lecture estim\u00e9e\" \/>\n\t<meta name=\"twitter:data2\" content=\"1 minute\" \/>\n<script type=\"application\/ld+json\" class=\"yoast-schema-graph\">{\"@context\":\"https:\/\/schema.org\",\"@graph\":[{\"@type\":\"WebPage\",\"@id\":\"https:\/\/theplayoffs.news\/fr\/actualite-nhl\/golden-knights-hertl-va-faire-ses-debuts\/\",\"url\":\"https:\/\/theplayoffs.news\/fr\/actualite-nhl\/golden-knights-hertl-va-faire-ses-debuts\/\",\"name\":\"Golden Knights : Hertl va faire ses d\u00e9buts - The Playoffs FR\",\"isPartOf\":{\"@id\":\"https:\/\/theplayoffs.news\/fr\/#website\"},\"primaryImageOfPage\":{\"@id\":\"https:\/\/theplayoffs.news\/fr\/actualite-nhl\/golden-knights-hertl-va-faire-ses-debuts\/#primaryimage\"},\"image\":{\"@id\":\"https:\/\/theplayoffs.news\/fr\/actualite-nhl\/golden-knights-hertl-va-faire-ses-debuts\/#primaryimage\"},\"thumbnailUrl\":\"https:\/\/theplayoffs.news\/fr\/wp-content\/uploads\/2024\/04\/USATSI_22317525.jpg\",\"datePublished\":\"2024-04-08T15:35:54+00:00\",\"dateModified\":\"2024-04-08T15:35:54+00:00\",\"author\":{\"@id\":\"https:\/\/theplayoffs.news\/fr\/#\/schema\/person\/b6b04a451dab03a5ab75cec8912e8942\"},\"breadcrumb\":{\"@id\":\"https:\/\/theplayoffs.news\/fr\/actualite-nhl\/golden-knights-hertl-va-faire-ses-debuts\/#breadcrumb\"},\"inLanguage\":\"fr-FR\",\"potentialAction\":[{\"@type\":\"ReadAction\",\"target\":[\"https:\/\/theplayoffs.news\/fr\/actualite-nhl\/golden-knights-hertl-va-faire-ses-debuts\/\"]}]},{\"@type\":\"ImageObject\",\"inLanguage\":\"fr-FR\",\"@id\":\"https:\/\/theplayoffs.news\/fr\/actualite-nhl\/golden-knights-hertl-va-faire-ses-debuts\/#primaryimage\",\"url\":\"https:\/\/theplayoffs.news\/fr\/wp-content\/uploads\/2024\/04\/USATSI_22317525.jpg\",\"contentUrl\":\"https:\/\/theplayoffs.news\/fr\/wp-content\/uploads\/2024\/04\/USATSI_22317525.jpg\",\"width\":1920,\"height\":1344,\"caption\":\"Jan 9, 2024; Toronto, Ontario, CAN; San Jose Sharks center Tomas Hertl (48) skates during the warmup before a game against the Toronto Maple Leafs at Scotiabank Arena. Mandatory Credit: Nick Turchiaro-USA TODAY Sports\"},{\"@type\":\"BreadcrumbList\",\"@id\":\"https:\/\/theplayoffs.news\/fr\/actualite-nhl\/golden-knights-hertl-va-faire-ses-debuts\/#breadcrumb\",\"itemListElement\":[{\"@type\":\"ListItem\",\"position\":1,\"name\":\"Accueil\",\"item\":\"https:\/\/theplayoffs.news\/fr\/\"},{\"@type\":\"ListItem\",\"position\":2,\"name\":\"Golden Knights : Hertl va faire ses d\u00e9buts\"}]},{\"@type\":\"WebSite\",\"@id\":\"https:\/\/theplayoffs.news\/fr\/#website\",\"url\":\"https:\/\/theplayoffs.news\/fr\/\",\"name\":\"The Playoffs FR\",\"description\":\"NBA-NFL-NHL-MLB\",\"potentialAction\":[{\"@type\":\"SearchAction\",\"target\":{\"@type\":\"EntryPoint\",\"urlTemplate\":\"https:\/\/theplayoffs.news\/fr\/?s={search_term_string}\"},\"query-input\":{\"@type\":\"PropertyValueSpecification\",\"valueRequired\":true,\"valueName\":\"search_term_string\"}}],\"inLanguage\":\"fr-FR\"},{\"@type\":\"Person\",\"@id\":\"https:\/\/theplayoffs.news\/fr\/#\/schema\/person\/b6b04a451dab03a5ab75cec8912e8942\",\"name\":\"Arthur Berlemont\",\"image\":{\"@type\":\"ImageObject\",\"inLanguage\":\"fr-FR\",\"@id\":\"https:\/\/theplayoffs.news\/fr\/#\/schema\/person\/image\/\",\"url\":\"https:\/\/secure.gravatar.com\/avatar\/19ddab1d62ab0a19b186b86cee130432b120dd6f085625a6a6757dd1aa90a5f3?s=96&d=mm&r=g\",\"contentUrl\":\"https:\/\/secure.gravatar.com\/avatar\/19ddab1d62ab0a19b186b86cee130432b120dd6f085625a6a6757dd1aa90a5f3?s=96&d=mm&r=g\",\"caption\":\"Arthur Berlemont\"},\"description\":\"Etudiant passionn\u00e9 de sport, avant tout m\u00e9caniques, j\\\\'ai d\u00e9couvert les sports US il y a quelques ann\u00e9es. J\\\\'ai tout de suite accroch\u00e9 pour la ville de Cincinnati et ses franchises de NFL et MLB. Aujourd\\\\'hui, je suis l\u00e0 par passion dans la r\u00e9daction d\\\\'articles sur divers sports que j\\\\'affectionne.\",\"url\":\"https:\/\/theplayoffs.news\/fr\/author\/arthur-berlemontgmail-com\/\"}]}<\/script>\n<!-- \/ Yoast SEO plugin. -->","yoast_head_json":{"title":"Golden Knights : Hertl va faire ses d&eacute;buts - The Playoffs FR","robots":{"index":"index","follow":"follow","max-snippet":"max-snippet:-1","max-image-preview":"max-image-preview:large","max-video-preview":"max-video-preview:-1"},"canonical":"https:\/\/theplayoffs.news\/fr\/actualite-nhl\/golden-knights-hertl-va-faire-ses-debuts\/","og_locale":"fr_FR","og_type":"article","og_title":"Golden Knights : Hertl va faire ses d&eacute;buts - The Playoffs FR","og_url":"https:\/\/theplayoffs.news\/fr\/actualite-nhl\/golden-knights-hertl-va-faire-ses-debuts\/","og_site_name":"The Playoffs FR","article_publisher":"https:\/\/www.facebook.com\/TheFreeAgentFR\/","og_image":[{"width":1920,"height":1344,"url":"https:\/\/theplayoffs.news\/fr\/wp-content\/uploads\/2024\/04\/USATSI_22317525.jpg","type":"image\/jpeg"}],"author":"Arthur Berlemont","twitter_card":"summary_large_image","twitter_creator":"@TheFreeAgentFR","twitter_site":"@TheFreeAgentFR","twitter_misc":{"\u00c9crit par":"Arthur Berlemont","Dur\u00e9e de lecture estim\u00e9e":"1 minute"},"schema":{"@context":"https:\/\/schema.org","@graph":[{"@type":"WebPage","@id":"https:\/\/theplayoffs.news\/fr\/actualite-nhl\/golden-knights-hertl-va-faire-ses-debuts\/","url":"https:\/\/theplayoffs.news\/fr\/actualite-nhl\/golden-knights-hertl-va-faire-ses-debuts\/","name":"Golden Knights : Hertl va faire ses d\u00e9buts - The Playoffs FR","isPartOf":{"@id":"https:\/\/theplayoffs.news\/fr\/#website"},"primaryImageOfPage":{"@id":"https:\/\/theplayoffs.news\/fr\/actualite-nhl\/golden-knights-hertl-va-faire-ses-debuts\/#primaryimage"},"image":{"@id":"https:\/\/theplayoffs.news\/fr\/actualite-nhl\/golden-knights-hertl-va-faire-ses-debuts\/#primaryimage"},"thumbnailUrl":"https:\/\/theplayoffs.news\/fr\/wp-content\/uploads\/2024\/04\/USATSI_22317525.jpg","datePublished":"2024-04-08T15:35:54+00:00","dateModified":"2024-04-08T15:35:54+00:00","author":{"@id":"https:\/\/theplayoffs.news\/fr\/#\/schema\/person\/b6b04a451dab03a5ab75cec8912e8942"},"breadcrumb":{"@id":"https:\/\/theplayoffs.news\/fr\/actualite-nhl\/golden-knights-hertl-va-faire-ses-debuts\/#breadcrumb"},"inLanguage":"fr-FR","potentialAction":[{"@type":"ReadAction","target":["https:\/\/theplayoffs.news\/fr\/actualite-nhl\/golden-knights-hertl-va-faire-ses-debuts\/"]}]},{"@type":"ImageObject","inLanguage":"fr-FR","@id":"https:\/\/theplayoffs.news\/fr\/actualite-nhl\/golden-knights-hertl-va-faire-ses-debuts\/#primaryimage","url":"https:\/\/theplayoffs.news\/fr\/wp-content\/uploads\/2024\/04\/USATSI_22317525.jpg","contentUrl":"https:\/\/theplayoffs.news\/fr\/wp-content\/uploads\/2024\/04\/USATSI_22317525.jpg","width":1920,"height":1344,"caption":"Jan 9, 2024; Toronto, Ontario, CAN; San Jose Sharks center Tomas Hertl (48) skates during the warmup before a game against the Toronto Maple Leafs at Scotiabank Arena. Mandatory Credit: Nick Turchiaro-USA TODAY Sports"},{"@type":"BreadcrumbList","@id":"https:\/\/theplayoffs.news\/fr\/actualite-nhl\/golden-knights-hertl-va-faire-ses-debuts\/#breadcrumb","itemListElement":[{"@type":"ListItem","position":1,"name":"Accueil","item":"https:\/\/theplayoffs.news\/fr\/"},{"@type":"ListItem","position":2,"name":"Golden Knights : Hertl va faire ses d\u00e9buts"}]},{"@type":"WebSite","@id":"https:\/\/theplayoffs.news\/fr\/#website","url":"https:\/\/theplayoffs.news\/fr\/","name":"The Playoffs FR","description":"NBA-NFL-NHL-MLB","potentialAction":[{"@type":"SearchAction","target":{"@type":"EntryPoint","urlTemplate":"https:\/\/theplayoffs.news\/fr\/?s={search_term_string}"},"query-input":{"@type":"PropertyValueSpecification","valueRequired":true,"valueName":"search_term_string"}}],"inLanguage":"fr-FR"},{"@type":"Person","@id":"https:\/\/theplayoffs.news\/fr\/#\/schema\/person\/b6b04a451dab03a5ab75cec8912e8942","name":"Arthur Berlemont","image":{"@type":"ImageObject","inLanguage":"fr-FR","@id":"https:\/\/theplayoffs.news\/fr\/#\/schema\/person\/image\/","url":"https:\/\/secure.gravatar.com\/avatar\/19ddab1d62ab0a19b186b86cee130432b120dd6f085625a6a6757dd1aa90a5f3?s=96&d=mm&r=g","contentUrl":"https:\/\/secure.gravatar.com\/avatar\/19ddab1d62ab0a19b186b86cee130432b120dd6f085625a6a6757dd1aa90a5f3?s=96&d=mm&r=g","caption":"Arthur Berlemont"},"description":"Etudiant passionn\u00e9 de sport, avant tout m\u00e9caniques, j\\'ai d\u00e9couvert les sports US il y a quelques ann\u00e9es. J\\'ai tout de suite accroch\u00e9 pour la ville de Cincinnati et ses franchises de NFL et MLB. Aujourd\\'hui, je suis l\u00e0 par passion dans la r\u00e9daction d\\'articles sur divers sports que j\\'affectionne.","url":"https:\/\/theplayoffs.news\/fr\/author\/arthur-berlemontgmail-com\/"}]}},"_links":{"self":[{"href":"https:\/\/theplayoffs.news\/fr\/wp-json\/wp\/v2\/posts\/1422953","targetHints":{"allow":["GET"]}}],"collection":[{"href":"https:\/\/theplayoffs.news\/fr\/wp-json\/wp\/v2\/posts"}],"about":[{"href":"https:\/\/theplayoffs.news\/fr\/wp-json\/wp\/v2\/types\/post"}],"author":[{"embeddable":true,"href":"https:\/\/theplayoffs.news\/fr\/wp-json\/wp\/v2\/users\/180310178"}],"replies":[{"embeddable":true,"href":"https:\/\/theplayoffs.news\/fr\/wp-json\/wp\/v2\/comments?post=1422953"}],"version-history":[{"count":3,"href":"https:\/\/theplayoffs.news\/fr\/wp-json\/wp\/v2\/posts\/1422953\/revisions"}],"predecessor-version":[{"id":1422961,"href":"https:\/\/theplayoffs.news\/fr\/wp-json\/wp\/v2\/posts\/1422953\/revisions\/1422961"}],"wp:featuredmedia":[{"embeddable":true,"href":"https:\/\/theplayoffs.news\/fr\/wp-json\/wp\/v2\/media\/1422955"}],"wp:attachment":[{"href":"https:\/\/theplayoffs.news\/fr\/wp-json\/wp\/v2\/media?parent=1422953"}],"wp:term":[{"taxonomy":"category","embeddable":true,"href":"https:\/\/theplayoffs.news\/fr\/wp-json\/wp\/v2\/categories?post=1422953"},{"taxonomy":"post_tag","embeddable":true,"href":"https:\/\/theplayoffs.news\/fr\/wp-json\/wp\/v2\/tags?post=1422953"},{"taxonomy":"sport","embeddable":true,"href":"https:\/\/theplayoffs.news\/fr\/wp-json\/wp\/v2\/sport?post=1422953"},{"taxonomy":"saison","embeddable":true,"href":"https:\/\/theplayoffs.news\/fr\/wp-json\/wp\/v2\/saison?post=1422953"}],"curies":[{"name":"wp","href":"https:\/\/api.w.org\/{rel}","templated":true}]}}