{"id":1422491,"date":"2024-04-06T16:53:49","date_gmt":"2024-04-06T14:53:49","guid":{"rendered":"https:\/\/theplayoffs.news\/fr\/?p=1422491"},"modified":"2024-04-06T16:53:49","modified_gmt":"2024-04-06T14:53:49","slug":"darren-waller-je-ne-sais-pas-retraite","status":"publish","type":"post","link":"https:\/\/theplayoffs.news\/fr\/actualite-nfl\/darren-waller-je-ne-sais-pas-retraite\/","title":{"rendered":"Darren Waller (Giants): &lsquo;Je ne sais toujours pas si je prends ma retraite&rsquo;"},"content":{"rendered":"<h2>NFL &ndash; Le tight end des New York Giants, Darren Waller, n&rsquo;a pas encore arr&ecirc;t&eacute; sa d&eacute;cision concernant la suite &agrave; donner &agrave; sa carri&egrave;re professionnelle.<\/h2><p>Les doutes de Darren Waller sur sa facult&eacute; &agrave; continuer sa carri&egrave;re professionnelle au plus haut niveau ne datent pas d&rsquo;hier. En effet, d&eacute;j&agrave; lorsqu&rsquo;il avait connu une nouvelle blessure lors de la saison 2023, le tight end avait confi&eacute; qu&rsquo;il avait <a href=\"https:\/\/theplayoffs.news\/fr\/nfl\/darren-waller-jai-pense-prendre-ma-retraite\/\" class=\"trk-cta-link\" data-cta-trk='{\"ctaType\":\"Link\",\"ctaSubType\":\"main\"}'>pens&eacute; s&eacute;rieusement mettre un terme pr&eacute;matur&eacute;<\/a> &agrave; ses activit&eacute;s footballistiques avant de choisir finalement de se donner un peu plus de temps pour r&eacute;flechir. Mais le temps de la r&eacute;flexion ne semble pas encore termin&eacute; si l&rsquo;on en croit une interview du joueur accord&eacute;e au site <a href=\"https:\/\/www.forbes.com\/sites\/djsiddiqi\/2024\/04\/04\/new-york-giants-darren-waller-on-possibility-of-retirement-and-his-trade-from-the-las-vegas-raiders\/?sh=49c3e5a87da5\" class=\"trk-cta-link\" data-cta-trk='{\"ctaType\":\"Link\",\"ctaSubType\":\"main\"}'>Forbes.com<\/a>:<\/p><blockquote><p>&laquo;&nbsp;Je n&rsquo;ai pas encore pris ma d&eacute;cision (concernant sa retraite)&nbsp;&raquo; a confi&eacute; le joueur des Giants. &laquo;&nbsp;Je veux simplement respecter le processus. Le football demande &eacute;norm&eacute;ment d&rsquo;engagement et j&rsquo;ai d&eacute;j&agrave; v&eacute;cu beaucoup de choses. Je veux &ecirc;tre s&ucirc;r de pouvoir me donner &agrave; 100% sinon je n&rsquo;aurais aucune utilit&eacute; pour mes co&eacute;quipiers et pour mon &eacute;quipe.&nbsp;&raquo;<\/p><\/blockquote><p>Il y a deux semaines de cela, Darren Waller confiait &ecirc;tre tr&egrave;s proche de prendre une d&eacute;cision. Mais deux semaines plus tard, les doutes semblent toujours pr&eacute;sent dans la t&ecirc;te du joueur de 31 ans qui a rejoint les Giants avant le d&eacute;but de la saison 2023 apr&egrave;s 5 saisons pass&eacute;es sous la tunique des Raiders. S&rsquo;il participe &agrave; la saison 2024, Waller recevra 10.25 millions de salaire annuel. Mais rien n&rsquo;est moins s&ucirc;r aujourd&rsquo;hui que la pr&eacute;sence du tight end lors de la reprise au mois de septembre.<\/p><p><em>Cr&eacute;dit photo: Eric Hartline-USA TODAY Sports<\/em><\/p>\n","protected":false},"excerpt":{"rendered":"","protected":false},"author":180309964,"featured_media":1422492,"comment_status":"open","ping_status":"closed","sticky":false,"template":"","format":"standard","meta":{"inline_featured_image":false,"kia_subtitle":"","_mux_skip_reasons":[],"proofreadBy":0,"footnotes":""},"categories":[118,40],"tags":[2850,816],"sport":[2785],"saison":[6111],"class_list":["post-1422491","post","type-post","status-publish","format-standard","has-post-thumbnail","hentry","category-actualite-nfl","category-nfl","tag-darren-waller","tag-new-york-giants","sport-nfl","saison-6111"],"acf":[],"yoast_head":"<!-- This site is optimized with the Yoast SEO plugin v24.2 - https:\/\/yoast.com\/wordpress\/plugins\/seo\/ -->\n<title>Darren Waller (Giants): &#039;Je ne sais toujours pas si je prends ma retraite&#039; - The Playoffs FR<\/title>\n<meta name=\"robots\" content=\"index, follow, max-snippet:-1, max-image-preview:large, max-video-preview:-1\" \/>\n<link rel=\"canonical\" href=\"https:\/\/theplayoffs.news\/fr\/actualite-nfl\/darren-waller-je-ne-sais-pas-retraite\/\" \/>\n<meta property=\"og:locale\" content=\"fr_FR\" \/>\n<meta property=\"og:type\" content=\"article\" \/>\n<meta property=\"og:title\" content=\"Darren Waller (Giants): &#039;Je ne sais toujours pas si je prends ma retraite&#039; - The Playoffs FR\" \/>\n<meta property=\"og:url\" content=\"https:\/\/theplayoffs.news\/fr\/actualite-nfl\/darren-waller-je-ne-sais-pas-retraite\/\" \/>\n<meta property=\"og:site_name\" content=\"The Playoffs FR\" \/>\n<meta property=\"article:publisher\" content=\"https:\/\/www.facebook.com\/TheFreeAgentFR\/\" \/>\n<meta property=\"article:modified_time\" content=\"2024-04-06T16:53:49+02:00\" \/>\n<meta property=\"og:image\" content=\"https:\/\/theplayoffs.news\/fr\/wp-content\/uploads\/2024\/04\/USATSI_22181154.jpg\" \/>\n\t<meta property=\"og:image:width\" content=\"1920\" \/>\n\t<meta property=\"og:image:height\" content=\"1280\" \/>\n\t<meta property=\"og:image:type\" content=\"image\/jpeg\" \/>\n<meta name=\"author\" content=\"Flavien Jumeau\" \/>\n<meta name=\"twitter:card\" content=\"summary_large_image\" \/>\n<meta name=\"twitter:creator\" content=\"@TheFreeAgentFR\" \/>\n<meta name=\"twitter:site\" content=\"@TheFreeAgentFR\" \/>\n<meta name=\"twitter:label1\" content=\"\u00c9crit par\" \/>\n\t<meta name=\"twitter:data1\" content=\"Flavien Jumeau\" \/>\n\t<meta name=\"twitter:label2\" content=\"Dur\u00e9e de lecture estim\u00e9e\" \/>\n\t<meta name=\"twitter:data2\" content=\"1 minute\" \/>\n<script type=\"application\/ld+json\" class=\"yoast-schema-graph\">{\"@context\":\"https:\/\/schema.org\",\"@graph\":[{\"@type\":\"WebPage\",\"@id\":\"https:\/\/theplayoffs.news\/fr\/actualite-nfl\/darren-waller-je-ne-sais-pas-retraite\/\",\"url\":\"https:\/\/theplayoffs.news\/fr\/actualite-nfl\/darren-waller-je-ne-sais-pas-retraite\/\",\"name\":\"Darren Waller (Giants): \\\\'Je ne sais toujours pas si je prends ma retraite\\\\' - The Playoffs FR\",\"isPartOf\":{\"@id\":\"https:\/\/theplayoffs.news\/fr\/#website\"},\"primaryImageOfPage\":{\"@id\":\"https:\/\/theplayoffs.news\/fr\/actualite-nfl\/darren-waller-je-ne-sais-pas-retraite\/#primaryimage\"},\"image\":{\"@id\":\"https:\/\/theplayoffs.news\/fr\/actualite-nfl\/darren-waller-je-ne-sais-pas-retraite\/#primaryimage\"},\"thumbnailUrl\":\"https:\/\/theplayoffs.news\/fr\/wp-content\/uploads\/2024\/04\/USATSI_22181154.jpg\",\"datePublished\":\"2024-04-06T14:53:49+00:00\",\"dateModified\":\"2024-04-06T14:53:49+00:00\",\"author\":{\"@id\":\"https:\/\/theplayoffs.news\/fr\/#\/schema\/person\/def63bc6746dc5957469b75feb99e66d\"},\"breadcrumb\":{\"@id\":\"https:\/\/theplayoffs.news\/fr\/actualite-nfl\/darren-waller-je-ne-sais-pas-retraite\/#breadcrumb\"},\"inLanguage\":\"fr-FR\",\"potentialAction\":[{\"@type\":\"ReadAction\",\"target\":[\"https:\/\/theplayoffs.news\/fr\/actualite-nfl\/darren-waller-je-ne-sais-pas-retraite\/\"]}]},{\"@type\":\"ImageObject\",\"inLanguage\":\"fr-FR\",\"@id\":\"https:\/\/theplayoffs.news\/fr\/actualite-nfl\/darren-waller-je-ne-sais-pas-retraite\/#primaryimage\",\"url\":\"https:\/\/theplayoffs.news\/fr\/wp-content\/uploads\/2024\/04\/USATSI_22181154.jpg\",\"contentUrl\":\"https:\/\/theplayoffs.news\/fr\/wp-content\/uploads\/2024\/04\/USATSI_22181154.jpg\",\"width\":1920,\"height\":1280,\"caption\":\"Dec 25, 2023; Philadelphia, Pennsylvania, USA; New York Giants tight end Darren Waller (12) in the tunnel against the Philadelphia Eagles at Lincoln Financial Field. Mandatory Credit: Eric Hartline-USA TODAY Sports\"},{\"@type\":\"BreadcrumbList\",\"@id\":\"https:\/\/theplayoffs.news\/fr\/actualite-nfl\/darren-waller-je-ne-sais-pas-retraite\/#breadcrumb\",\"itemListElement\":[{\"@type\":\"ListItem\",\"position\":1,\"name\":\"Accueil\",\"item\":\"https:\/\/theplayoffs.news\/fr\/\"},{\"@type\":\"ListItem\",\"position\":2,\"name\":\"Darren Waller (Giants): &lsquo;Je ne sais toujours pas si je prends ma retraite&rsquo;\"}]},{\"@type\":\"WebSite\",\"@id\":\"https:\/\/theplayoffs.news\/fr\/#website\",\"url\":\"https:\/\/theplayoffs.news\/fr\/\",\"name\":\"The Playoffs FR\",\"description\":\"NBA-NFL-NHL-MLB\",\"potentialAction\":[{\"@type\":\"SearchAction\",\"target\":{\"@type\":\"EntryPoint\",\"urlTemplate\":\"https:\/\/theplayoffs.news\/fr\/?s={search_term_string}\"},\"query-input\":{\"@type\":\"PropertyValueSpecification\",\"valueRequired\":true,\"valueName\":\"search_term_string\"}}],\"inLanguage\":\"fr-FR\"},{\"@type\":\"Person\",\"@id\":\"https:\/\/theplayoffs.news\/fr\/#\/schema\/person\/def63bc6746dc5957469b75feb99e66d\",\"name\":\"Flavien Jumeau\",\"image\":{\"@type\":\"ImageObject\",\"inLanguage\":\"fr-FR\",\"@id\":\"https:\/\/theplayoffs.news\/fr\/#\/schema\/person\/image\/\",\"url\":\"https:\/\/secure.gravatar.com\/avatar\/e7fa8ba5a4b7e4ce35fe152f083f352db28ad0acce692004ed88a7a7d78893f7?s=96&d=mm&r=g\",\"contentUrl\":\"https:\/\/secure.gravatar.com\/avatar\/e7fa8ba5a4b7e4ce35fe152f083f352db28ad0acce692004ed88a7a7d78893f7?s=96&d=mm&r=g\",\"caption\":\"Flavien Jumeau\"},\"description\":\"Amoureux du sport (et de vraiment tous les sports) depuis mon plus jeune \u00e2ge, j\u2019ai longtemps h\u00e9site entre le snooker et le curling. Finalement c\u2019est le foot US que j\u2019ai d\u00e9cid\u00e9 de choisir! Responsable foot US sur TPO et animateur du podcast Tailgate j\u2019ai pour mission de vous faire d\u00e9couvrir ce sport passionnant si ce n\u2019est pas encore fait et de vous donner les derni\u00e8res actus. Le tout dans la bonne humeur et avec toujours un jeu de mots ou deux savamment distill\u00e9s! Fan des Saints, pour moi Drew Brees est le vrai GOAT!\",\"url\":\"https:\/\/theplayoffs.news\/fr\/author\/flavien-jumeaugmail-com\/\"}]}<\/script>\n<!-- \/ Yoast SEO plugin. -->","yoast_head_json":{"title":"Darren Waller (Giants): &#039;Je ne sais toujours pas si je prends ma retraite&#039; - The Playoffs FR","robots":{"index":"index","follow":"follow","max-snippet":"max-snippet:-1","max-image-preview":"max-image-preview:large","max-video-preview":"max-video-preview:-1"},"canonical":"https:\/\/theplayoffs.news\/fr\/actualite-nfl\/darren-waller-je-ne-sais-pas-retraite\/","og_locale":"fr_FR","og_type":"article","og_title":"Darren Waller (Giants): &#039;Je ne sais toujours pas si je prends ma retraite&#039; - The Playoffs FR","og_url":"https:\/\/theplayoffs.news\/fr\/actualite-nfl\/darren-waller-je-ne-sais-pas-retraite\/","og_site_name":"The Playoffs FR","article_publisher":"https:\/\/www.facebook.com\/TheFreeAgentFR\/","og_image":[{"width":1920,"height":1280,"url":"https:\/\/theplayoffs.news\/fr\/wp-content\/uploads\/2024\/04\/USATSI_22181154.jpg","type":"image\/jpeg"}],"author":"Flavien Jumeau","twitter_card":"summary_large_image","twitter_creator":"@TheFreeAgentFR","twitter_site":"@TheFreeAgentFR","twitter_misc":{"\u00c9crit par":"Flavien Jumeau","Dur\u00e9e de lecture estim\u00e9e":"1 minute"},"schema":{"@context":"https:\/\/schema.org","@graph":[{"@type":"WebPage","@id":"https:\/\/theplayoffs.news\/fr\/actualite-nfl\/darren-waller-je-ne-sais-pas-retraite\/","url":"https:\/\/theplayoffs.news\/fr\/actualite-nfl\/darren-waller-je-ne-sais-pas-retraite\/","name":"Darren Waller (Giants): \\'Je ne sais toujours pas si je prends ma retraite\\' - The Playoffs FR","isPartOf":{"@id":"https:\/\/theplayoffs.news\/fr\/#website"},"primaryImageOfPage":{"@id":"https:\/\/theplayoffs.news\/fr\/actualite-nfl\/darren-waller-je-ne-sais-pas-retraite\/#primaryimage"},"image":{"@id":"https:\/\/theplayoffs.news\/fr\/actualite-nfl\/darren-waller-je-ne-sais-pas-retraite\/#primaryimage"},"thumbnailUrl":"https:\/\/theplayoffs.news\/fr\/wp-content\/uploads\/2024\/04\/USATSI_22181154.jpg","datePublished":"2024-04-06T14:53:49+00:00","dateModified":"2024-04-06T14:53:49+00:00","author":{"@id":"https:\/\/theplayoffs.news\/fr\/#\/schema\/person\/def63bc6746dc5957469b75feb99e66d"},"breadcrumb":{"@id":"https:\/\/theplayoffs.news\/fr\/actualite-nfl\/darren-waller-je-ne-sais-pas-retraite\/#breadcrumb"},"inLanguage":"fr-FR","potentialAction":[{"@type":"ReadAction","target":["https:\/\/theplayoffs.news\/fr\/actualite-nfl\/darren-waller-je-ne-sais-pas-retraite\/"]}]},{"@type":"ImageObject","inLanguage":"fr-FR","@id":"https:\/\/theplayoffs.news\/fr\/actualite-nfl\/darren-waller-je-ne-sais-pas-retraite\/#primaryimage","url":"https:\/\/theplayoffs.news\/fr\/wp-content\/uploads\/2024\/04\/USATSI_22181154.jpg","contentUrl":"https:\/\/theplayoffs.news\/fr\/wp-content\/uploads\/2024\/04\/USATSI_22181154.jpg","width":1920,"height":1280,"caption":"Dec 25, 2023; Philadelphia, Pennsylvania, USA; New York Giants tight end Darren Waller (12) in the tunnel against the Philadelphia Eagles at Lincoln Financial Field. Mandatory Credit: Eric Hartline-USA TODAY Sports"},{"@type":"BreadcrumbList","@id":"https:\/\/theplayoffs.news\/fr\/actualite-nfl\/darren-waller-je-ne-sais-pas-retraite\/#breadcrumb","itemListElement":[{"@type":"ListItem","position":1,"name":"Accueil","item":"https:\/\/theplayoffs.news\/fr\/"},{"@type":"ListItem","position":2,"name":"Darren Waller (Giants): &lsquo;Je ne sais toujours pas si je prends ma retraite&rsquo;"}]},{"@type":"WebSite","@id":"https:\/\/theplayoffs.news\/fr\/#website","url":"https:\/\/theplayoffs.news\/fr\/","name":"The Playoffs FR","description":"NBA-NFL-NHL-MLB","potentialAction":[{"@type":"SearchAction","target":{"@type":"EntryPoint","urlTemplate":"https:\/\/theplayoffs.news\/fr\/?s={search_term_string}"},"query-input":{"@type":"PropertyValueSpecification","valueRequired":true,"valueName":"search_term_string"}}],"inLanguage":"fr-FR"},{"@type":"Person","@id":"https:\/\/theplayoffs.news\/fr\/#\/schema\/person\/def63bc6746dc5957469b75feb99e66d","name":"Flavien Jumeau","image":{"@type":"ImageObject","inLanguage":"fr-FR","@id":"https:\/\/theplayoffs.news\/fr\/#\/schema\/person\/image\/","url":"https:\/\/secure.gravatar.com\/avatar\/e7fa8ba5a4b7e4ce35fe152f083f352db28ad0acce692004ed88a7a7d78893f7?s=96&d=mm&r=g","contentUrl":"https:\/\/secure.gravatar.com\/avatar\/e7fa8ba5a4b7e4ce35fe152f083f352db28ad0acce692004ed88a7a7d78893f7?s=96&d=mm&r=g","caption":"Flavien Jumeau"},"description":"Amoureux du sport (et de vraiment tous les sports) depuis mon plus jeune \u00e2ge, j\u2019ai longtemps h\u00e9site entre le snooker et le curling. Finalement c\u2019est le foot US que j\u2019ai d\u00e9cid\u00e9 de choisir! Responsable foot US sur TPO et animateur du podcast Tailgate j\u2019ai pour mission de vous faire d\u00e9couvrir ce sport passionnant si ce n\u2019est pas encore fait et de vous donner les derni\u00e8res actus. Le tout dans la bonne humeur et avec toujours un jeu de mots ou deux savamment distill\u00e9s! Fan des Saints, pour moi Drew Brees est le vrai GOAT!","url":"https:\/\/theplayoffs.news\/fr\/author\/flavien-jumeaugmail-com\/"}]}},"_links":{"self":[{"href":"https:\/\/theplayoffs.news\/fr\/wp-json\/wp\/v2\/posts\/1422491","targetHints":{"allow":["GET"]}}],"collection":[{"href":"https:\/\/theplayoffs.news\/fr\/wp-json\/wp\/v2\/posts"}],"about":[{"href":"https:\/\/theplayoffs.news\/fr\/wp-json\/wp\/v2\/types\/post"}],"author":[{"embeddable":true,"href":"https:\/\/theplayoffs.news\/fr\/wp-json\/wp\/v2\/users\/180309964"}],"replies":[{"embeddable":true,"href":"https:\/\/theplayoffs.news\/fr\/wp-json\/wp\/v2\/comments?post=1422491"}],"version-history":[{"count":3,"href":"https:\/\/theplayoffs.news\/fr\/wp-json\/wp\/v2\/posts\/1422491\/revisions"}],"predecessor-version":[{"id":1422495,"href":"https:\/\/theplayoffs.news\/fr\/wp-json\/wp\/v2\/posts\/1422491\/revisions\/1422495"}],"wp:featuredmedia":[{"embeddable":true,"href":"https:\/\/theplayoffs.news\/fr\/wp-json\/wp\/v2\/media\/1422492"}],"wp:attachment":[{"href":"https:\/\/theplayoffs.news\/fr\/wp-json\/wp\/v2\/media?parent=1422491"}],"wp:term":[{"taxonomy":"category","embeddable":true,"href":"https:\/\/theplayoffs.news\/fr\/wp-json\/wp\/v2\/categories?post=1422491"},{"taxonomy":"post_tag","embeddable":true,"href":"https:\/\/theplayoffs.news\/fr\/wp-json\/wp\/v2\/tags?post=1422491"},{"taxonomy":"sport","embeddable":true,"href":"https:\/\/theplayoffs.news\/fr\/wp-json\/wp\/v2\/sport?post=1422491"},{"taxonomy":"saison","embeddable":true,"href":"https:\/\/theplayoffs.news\/fr\/wp-json\/wp\/v2\/saison?post=1422491"}],"curies":[{"name":"wp","href":"https:\/\/api.w.org\/{rel}","templated":true}]}}