{"id":1422457,"date":"2024-04-06T08:19:50","date_gmt":"2024-04-06T06:19:50","guid":{"rendered":"https:\/\/theplayoffs.news\/fr\/?p=1422457"},"modified":"2024-04-06T08:19:50","modified_gmt":"2024-04-06T06:19:50","slug":"stefon-diggs-depart-relations-josh-allen","status":"publish","type":"post","link":"https:\/\/theplayoffs.news\/fr\/actualite-mlb\/stefon-diggs-depart-relations-josh-allen\/","title":{"rendered":"Stefon Diggs: Un d\u00e9part caus\u00e9 par les relations avec Josh Allen?"},"content":{"rendered":"<h2>NFL &ndash; L&rsquo;ancien receveur des Bills de Buffalo, Stefon Diggs, aurait trouv&eacute; une autre destination en raison de probl&egrave;mes avec son quarterback Josh Allen.<\/h2><p>Le d&eacute;part de <a href=\"https:\/\/theplayoffs.news\/fr\/nfl\/stefon-diggs-part-chez-les-texans\/\" class=\"trk-cta-link\" data-cta-trk='{\"ctaType\":\"Link\",\"ctaSubType\":\"main\"}'>Stefon Diggs pour les Houston Texans<\/a> dans la journ&eacute;e de mercredi a surpris pas mal de monde dans le microcosme de la NFL. Non pas que les rumeurs de d&eacute;part du receveur ne furent pas nombreuses mais en raison du nombre de receveurs d&eacute;j&agrave; laiss&eacute; libre par la franchise de Buffalo, le d&eacute;part du receveur num&eacute;ro 1 de l&rsquo;&eacute;quipe semblait improbable. De plus, la &laquo;&nbsp;faible compensation&nbsp;&raquo; vers&eacute;e par les Houston Texans, certes en raison de l&rsquo;&acirc;ge et du contrat du joueur mais quand m&ecirc;me, semble prouver que les Bills cherchaient &agrave; envoyer Diggs dans une autre &eacute;quipe.<\/p><p>Une volont&eacute; possiblement guid&eacute;e par le quarterback des Buffalo Bills, Josh Allen. En effet, le journaliste de <em>The Athletic<\/em>, <a href=\"https:\/\/larrybrownsports.com\/football\/reporter-story-josh-allen-blow-up-stefon-diggs\/631170\" class=\"trk-cta-link\" data-cta-trk='{\"ctaType\":\"Link\",\"ctaSubType\":\"main\"}'>Tim Graham<\/a>, r&eacute;v&egrave;le ce jour une vive altercation entre Stefon Diggs et Josh Allen au sortir de la premi&egrave;re d&eacute;faite de la saison face aux Jets de New York. Une altercation qui aurait pes&eacute; lourd dans la suite de la saison des Bills et qui aurait &eacute;t&eacute; l&rsquo;une des raisons du d&eacute;part du receveur vers Houston:<\/p><blockquote><p>&laquo;&nbsp;Je ne sais pas exactement ce que Diggs a dit &agrave; Josh Allen mais le quarterback l&rsquo;a mal pris&nbsp;&raquo; a racont&eacute; Tim Graham dans un podcast. &laquo;&nbsp;Le quarterback a lanc&eacute; &agrave; son receveur que ce n&rsquo;&eacute;tait qu&rsquo;un put*** de match. Apr&egrave;s l&rsquo;altercation Diggs est parti et Allen est rest&eacute; assis. Je ne sais pas ce que Diggs a dit, peut-&ecirc;tre m&ecirc;me &eacute;tait-ce quelque chose de gentil ou r&eacute;confortant, mais quelque chose s&rsquo;est cass&eacute; entre eux depuis ce jour.&nbsp;&raquo;<\/p><\/blockquote><p>Cela pourrait expliquer que Stefon Diggs ait r&eacute;alis&eacute; la plus mauvaise saison comptable de son existence avec les Bills de Buffalo. En effet, le receveur a compil&eacute; 1183 yards en r&eacute;ception et 8 touchdowns, ce qui reste plus qu&rsquo;acceptable pour un receveur NFL mais moins que la production de ces derni&egrave;res saisons. En tout &eacute;tat de cause, les rumeurs et r&eacute;v&eacute;lations sur le d&eacute;part de Diggs ne font sans doute que commencer.<\/p><p><em>Cr&eacute;dit photo: Mark Konezny-USA TODAY Sports<\/em><\/p><p>&nbsp;<\/p>\n","protected":false},"excerpt":{"rendered":"","protected":false},"author":180309964,"featured_media":1422458,"comment_status":"open","ping_status":"closed","sticky":false,"template":"","format":"standard","meta":{"inline_featured_image":false,"kia_subtitle":"","_mux_skip_reasons":[],"proofreadBy":0,"footnotes":""},"categories":[188,9],"tags":[133,870,2563],"sport":[2786],"saison":[6111],"class_list":["post-1422457","post","type-post","status-publish","format-standard","has-post-thumbnail","hentry","category-actualite-mlb","category-mlb","tag-buffalo-bills","tag-josh-allen","tag-stefon-diggs","sport-mlb","saison-6111"],"acf":[],"yoast_head":"<!-- This site is optimized with the Yoast SEO plugin v24.2 - https:\/\/yoast.com\/wordpress\/plugins\/seo\/ -->\n<title>Stefon Diggs: Un d&eacute;part caus&eacute; par les relations avec Josh Allen? - The Playoffs FR<\/title>\n<meta name=\"robots\" content=\"index, follow, max-snippet:-1, max-image-preview:large, max-video-preview:-1\" \/>\n<link rel=\"canonical\" href=\"https:\/\/theplayoffs.news\/fr\/actualite-mlb\/stefon-diggs-depart-relations-josh-allen\/\" \/>\n<meta property=\"og:locale\" content=\"fr_FR\" \/>\n<meta property=\"og:type\" content=\"article\" \/>\n<meta property=\"og:title\" content=\"Stefon Diggs: Un d&eacute;part caus&eacute; par les relations avec Josh Allen? - The Playoffs FR\" \/>\n<meta property=\"og:url\" content=\"https:\/\/theplayoffs.news\/fr\/actualite-mlb\/stefon-diggs-depart-relations-josh-allen\/\" \/>\n<meta property=\"og:site_name\" content=\"The Playoffs FR\" \/>\n<meta property=\"article:publisher\" content=\"https:\/\/www.facebook.com\/TheFreeAgentFR\/\" \/>\n<meta property=\"article:modified_time\" content=\"2024-04-06T08:19:50+02:00\" \/>\n<meta property=\"og:image\" content=\"https:\/\/theplayoffs.news\/fr\/wp-content\/uploads\/2024\/04\/USATSI_22201697.jpg\" \/>\n\t<meta property=\"og:image:width\" content=\"1920\" \/>\n\t<meta property=\"og:image:height\" content=\"1306\" \/>\n\t<meta property=\"og:image:type\" content=\"image\/jpeg\" \/>\n<meta name=\"author\" content=\"Flavien Jumeau\" \/>\n<meta name=\"twitter:card\" content=\"summary_large_image\" \/>\n<meta name=\"twitter:creator\" content=\"@TheFreeAgentFR\" \/>\n<meta name=\"twitter:site\" content=\"@TheFreeAgentFR\" \/>\n<meta name=\"twitter:label1\" content=\"\u00c9crit par\" \/>\n\t<meta name=\"twitter:data1\" content=\"Flavien Jumeau\" \/>\n\t<meta name=\"twitter:label2\" content=\"Dur\u00e9e de lecture estim\u00e9e\" \/>\n\t<meta name=\"twitter:data2\" content=\"2 minutes\" \/>\n<script type=\"application\/ld+json\" class=\"yoast-schema-graph\">{\"@context\":\"https:\/\/schema.org\",\"@graph\":[{\"@type\":\"WebPage\",\"@id\":\"https:\/\/theplayoffs.news\/fr\/actualite-mlb\/stefon-diggs-depart-relations-josh-allen\/\",\"url\":\"https:\/\/theplayoffs.news\/fr\/actualite-mlb\/stefon-diggs-depart-relations-josh-allen\/\",\"name\":\"Stefon Diggs: Un d\u00e9part caus\u00e9 par les relations avec Josh Allen? - The Playoffs FR\",\"isPartOf\":{\"@id\":\"https:\/\/theplayoffs.news\/fr\/#website\"},\"primaryImageOfPage\":{\"@id\":\"https:\/\/theplayoffs.news\/fr\/actualite-mlb\/stefon-diggs-depart-relations-josh-allen\/#primaryimage\"},\"image\":{\"@id\":\"https:\/\/theplayoffs.news\/fr\/actualite-mlb\/stefon-diggs-depart-relations-josh-allen\/#primaryimage\"},\"thumbnailUrl\":\"https:\/\/theplayoffs.news\/fr\/wp-content\/uploads\/2024\/04\/USATSI_22201697.jpg\",\"datePublished\":\"2024-04-06T06:19:50+00:00\",\"dateModified\":\"2024-04-06T06:19:50+00:00\",\"author\":{\"@id\":\"https:\/\/theplayoffs.news\/fr\/#\/schema\/person\/def63bc6746dc5957469b75feb99e66d\"},\"breadcrumb\":{\"@id\":\"https:\/\/theplayoffs.news\/fr\/actualite-mlb\/stefon-diggs-depart-relations-josh-allen\/#breadcrumb\"},\"inLanguage\":\"fr-FR\",\"potentialAction\":[{\"@type\":\"ReadAction\",\"target\":[\"https:\/\/theplayoffs.news\/fr\/actualite-mlb\/stefon-diggs-depart-relations-josh-allen\/\"]}]},{\"@type\":\"ImageObject\",\"inLanguage\":\"fr-FR\",\"@id\":\"https:\/\/theplayoffs.news\/fr\/actualite-mlb\/stefon-diggs-depart-relations-josh-allen\/#primaryimage\",\"url\":\"https:\/\/theplayoffs.news\/fr\/wp-content\/uploads\/2024\/04\/USATSI_22201697.jpg\",\"contentUrl\":\"https:\/\/theplayoffs.news\/fr\/wp-content\/uploads\/2024\/04\/USATSI_22201697.jpg\",\"width\":1920,\"height\":1306,\"caption\":\"Dec 31, 2023; Orchard Park, New York, USA; Buffalo Bills quarterback Josh Allen (17) has a word with wide receiver Stefon Diggs (14) between plays in the third quarter game against the New England Patriots at Highmark Stadium. Mandatory Credit: Mark Konezny-USA TODAY Sports\"},{\"@type\":\"BreadcrumbList\",\"@id\":\"https:\/\/theplayoffs.news\/fr\/actualite-mlb\/stefon-diggs-depart-relations-josh-allen\/#breadcrumb\",\"itemListElement\":[{\"@type\":\"ListItem\",\"position\":1,\"name\":\"Accueil\",\"item\":\"https:\/\/theplayoffs.news\/fr\/\"},{\"@type\":\"ListItem\",\"position\":2,\"name\":\"Stefon Diggs: Un d\u00e9part caus\u00e9 par les relations avec Josh Allen?\"}]},{\"@type\":\"WebSite\",\"@id\":\"https:\/\/theplayoffs.news\/fr\/#website\",\"url\":\"https:\/\/theplayoffs.news\/fr\/\",\"name\":\"The Playoffs FR\",\"description\":\"NBA-NFL-NHL-MLB\",\"potentialAction\":[{\"@type\":\"SearchAction\",\"target\":{\"@type\":\"EntryPoint\",\"urlTemplate\":\"https:\/\/theplayoffs.news\/fr\/?s={search_term_string}\"},\"query-input\":{\"@type\":\"PropertyValueSpecification\",\"valueRequired\":true,\"valueName\":\"search_term_string\"}}],\"inLanguage\":\"fr-FR\"},{\"@type\":\"Person\",\"@id\":\"https:\/\/theplayoffs.news\/fr\/#\/schema\/person\/def63bc6746dc5957469b75feb99e66d\",\"name\":\"Flavien Jumeau\",\"image\":{\"@type\":\"ImageObject\",\"inLanguage\":\"fr-FR\",\"@id\":\"https:\/\/theplayoffs.news\/fr\/#\/schema\/person\/image\/\",\"url\":\"https:\/\/secure.gravatar.com\/avatar\/e7fa8ba5a4b7e4ce35fe152f083f352db28ad0acce692004ed88a7a7d78893f7?s=96&d=mm&r=g\",\"contentUrl\":\"https:\/\/secure.gravatar.com\/avatar\/e7fa8ba5a4b7e4ce35fe152f083f352db28ad0acce692004ed88a7a7d78893f7?s=96&d=mm&r=g\",\"caption\":\"Flavien Jumeau\"},\"description\":\"Amoureux du sport (et de vraiment tous les sports) depuis mon plus jeune \u00e2ge, j\u2019ai longtemps h\u00e9site entre le snooker et le curling. Finalement c\u2019est le foot US que j\u2019ai d\u00e9cid\u00e9 de choisir! Responsable foot US sur TPO et animateur du podcast Tailgate j\u2019ai pour mission de vous faire d\u00e9couvrir ce sport passionnant si ce n\u2019est pas encore fait et de vous donner les derni\u00e8res actus. Le tout dans la bonne humeur et avec toujours un jeu de mots ou deux savamment distill\u00e9s! Fan des Saints, pour moi Drew Brees est le vrai GOAT!\",\"url\":\"https:\/\/theplayoffs.news\/fr\/author\/flavien-jumeaugmail-com\/\"}]}<\/script>\n<!-- \/ Yoast SEO plugin. -->","yoast_head_json":{"title":"Stefon Diggs: Un d&eacute;part caus&eacute; par les relations avec Josh Allen? - The Playoffs FR","robots":{"index":"index","follow":"follow","max-snippet":"max-snippet:-1","max-image-preview":"max-image-preview:large","max-video-preview":"max-video-preview:-1"},"canonical":"https:\/\/theplayoffs.news\/fr\/actualite-mlb\/stefon-diggs-depart-relations-josh-allen\/","og_locale":"fr_FR","og_type":"article","og_title":"Stefon Diggs: Un d&eacute;part caus&eacute; par les relations avec Josh Allen? - The Playoffs FR","og_url":"https:\/\/theplayoffs.news\/fr\/actualite-mlb\/stefon-diggs-depart-relations-josh-allen\/","og_site_name":"The Playoffs FR","article_publisher":"https:\/\/www.facebook.com\/TheFreeAgentFR\/","og_image":[{"width":1920,"height":1306,"url":"https:\/\/theplayoffs.news\/fr\/wp-content\/uploads\/2024\/04\/USATSI_22201697.jpg","type":"image\/jpeg"}],"author":"Flavien Jumeau","twitter_card":"summary_large_image","twitter_creator":"@TheFreeAgentFR","twitter_site":"@TheFreeAgentFR","twitter_misc":{"\u00c9crit par":"Flavien Jumeau","Dur\u00e9e de lecture estim\u00e9e":"2 minutes"},"schema":{"@context":"https:\/\/schema.org","@graph":[{"@type":"WebPage","@id":"https:\/\/theplayoffs.news\/fr\/actualite-mlb\/stefon-diggs-depart-relations-josh-allen\/","url":"https:\/\/theplayoffs.news\/fr\/actualite-mlb\/stefon-diggs-depart-relations-josh-allen\/","name":"Stefon Diggs: Un d\u00e9part caus\u00e9 par les relations avec Josh Allen? - The Playoffs FR","isPartOf":{"@id":"https:\/\/theplayoffs.news\/fr\/#website"},"primaryImageOfPage":{"@id":"https:\/\/theplayoffs.news\/fr\/actualite-mlb\/stefon-diggs-depart-relations-josh-allen\/#primaryimage"},"image":{"@id":"https:\/\/theplayoffs.news\/fr\/actualite-mlb\/stefon-diggs-depart-relations-josh-allen\/#primaryimage"},"thumbnailUrl":"https:\/\/theplayoffs.news\/fr\/wp-content\/uploads\/2024\/04\/USATSI_22201697.jpg","datePublished":"2024-04-06T06:19:50+00:00","dateModified":"2024-04-06T06:19:50+00:00","author":{"@id":"https:\/\/theplayoffs.news\/fr\/#\/schema\/person\/def63bc6746dc5957469b75feb99e66d"},"breadcrumb":{"@id":"https:\/\/theplayoffs.news\/fr\/actualite-mlb\/stefon-diggs-depart-relations-josh-allen\/#breadcrumb"},"inLanguage":"fr-FR","potentialAction":[{"@type":"ReadAction","target":["https:\/\/theplayoffs.news\/fr\/actualite-mlb\/stefon-diggs-depart-relations-josh-allen\/"]}]},{"@type":"ImageObject","inLanguage":"fr-FR","@id":"https:\/\/theplayoffs.news\/fr\/actualite-mlb\/stefon-diggs-depart-relations-josh-allen\/#primaryimage","url":"https:\/\/theplayoffs.news\/fr\/wp-content\/uploads\/2024\/04\/USATSI_22201697.jpg","contentUrl":"https:\/\/theplayoffs.news\/fr\/wp-content\/uploads\/2024\/04\/USATSI_22201697.jpg","width":1920,"height":1306,"caption":"Dec 31, 2023; Orchard Park, New York, USA; Buffalo Bills quarterback Josh Allen (17) has a word with wide receiver Stefon Diggs (14) between plays in the third quarter game against the New England Patriots at Highmark Stadium. Mandatory Credit: Mark Konezny-USA TODAY Sports"},{"@type":"BreadcrumbList","@id":"https:\/\/theplayoffs.news\/fr\/actualite-mlb\/stefon-diggs-depart-relations-josh-allen\/#breadcrumb","itemListElement":[{"@type":"ListItem","position":1,"name":"Accueil","item":"https:\/\/theplayoffs.news\/fr\/"},{"@type":"ListItem","position":2,"name":"Stefon Diggs: Un d\u00e9part caus\u00e9 par les relations avec Josh Allen?"}]},{"@type":"WebSite","@id":"https:\/\/theplayoffs.news\/fr\/#website","url":"https:\/\/theplayoffs.news\/fr\/","name":"The Playoffs FR","description":"NBA-NFL-NHL-MLB","potentialAction":[{"@type":"SearchAction","target":{"@type":"EntryPoint","urlTemplate":"https:\/\/theplayoffs.news\/fr\/?s={search_term_string}"},"query-input":{"@type":"PropertyValueSpecification","valueRequired":true,"valueName":"search_term_string"}}],"inLanguage":"fr-FR"},{"@type":"Person","@id":"https:\/\/theplayoffs.news\/fr\/#\/schema\/person\/def63bc6746dc5957469b75feb99e66d","name":"Flavien Jumeau","image":{"@type":"ImageObject","inLanguage":"fr-FR","@id":"https:\/\/theplayoffs.news\/fr\/#\/schema\/person\/image\/","url":"https:\/\/secure.gravatar.com\/avatar\/e7fa8ba5a4b7e4ce35fe152f083f352db28ad0acce692004ed88a7a7d78893f7?s=96&d=mm&r=g","contentUrl":"https:\/\/secure.gravatar.com\/avatar\/e7fa8ba5a4b7e4ce35fe152f083f352db28ad0acce692004ed88a7a7d78893f7?s=96&d=mm&r=g","caption":"Flavien Jumeau"},"description":"Amoureux du sport (et de vraiment tous les sports) depuis mon plus jeune \u00e2ge, j\u2019ai longtemps h\u00e9site entre le snooker et le curling. Finalement c\u2019est le foot US que j\u2019ai d\u00e9cid\u00e9 de choisir! Responsable foot US sur TPO et animateur du podcast Tailgate j\u2019ai pour mission de vous faire d\u00e9couvrir ce sport passionnant si ce n\u2019est pas encore fait et de vous donner les derni\u00e8res actus. Le tout dans la bonne humeur et avec toujours un jeu de mots ou deux savamment distill\u00e9s! Fan des Saints, pour moi Drew Brees est le vrai GOAT!","url":"https:\/\/theplayoffs.news\/fr\/author\/flavien-jumeaugmail-com\/"}]}},"_links":{"self":[{"href":"https:\/\/theplayoffs.news\/fr\/wp-json\/wp\/v2\/posts\/1422457","targetHints":{"allow":["GET"]}}],"collection":[{"href":"https:\/\/theplayoffs.news\/fr\/wp-json\/wp\/v2\/posts"}],"about":[{"href":"https:\/\/theplayoffs.news\/fr\/wp-json\/wp\/v2\/types\/post"}],"author":[{"embeddable":true,"href":"https:\/\/theplayoffs.news\/fr\/wp-json\/wp\/v2\/users\/180309964"}],"replies":[{"embeddable":true,"href":"https:\/\/theplayoffs.news\/fr\/wp-json\/wp\/v2\/comments?post=1422457"}],"version-history":[{"count":3,"href":"https:\/\/theplayoffs.news\/fr\/wp-json\/wp\/v2\/posts\/1422457\/revisions"}],"predecessor-version":[{"id":1422461,"href":"https:\/\/theplayoffs.news\/fr\/wp-json\/wp\/v2\/posts\/1422457\/revisions\/1422461"}],"wp:featuredmedia":[{"embeddable":true,"href":"https:\/\/theplayoffs.news\/fr\/wp-json\/wp\/v2\/media\/1422458"}],"wp:attachment":[{"href":"https:\/\/theplayoffs.news\/fr\/wp-json\/wp\/v2\/media?parent=1422457"}],"wp:term":[{"taxonomy":"category","embeddable":true,"href":"https:\/\/theplayoffs.news\/fr\/wp-json\/wp\/v2\/categories?post=1422457"},{"taxonomy":"post_tag","embeddable":true,"href":"https:\/\/theplayoffs.news\/fr\/wp-json\/wp\/v2\/tags?post=1422457"},{"taxonomy":"sport","embeddable":true,"href":"https:\/\/theplayoffs.news\/fr\/wp-json\/wp\/v2\/sport?post=1422457"},{"taxonomy":"saison","embeddable":true,"href":"https:\/\/theplayoffs.news\/fr\/wp-json\/wp\/v2\/saison?post=1422457"}],"curies":[{"name":"wp","href":"https:\/\/api.w.org\/{rel}","templated":true}]}}