{"id":1422090,"date":"2024-04-04T19:20:39","date_gmt":"2024-04-04T17:20:39","guid":{"rendered":"https:\/\/theplayoffs.news\/fr\/?p=1422090"},"modified":"2024-04-04T18:49:26","modified_gmt":"2024-04-04T16:49:26","slug":"elf-nouvelle-franchise-suisse-pour-2024","status":"publish","type":"post","link":"https:\/\/theplayoffs.news\/fr\/elf\/elf-nouvelle-franchise-suisse-pour-2024\/","title":{"rendered":"ELF : nouvelle franchise suisse pour 2024"},"content":{"rendered":"<h2>L&rsquo;ELF, ligue de football am&eacute;ricain bas&eacute;e en Europe, a annonc&eacute; l&rsquo;arriv&eacute;e d&rsquo;une nouvelle franchise en suisse pour cette saison 2024.<\/h2><p>L&rsquo;<a href=\"https:\/\/theplayoffs.news\/fr\/elf\/\" class=\"trk-cta-link\" data-cta-trk='{\"ctaType\":\"Link\",\"ctaSubType\":\"main\"}'>ELF<\/a> va accueillir une nouvelle franchise suisse dans son championnat cette saison&hellip; Enfin&hellip; Pas totalement nouvelle. Les Helvetic Guards vont se retirer de l&rsquo;ELF, laissant leur place &agrave; une autre franchise suisse.<\/p><p>Le propri&eacute;taire actuel des Helvetic Guards a inform&eacute; l&rsquo;ELF qu&rsquo;une cessation des activit&eacute;s devait &ecirc;tre d&eacute;pos&eacute;e. Pas de panique pour la ligue, les Guards ont d&eacute;j&agrave; un rempla&ccedil;ant dans la ligue. Il faudra &ecirc;tre patient avant de d&eacute;couvrir la nouvelle identit&eacute; de cette &eacute;quipe changeant de propri&eacute;taire.<\/p><blockquote><p>&laquo;&nbsp;Bien s&ucirc;r, il est dommage que le parcours des Guards en ELF s&rsquo;ach&egrave;ve. D&rsquo;un autre c&ocirc;t&eacute;, nous sommes heureux de pouvoir offrir aux fans de football en Suisse une franchise pour la prochaine saison 2024. Les nouveaux propri&eacute;taires sont tr&egrave;s motiv&eacute;s et il ne fait aucun doute qu&rsquo;ils aligneront une &eacute;quipe forte&nbsp;&raquo;, a d&eacute;clar&eacute; le directeur g&eacute;n&eacute;ral de l&rsquo;ELF, Zeljko Karajica.<\/p><\/blockquote><p>Ce retrait des Helvetic Guards intervient moins d&rsquo;un an apr&egrave;s celui des Leipzig Kings. Les garanties &eacute;conomiques n&rsquo;&eacute;tant pas satisfaisantes, l&rsquo;ELF pourrait avoir du mal &agrave; tenir sur le long terme &agrave; ce rythme. Les Kings n&rsquo;&eacute;taient pas les premiers &agrave; se retirer de l&rsquo;European League of Football. Les Istanbul Rams, ayant jou&eacute; durant la saison 2022, il y a deux ans.<\/p><blockquote><p>&laquo;&nbsp;En tant que ligue, nous veillons &agrave; ce que toutes les franchises soient sur un pied d&rsquo;&eacute;galit&eacute; lorsqu&rsquo;elles construisent leur organisation, en fixant un plafond salarial pour l&rsquo;effectif et en limitant le nombre de joueurs import&eacute;s. La mani&egrave;re dont ils le font et les d&eacute;cisions qu&rsquo;ils prennent en mati&egrave;re de personnel rel&egrave;vent de la responsabilit&eacute; des propri&eacute;taires. Je suis convaincu que les supporters suisses peuvent se r&eacute;jouir d&rsquo;avoir une &eacute;quipe comp&eacute;titive&nbsp;&raquo;, a ajout&eacute; Patrick Esume, commissaire de l&rsquo;ELF.<\/p><\/blockquote><p>Les nouveaux propri&eacute;taires suisses travaillent d&rsquo;arrache pied en coulisses apr&egrave;s avoir recrut&eacute; de nouveaux noms derri&egrave;re les bureaux de leur franchise. L&rsquo;<a href=\"https:\/\/europeanleague.football\/\" class=\"trk-cta-link\" data-cta-trk='{\"ctaType\":\"Link\",\"ctaSubType\":\"main\"}'>European League of Football<\/a> va entamer sa quatri&egrave;me saison dans moins de deux mois, avec 17 &eacute;quipes au programme, dont la franchise suisse.<\/p><p>&nbsp;<\/p>\n","protected":false},"excerpt":{"rendered":"","protected":false},"author":180310178,"featured_media":1422104,"comment_status":"open","ping_status":"closed","sticky":false,"template":"","format":"standard","meta":{"inline_featured_image":false,"kia_subtitle":"","_mux_skip_reasons":[],"proofreadBy":0,"footnotes":""},"categories":[5964],"tags":[4569,5958,6006],"sport":[2785],"saison":[6111],"class_list":["post-1422090","post","type-post","status-publish","format-standard","has-post-thumbnail","hentry","category-elf","tag-elf","tag-european-league-of-football","tag-helvetic-guards","sport-nfl","saison-6111"],"acf":[],"yoast_head":"<!-- This site is optimized with the Yoast SEO plugin v24.2 - https:\/\/yoast.com\/wordpress\/plugins\/seo\/ -->\n<title>ELF : nouvelle franchise suisse pour 2024 - The Playoffs FR<\/title>\n<meta name=\"robots\" content=\"index, follow, max-snippet:-1, max-image-preview:large, max-video-preview:-1\" \/>\n<link rel=\"canonical\" href=\"https:\/\/theplayoffs.news\/fr\/elf\/elf-nouvelle-franchise-suisse-pour-2024\/\" \/>\n<meta property=\"og:locale\" content=\"fr_FR\" \/>\n<meta property=\"og:type\" content=\"article\" \/>\n<meta property=\"og:title\" content=\"ELF : nouvelle franchise suisse pour 2024 - The Playoffs FR\" \/>\n<meta property=\"og:url\" content=\"https:\/\/theplayoffs.news\/fr\/elf\/elf-nouvelle-franchise-suisse-pour-2024\/\" \/>\n<meta property=\"og:site_name\" content=\"The Playoffs FR\" \/>\n<meta property=\"article:publisher\" content=\"https:\/\/www.facebook.com\/TheFreeAgentFR\/\" \/>\n<meta property=\"article:modified_time\" content=\"2024-04-04T19:20:39+02:00\" \/>\n<meta property=\"og:image\" content=\"https:\/\/theplayoffs.news\/fr\/wp-content\/uploads\/2024\/04\/16x9-Thumb.webp\" \/>\n\t<meta property=\"og:image:width\" content=\"1400\" \/>\n\t<meta property=\"og:image:height\" content=\"787\" \/>\n\t<meta property=\"og:image:type\" content=\"image\/webp\" \/>\n<meta name=\"author\" content=\"Arthur Berlemont\" \/>\n<meta name=\"twitter:card\" content=\"summary_large_image\" \/>\n<meta name=\"twitter:creator\" content=\"@TheFreeAgentFR\" \/>\n<meta name=\"twitter:site\" content=\"@TheFreeAgentFR\" \/>\n<meta name=\"twitter:label1\" content=\"\u00c9crit par\" \/>\n\t<meta name=\"twitter:data1\" content=\"Arthur Berlemont\" \/>\n\t<meta name=\"twitter:label2\" content=\"Dur\u00e9e de lecture estim\u00e9e\" \/>\n\t<meta name=\"twitter:data2\" content=\"2 minutes\" \/>\n<script type=\"application\/ld+json\" class=\"yoast-schema-graph\">{\"@context\":\"https:\/\/schema.org\",\"@graph\":[{\"@type\":\"WebPage\",\"@id\":\"https:\/\/theplayoffs.news\/fr\/elf\/elf-nouvelle-franchise-suisse-pour-2024\/\",\"url\":\"https:\/\/theplayoffs.news\/fr\/elf\/elf-nouvelle-franchise-suisse-pour-2024\/\",\"name\":\"ELF : nouvelle franchise suisse pour 2024 - The Playoffs FR\",\"isPartOf\":{\"@id\":\"https:\/\/theplayoffs.news\/fr\/#website\"},\"primaryImageOfPage\":{\"@id\":\"https:\/\/theplayoffs.news\/fr\/elf\/elf-nouvelle-franchise-suisse-pour-2024\/#primaryimage\"},\"image\":{\"@id\":\"https:\/\/theplayoffs.news\/fr\/elf\/elf-nouvelle-franchise-suisse-pour-2024\/#primaryimage\"},\"thumbnailUrl\":\"https:\/\/theplayoffs.news\/fr\/wp-content\/uploads\/2024\/04\/16x9-Thumb.webp\",\"datePublished\":\"2024-04-04T17:20:39+00:00\",\"dateModified\":\"2024-04-04T19:20:39+02:00\",\"author\":{\"@id\":\"https:\/\/theplayoffs.news\/fr\/#\/schema\/person\/b6b04a451dab03a5ab75cec8912e8942\"},\"breadcrumb\":{\"@id\":\"https:\/\/theplayoffs.news\/fr\/elf\/elf-nouvelle-franchise-suisse-pour-2024\/#breadcrumb\"},\"inLanguage\":\"fr-FR\",\"potentialAction\":[{\"@type\":\"ReadAction\",\"target\":[\"https:\/\/theplayoffs.news\/fr\/elf\/elf-nouvelle-franchise-suisse-pour-2024\/\"]}]},{\"@type\":\"ImageObject\",\"inLanguage\":\"fr-FR\",\"@id\":\"https:\/\/theplayoffs.news\/fr\/elf\/elf-nouvelle-franchise-suisse-pour-2024\/#primaryimage\",\"url\":\"https:\/\/theplayoffs.news\/fr\/wp-content\/uploads\/2024\/04\/16x9-Thumb.webp\",\"contentUrl\":\"https:\/\/theplayoffs.news\/fr\/wp-content\/uploads\/2024\/04\/16x9-Thumb.webp\",\"width\":1400,\"height\":787,\"caption\":\"ELF\"},{\"@type\":\"BreadcrumbList\",\"@id\":\"https:\/\/theplayoffs.news\/fr\/elf\/elf-nouvelle-franchise-suisse-pour-2024\/#breadcrumb\",\"itemListElement\":[{\"@type\":\"ListItem\",\"position\":1,\"name\":\"Accueil\",\"item\":\"https:\/\/theplayoffs.news\/fr\/\"},{\"@type\":\"ListItem\",\"position\":2,\"name\":\"ELF : nouvelle franchise suisse pour 2024\"}]},{\"@type\":\"WebSite\",\"@id\":\"https:\/\/theplayoffs.news\/fr\/#website\",\"url\":\"https:\/\/theplayoffs.news\/fr\/\",\"name\":\"The Playoffs FR\",\"description\":\"NBA-NFL-NHL-MLB\",\"potentialAction\":[{\"@type\":\"SearchAction\",\"target\":{\"@type\":\"EntryPoint\",\"urlTemplate\":\"https:\/\/theplayoffs.news\/fr\/?s={search_term_string}\"},\"query-input\":{\"@type\":\"PropertyValueSpecification\",\"valueRequired\":true,\"valueName\":\"search_term_string\"}}],\"inLanguage\":\"fr-FR\"},{\"@type\":\"Person\",\"@id\":\"https:\/\/theplayoffs.news\/fr\/#\/schema\/person\/b6b04a451dab03a5ab75cec8912e8942\",\"name\":\"Arthur Berlemont\",\"image\":{\"@type\":\"ImageObject\",\"inLanguage\":\"fr-FR\",\"@id\":\"https:\/\/theplayoffs.news\/fr\/#\/schema\/person\/image\/\",\"url\":\"https:\/\/secure.gravatar.com\/avatar\/19ddab1d62ab0a19b186b86cee130432b120dd6f085625a6a6757dd1aa90a5f3?s=96&d=mm&r=g\",\"contentUrl\":\"https:\/\/secure.gravatar.com\/avatar\/19ddab1d62ab0a19b186b86cee130432b120dd6f085625a6a6757dd1aa90a5f3?s=96&d=mm&r=g\",\"caption\":\"Arthur Berlemont\"},\"description\":\"Etudiant passionn\u00e9 de sport, avant tout m\u00e9caniques, j\\\\'ai d\u00e9couvert les sports US il y a quelques ann\u00e9es. J\\\\'ai tout de suite accroch\u00e9 pour la ville de Cincinnati et ses franchises de NFL et MLB. Aujourd\\\\'hui, je suis l\u00e0 par passion dans la r\u00e9daction d\\\\'articles sur divers sports que j\\\\'affectionne.\",\"url\":\"https:\/\/theplayoffs.news\/fr\/author\/arthur-berlemontgmail-com\/\"}]}<\/script>\n<!-- \/ Yoast SEO plugin. -->","yoast_head_json":{"title":"ELF : nouvelle franchise suisse pour 2024 - The Playoffs FR","robots":{"index":"index","follow":"follow","max-snippet":"max-snippet:-1","max-image-preview":"max-image-preview:large","max-video-preview":"max-video-preview:-1"},"canonical":"https:\/\/theplayoffs.news\/fr\/elf\/elf-nouvelle-franchise-suisse-pour-2024\/","og_locale":"fr_FR","og_type":"article","og_title":"ELF : nouvelle franchise suisse pour 2024 - The Playoffs FR","og_url":"https:\/\/theplayoffs.news\/fr\/elf\/elf-nouvelle-franchise-suisse-pour-2024\/","og_site_name":"The Playoffs FR","article_publisher":"https:\/\/www.facebook.com\/TheFreeAgentFR\/","article_modified_time":"2024-04-04T16:49:26+00:00","og_image":[{"width":1400,"height":787,"url":"https:\/\/theplayoffs.news\/fr\/wp-content\/uploads\/2024\/04\/16x9-Thumb.webp","type":"image\/webp"}],"author":"Arthur Berlemont","twitter_card":"summary_large_image","twitter_creator":"@TheFreeAgentFR","twitter_site":"@TheFreeAgentFR","twitter_misc":{"\u00c9crit par":"Arthur Berlemont","Dur\u00e9e de lecture estim\u00e9e":"2 minutes"},"schema":{"@context":"https:\/\/schema.org","@graph":[{"@type":"WebPage","@id":"https:\/\/theplayoffs.news\/fr\/elf\/elf-nouvelle-franchise-suisse-pour-2024\/","url":"https:\/\/theplayoffs.news\/fr\/elf\/elf-nouvelle-franchise-suisse-pour-2024\/","name":"ELF : nouvelle franchise suisse pour 2024 - The Playoffs FR","isPartOf":{"@id":"https:\/\/theplayoffs.news\/fr\/#website"},"primaryImageOfPage":{"@id":"https:\/\/theplayoffs.news\/fr\/elf\/elf-nouvelle-franchise-suisse-pour-2024\/#primaryimage"},"image":{"@id":"https:\/\/theplayoffs.news\/fr\/elf\/elf-nouvelle-franchise-suisse-pour-2024\/#primaryimage"},"thumbnailUrl":"https:\/\/theplayoffs.news\/fr\/wp-content\/uploads\/2024\/04\/16x9-Thumb.webp","datePublished":"2024-04-04T17:20:39+00:00","dateModified":"2024-04-04T19:20:39+02:00","author":{"@id":"https:\/\/theplayoffs.news\/fr\/#\/schema\/person\/b6b04a451dab03a5ab75cec8912e8942"},"breadcrumb":{"@id":"https:\/\/theplayoffs.news\/fr\/elf\/elf-nouvelle-franchise-suisse-pour-2024\/#breadcrumb"},"inLanguage":"fr-FR","potentialAction":[{"@type":"ReadAction","target":["https:\/\/theplayoffs.news\/fr\/elf\/elf-nouvelle-franchise-suisse-pour-2024\/"]}]},{"@type":"ImageObject","inLanguage":"fr-FR","@id":"https:\/\/theplayoffs.news\/fr\/elf\/elf-nouvelle-franchise-suisse-pour-2024\/#primaryimage","url":"https:\/\/theplayoffs.news\/fr\/wp-content\/uploads\/2024\/04\/16x9-Thumb.webp","contentUrl":"https:\/\/theplayoffs.news\/fr\/wp-content\/uploads\/2024\/04\/16x9-Thumb.webp","width":1400,"height":787,"caption":"ELF"},{"@type":"BreadcrumbList","@id":"https:\/\/theplayoffs.news\/fr\/elf\/elf-nouvelle-franchise-suisse-pour-2024\/#breadcrumb","itemListElement":[{"@type":"ListItem","position":1,"name":"Accueil","item":"https:\/\/theplayoffs.news\/fr\/"},{"@type":"ListItem","position":2,"name":"ELF : nouvelle franchise suisse pour 2024"}]},{"@type":"WebSite","@id":"https:\/\/theplayoffs.news\/fr\/#website","url":"https:\/\/theplayoffs.news\/fr\/","name":"The Playoffs FR","description":"NBA-NFL-NHL-MLB","potentialAction":[{"@type":"SearchAction","target":{"@type":"EntryPoint","urlTemplate":"https:\/\/theplayoffs.news\/fr\/?s={search_term_string}"},"query-input":{"@type":"PropertyValueSpecification","valueRequired":true,"valueName":"search_term_string"}}],"inLanguage":"fr-FR"},{"@type":"Person","@id":"https:\/\/theplayoffs.news\/fr\/#\/schema\/person\/b6b04a451dab03a5ab75cec8912e8942","name":"Arthur Berlemont","image":{"@type":"ImageObject","inLanguage":"fr-FR","@id":"https:\/\/theplayoffs.news\/fr\/#\/schema\/person\/image\/","url":"https:\/\/secure.gravatar.com\/avatar\/19ddab1d62ab0a19b186b86cee130432b120dd6f085625a6a6757dd1aa90a5f3?s=96&d=mm&r=g","contentUrl":"https:\/\/secure.gravatar.com\/avatar\/19ddab1d62ab0a19b186b86cee130432b120dd6f085625a6a6757dd1aa90a5f3?s=96&d=mm&r=g","caption":"Arthur Berlemont"},"description":"Etudiant passionn\u00e9 de sport, avant tout m\u00e9caniques, j\\'ai d\u00e9couvert les sports US il y a quelques ann\u00e9es. J\\'ai tout de suite accroch\u00e9 pour la ville de Cincinnati et ses franchises de NFL et MLB. Aujourd\\'hui, je suis l\u00e0 par passion dans la r\u00e9daction d\\'articles sur divers sports que j\\'affectionne.","url":"https:\/\/theplayoffs.news\/fr\/author\/arthur-berlemontgmail-com\/"}]}},"_links":{"self":[{"href":"https:\/\/theplayoffs.news\/fr\/wp-json\/wp\/v2\/posts\/1422090","targetHints":{"allow":["GET"]}}],"collection":[{"href":"https:\/\/theplayoffs.news\/fr\/wp-json\/wp\/v2\/posts"}],"about":[{"href":"https:\/\/theplayoffs.news\/fr\/wp-json\/wp\/v2\/types\/post"}],"author":[{"embeddable":true,"href":"https:\/\/theplayoffs.news\/fr\/wp-json\/wp\/v2\/users\/180310178"}],"replies":[{"embeddable":true,"href":"https:\/\/theplayoffs.news\/fr\/wp-json\/wp\/v2\/comments?post=1422090"}],"version-history":[{"count":2,"href":"https:\/\/theplayoffs.news\/fr\/wp-json\/wp\/v2\/posts\/1422090\/revisions"}],"predecessor-version":[{"id":1422105,"href":"https:\/\/theplayoffs.news\/fr\/wp-json\/wp\/v2\/posts\/1422090\/revisions\/1422105"}],"wp:featuredmedia":[{"embeddable":true,"href":"https:\/\/theplayoffs.news\/fr\/wp-json\/wp\/v2\/media\/1422104"}],"wp:attachment":[{"href":"https:\/\/theplayoffs.news\/fr\/wp-json\/wp\/v2\/media?parent=1422090"}],"wp:term":[{"taxonomy":"category","embeddable":true,"href":"https:\/\/theplayoffs.news\/fr\/wp-json\/wp\/v2\/categories?post=1422090"},{"taxonomy":"post_tag","embeddable":true,"href":"https:\/\/theplayoffs.news\/fr\/wp-json\/wp\/v2\/tags?post=1422090"},{"taxonomy":"sport","embeddable":true,"href":"https:\/\/theplayoffs.news\/fr\/wp-json\/wp\/v2\/sport?post=1422090"},{"taxonomy":"saison","embeddable":true,"href":"https:\/\/theplayoffs.news\/fr\/wp-json\/wp\/v2\/saison?post=1422090"}],"curies":[{"name":"wp","href":"https:\/\/api.w.org\/{rel}","templated":true}]}}