{"id":1421710,"date":"2024-04-03T07:30:37","date_gmt":"2024-04-03T05:30:37","guid":{"rendered":"https:\/\/theplayoffs.news\/fr\/?p=1421710"},"modified":"2024-04-03T07:30:37","modified_gmt":"2024-04-03T05:30:37","slug":"joel-embiid-etait-de-retour","status":"publish","type":"post","link":"https:\/\/theplayoffs.news\/fr\/actualite-nba\/joel-embiid-etait-de-retour\/","title":{"rendered":"Joel Embiid \u00e9tait de retour !"},"content":{"rendered":"<h2>Huit semaines apr&egrave;s son op&eacute;ration du m&eacute;nisque, Joel Embiid a refoul&eacute; les parquets de NBA la nuit derni&egrave;re face au Thunder.<\/h2><p>Initialement plac&eacute; comme forfait dans le rapport de bless&eacute;s de lundi soir mais aussi 2h avant la rencontre, <a href=\"https:\/\/theplayoffs.news\/fr\/joueur\/joel-embiid-philadelphia-76ers-nba\/\" class=\"trk-cta-link\" data-cta-trk='{\"ctaType\":\"Link\",\"ctaSubType\":\"main\"}'><strong>Joel Embiid<\/strong><\/a> a pourtant bien tenu sa place mardi soir pour aider &agrave; la victoire des siens face &agrave; l&rsquo;un des cadors de la conf&eacute;rence Ouest.<\/p><p>Il a termin&eacute; avec 24 points, 6 rebonds, 7 passes d&eacute;cisives, 3 interceptions et 6 pertes de balle.<\/p><blockquote><p>&laquo;&nbsp;D&rsquo;habitude, quand j&rsquo;ai des blessures, je me dis juste de passer &agrave; la suivante, de m&rsquo;am&eacute;liorer et de r&eacute;gler le probl&egrave;me&nbsp;&raquo;, <a href=\"https:\/\/www.espn.com\/nba\/story\/_\/id\/39862560\/philadelphia-76ers-star-joel-embiid-returns-vs-thunder\" class=\"trk-cta-link\" data-cta-trk='{\"ctaType\":\"Link\",\"ctaSubType\":\"main\"}'>a d&eacute;clar&eacute; Embiid<\/a> &laquo;&nbsp;Mais cette fois-ci, cela a fait des ravages mentalement, j&rsquo;&eacute;tais d&eacute;prim&eacute;&hellip; ce n&rsquo;&eacute;tait pas une bonne journ&eacute;e. Je ne suis toujours pas l&agrave; o&ugrave; je devrais &ecirc;tre, surtout mentalement, mais j&rsquo;aime jouer et j&rsquo;aime le basket, je veux jouer et chaque fois que j&rsquo;ai l&rsquo;occasion d&rsquo;&ecirc;tre sur le terrain, je la saisis.&nbsp;&raquo;<\/p><\/blockquote><p>Son retour va faire du bien &agrave; cette &eacute;quipe des 76ers qui a d&eacute;gringoler au classement en son absence pour se retrouver &agrave; la 8&egrave; place dans la conf&eacute;rence Est derri&egrave;re le heat et les Pacers. Avec la rencontre qui se profile face &agrave; Miami, avoir Joel Embiid pr&ecirc;t &agrave; jouer sera un vrai plus pour les 7&sect;ers.<\/p><p>Rappelons tout de m&ecirc;me qu&rsquo;avant sa blessure, Joel Embiid &eacute;tait le favori clair pour le titre de MVP tant il dominait les parquets cette saison.<\/p><p>Pour Nick Nurse, il y a aussi la joie de le voir jouer correctement m&ecirc;me apr&egrave;s deux mois :<\/p><blockquote><p>&laquo;&nbsp;Il s&rsquo;est montr&eacute; plut&ocirc;t bon pour n&rsquo;avoir pas jou&eacute; pendant deux mois, c&rsquo;est certain.&nbsp;&raquo;<\/p><\/blockquote><p>La question &agrave; pr&eacute;sent est de savoir comment son genou va r&eacute;cup&eacute;rer de ce premier match et comment son corps de mani&egrave;re g&eacute;n&eacute;rale le fera.<\/p><p>&nbsp;<\/p><p>Credit Photo : Eric Hartline-USA TODAY Sports<\/p>\n","protected":false},"excerpt":{"rendered":"","protected":false},"author":13,"featured_media":1421711,"comment_status":"open","ping_status":"closed","sticky":false,"template":"","format":"standard","meta":{"inline_featured_image":false,"kia_subtitle":"","_mux_skip_reasons":[],"proofreadBy":0,"footnotes":""},"categories":[110,10],"tags":[],"sport":[],"saison":[],"class_list":["post-1421710","post","type-post","status-publish","format-standard","has-post-thumbnail","hentry","category-actualite-nba","category-nba"],"acf":[],"yoast_head":"<!-- This site is optimized with the Yoast SEO plugin v24.2 - https:\/\/yoast.com\/wordpress\/plugins\/seo\/ -->\n<title>Joel Embiid &eacute;tait de retour ! - The Playoffs FR<\/title>\n<meta name=\"robots\" content=\"index, follow, max-snippet:-1, max-image-preview:large, max-video-preview:-1\" \/>\n<link rel=\"canonical\" href=\"https:\/\/theplayoffs.news\/fr\/actualite-nba\/joel-embiid-etait-de-retour\/\" \/>\n<meta property=\"og:locale\" content=\"fr_FR\" \/>\n<meta property=\"og:type\" content=\"article\" \/>\n<meta property=\"og:title\" content=\"Joel Embiid &eacute;tait de retour ! - The Playoffs FR\" \/>\n<meta property=\"og:url\" content=\"https:\/\/theplayoffs.news\/fr\/actualite-nba\/joel-embiid-etait-de-retour\/\" \/>\n<meta property=\"og:site_name\" content=\"The Playoffs FR\" \/>\n<meta property=\"article:publisher\" content=\"https:\/\/www.facebook.com\/TheFreeAgentFR\/\" \/>\n<meta property=\"article:modified_time\" content=\"2024-04-03T07:30:37+02:00\" \/>\n<meta property=\"og:image\" content=\"https:\/\/theplayoffs.news\/fr\/wp-content\/uploads\/2024\/04\/USATSI_22929789.jpg\" \/>\n\t<meta property=\"og:image:width\" content=\"1920\" \/>\n\t<meta property=\"og:image:height\" content=\"1280\" \/>\n\t<meta property=\"og:image:type\" content=\"image\/jpeg\" \/>\n<meta name=\"author\" content=\"Charles Taudin\" \/>\n<meta name=\"twitter:card\" content=\"summary_large_image\" \/>\n<meta name=\"twitter:creator\" content=\"@TheFreeAgentFR\" \/>\n<meta name=\"twitter:site\" content=\"@TheFreeAgentFR\" \/>\n<meta name=\"twitter:label1\" content=\"\u00c9crit par\" \/>\n\t<meta name=\"twitter:data1\" content=\"Charles Taudin\" \/>\n\t<meta name=\"twitter:label2\" content=\"Dur\u00e9e de lecture estim\u00e9e\" \/>\n\t<meta name=\"twitter:data2\" content=\"2 minutes\" \/>\n<script type=\"application\/ld+json\" class=\"yoast-schema-graph\">{\"@context\":\"https:\/\/schema.org\",\"@graph\":[{\"@type\":\"WebPage\",\"@id\":\"https:\/\/theplayoffs.news\/fr\/actualite-nba\/joel-embiid-etait-de-retour\/\",\"url\":\"https:\/\/theplayoffs.news\/fr\/actualite-nba\/joel-embiid-etait-de-retour\/\",\"name\":\"Joel Embiid \u00e9tait de retour ! - The Playoffs FR\",\"isPartOf\":{\"@id\":\"https:\/\/theplayoffs.news\/fr\/#website\"},\"primaryImageOfPage\":{\"@id\":\"https:\/\/theplayoffs.news\/fr\/actualite-nba\/joel-embiid-etait-de-retour\/#primaryimage\"},\"image\":{\"@id\":\"https:\/\/theplayoffs.news\/fr\/actualite-nba\/joel-embiid-etait-de-retour\/#primaryimage\"},\"thumbnailUrl\":\"https:\/\/theplayoffs.news\/fr\/wp-content\/uploads\/2024\/04\/USATSI_22929789.jpg\",\"datePublished\":\"2024-04-03T05:30:37+00:00\",\"dateModified\":\"2024-04-03T05:30:37+00:00\",\"author\":{\"@id\":\"https:\/\/theplayoffs.news\/fr\/#\/schema\/person\/eee5b69ad5d3c51cabe881c839dbe133\"},\"breadcrumb\":{\"@id\":\"https:\/\/theplayoffs.news\/fr\/actualite-nba\/joel-embiid-etait-de-retour\/#breadcrumb\"},\"inLanguage\":\"fr-FR\",\"potentialAction\":[{\"@type\":\"ReadAction\",\"target\":[\"https:\/\/theplayoffs.news\/fr\/actualite-nba\/joel-embiid-etait-de-retour\/\"]}]},{\"@type\":\"ImageObject\",\"inLanguage\":\"fr-FR\",\"@id\":\"https:\/\/theplayoffs.news\/fr\/actualite-nba\/joel-embiid-etait-de-retour\/#primaryimage\",\"url\":\"https:\/\/theplayoffs.news\/fr\/wp-content\/uploads\/2024\/04\/USATSI_22929789.jpg\",\"contentUrl\":\"https:\/\/theplayoffs.news\/fr\/wp-content\/uploads\/2024\/04\/USATSI_22929789.jpg\",\"width\":1920,\"height\":1280,\"caption\":\"Apr 2, 2024; Philadelphia, Pennsylvania, USA; Philadelphia 76ers center Joel Embiid (21) walks off the court after win against the Oklahoma City Thunder at Wells Fargo Center. Mandatory Credit: Eric Hartline-USA TODAY Sports\"},{\"@type\":\"BreadcrumbList\",\"@id\":\"https:\/\/theplayoffs.news\/fr\/actualite-nba\/joel-embiid-etait-de-retour\/#breadcrumb\",\"itemListElement\":[{\"@type\":\"ListItem\",\"position\":1,\"name\":\"Accueil\",\"item\":\"https:\/\/theplayoffs.news\/fr\/\"},{\"@type\":\"ListItem\",\"position\":2,\"name\":\"Joel Embiid \u00e9tait de retour !\"}]},{\"@type\":\"WebSite\",\"@id\":\"https:\/\/theplayoffs.news\/fr\/#website\",\"url\":\"https:\/\/theplayoffs.news\/fr\/\",\"name\":\"The Playoffs FR\",\"description\":\"NBA-NFL-NHL-MLB\",\"potentialAction\":[{\"@type\":\"SearchAction\",\"target\":{\"@type\":\"EntryPoint\",\"urlTemplate\":\"https:\/\/theplayoffs.news\/fr\/?s={search_term_string}\"},\"query-input\":{\"@type\":\"PropertyValueSpecification\",\"valueRequired\":true,\"valueName\":\"search_term_string\"}}],\"inLanguage\":\"fr-FR\"},{\"@type\":\"Person\",\"@id\":\"https:\/\/theplayoffs.news\/fr\/#\/schema\/person\/eee5b69ad5d3c51cabe881c839dbe133\",\"name\":\"Charles Taudin\",\"image\":{\"@type\":\"ImageObject\",\"inLanguage\":\"fr-FR\",\"@id\":\"https:\/\/theplayoffs.news\/fr\/#\/schema\/person\/image\/\",\"url\":\"https:\/\/secure.gravatar.com\/avatar\/59a1e772205ce9fd255edfcafc93013736822e20261f294c5753b20c41ede9f2?s=96&d=mm&r=g\",\"contentUrl\":\"https:\/\/secure.gravatar.com\/avatar\/59a1e772205ce9fd255edfcafc93013736822e20261f294c5753b20c41ede9f2?s=96&d=mm&r=g\",\"caption\":\"Charles Taudin\"},\"description\":\"R\u00e9dacteur en chef global de The Playoffs, j\u2019ai cr\u00e9\u00e9 The Free Agent, devenu The Playoffs FR, en 2020 durant la pand\u00e9mie. Amoureux depuis des ann\u00e9es des 4 sports majeurs am\u00e9ricains, j\u2019organise maintenant la strat\u00e9gie \u00e9ditoriale et les r\u00e9seaux sociaux de l\u2019ensemble des versions de The Playoffs. Il m\u2019arrive encore d\u2019\u00e9crire sur certains sports que j\u2019affectionne particuli\u00e8rement comme la NFL ou la MLB. Si vous devez retenir qu\u2019une chose : Eli Manning est le vrai GOAT pour avoir battu deux fois Tom Brady.\",\"sameAs\":[\"https:\/\/www.instagram.com\/ctaudin_\/\"],\"url\":\"https:\/\/theplayoffs.news\/fr\/author\/charles-taudin\/\"}]}<\/script>\n<!-- \/ Yoast SEO plugin. -->","yoast_head_json":{"title":"Joel Embiid &eacute;tait de retour ! - The Playoffs FR","robots":{"index":"index","follow":"follow","max-snippet":"max-snippet:-1","max-image-preview":"max-image-preview:large","max-video-preview":"max-video-preview:-1"},"canonical":"https:\/\/theplayoffs.news\/fr\/actualite-nba\/joel-embiid-etait-de-retour\/","og_locale":"fr_FR","og_type":"article","og_title":"Joel Embiid &eacute;tait de retour ! - The Playoffs FR","og_url":"https:\/\/theplayoffs.news\/fr\/actualite-nba\/joel-embiid-etait-de-retour\/","og_site_name":"The Playoffs FR","article_publisher":"https:\/\/www.facebook.com\/TheFreeAgentFR\/","og_image":[{"width":1920,"height":1280,"url":"https:\/\/theplayoffs.news\/fr\/wp-content\/uploads\/2024\/04\/USATSI_22929789.jpg","type":"image\/jpeg"}],"author":"Charles Taudin","twitter_card":"summary_large_image","twitter_creator":"@TheFreeAgentFR","twitter_site":"@TheFreeAgentFR","twitter_misc":{"\u00c9crit par":"Charles Taudin","Dur\u00e9e de lecture estim\u00e9e":"2 minutes"},"schema":{"@context":"https:\/\/schema.org","@graph":[{"@type":"WebPage","@id":"https:\/\/theplayoffs.news\/fr\/actualite-nba\/joel-embiid-etait-de-retour\/","url":"https:\/\/theplayoffs.news\/fr\/actualite-nba\/joel-embiid-etait-de-retour\/","name":"Joel Embiid \u00e9tait de retour ! - The Playoffs FR","isPartOf":{"@id":"https:\/\/theplayoffs.news\/fr\/#website"},"primaryImageOfPage":{"@id":"https:\/\/theplayoffs.news\/fr\/actualite-nba\/joel-embiid-etait-de-retour\/#primaryimage"},"image":{"@id":"https:\/\/theplayoffs.news\/fr\/actualite-nba\/joel-embiid-etait-de-retour\/#primaryimage"},"thumbnailUrl":"https:\/\/theplayoffs.news\/fr\/wp-content\/uploads\/2024\/04\/USATSI_22929789.jpg","datePublished":"2024-04-03T05:30:37+00:00","dateModified":"2024-04-03T05:30:37+00:00","author":{"@id":"https:\/\/theplayoffs.news\/fr\/#\/schema\/person\/eee5b69ad5d3c51cabe881c839dbe133"},"breadcrumb":{"@id":"https:\/\/theplayoffs.news\/fr\/actualite-nba\/joel-embiid-etait-de-retour\/#breadcrumb"},"inLanguage":"fr-FR","potentialAction":[{"@type":"ReadAction","target":["https:\/\/theplayoffs.news\/fr\/actualite-nba\/joel-embiid-etait-de-retour\/"]}]},{"@type":"ImageObject","inLanguage":"fr-FR","@id":"https:\/\/theplayoffs.news\/fr\/actualite-nba\/joel-embiid-etait-de-retour\/#primaryimage","url":"https:\/\/theplayoffs.news\/fr\/wp-content\/uploads\/2024\/04\/USATSI_22929789.jpg","contentUrl":"https:\/\/theplayoffs.news\/fr\/wp-content\/uploads\/2024\/04\/USATSI_22929789.jpg","width":1920,"height":1280,"caption":"Apr 2, 2024; Philadelphia, Pennsylvania, USA; Philadelphia 76ers center Joel Embiid (21) walks off the court after win against the Oklahoma City Thunder at Wells Fargo Center. Mandatory Credit: Eric Hartline-USA TODAY Sports"},{"@type":"BreadcrumbList","@id":"https:\/\/theplayoffs.news\/fr\/actualite-nba\/joel-embiid-etait-de-retour\/#breadcrumb","itemListElement":[{"@type":"ListItem","position":1,"name":"Accueil","item":"https:\/\/theplayoffs.news\/fr\/"},{"@type":"ListItem","position":2,"name":"Joel Embiid \u00e9tait de retour !"}]},{"@type":"WebSite","@id":"https:\/\/theplayoffs.news\/fr\/#website","url":"https:\/\/theplayoffs.news\/fr\/","name":"The Playoffs FR","description":"NBA-NFL-NHL-MLB","potentialAction":[{"@type":"SearchAction","target":{"@type":"EntryPoint","urlTemplate":"https:\/\/theplayoffs.news\/fr\/?s={search_term_string}"},"query-input":{"@type":"PropertyValueSpecification","valueRequired":true,"valueName":"search_term_string"}}],"inLanguage":"fr-FR"},{"@type":"Person","@id":"https:\/\/theplayoffs.news\/fr\/#\/schema\/person\/eee5b69ad5d3c51cabe881c839dbe133","name":"Charles Taudin","image":{"@type":"ImageObject","inLanguage":"fr-FR","@id":"https:\/\/theplayoffs.news\/fr\/#\/schema\/person\/image\/","url":"https:\/\/secure.gravatar.com\/avatar\/59a1e772205ce9fd255edfcafc93013736822e20261f294c5753b20c41ede9f2?s=96&d=mm&r=g","contentUrl":"https:\/\/secure.gravatar.com\/avatar\/59a1e772205ce9fd255edfcafc93013736822e20261f294c5753b20c41ede9f2?s=96&d=mm&r=g","caption":"Charles Taudin"},"description":"R\u00e9dacteur en chef global de The Playoffs, j\u2019ai cr\u00e9\u00e9 The Free Agent, devenu The Playoffs FR, en 2020 durant la pand\u00e9mie. Amoureux depuis des ann\u00e9es des 4 sports majeurs am\u00e9ricains, j\u2019organise maintenant la strat\u00e9gie \u00e9ditoriale et les r\u00e9seaux sociaux de l\u2019ensemble des versions de The Playoffs. Il m\u2019arrive encore d\u2019\u00e9crire sur certains sports que j\u2019affectionne particuli\u00e8rement comme la NFL ou la MLB. Si vous devez retenir qu\u2019une chose : Eli Manning est le vrai GOAT pour avoir battu deux fois Tom Brady.","sameAs":["https:\/\/www.instagram.com\/ctaudin_\/"],"url":"https:\/\/theplayoffs.news\/fr\/author\/charles-taudin\/"}]}},"_links":{"self":[{"href":"https:\/\/theplayoffs.news\/fr\/wp-json\/wp\/v2\/posts\/1421710","targetHints":{"allow":["GET"]}}],"collection":[{"href":"https:\/\/theplayoffs.news\/fr\/wp-json\/wp\/v2\/posts"}],"about":[{"href":"https:\/\/theplayoffs.news\/fr\/wp-json\/wp\/v2\/types\/post"}],"author":[{"embeddable":true,"href":"https:\/\/theplayoffs.news\/fr\/wp-json\/wp\/v2\/users\/13"}],"replies":[{"embeddable":true,"href":"https:\/\/theplayoffs.news\/fr\/wp-json\/wp\/v2\/comments?post=1421710"}],"version-history":[{"count":3,"href":"https:\/\/theplayoffs.news\/fr\/wp-json\/wp\/v2\/posts\/1421710\/revisions"}],"predecessor-version":[{"id":1421714,"href":"https:\/\/theplayoffs.news\/fr\/wp-json\/wp\/v2\/posts\/1421710\/revisions\/1421714"}],"wp:featuredmedia":[{"embeddable":true,"href":"https:\/\/theplayoffs.news\/fr\/wp-json\/wp\/v2\/media\/1421711"}],"wp:attachment":[{"href":"https:\/\/theplayoffs.news\/fr\/wp-json\/wp\/v2\/media?parent=1421710"}],"wp:term":[{"taxonomy":"category","embeddable":true,"href":"https:\/\/theplayoffs.news\/fr\/wp-json\/wp\/v2\/categories?post=1421710"},{"taxonomy":"post_tag","embeddable":true,"href":"https:\/\/theplayoffs.news\/fr\/wp-json\/wp\/v2\/tags?post=1421710"},{"taxonomy":"sport","embeddable":true,"href":"https:\/\/theplayoffs.news\/fr\/wp-json\/wp\/v2\/sport?post=1421710"},{"taxonomy":"saison","embeddable":true,"href":"https:\/\/theplayoffs.news\/fr\/wp-json\/wp\/v2\/saison?post=1421710"}],"curies":[{"name":"wp","href":"https:\/\/api.w.org\/{rel}","templated":true}]}}