{"id":1414907,"date":"2024-03-31T09:17:29","date_gmt":"2024-03-31T07:17:29","guid":{"rendered":"https:\/\/theplayoffs.news\/fr\/?p=1414907"},"modified":"2024-03-31T09:17:29","modified_gmt":"2024-03-31T07:17:29","slug":"video-le-resume-de-brewers-mets-30-03-24","status":"publish","type":"post","link":"https:\/\/theplayoffs.news\/fr\/actualite-mlb\/video-le-resume-de-brewers-mets-30-03-24\/","title":{"rendered":"Vid\u00e9o : Le r\u00e9sum\u00e9 de Brewers &#8211; Mets (30\/03\/24)"},"content":{"rendered":"<p>Nous le sentions comme une s&eacute;rie qui apporterait son lot de surprise, pas de d&eacute;ception hier soir avec un match accroch&eacute;. Rhys Hoskins hu&eacute; par la foule, en a fait taire plus d&rsquo;un puisqu&rsquo;il r&eacute;alise (un 3-4 dont HR \/ 4 RBI \/ 2R). Le retour tant attendu d&rsquo;Edwin Diaz qui fait une manche sans score et un SO, mais pas suffisant pour laisser la victoire &agrave; Milwaukee 7-6.<\/p><p>&nbsp;<\/p><p>&nbsp;<\/p><p>[cloudflare_stream_videoplayer idvid=&nbsp;&raquo;2f4f0fab3f135842d5a70e3d15049c23&Prime;]<\/p><p>&nbsp;<\/p><p><label>Credit:<\/label><\/p><p class=\"ng-binding\">&copy; Wendell Cruz-USA TODAY Sports<\/p>\n","protected":false},"excerpt":{"rendered":"","protected":false},"author":180310059,"featured_media":1414929,"comment_status":"open","ping_status":"closed","sticky":false,"template":"","format":"standard","meta":{"inline_featured_image":false,"kia_subtitle":"","_mux_skip_reasons":[],"proofreadBy":0,"footnotes":""},"categories":[188,9],"tags":[454,444],"sport":[2786],"saison":[6111],"class_list":["post-1414907","post","type-post","status-publish","format-standard","has-post-thumbnail","hentry","category-actualite-mlb","category-mlb","tag-milwaukee-brewers","tag-new-york-mets","sport-mlb","saison-6111"],"acf":[],"yoast_head":"<!-- This site is optimized with the Yoast SEO plugin v24.2 - https:\/\/yoast.com\/wordpress\/plugins\/seo\/ -->\n<title>Vid&eacute;o : Le r&eacute;sum&eacute; de Brewers - Mets (30\/03\/24) - The Playoffs FR<\/title>\n<meta name=\"robots\" content=\"index, follow, max-snippet:-1, max-image-preview:large, max-video-preview:-1\" \/>\n<link rel=\"canonical\" href=\"https:\/\/theplayoffs.news\/fr\/actualite-mlb\/video-le-resume-de-brewers-mets-30-03-24\/\" \/>\n<meta property=\"og:locale\" content=\"fr_FR\" \/>\n<meta property=\"og:type\" content=\"article\" \/>\n<meta property=\"og:title\" content=\"Vid&eacute;o : Le r&eacute;sum&eacute; de Brewers - Mets (30\/03\/24) - The Playoffs FR\" \/>\n<meta property=\"og:url\" content=\"https:\/\/theplayoffs.news\/fr\/actualite-mlb\/video-le-resume-de-brewers-mets-30-03-24\/\" \/>\n<meta property=\"og:site_name\" content=\"The Playoffs FR\" \/>\n<meta property=\"article:publisher\" content=\"https:\/\/www.facebook.com\/TheFreeAgentFR\/\" \/>\n<meta property=\"article:modified_time\" content=\"2024-03-31T09:17:29+02:00\" \/>\n<meta property=\"og:image\" content=\"https:\/\/theplayoffs.news\/fr\/wp-content\/uploads\/2024\/03\/USATSI_22905063.jpg\" \/>\n\t<meta property=\"og:image:width\" content=\"1920\" \/>\n\t<meta property=\"og:image:height\" content=\"1280\" \/>\n\t<meta property=\"og:image:type\" content=\"image\/jpeg\" \/>\n<meta name=\"author\" content=\"J\u00e9r\u00e9my Richaud\" \/>\n<meta name=\"twitter:card\" content=\"summary_large_image\" \/>\n<meta name=\"twitter:creator\" content=\"@x.com\/jeremy_redsox\" \/>\n<meta name=\"twitter:site\" content=\"@TheFreeAgentFR\" \/>\n<meta name=\"twitter:label1\" content=\"\u00c9crit par\" \/>\n\t<meta name=\"twitter:data1\" content=\"J\u00e9r\u00e9my Richaud\" \/>\n<script type=\"application\/ld+json\" class=\"yoast-schema-graph\">{\"@context\":\"https:\/\/schema.org\",\"@graph\":[{\"@type\":\"WebPage\",\"@id\":\"https:\/\/theplayoffs.news\/fr\/actualite-mlb\/video-le-resume-de-brewers-mets-30-03-24\/\",\"url\":\"https:\/\/theplayoffs.news\/fr\/actualite-mlb\/video-le-resume-de-brewers-mets-30-03-24\/\",\"name\":\"Vid\u00e9o : Le r\u00e9sum\u00e9 de Brewers - Mets (30\/03\/24) - The Playoffs FR\",\"isPartOf\":{\"@id\":\"https:\/\/theplayoffs.news\/fr\/#website\"},\"primaryImageOfPage\":{\"@id\":\"https:\/\/theplayoffs.news\/fr\/actualite-mlb\/video-le-resume-de-brewers-mets-30-03-24\/#primaryimage\"},\"image\":{\"@id\":\"https:\/\/theplayoffs.news\/fr\/actualite-mlb\/video-le-resume-de-brewers-mets-30-03-24\/#primaryimage\"},\"thumbnailUrl\":\"https:\/\/theplayoffs.news\/fr\/wp-content\/uploads\/2024\/03\/USATSI_22905063.jpg\",\"datePublished\":\"2024-03-31T07:17:29+00:00\",\"dateModified\":\"2024-03-31T07:17:29+00:00\",\"author\":{\"@id\":\"https:\/\/theplayoffs.news\/fr\/#\/schema\/person\/a6d214b885a76103078818ccc94124c9\"},\"breadcrumb\":{\"@id\":\"https:\/\/theplayoffs.news\/fr\/actualite-mlb\/video-le-resume-de-brewers-mets-30-03-24\/#breadcrumb\"},\"inLanguage\":\"fr-FR\",\"potentialAction\":[{\"@type\":\"ReadAction\",\"target\":[\"https:\/\/theplayoffs.news\/fr\/actualite-mlb\/video-le-resume-de-brewers-mets-30-03-24\/\"]}]},{\"@type\":\"ImageObject\",\"inLanguage\":\"fr-FR\",\"@id\":\"https:\/\/theplayoffs.news\/fr\/actualite-mlb\/video-le-resume-de-brewers-mets-30-03-24\/#primaryimage\",\"url\":\"https:\/\/theplayoffs.news\/fr\/wp-content\/uploads\/2024\/03\/USATSI_22905063.jpg\",\"contentUrl\":\"https:\/\/theplayoffs.news\/fr\/wp-content\/uploads\/2024\/03\/USATSI_22905063.jpg\",\"width\":1920,\"height\":1280,\"caption\":\"Mar 30, 2024; New York City, New York, USA; New York Mets relief pitcher Edwin Diaz (39) reacts after retiring the side in the ninth inning against the Milwaukee Brewers at Citi Field. Mandatory Credit: Wendell Cruz-USA TODAY Sports\"},{\"@type\":\"BreadcrumbList\",\"@id\":\"https:\/\/theplayoffs.news\/fr\/actualite-mlb\/video-le-resume-de-brewers-mets-30-03-24\/#breadcrumb\",\"itemListElement\":[{\"@type\":\"ListItem\",\"position\":1,\"name\":\"Accueil\",\"item\":\"https:\/\/theplayoffs.news\/fr\/\"},{\"@type\":\"ListItem\",\"position\":2,\"name\":\"Vid\u00e9o : Le r\u00e9sum\u00e9 de Brewers &#8211; Mets (30\/03\/24)\"}]},{\"@type\":\"WebSite\",\"@id\":\"https:\/\/theplayoffs.news\/fr\/#website\",\"url\":\"https:\/\/theplayoffs.news\/fr\/\",\"name\":\"The Playoffs FR\",\"description\":\"NBA-NFL-NHL-MLB\",\"potentialAction\":[{\"@type\":\"SearchAction\",\"target\":{\"@type\":\"EntryPoint\",\"urlTemplate\":\"https:\/\/theplayoffs.news\/fr\/?s={search_term_string}\"},\"query-input\":{\"@type\":\"PropertyValueSpecification\",\"valueRequired\":true,\"valueName\":\"search_term_string\"}}],\"inLanguage\":\"fr-FR\"},{\"@type\":\"Person\",\"@id\":\"https:\/\/theplayoffs.news\/fr\/#\/schema\/person\/a6d214b885a76103078818ccc94124c9\",\"name\":\"J\u00e9r\u00e9my Richaud\",\"image\":{\"@type\":\"ImageObject\",\"inLanguage\":\"fr-FR\",\"@id\":\"https:\/\/theplayoffs.news\/fr\/#\/schema\/person\/image\/\",\"url\":\"https:\/\/secure.gravatar.com\/avatar\/80bc8135baf3a71cdd975994ee4fb05ca7e1fcf9591469241804457e0cd105a9?s=96&d=mm&r=g\",\"contentUrl\":\"https:\/\/secure.gravatar.com\/avatar\/80bc8135baf3a71cdd975994ee4fb05ca7e1fcf9591469241804457e0cd105a9?s=96&d=mm&r=g\",\"caption\":\"J\u00e9r\u00e9my Richaud\"},\"description\":\"Je suis dans la fonction publique territoriale. Pour TPO je traite uniquement la MLB (bien que secr\u00e8tement je r\u00eave d\u2019une section NASCAR). Une passion inexpliqu\u00e9e pour le baseball, j\u2019\u00e9tais surement am\u00e9ricain dans une autre vie ! Convaincu aussi que Boston est la ville o\u00f9 tout a commenc\u00e9, oui j\u2019adore les C\u2019s et les Bruins mais pas les Patriots et alors ? XD C\u2019est avec plaisir de vous faire partager, articles, podcast sur le plus beau des quatre sports US !\",\"sameAs\":[\"https:\/\/x.com\/x.com\/jeremy_redsox\"],\"url\":\"https:\/\/theplayoffs.news\/fr\/author\/jeremy83440yahoo-fr\/\"}]}<\/script>\n<!-- \/ Yoast SEO plugin. -->","yoast_head_json":{"title":"Vid&eacute;o : Le r&eacute;sum&eacute; de Brewers - Mets (30\/03\/24) - The Playoffs FR","robots":{"index":"index","follow":"follow","max-snippet":"max-snippet:-1","max-image-preview":"max-image-preview:large","max-video-preview":"max-video-preview:-1"},"canonical":"https:\/\/theplayoffs.news\/fr\/actualite-mlb\/video-le-resume-de-brewers-mets-30-03-24\/","og_locale":"fr_FR","og_type":"article","og_title":"Vid&eacute;o : Le r&eacute;sum&eacute; de Brewers - Mets (30\/03\/24) - The Playoffs FR","og_url":"https:\/\/theplayoffs.news\/fr\/actualite-mlb\/video-le-resume-de-brewers-mets-30-03-24\/","og_site_name":"The Playoffs FR","article_publisher":"https:\/\/www.facebook.com\/TheFreeAgentFR\/","og_image":[{"width":1920,"height":1280,"url":"https:\/\/theplayoffs.news\/fr\/wp-content\/uploads\/2024\/03\/USATSI_22905063.jpg","type":"image\/jpeg"}],"author":"J\u00e9r\u00e9my Richaud","twitter_card":"summary_large_image","twitter_creator":"@x.com\/jeremy_redsox","twitter_site":"@TheFreeAgentFR","twitter_misc":{"\u00c9crit par":"J\u00e9r\u00e9my Richaud"},"schema":{"@context":"https:\/\/schema.org","@graph":[{"@type":"WebPage","@id":"https:\/\/theplayoffs.news\/fr\/actualite-mlb\/video-le-resume-de-brewers-mets-30-03-24\/","url":"https:\/\/theplayoffs.news\/fr\/actualite-mlb\/video-le-resume-de-brewers-mets-30-03-24\/","name":"Vid\u00e9o : Le r\u00e9sum\u00e9 de Brewers - Mets (30\/03\/24) - The Playoffs FR","isPartOf":{"@id":"https:\/\/theplayoffs.news\/fr\/#website"},"primaryImageOfPage":{"@id":"https:\/\/theplayoffs.news\/fr\/actualite-mlb\/video-le-resume-de-brewers-mets-30-03-24\/#primaryimage"},"image":{"@id":"https:\/\/theplayoffs.news\/fr\/actualite-mlb\/video-le-resume-de-brewers-mets-30-03-24\/#primaryimage"},"thumbnailUrl":"https:\/\/theplayoffs.news\/fr\/wp-content\/uploads\/2024\/03\/USATSI_22905063.jpg","datePublished":"2024-03-31T07:17:29+00:00","dateModified":"2024-03-31T07:17:29+00:00","author":{"@id":"https:\/\/theplayoffs.news\/fr\/#\/schema\/person\/a6d214b885a76103078818ccc94124c9"},"breadcrumb":{"@id":"https:\/\/theplayoffs.news\/fr\/actualite-mlb\/video-le-resume-de-brewers-mets-30-03-24\/#breadcrumb"},"inLanguage":"fr-FR","potentialAction":[{"@type":"ReadAction","target":["https:\/\/theplayoffs.news\/fr\/actualite-mlb\/video-le-resume-de-brewers-mets-30-03-24\/"]}]},{"@type":"ImageObject","inLanguage":"fr-FR","@id":"https:\/\/theplayoffs.news\/fr\/actualite-mlb\/video-le-resume-de-brewers-mets-30-03-24\/#primaryimage","url":"https:\/\/theplayoffs.news\/fr\/wp-content\/uploads\/2024\/03\/USATSI_22905063.jpg","contentUrl":"https:\/\/theplayoffs.news\/fr\/wp-content\/uploads\/2024\/03\/USATSI_22905063.jpg","width":1920,"height":1280,"caption":"Mar 30, 2024; New York City, New York, USA; New York Mets relief pitcher Edwin Diaz (39) reacts after retiring the side in the ninth inning against the Milwaukee Brewers at Citi Field. Mandatory Credit: Wendell Cruz-USA TODAY Sports"},{"@type":"BreadcrumbList","@id":"https:\/\/theplayoffs.news\/fr\/actualite-mlb\/video-le-resume-de-brewers-mets-30-03-24\/#breadcrumb","itemListElement":[{"@type":"ListItem","position":1,"name":"Accueil","item":"https:\/\/theplayoffs.news\/fr\/"},{"@type":"ListItem","position":2,"name":"Vid\u00e9o : Le r\u00e9sum\u00e9 de Brewers &#8211; Mets (30\/03\/24)"}]},{"@type":"WebSite","@id":"https:\/\/theplayoffs.news\/fr\/#website","url":"https:\/\/theplayoffs.news\/fr\/","name":"The Playoffs FR","description":"NBA-NFL-NHL-MLB","potentialAction":[{"@type":"SearchAction","target":{"@type":"EntryPoint","urlTemplate":"https:\/\/theplayoffs.news\/fr\/?s={search_term_string}"},"query-input":{"@type":"PropertyValueSpecification","valueRequired":true,"valueName":"search_term_string"}}],"inLanguage":"fr-FR"},{"@type":"Person","@id":"https:\/\/theplayoffs.news\/fr\/#\/schema\/person\/a6d214b885a76103078818ccc94124c9","name":"J\u00e9r\u00e9my Richaud","image":{"@type":"ImageObject","inLanguage":"fr-FR","@id":"https:\/\/theplayoffs.news\/fr\/#\/schema\/person\/image\/","url":"https:\/\/secure.gravatar.com\/avatar\/80bc8135baf3a71cdd975994ee4fb05ca7e1fcf9591469241804457e0cd105a9?s=96&d=mm&r=g","contentUrl":"https:\/\/secure.gravatar.com\/avatar\/80bc8135baf3a71cdd975994ee4fb05ca7e1fcf9591469241804457e0cd105a9?s=96&d=mm&r=g","caption":"J\u00e9r\u00e9my Richaud"},"description":"Je suis dans la fonction publique territoriale. Pour TPO je traite uniquement la MLB (bien que secr\u00e8tement je r\u00eave d\u2019une section NASCAR). Une passion inexpliqu\u00e9e pour le baseball, j\u2019\u00e9tais surement am\u00e9ricain dans une autre vie ! Convaincu aussi que Boston est la ville o\u00f9 tout a commenc\u00e9, oui j\u2019adore les C\u2019s et les Bruins mais pas les Patriots et alors ? XD C\u2019est avec plaisir de vous faire partager, articles, podcast sur le plus beau des quatre sports US !","sameAs":["https:\/\/x.com\/x.com\/jeremy_redsox"],"url":"https:\/\/theplayoffs.news\/fr\/author\/jeremy83440yahoo-fr\/"}]}},"_links":{"self":[{"href":"https:\/\/theplayoffs.news\/fr\/wp-json\/wp\/v2\/posts\/1414907","targetHints":{"allow":["GET"]}}],"collection":[{"href":"https:\/\/theplayoffs.news\/fr\/wp-json\/wp\/v2\/posts"}],"about":[{"href":"https:\/\/theplayoffs.news\/fr\/wp-json\/wp\/v2\/types\/post"}],"author":[{"embeddable":true,"href":"https:\/\/theplayoffs.news\/fr\/wp-json\/wp\/v2\/users\/180310059"}],"replies":[{"embeddable":true,"href":"https:\/\/theplayoffs.news\/fr\/wp-json\/wp\/v2\/comments?post=1414907"}],"version-history":[{"count":3,"href":"https:\/\/theplayoffs.news\/fr\/wp-json\/wp\/v2\/posts\/1414907\/revisions"}],"predecessor-version":[{"id":1415453,"href":"https:\/\/theplayoffs.news\/fr\/wp-json\/wp\/v2\/posts\/1414907\/revisions\/1415453"}],"wp:featuredmedia":[{"embeddable":true,"href":"https:\/\/theplayoffs.news\/fr\/wp-json\/wp\/v2\/media\/1414929"}],"wp:attachment":[{"href":"https:\/\/theplayoffs.news\/fr\/wp-json\/wp\/v2\/media?parent=1414907"}],"wp:term":[{"taxonomy":"category","embeddable":true,"href":"https:\/\/theplayoffs.news\/fr\/wp-json\/wp\/v2\/categories?post=1414907"},{"taxonomy":"post_tag","embeddable":true,"href":"https:\/\/theplayoffs.news\/fr\/wp-json\/wp\/v2\/tags?post=1414907"},{"taxonomy":"sport","embeddable":true,"href":"https:\/\/theplayoffs.news\/fr\/wp-json\/wp\/v2\/sport?post=1414907"},{"taxonomy":"saison","embeddable":true,"href":"https:\/\/theplayoffs.news\/fr\/wp-json\/wp\/v2\/saison?post=1414907"}],"curies":[{"name":"wp","href":"https:\/\/api.w.org\/{rel}","templated":true}]}}