{"id":1407302,"date":"2024-03-29T08:34:54","date_gmt":"2024-03-29T07:34:54","guid":{"rendered":"https:\/\/theplayoffs.news\/fr\/?p=1407302"},"modified":"2024-03-29T08:34:54","modified_gmt":"2024-03-29T07:34:54","slug":"video-le-resume-de-blue-jays-rays-28-03-24","status":"publish","type":"post","link":"https:\/\/theplayoffs.news\/fr\/actualite-mlb\/video-le-resume-de-blue-jays-rays-28-03-24\/","title":{"rendered":"Vid\u00e9o : Le r\u00e9sum\u00e9 de Blue Jays &#8211; Rays (28\/03\/24)"},"content":{"rendered":"<p>Les Blue Jays entame bien leur entr&eacute;e pour la saison 2024 en s&rsquo;imposant face &agrave; un rival de division les Rays sur le score 8-2. Vladimir Guerrero Jr inscrit son premier HR d&rsquo;une longueur de 450 Ft.<\/p><p>&nbsp;<\/p><p>[cloudflare_stream_videoplayer idvid=&nbsp;&raquo;f4dbd6f75767350e6403e8832b885be1&Prime;]<\/p><p>&nbsp;<\/p><p><label>Credit:<\/label><\/p><p class=\"ng-binding\">&copy; Kim Klement Neitzel-USA TODAY Sports<\/p>\n","protected":false},"excerpt":{"rendered":"","protected":false},"author":180310059,"featured_media":1407319,"comment_status":"open","ping_status":"closed","sticky":false,"template":"","format":"standard","meta":{"inline_featured_image":false,"kia_subtitle":"","_mux_skip_reasons":[],"proofreadBy":0,"footnotes":""},"categories":[188,9],"tags":[876,883],"sport":[2786],"saison":[6111],"class_list":["post-1407302","post","type-post","status-publish","format-standard","has-post-thumbnail","hentry","category-actualite-mlb","category-mlb","tag-tampa-bay-rays","tag-toronto-blue-jays","sport-mlb","saison-6111"],"acf":[],"yoast_head":"<!-- This site is optimized with the Yoast SEO plugin v24.2 - https:\/\/yoast.com\/wordpress\/plugins\/seo\/ -->\n<title>Vid&eacute;o : Le r&eacute;sum&eacute; de Blue Jays - Rays (28\/03\/24) - The Playoffs FR<\/title>\n<meta name=\"robots\" content=\"index, follow, max-snippet:-1, max-image-preview:large, max-video-preview:-1\" \/>\n<link rel=\"canonical\" href=\"https:\/\/theplayoffs.news\/fr\/actualite-mlb\/video-le-resume-de-blue-jays-rays-28-03-24\/\" \/>\n<meta property=\"og:locale\" content=\"fr_FR\" \/>\n<meta property=\"og:type\" content=\"article\" \/>\n<meta property=\"og:title\" content=\"Vid&eacute;o : Le r&eacute;sum&eacute; de Blue Jays - Rays (28\/03\/24) - The Playoffs FR\" \/>\n<meta property=\"og:url\" content=\"https:\/\/theplayoffs.news\/fr\/actualite-mlb\/video-le-resume-de-blue-jays-rays-28-03-24\/\" \/>\n<meta property=\"og:site_name\" content=\"The Playoffs FR\" \/>\n<meta property=\"article:publisher\" content=\"https:\/\/www.facebook.com\/TheFreeAgentFR\/\" \/>\n<meta property=\"article:modified_time\" content=\"2024-03-29T08:34:54+01:00\" \/>\n<meta property=\"og:image\" content=\"https:\/\/theplayoffs.news\/fr\/wp-content\/uploads\/2024\/03\/USATSI_22890465.jpg\" \/>\n\t<meta property=\"og:image:width\" content=\"1454\" \/>\n\t<meta property=\"og:image:height\" content=\"1920\" \/>\n\t<meta property=\"og:image:type\" content=\"image\/jpeg\" \/>\n<meta name=\"author\" content=\"J\u00e9r\u00e9my Richaud\" \/>\n<meta name=\"twitter:card\" content=\"summary_large_image\" \/>\n<meta name=\"twitter:creator\" content=\"@x.com\/jeremy_redsox\" \/>\n<meta name=\"twitter:site\" content=\"@TheFreeAgentFR\" \/>\n<meta name=\"twitter:label1\" content=\"\u00c9crit par\" \/>\n\t<meta name=\"twitter:data1\" content=\"J\u00e9r\u00e9my Richaud\" \/>\n<script type=\"application\/ld+json\" class=\"yoast-schema-graph\">{\"@context\":\"https:\/\/schema.org\",\"@graph\":[{\"@type\":\"WebPage\",\"@id\":\"https:\/\/theplayoffs.news\/fr\/actualite-mlb\/video-le-resume-de-blue-jays-rays-28-03-24\/\",\"url\":\"https:\/\/theplayoffs.news\/fr\/actualite-mlb\/video-le-resume-de-blue-jays-rays-28-03-24\/\",\"name\":\"Vid\u00e9o : Le r\u00e9sum\u00e9 de Blue Jays - Rays (28\/03\/24) - The Playoffs FR\",\"isPartOf\":{\"@id\":\"https:\/\/theplayoffs.news\/fr\/#website\"},\"primaryImageOfPage\":{\"@id\":\"https:\/\/theplayoffs.news\/fr\/actualite-mlb\/video-le-resume-de-blue-jays-rays-28-03-24\/#primaryimage\"},\"image\":{\"@id\":\"https:\/\/theplayoffs.news\/fr\/actualite-mlb\/video-le-resume-de-blue-jays-rays-28-03-24\/#primaryimage\"},\"thumbnailUrl\":\"https:\/\/theplayoffs.news\/fr\/wp-content\/uploads\/2024\/03\/USATSI_22890465.jpg\",\"datePublished\":\"2024-03-29T07:34:54+00:00\",\"dateModified\":\"2024-03-29T07:34:54+00:00\",\"author\":{\"@id\":\"https:\/\/theplayoffs.news\/fr\/#\/schema\/person\/a6d214b885a76103078818ccc94124c9\"},\"breadcrumb\":{\"@id\":\"https:\/\/theplayoffs.news\/fr\/actualite-mlb\/video-le-resume-de-blue-jays-rays-28-03-24\/#breadcrumb\"},\"inLanguage\":\"fr-FR\",\"potentialAction\":[{\"@type\":\"ReadAction\",\"target\":[\"https:\/\/theplayoffs.news\/fr\/actualite-mlb\/video-le-resume-de-blue-jays-rays-28-03-24\/\"]}]},{\"@type\":\"ImageObject\",\"inLanguage\":\"fr-FR\",\"@id\":\"https:\/\/theplayoffs.news\/fr\/actualite-mlb\/video-le-resume-de-blue-jays-rays-28-03-24\/#primaryimage\",\"url\":\"https:\/\/theplayoffs.news\/fr\/wp-content\/uploads\/2024\/03\/USATSI_22890465.jpg\",\"contentUrl\":\"https:\/\/theplayoffs.news\/fr\/wp-content\/uploads\/2024\/03\/USATSI_22890465.jpg\",\"width\":1454,\"height\":1920,\"caption\":\"Mar 28, 2024; St. Petersburg, Florida, USA;Toronto Blue Jays first baseman Vladimir Guerrero Jr. (27) celebrates after they beat the Tampa Bay Rays at Tropicana Field. Mandatory Credit: Kim Klement Neitzel-USA TODAY Sports\"},{\"@type\":\"BreadcrumbList\",\"@id\":\"https:\/\/theplayoffs.news\/fr\/actualite-mlb\/video-le-resume-de-blue-jays-rays-28-03-24\/#breadcrumb\",\"itemListElement\":[{\"@type\":\"ListItem\",\"position\":1,\"name\":\"Accueil\",\"item\":\"https:\/\/theplayoffs.news\/fr\/\"},{\"@type\":\"ListItem\",\"position\":2,\"name\":\"Vid\u00e9o : Le r\u00e9sum\u00e9 de Blue Jays &#8211; Rays (28\/03\/24)\"}]},{\"@type\":\"WebSite\",\"@id\":\"https:\/\/theplayoffs.news\/fr\/#website\",\"url\":\"https:\/\/theplayoffs.news\/fr\/\",\"name\":\"The Playoffs FR\",\"description\":\"NBA-NFL-NHL-MLB\",\"potentialAction\":[{\"@type\":\"SearchAction\",\"target\":{\"@type\":\"EntryPoint\",\"urlTemplate\":\"https:\/\/theplayoffs.news\/fr\/?s={search_term_string}\"},\"query-input\":{\"@type\":\"PropertyValueSpecification\",\"valueRequired\":true,\"valueName\":\"search_term_string\"}}],\"inLanguage\":\"fr-FR\"},{\"@type\":\"Person\",\"@id\":\"https:\/\/theplayoffs.news\/fr\/#\/schema\/person\/a6d214b885a76103078818ccc94124c9\",\"name\":\"J\u00e9r\u00e9my Richaud\",\"image\":{\"@type\":\"ImageObject\",\"inLanguage\":\"fr-FR\",\"@id\":\"https:\/\/theplayoffs.news\/fr\/#\/schema\/person\/image\/\",\"url\":\"https:\/\/secure.gravatar.com\/avatar\/80bc8135baf3a71cdd975994ee4fb05ca7e1fcf9591469241804457e0cd105a9?s=96&d=mm&r=g\",\"contentUrl\":\"https:\/\/secure.gravatar.com\/avatar\/80bc8135baf3a71cdd975994ee4fb05ca7e1fcf9591469241804457e0cd105a9?s=96&d=mm&r=g\",\"caption\":\"J\u00e9r\u00e9my Richaud\"},\"description\":\"Je suis dans la fonction publique territoriale. Pour TPO je traite uniquement la MLB (bien que secr\u00e8tement je r\u00eave d\u2019une section NASCAR). Une passion inexpliqu\u00e9e pour le baseball, j\u2019\u00e9tais surement am\u00e9ricain dans une autre vie ! Convaincu aussi que Boston est la ville o\u00f9 tout a commenc\u00e9, oui j\u2019adore les C\u2019s et les Bruins mais pas les Patriots et alors ? XD C\u2019est avec plaisir de vous faire partager, articles, podcast sur le plus beau des quatre sports US !\",\"sameAs\":[\"https:\/\/x.com\/x.com\/jeremy_redsox\"],\"url\":\"https:\/\/theplayoffs.news\/fr\/author\/jeremy83440yahoo-fr\/\"}]}<\/script>\n<!-- \/ Yoast SEO plugin. -->","yoast_head_json":{"title":"Vid&eacute;o : Le r&eacute;sum&eacute; de Blue Jays - Rays (28\/03\/24) - The Playoffs FR","robots":{"index":"index","follow":"follow","max-snippet":"max-snippet:-1","max-image-preview":"max-image-preview:large","max-video-preview":"max-video-preview:-1"},"canonical":"https:\/\/theplayoffs.news\/fr\/actualite-mlb\/video-le-resume-de-blue-jays-rays-28-03-24\/","og_locale":"fr_FR","og_type":"article","og_title":"Vid&eacute;o : Le r&eacute;sum&eacute; de Blue Jays - Rays (28\/03\/24) - The Playoffs FR","og_url":"https:\/\/theplayoffs.news\/fr\/actualite-mlb\/video-le-resume-de-blue-jays-rays-28-03-24\/","og_site_name":"The Playoffs FR","article_publisher":"https:\/\/www.facebook.com\/TheFreeAgentFR\/","og_image":[{"width":1454,"height":1920,"url":"https:\/\/theplayoffs.news\/fr\/wp-content\/uploads\/2024\/03\/USATSI_22890465.jpg","type":"image\/jpeg"}],"author":"J\u00e9r\u00e9my Richaud","twitter_card":"summary_large_image","twitter_creator":"@x.com\/jeremy_redsox","twitter_site":"@TheFreeAgentFR","twitter_misc":{"\u00c9crit par":"J\u00e9r\u00e9my Richaud"},"schema":{"@context":"https:\/\/schema.org","@graph":[{"@type":"WebPage","@id":"https:\/\/theplayoffs.news\/fr\/actualite-mlb\/video-le-resume-de-blue-jays-rays-28-03-24\/","url":"https:\/\/theplayoffs.news\/fr\/actualite-mlb\/video-le-resume-de-blue-jays-rays-28-03-24\/","name":"Vid\u00e9o : Le r\u00e9sum\u00e9 de Blue Jays - Rays (28\/03\/24) - The Playoffs FR","isPartOf":{"@id":"https:\/\/theplayoffs.news\/fr\/#website"},"primaryImageOfPage":{"@id":"https:\/\/theplayoffs.news\/fr\/actualite-mlb\/video-le-resume-de-blue-jays-rays-28-03-24\/#primaryimage"},"image":{"@id":"https:\/\/theplayoffs.news\/fr\/actualite-mlb\/video-le-resume-de-blue-jays-rays-28-03-24\/#primaryimage"},"thumbnailUrl":"https:\/\/theplayoffs.news\/fr\/wp-content\/uploads\/2024\/03\/USATSI_22890465.jpg","datePublished":"2024-03-29T07:34:54+00:00","dateModified":"2024-03-29T07:34:54+00:00","author":{"@id":"https:\/\/theplayoffs.news\/fr\/#\/schema\/person\/a6d214b885a76103078818ccc94124c9"},"breadcrumb":{"@id":"https:\/\/theplayoffs.news\/fr\/actualite-mlb\/video-le-resume-de-blue-jays-rays-28-03-24\/#breadcrumb"},"inLanguage":"fr-FR","potentialAction":[{"@type":"ReadAction","target":["https:\/\/theplayoffs.news\/fr\/actualite-mlb\/video-le-resume-de-blue-jays-rays-28-03-24\/"]}]},{"@type":"ImageObject","inLanguage":"fr-FR","@id":"https:\/\/theplayoffs.news\/fr\/actualite-mlb\/video-le-resume-de-blue-jays-rays-28-03-24\/#primaryimage","url":"https:\/\/theplayoffs.news\/fr\/wp-content\/uploads\/2024\/03\/USATSI_22890465.jpg","contentUrl":"https:\/\/theplayoffs.news\/fr\/wp-content\/uploads\/2024\/03\/USATSI_22890465.jpg","width":1454,"height":1920,"caption":"Mar 28, 2024; St. Petersburg, Florida, USA;Toronto Blue Jays first baseman Vladimir Guerrero Jr. (27) celebrates after they beat the Tampa Bay Rays at Tropicana Field. Mandatory Credit: Kim Klement Neitzel-USA TODAY Sports"},{"@type":"BreadcrumbList","@id":"https:\/\/theplayoffs.news\/fr\/actualite-mlb\/video-le-resume-de-blue-jays-rays-28-03-24\/#breadcrumb","itemListElement":[{"@type":"ListItem","position":1,"name":"Accueil","item":"https:\/\/theplayoffs.news\/fr\/"},{"@type":"ListItem","position":2,"name":"Vid\u00e9o : Le r\u00e9sum\u00e9 de Blue Jays &#8211; Rays (28\/03\/24)"}]},{"@type":"WebSite","@id":"https:\/\/theplayoffs.news\/fr\/#website","url":"https:\/\/theplayoffs.news\/fr\/","name":"The Playoffs FR","description":"NBA-NFL-NHL-MLB","potentialAction":[{"@type":"SearchAction","target":{"@type":"EntryPoint","urlTemplate":"https:\/\/theplayoffs.news\/fr\/?s={search_term_string}"},"query-input":{"@type":"PropertyValueSpecification","valueRequired":true,"valueName":"search_term_string"}}],"inLanguage":"fr-FR"},{"@type":"Person","@id":"https:\/\/theplayoffs.news\/fr\/#\/schema\/person\/a6d214b885a76103078818ccc94124c9","name":"J\u00e9r\u00e9my Richaud","image":{"@type":"ImageObject","inLanguage":"fr-FR","@id":"https:\/\/theplayoffs.news\/fr\/#\/schema\/person\/image\/","url":"https:\/\/secure.gravatar.com\/avatar\/80bc8135baf3a71cdd975994ee4fb05ca7e1fcf9591469241804457e0cd105a9?s=96&d=mm&r=g","contentUrl":"https:\/\/secure.gravatar.com\/avatar\/80bc8135baf3a71cdd975994ee4fb05ca7e1fcf9591469241804457e0cd105a9?s=96&d=mm&r=g","caption":"J\u00e9r\u00e9my Richaud"},"description":"Je suis dans la fonction publique territoriale. Pour TPO je traite uniquement la MLB (bien que secr\u00e8tement je r\u00eave d\u2019une section NASCAR). Une passion inexpliqu\u00e9e pour le baseball, j\u2019\u00e9tais surement am\u00e9ricain dans une autre vie ! Convaincu aussi que Boston est la ville o\u00f9 tout a commenc\u00e9, oui j\u2019adore les C\u2019s et les Bruins mais pas les Patriots et alors ? XD C\u2019est avec plaisir de vous faire partager, articles, podcast sur le plus beau des quatre sports US !","sameAs":["https:\/\/x.com\/x.com\/jeremy_redsox"],"url":"https:\/\/theplayoffs.news\/fr\/author\/jeremy83440yahoo-fr\/"}]}},"_links":{"self":[{"href":"https:\/\/theplayoffs.news\/fr\/wp-json\/wp\/v2\/posts\/1407302","targetHints":{"allow":["GET"]}}],"collection":[{"href":"https:\/\/theplayoffs.news\/fr\/wp-json\/wp\/v2\/posts"}],"about":[{"href":"https:\/\/theplayoffs.news\/fr\/wp-json\/wp\/v2\/types\/post"}],"author":[{"embeddable":true,"href":"https:\/\/theplayoffs.news\/fr\/wp-json\/wp\/v2\/users\/180310059"}],"replies":[{"embeddable":true,"href":"https:\/\/theplayoffs.news\/fr\/wp-json\/wp\/v2\/comments?post=1407302"}],"version-history":[{"count":3,"href":"https:\/\/theplayoffs.news\/fr\/wp-json\/wp\/v2\/posts\/1407302\/revisions"}],"predecessor-version":[{"id":1407331,"href":"https:\/\/theplayoffs.news\/fr\/wp-json\/wp\/v2\/posts\/1407302\/revisions\/1407331"}],"wp:featuredmedia":[{"embeddable":true,"href":"https:\/\/theplayoffs.news\/fr\/wp-json\/wp\/v2\/media\/1407319"}],"wp:attachment":[{"href":"https:\/\/theplayoffs.news\/fr\/wp-json\/wp\/v2\/media?parent=1407302"}],"wp:term":[{"taxonomy":"category","embeddable":true,"href":"https:\/\/theplayoffs.news\/fr\/wp-json\/wp\/v2\/categories?post=1407302"},{"taxonomy":"post_tag","embeddable":true,"href":"https:\/\/theplayoffs.news\/fr\/wp-json\/wp\/v2\/tags?post=1407302"},{"taxonomy":"sport","embeddable":true,"href":"https:\/\/theplayoffs.news\/fr\/wp-json\/wp\/v2\/sport?post=1407302"},{"taxonomy":"saison","embeddable":true,"href":"https:\/\/theplayoffs.news\/fr\/wp-json\/wp\/v2\/saison?post=1407302"}],"curies":[{"name":"wp","href":"https:\/\/api.w.org\/{rel}","templated":true}]}}