{"id":1401407,"date":"2024-03-26T15:12:40","date_gmt":"2024-03-26T14:12:40","guid":{"rendered":"https:\/\/theplayoffs.news\/fr\/?p=1401407"},"modified":"2024-03-26T15:12:40","modified_gmt":"2024-03-26T14:12:40","slug":"sam-darnold-ses-plus-belles-annees-devant-lui-pour-kevin-oconnell","status":"publish","type":"post","link":"https:\/\/theplayoffs.news\/fr\/actualite-nfl\/sam-darnold-ses-plus-belles-annees-devant-lui-pour-kevin-oconnell\/","title":{"rendered":"Sam Darnold : ses plus belles ann\u00e9es devant lui pour Kevin O&rsquo;Connell"},"content":{"rendered":"<h2>Avec le d&eacute;part de Kirk Cousins, les vikings ont fait venir Sam Darnold en provenance de San francisco.<\/h2><p>Rempla&ccedil;ant derri&egrave;re Brock Purdy, Darnold retrouve une &eacute;quipe o&ugrave; il pourrait &ecirc;tre &agrave; nouveau titulaire. &Agrave; l&rsquo;heure o&ugrave; ces lignes sont &eacute;crites, il est le n&deg;1 mais la draft approchant, ce pourrait ne plus &ecirc;tre le cas.<\/p><p>Malgr&eacute; tout, Kevin O&rsquo;Connell reste confiant dans la capacit&eacute; de <a href=\"https:\/\/theplayoffs.news\/fr\/joueur\/sam-darnold-nfl-7825094\/\" class=\"trk-cta-link\" data-cta-trk='{\"ctaType\":\"Link\",\"ctaSubType\":\"main\"}'><strong>Sam Darnold<\/strong><\/a> &agrave; mener cette &eacute;quipe :<\/p><blockquote><p>&laquo;&nbsp;Je pense que son meilleur football est devant lui en raison de la fa&ccedil;on dont il a g&eacute;r&eacute; les deux derni&egrave;res ann&eacute;es&nbsp;&raquo;, <a href=\"https:\/\/www.nbcsports.com\/nfl\/profootballtalk\/rumor-mill\" class=\"trk-cta-link\" data-cta-trk='{\"ctaType\":\"Link\",\"ctaSubType\":\"main\"}'>a d&eacute;clar&eacute; O&rsquo;Connell sur NFL Network.<\/a> &laquo;&nbsp;Qu&rsquo;il s&rsquo;agisse de faire 4-2 en Caroline en 2022, ou de regarder la vid&eacute;o de son travail &agrave; San Francisco, on peut dire que Kyle, Brian Griese, ont fait un excellent travail dans la phase suivante de sa carri&egrave;re. Les fondamentaux, les techniques, les choses que l&rsquo;on recherche pour voir la croissance. Je suis impatient de commencer avec Sam&nbsp;&raquo;.<\/p><\/blockquote><p>Avec un contrat d&rsquo;un an, Sam Darnold est sans doute vu comme un quarterback de transition entre Kirk Cousins et le futur de la franchise. Il y a cependant peu de chance pour qu&rsquo;il soit celui que les Vikings voient comme leur futur mais sait-on jamais.<\/p><p>Le choix qui sera fait fin avril nous donnera davantage d&rsquo;indications.<\/p><p>&nbsp;<\/p><p>Credit Photo : Kirby Lee-USA TODAY Sports<\/p>\n","protected":false},"excerpt":{"rendered":"","protected":false},"author":13,"featured_media":1401408,"comment_status":"open","ping_status":"closed","sticky":false,"template":"","format":"standard","meta":{"inline_featured_image":false,"kia_subtitle":"","_mux_skip_reasons":[],"proofreadBy":0,"footnotes":""},"categories":[118,40],"tags":[744,885],"sport":[],"saison":[],"class_list":["post-1401407","post","type-post","status-publish","format-standard","has-post-thumbnail","hentry","category-actualite-nfl","category-nfl","tag-minnesota-vikings","tag-sam-darnold"],"acf":[],"yoast_head":"<!-- This site is optimized with the Yoast SEO plugin v24.2 - https:\/\/yoast.com\/wordpress\/plugins\/seo\/ -->\n<title>Sam Darnold : ses plus belles ann&eacute;es devant lui pour Kevin O&#039;Connell - The Playoffs FR<\/title>\n<meta name=\"robots\" content=\"index, follow, max-snippet:-1, max-image-preview:large, max-video-preview:-1\" \/>\n<link rel=\"canonical\" href=\"https:\/\/theplayoffs.news\/fr\/actualite-nfl\/sam-darnold-ses-plus-belles-annees-devant-lui-pour-kevin-oconnell\/\" \/>\n<meta property=\"og:locale\" content=\"fr_FR\" \/>\n<meta property=\"og:type\" content=\"article\" \/>\n<meta property=\"og:title\" content=\"Sam Darnold : ses plus belles ann&eacute;es devant lui pour Kevin O&#039;Connell - The Playoffs FR\" \/>\n<meta property=\"og:url\" content=\"https:\/\/theplayoffs.news\/fr\/actualite-nfl\/sam-darnold-ses-plus-belles-annees-devant-lui-pour-kevin-oconnell\/\" \/>\n<meta property=\"og:site_name\" content=\"The Playoffs FR\" \/>\n<meta property=\"article:publisher\" content=\"https:\/\/www.facebook.com\/TheFreeAgentFR\/\" \/>\n<meta property=\"article:modified_time\" content=\"2024-03-26T15:12:40+01:00\" \/>\n<meta property=\"og:image\" content=\"https:\/\/theplayoffs.news\/fr\/wp-content\/uploads\/2024\/03\/USATSI_22453726-1.jpg\" \/>\n\t<meta property=\"og:image:width\" content=\"1920\" \/>\n\t<meta property=\"og:image:height\" content=\"1244\" \/>\n\t<meta property=\"og:image:type\" content=\"image\/jpeg\" \/>\n<meta name=\"author\" content=\"Charles Taudin\" \/>\n<meta name=\"twitter:card\" content=\"summary_large_image\" \/>\n<meta name=\"twitter:creator\" content=\"@TheFreeAgentFR\" \/>\n<meta name=\"twitter:site\" content=\"@TheFreeAgentFR\" \/>\n<meta name=\"twitter:label1\" content=\"\u00c9crit par\" \/>\n\t<meta name=\"twitter:data1\" content=\"Charles Taudin\" \/>\n\t<meta name=\"twitter:label2\" content=\"Dur\u00e9e de lecture estim\u00e9e\" \/>\n\t<meta name=\"twitter:data2\" content=\"1 minute\" \/>\n<script type=\"application\/ld+json\" class=\"yoast-schema-graph\">{\"@context\":\"https:\/\/schema.org\",\"@graph\":[{\"@type\":\"WebPage\",\"@id\":\"https:\/\/theplayoffs.news\/fr\/actualite-nfl\/sam-darnold-ses-plus-belles-annees-devant-lui-pour-kevin-oconnell\/\",\"url\":\"https:\/\/theplayoffs.news\/fr\/actualite-nfl\/sam-darnold-ses-plus-belles-annees-devant-lui-pour-kevin-oconnell\/\",\"name\":\"Sam Darnold : ses plus belles ann\u00e9es devant lui pour Kevin O\\\\'Connell - The Playoffs FR\",\"isPartOf\":{\"@id\":\"https:\/\/theplayoffs.news\/fr\/#website\"},\"primaryImageOfPage\":{\"@id\":\"https:\/\/theplayoffs.news\/fr\/actualite-nfl\/sam-darnold-ses-plus-belles-annees-devant-lui-pour-kevin-oconnell\/#primaryimage\"},\"image\":{\"@id\":\"https:\/\/theplayoffs.news\/fr\/actualite-nfl\/sam-darnold-ses-plus-belles-annees-devant-lui-pour-kevin-oconnell\/#primaryimage\"},\"thumbnailUrl\":\"https:\/\/theplayoffs.news\/fr\/wp-content\/uploads\/2024\/03\/USATSI_22453726-1.jpg\",\"datePublished\":\"2024-03-26T14:12:40+00:00\",\"dateModified\":\"2024-03-26T14:12:40+00:00\",\"author\":{\"@id\":\"https:\/\/theplayoffs.news\/fr\/#\/schema\/person\/eee5b69ad5d3c51cabe881c839dbe133\"},\"breadcrumb\":{\"@id\":\"https:\/\/theplayoffs.news\/fr\/actualite-nfl\/sam-darnold-ses-plus-belles-annees-devant-lui-pour-kevin-oconnell\/#breadcrumb\"},\"inLanguage\":\"fr-FR\",\"potentialAction\":[{\"@type\":\"ReadAction\",\"target\":[\"https:\/\/theplayoffs.news\/fr\/actualite-nfl\/sam-darnold-ses-plus-belles-annees-devant-lui-pour-kevin-oconnell\/\"]}]},{\"@type\":\"ImageObject\",\"inLanguage\":\"fr-FR\",\"@id\":\"https:\/\/theplayoffs.news\/fr\/actualite-nfl\/sam-darnold-ses-plus-belles-annees-devant-lui-pour-kevin-oconnell\/#primaryimage\",\"url\":\"https:\/\/theplayoffs.news\/fr\/wp-content\/uploads\/2024\/03\/USATSI_22453726-1.jpg\",\"contentUrl\":\"https:\/\/theplayoffs.news\/fr\/wp-content\/uploads\/2024\/03\/USATSI_22453726-1.jpg\",\"width\":1920,\"height\":1244,\"caption\":\"Feb 5, 2024; Las Vegas, NV, USA; San Francisco 49ers quarterback Sam Darnold (14) is interviewed during Super Bowl LVIII Opening Night at Allegiant Stadium. Mandatory Credit: Kirby Lee-USA TODAY Sports\"},{\"@type\":\"BreadcrumbList\",\"@id\":\"https:\/\/theplayoffs.news\/fr\/actualite-nfl\/sam-darnold-ses-plus-belles-annees-devant-lui-pour-kevin-oconnell\/#breadcrumb\",\"itemListElement\":[{\"@type\":\"ListItem\",\"position\":1,\"name\":\"Accueil\",\"item\":\"https:\/\/theplayoffs.news\/fr\/\"},{\"@type\":\"ListItem\",\"position\":2,\"name\":\"Sam Darnold : ses plus belles ann\u00e9es devant lui pour Kevin O&rsquo;Connell\"}]},{\"@type\":\"WebSite\",\"@id\":\"https:\/\/theplayoffs.news\/fr\/#website\",\"url\":\"https:\/\/theplayoffs.news\/fr\/\",\"name\":\"The Playoffs FR\",\"description\":\"NBA-NFL-NHL-MLB\",\"potentialAction\":[{\"@type\":\"SearchAction\",\"target\":{\"@type\":\"EntryPoint\",\"urlTemplate\":\"https:\/\/theplayoffs.news\/fr\/?s={search_term_string}\"},\"query-input\":{\"@type\":\"PropertyValueSpecification\",\"valueRequired\":true,\"valueName\":\"search_term_string\"}}],\"inLanguage\":\"fr-FR\"},{\"@type\":\"Person\",\"@id\":\"https:\/\/theplayoffs.news\/fr\/#\/schema\/person\/eee5b69ad5d3c51cabe881c839dbe133\",\"name\":\"Charles Taudin\",\"image\":{\"@type\":\"ImageObject\",\"inLanguage\":\"fr-FR\",\"@id\":\"https:\/\/theplayoffs.news\/fr\/#\/schema\/person\/image\/\",\"url\":\"https:\/\/secure.gravatar.com\/avatar\/59a1e772205ce9fd255edfcafc93013736822e20261f294c5753b20c41ede9f2?s=96&d=mm&r=g\",\"contentUrl\":\"https:\/\/secure.gravatar.com\/avatar\/59a1e772205ce9fd255edfcafc93013736822e20261f294c5753b20c41ede9f2?s=96&d=mm&r=g\",\"caption\":\"Charles Taudin\"},\"description\":\"R\u00e9dacteur en chef global de The Playoffs, j\u2019ai cr\u00e9\u00e9 The Free Agent, devenu The Playoffs FR, en 2020 durant la pand\u00e9mie. Amoureux depuis des ann\u00e9es des 4 sports majeurs am\u00e9ricains, j\u2019organise maintenant la strat\u00e9gie \u00e9ditoriale et les r\u00e9seaux sociaux de l\u2019ensemble des versions de The Playoffs. Il m\u2019arrive encore d\u2019\u00e9crire sur certains sports que j\u2019affectionne particuli\u00e8rement comme la NFL ou la MLB. Si vous devez retenir qu\u2019une chose : Eli Manning est le vrai GOAT pour avoir battu deux fois Tom Brady.\",\"sameAs\":[\"https:\/\/www.instagram.com\/ctaudin_\/\"],\"url\":\"https:\/\/theplayoffs.news\/fr\/author\/charles-taudin\/\"}]}<\/script>\n<!-- \/ Yoast SEO plugin. -->","yoast_head_json":{"title":"Sam Darnold : ses plus belles ann&eacute;es devant lui pour Kevin O&#039;Connell - The Playoffs FR","robots":{"index":"index","follow":"follow","max-snippet":"max-snippet:-1","max-image-preview":"max-image-preview:large","max-video-preview":"max-video-preview:-1"},"canonical":"https:\/\/theplayoffs.news\/fr\/actualite-nfl\/sam-darnold-ses-plus-belles-annees-devant-lui-pour-kevin-oconnell\/","og_locale":"fr_FR","og_type":"article","og_title":"Sam Darnold : ses plus belles ann&eacute;es devant lui pour Kevin O&#039;Connell - The Playoffs FR","og_url":"https:\/\/theplayoffs.news\/fr\/actualite-nfl\/sam-darnold-ses-plus-belles-annees-devant-lui-pour-kevin-oconnell\/","og_site_name":"The Playoffs FR","article_publisher":"https:\/\/www.facebook.com\/TheFreeAgentFR\/","og_image":[{"width":1920,"height":1244,"url":"https:\/\/theplayoffs.news\/fr\/wp-content\/uploads\/2024\/03\/USATSI_22453726-1.jpg","type":"image\/jpeg"}],"author":"Charles Taudin","twitter_card":"summary_large_image","twitter_creator":"@TheFreeAgentFR","twitter_site":"@TheFreeAgentFR","twitter_misc":{"\u00c9crit par":"Charles Taudin","Dur\u00e9e de lecture estim\u00e9e":"1 minute"},"schema":{"@context":"https:\/\/schema.org","@graph":[{"@type":"WebPage","@id":"https:\/\/theplayoffs.news\/fr\/actualite-nfl\/sam-darnold-ses-plus-belles-annees-devant-lui-pour-kevin-oconnell\/","url":"https:\/\/theplayoffs.news\/fr\/actualite-nfl\/sam-darnold-ses-plus-belles-annees-devant-lui-pour-kevin-oconnell\/","name":"Sam Darnold : ses plus belles ann\u00e9es devant lui pour Kevin O\\'Connell - The Playoffs FR","isPartOf":{"@id":"https:\/\/theplayoffs.news\/fr\/#website"},"primaryImageOfPage":{"@id":"https:\/\/theplayoffs.news\/fr\/actualite-nfl\/sam-darnold-ses-plus-belles-annees-devant-lui-pour-kevin-oconnell\/#primaryimage"},"image":{"@id":"https:\/\/theplayoffs.news\/fr\/actualite-nfl\/sam-darnold-ses-plus-belles-annees-devant-lui-pour-kevin-oconnell\/#primaryimage"},"thumbnailUrl":"https:\/\/theplayoffs.news\/fr\/wp-content\/uploads\/2024\/03\/USATSI_22453726-1.jpg","datePublished":"2024-03-26T14:12:40+00:00","dateModified":"2024-03-26T14:12:40+00:00","author":{"@id":"https:\/\/theplayoffs.news\/fr\/#\/schema\/person\/eee5b69ad5d3c51cabe881c839dbe133"},"breadcrumb":{"@id":"https:\/\/theplayoffs.news\/fr\/actualite-nfl\/sam-darnold-ses-plus-belles-annees-devant-lui-pour-kevin-oconnell\/#breadcrumb"},"inLanguage":"fr-FR","potentialAction":[{"@type":"ReadAction","target":["https:\/\/theplayoffs.news\/fr\/actualite-nfl\/sam-darnold-ses-plus-belles-annees-devant-lui-pour-kevin-oconnell\/"]}]},{"@type":"ImageObject","inLanguage":"fr-FR","@id":"https:\/\/theplayoffs.news\/fr\/actualite-nfl\/sam-darnold-ses-plus-belles-annees-devant-lui-pour-kevin-oconnell\/#primaryimage","url":"https:\/\/theplayoffs.news\/fr\/wp-content\/uploads\/2024\/03\/USATSI_22453726-1.jpg","contentUrl":"https:\/\/theplayoffs.news\/fr\/wp-content\/uploads\/2024\/03\/USATSI_22453726-1.jpg","width":1920,"height":1244,"caption":"Feb 5, 2024; Las Vegas, NV, USA; San Francisco 49ers quarterback Sam Darnold (14) is interviewed during Super Bowl LVIII Opening Night at Allegiant Stadium. Mandatory Credit: Kirby Lee-USA TODAY Sports"},{"@type":"BreadcrumbList","@id":"https:\/\/theplayoffs.news\/fr\/actualite-nfl\/sam-darnold-ses-plus-belles-annees-devant-lui-pour-kevin-oconnell\/#breadcrumb","itemListElement":[{"@type":"ListItem","position":1,"name":"Accueil","item":"https:\/\/theplayoffs.news\/fr\/"},{"@type":"ListItem","position":2,"name":"Sam Darnold : ses plus belles ann\u00e9es devant lui pour Kevin O&rsquo;Connell"}]},{"@type":"WebSite","@id":"https:\/\/theplayoffs.news\/fr\/#website","url":"https:\/\/theplayoffs.news\/fr\/","name":"The Playoffs FR","description":"NBA-NFL-NHL-MLB","potentialAction":[{"@type":"SearchAction","target":{"@type":"EntryPoint","urlTemplate":"https:\/\/theplayoffs.news\/fr\/?s={search_term_string}"},"query-input":{"@type":"PropertyValueSpecification","valueRequired":true,"valueName":"search_term_string"}}],"inLanguage":"fr-FR"},{"@type":"Person","@id":"https:\/\/theplayoffs.news\/fr\/#\/schema\/person\/eee5b69ad5d3c51cabe881c839dbe133","name":"Charles Taudin","image":{"@type":"ImageObject","inLanguage":"fr-FR","@id":"https:\/\/theplayoffs.news\/fr\/#\/schema\/person\/image\/","url":"https:\/\/secure.gravatar.com\/avatar\/59a1e772205ce9fd255edfcafc93013736822e20261f294c5753b20c41ede9f2?s=96&d=mm&r=g","contentUrl":"https:\/\/secure.gravatar.com\/avatar\/59a1e772205ce9fd255edfcafc93013736822e20261f294c5753b20c41ede9f2?s=96&d=mm&r=g","caption":"Charles Taudin"},"description":"R\u00e9dacteur en chef global de The Playoffs, j\u2019ai cr\u00e9\u00e9 The Free Agent, devenu The Playoffs FR, en 2020 durant la pand\u00e9mie. Amoureux depuis des ann\u00e9es des 4 sports majeurs am\u00e9ricains, j\u2019organise maintenant la strat\u00e9gie \u00e9ditoriale et les r\u00e9seaux sociaux de l\u2019ensemble des versions de The Playoffs. Il m\u2019arrive encore d\u2019\u00e9crire sur certains sports que j\u2019affectionne particuli\u00e8rement comme la NFL ou la MLB. Si vous devez retenir qu\u2019une chose : Eli Manning est le vrai GOAT pour avoir battu deux fois Tom Brady.","sameAs":["https:\/\/www.instagram.com\/ctaudin_\/"],"url":"https:\/\/theplayoffs.news\/fr\/author\/charles-taudin\/"}]}},"_links":{"self":[{"href":"https:\/\/theplayoffs.news\/fr\/wp-json\/wp\/v2\/posts\/1401407","targetHints":{"allow":["GET"]}}],"collection":[{"href":"https:\/\/theplayoffs.news\/fr\/wp-json\/wp\/v2\/posts"}],"about":[{"href":"https:\/\/theplayoffs.news\/fr\/wp-json\/wp\/v2\/types\/post"}],"author":[{"embeddable":true,"href":"https:\/\/theplayoffs.news\/fr\/wp-json\/wp\/v2\/users\/13"}],"replies":[{"embeddable":true,"href":"https:\/\/theplayoffs.news\/fr\/wp-json\/wp\/v2\/comments?post=1401407"}],"version-history":[{"count":3,"href":"https:\/\/theplayoffs.news\/fr\/wp-json\/wp\/v2\/posts\/1401407\/revisions"}],"predecessor-version":[{"id":1401411,"href":"https:\/\/theplayoffs.news\/fr\/wp-json\/wp\/v2\/posts\/1401407\/revisions\/1401411"}],"wp:featuredmedia":[{"embeddable":true,"href":"https:\/\/theplayoffs.news\/fr\/wp-json\/wp\/v2\/media\/1401408"}],"wp:attachment":[{"href":"https:\/\/theplayoffs.news\/fr\/wp-json\/wp\/v2\/media?parent=1401407"}],"wp:term":[{"taxonomy":"category","embeddable":true,"href":"https:\/\/theplayoffs.news\/fr\/wp-json\/wp\/v2\/categories?post=1401407"},{"taxonomy":"post_tag","embeddable":true,"href":"https:\/\/theplayoffs.news\/fr\/wp-json\/wp\/v2\/tags?post=1401407"},{"taxonomy":"sport","embeddable":true,"href":"https:\/\/theplayoffs.news\/fr\/wp-json\/wp\/v2\/sport?post=1401407"},{"taxonomy":"saison","embeddable":true,"href":"https:\/\/theplayoffs.news\/fr\/wp-json\/wp\/v2\/saison?post=1401407"}],"curies":[{"name":"wp","href":"https:\/\/api.w.org\/{rel}","templated":true}]}}