{"id":1399066,"date":"2024-03-25T11:06:18","date_gmt":"2024-03-25T10:06:18","guid":{"rendered":"https:\/\/theplayoffs.news\/fr\/?p=1399066"},"modified":"2024-03-27T13:22:57","modified_gmt":"2024-03-27T12:22:57","slug":"aidan-oconnell-droit-pretendre-titulaire","status":"publish","type":"post","link":"https:\/\/theplayoffs.news\/fr\/actualite-nfl\/aidan-oconnell-droit-pretendre-titulaire\/","title":{"rendered":"Antonio Pierce (Raiders): \u00ab\u00a0Aidan O&rsquo;Connell a gagn\u00e9 le droit de pr\u00e9tendre au poste de titulaire\u00a0\u00bb"},"content":{"rendered":"<h2>NFL &ndash; R&eacute;uni lors du meeting annuel de la NFL avec les autres entra&icirc;neurs de franchise, Antonio Pierce s&rsquo;est exprim&eacute; sur la situation d&rsquo;Aidan O&rsquo;Connell.<\/h2><p><a href=\"https:\/\/theplayoffs.news\/fr\/joueur\/aidan-oconnell-nfl-8520788\/\" class=\"trk-cta-link\" data-cta-trk='{\"ctaType\":\"Link\",\"ctaSubType\":\"main\"}'>Aidan O&rsquo;Connell<\/a> sera-t-il le quarterback titulaire des Las Vegas Raiders pour la saison 2024? S&eacute;lectionn&eacute; au 4e tour de la derni&egrave;re draft pour &ecirc;tre &agrave; l&rsquo;origine le rempla&ccedil;ant de Jimmy Garropolo, O&rsquo;Connell avait finalement commenc&eacute; plus de la moiti&eacute; des rencontres de saison r&eacute;guli&egrave;re de sa franchise avec pas moins de 10 matchs jou&eacute;s comme titulaire. Mais le rookie, qui ne fut pas toujours aid&eacute; par l&rsquo;atmosph&egrave;re qui entourait alors la franchise, a souffl&eacute; le chaud et le froid pendant cette saison 2023 comme l&rsquo;exprime son bilan de 5 victoires pour 5 d&eacute;faites.<\/p><p>Des performances qui pourraient tout de m&ecirc;me conduire Aidan O&rsquo;Connell &agrave; rester titulaire lors de la saison 2024? La d&eacute;cision ne semble pas encore &ecirc;tre prise mais d&rsquo;apr&egrave;s l&rsquo;entra&icirc;neur principal des Las Vegas Raiders, Antonio Pierce, O&rsquo;Connell a obtenu le droit, au regard de ses performances, de <a href=\"https:\/\/www.nfl.com\/news\/antonio-pierce-aidan-o-connell-earned-right-to-compete-for-starting-role-even-as-raiders-consider-drafting-qb?campaign=Twitter_atn\" class=\"trk-cta-link\" data-cta-trk='{\"ctaType\":\"Link\",\"ctaSubType\":\"main\"}'>pr&eacute;tendre &agrave; cette place de titulaire<\/a>:<\/p><blockquote><p>&laquo;&nbsp;Au final, Aidan O&rsquo;Connell a fait un travail d&rsquo;enfer pour nous&nbsp;&raquo; a d&eacute;clar&eacute; l&rsquo;entra&icirc;neur des Raiders. &laquo;&nbsp;Ce joueur a la force mentale pour jouer en NFL. Quoi que nous fassions pendant cette intersaison, cela passera par O&rsquo;Connell car il a gagn&eacute; le droit d&rsquo;&ecirc;tre dans la discussion pour &ecirc;tre titulaire la saison prochaine&nbsp;&raquo;.<\/p><\/blockquote><p>Le poste de quarterback s&rsquo;annonce donc particuli&egrave;rement disput&eacute; pendant l&rsquo;intersaison chez les Las Vegas Raider. Garoppolo parti, Aidan O&rsquo;Connell pouvait &ecirc;tre consid&eacute;r&eacute; comme le candidat naturel pour le poste de titulaire. Mais le r&eacute;cent recrutement de Gardner Minshew et la probable s&eacute;lection d&rsquo;un quarterback lors de la draft pourraient rebattre les cartes. Bien malin celui qui pourrait nommer le nom du quarterback titulaire pour la week 1 des Raiders!<\/p><p><em>Cr&eacute;dit photo: Jay Biggerstaff-USA TODAY Sports<\/em><\/p>\n","protected":false},"excerpt":{"rendered":"","protected":false},"author":180309964,"featured_media":1399118,"comment_status":"open","ping_status":"closed","sticky":false,"template":"","format":"standard","meta":{"inline_featured_image":false,"kia_subtitle":"","_mux_skip_reasons":[],"proofreadBy":0,"footnotes":""},"categories":[118,40],"tags":[6562,6840,796],"sport":[2785],"saison":[6111],"class_list":["post-1399066","post","type-post","status-publish","format-standard","has-post-thumbnail","hentry","category-actualite-nfl","category-nfl","tag-aidan-oconnell","tag-antonio-pierce","tag-las-vegas-raiders","sport-nfl","saison-6111"],"acf":[],"yoast_head":"<!-- This site is optimized with the Yoast SEO plugin v24.2 - https:\/\/yoast.com\/wordpress\/plugins\/seo\/ -->\n<title>Antonio Pierce (Raiders): &quot;Aidan O&#039;Connell a gagn&eacute; le droit de pr&eacute;tendre au poste de titulaire&quot; - The Playoffs FR<\/title>\n<meta name=\"robots\" content=\"index, follow, max-snippet:-1, max-image-preview:large, max-video-preview:-1\" \/>\n<link rel=\"canonical\" href=\"https:\/\/theplayoffs.news\/fr\/actualite-nfl\/aidan-oconnell-droit-pretendre-titulaire\/\" \/>\n<meta property=\"og:locale\" content=\"fr_FR\" \/>\n<meta property=\"og:type\" content=\"article\" \/>\n<meta property=\"og:title\" content=\"Antonio Pierce (Raiders): &quot;Aidan O&#039;Connell a gagn&eacute; le droit de pr&eacute;tendre au poste de titulaire&quot; - The Playoffs FR\" \/>\n<meta property=\"og:url\" content=\"https:\/\/theplayoffs.news\/fr\/actualite-nfl\/aidan-oconnell-droit-pretendre-titulaire\/\" \/>\n<meta property=\"og:site_name\" content=\"The Playoffs FR\" \/>\n<meta property=\"article:publisher\" content=\"https:\/\/www.facebook.com\/TheFreeAgentFR\/\" \/>\n<meta property=\"article:modified_time\" content=\"2024-03-27T13:22:57+01:00\" \/>\n<meta property=\"og:image\" content=\"https:\/\/theplayoffs.news\/fr\/wp-content\/uploads\/2024\/03\/USATSI_22173162.jpg\" \/>\n\t<meta property=\"og:image:width\" content=\"1920\" \/>\n\t<meta property=\"og:image:height\" content=\"1336\" \/>\n\t<meta property=\"og:image:type\" content=\"image\/jpeg\" \/>\n<meta name=\"author\" content=\"Flavien Jumeau\" \/>\n<meta name=\"twitter:card\" content=\"summary_large_image\" \/>\n<meta name=\"twitter:creator\" content=\"@TheFreeAgentFR\" \/>\n<meta name=\"twitter:site\" content=\"@TheFreeAgentFR\" \/>\n<meta name=\"twitter:label1\" content=\"\u00c9crit par\" \/>\n\t<meta name=\"twitter:data1\" content=\"Flavien Jumeau\" \/>\n\t<meta name=\"twitter:label2\" content=\"Dur\u00e9e de lecture estim\u00e9e\" \/>\n\t<meta name=\"twitter:data2\" content=\"2 minutes\" \/>\n<script type=\"application\/ld+json\" class=\"yoast-schema-graph\">{\"@context\":\"https:\/\/schema.org\",\"@graph\":[{\"@type\":\"WebPage\",\"@id\":\"https:\/\/theplayoffs.news\/fr\/actualite-nfl\/aidan-oconnell-droit-pretendre-titulaire\/\",\"url\":\"https:\/\/theplayoffs.news\/fr\/actualite-nfl\/aidan-oconnell-droit-pretendre-titulaire\/\",\"name\":\"Antonio Pierce (Raiders): \\\\\\\"Aidan O\\\\'Connell a gagn\u00e9 le droit de pr\u00e9tendre au poste de titulaire\\\\\\\" - The Playoffs FR\",\"isPartOf\":{\"@id\":\"https:\/\/theplayoffs.news\/fr\/#website\"},\"primaryImageOfPage\":{\"@id\":\"https:\/\/theplayoffs.news\/fr\/actualite-nfl\/aidan-oconnell-droit-pretendre-titulaire\/#primaryimage\"},\"image\":{\"@id\":\"https:\/\/theplayoffs.news\/fr\/actualite-nfl\/aidan-oconnell-droit-pretendre-titulaire\/#primaryimage\"},\"thumbnailUrl\":\"https:\/\/theplayoffs.news\/fr\/wp-content\/uploads\/2024\/03\/USATSI_22173162.jpg\",\"datePublished\":\"2024-03-25T10:06:18+00:00\",\"dateModified\":\"2024-03-27T12:22:57+00:00\",\"author\":{\"@id\":\"https:\/\/theplayoffs.news\/fr\/#\/schema\/person\/def63bc6746dc5957469b75feb99e66d\"},\"breadcrumb\":{\"@id\":\"https:\/\/theplayoffs.news\/fr\/actualite-nfl\/aidan-oconnell-droit-pretendre-titulaire\/#breadcrumb\"},\"inLanguage\":\"fr-FR\",\"potentialAction\":[{\"@type\":\"ReadAction\",\"target\":[\"https:\/\/theplayoffs.news\/fr\/actualite-nfl\/aidan-oconnell-droit-pretendre-titulaire\/\"]}]},{\"@type\":\"ImageObject\",\"inLanguage\":\"fr-FR\",\"@id\":\"https:\/\/theplayoffs.news\/fr\/actualite-nfl\/aidan-oconnell-droit-pretendre-titulaire\/#primaryimage\",\"url\":\"https:\/\/theplayoffs.news\/fr\/wp-content\/uploads\/2024\/03\/USATSI_22173162.jpg\",\"contentUrl\":\"https:\/\/theplayoffs.news\/fr\/wp-content\/uploads\/2024\/03\/USATSI_22173162.jpg\",\"width\":1920,\"height\":1336,\"caption\":\"Dec 25, 2023; Kansas City, Missouri, USA; Las Vegas Raiders quarterback Aidan O\\\\'Connell (4) talks with head coach Antonio Pierce during the second half against the Las Vegas Raiders at GEHA Field at Arrowhead Stadium. Mandatory Credit: Jay Biggerstaff-USA TODAY Sports\"},{\"@type\":\"BreadcrumbList\",\"@id\":\"https:\/\/theplayoffs.news\/fr\/actualite-nfl\/aidan-oconnell-droit-pretendre-titulaire\/#breadcrumb\",\"itemListElement\":[{\"@type\":\"ListItem\",\"position\":1,\"name\":\"Accueil\",\"item\":\"https:\/\/theplayoffs.news\/fr\/\"},{\"@type\":\"ListItem\",\"position\":2,\"name\":\"Antonio Pierce (Raiders): \u00ab\u00a0Aidan O&rsquo;Connell a gagn\u00e9 le droit de pr\u00e9tendre au poste de titulaire\u00a0\u00bb\"}]},{\"@type\":\"WebSite\",\"@id\":\"https:\/\/theplayoffs.news\/fr\/#website\",\"url\":\"https:\/\/theplayoffs.news\/fr\/\",\"name\":\"The Playoffs FR\",\"description\":\"NBA-NFL-NHL-MLB\",\"potentialAction\":[{\"@type\":\"SearchAction\",\"target\":{\"@type\":\"EntryPoint\",\"urlTemplate\":\"https:\/\/theplayoffs.news\/fr\/?s={search_term_string}\"},\"query-input\":{\"@type\":\"PropertyValueSpecification\",\"valueRequired\":true,\"valueName\":\"search_term_string\"}}],\"inLanguage\":\"fr-FR\"},{\"@type\":\"Person\",\"@id\":\"https:\/\/theplayoffs.news\/fr\/#\/schema\/person\/def63bc6746dc5957469b75feb99e66d\",\"name\":\"Flavien Jumeau\",\"image\":{\"@type\":\"ImageObject\",\"inLanguage\":\"fr-FR\",\"@id\":\"https:\/\/theplayoffs.news\/fr\/#\/schema\/person\/image\/\",\"url\":\"https:\/\/secure.gravatar.com\/avatar\/e7fa8ba5a4b7e4ce35fe152f083f352db28ad0acce692004ed88a7a7d78893f7?s=96&d=mm&r=g\",\"contentUrl\":\"https:\/\/secure.gravatar.com\/avatar\/e7fa8ba5a4b7e4ce35fe152f083f352db28ad0acce692004ed88a7a7d78893f7?s=96&d=mm&r=g\",\"caption\":\"Flavien Jumeau\"},\"description\":\"Amoureux du sport (et de vraiment tous les sports) depuis mon plus jeune \u00e2ge, j\u2019ai longtemps h\u00e9site entre le snooker et le curling. Finalement c\u2019est le foot US que j\u2019ai d\u00e9cid\u00e9 de choisir! Responsable foot US sur TPO et animateur du podcast Tailgate j\u2019ai pour mission de vous faire d\u00e9couvrir ce sport passionnant si ce n\u2019est pas encore fait et de vous donner les derni\u00e8res actus. Le tout dans la bonne humeur et avec toujours un jeu de mots ou deux savamment distill\u00e9s! Fan des Saints, pour moi Drew Brees est le vrai GOAT!\",\"url\":\"https:\/\/theplayoffs.news\/fr\/author\/flavien-jumeaugmail-com\/\"}]}<\/script>\n<!-- \/ Yoast SEO plugin. -->","yoast_head_json":{"title":"Antonio Pierce (Raiders): &quot;Aidan O&#039;Connell a gagn&eacute; le droit de pr&eacute;tendre au poste de titulaire&quot; - The Playoffs FR","robots":{"index":"index","follow":"follow","max-snippet":"max-snippet:-1","max-image-preview":"max-image-preview:large","max-video-preview":"max-video-preview:-1"},"canonical":"https:\/\/theplayoffs.news\/fr\/actualite-nfl\/aidan-oconnell-droit-pretendre-titulaire\/","og_locale":"fr_FR","og_type":"article","og_title":"Antonio Pierce (Raiders): &quot;Aidan O&#039;Connell a gagn&eacute; le droit de pr&eacute;tendre au poste de titulaire&quot; - The Playoffs FR","og_url":"https:\/\/theplayoffs.news\/fr\/actualite-nfl\/aidan-oconnell-droit-pretendre-titulaire\/","og_site_name":"The Playoffs FR","article_publisher":"https:\/\/www.facebook.com\/TheFreeAgentFR\/","article_modified_time":"2024-03-27T12:22:57+00:00","og_image":[{"width":1920,"height":1336,"url":"https:\/\/theplayoffs.news\/fr\/wp-content\/uploads\/2024\/03\/USATSI_22173162.jpg","type":"image\/jpeg"}],"author":"Flavien Jumeau","twitter_card":"summary_large_image","twitter_creator":"@TheFreeAgentFR","twitter_site":"@TheFreeAgentFR","twitter_misc":{"\u00c9crit par":"Flavien Jumeau","Dur\u00e9e de lecture estim\u00e9e":"2 minutes"},"schema":{"@context":"https:\/\/schema.org","@graph":[{"@type":"WebPage","@id":"https:\/\/theplayoffs.news\/fr\/actualite-nfl\/aidan-oconnell-droit-pretendre-titulaire\/","url":"https:\/\/theplayoffs.news\/fr\/actualite-nfl\/aidan-oconnell-droit-pretendre-titulaire\/","name":"Antonio Pierce (Raiders): \\\"Aidan O\\'Connell a gagn\u00e9 le droit de pr\u00e9tendre au poste de titulaire\\\" - The Playoffs FR","isPartOf":{"@id":"https:\/\/theplayoffs.news\/fr\/#website"},"primaryImageOfPage":{"@id":"https:\/\/theplayoffs.news\/fr\/actualite-nfl\/aidan-oconnell-droit-pretendre-titulaire\/#primaryimage"},"image":{"@id":"https:\/\/theplayoffs.news\/fr\/actualite-nfl\/aidan-oconnell-droit-pretendre-titulaire\/#primaryimage"},"thumbnailUrl":"https:\/\/theplayoffs.news\/fr\/wp-content\/uploads\/2024\/03\/USATSI_22173162.jpg","datePublished":"2024-03-25T10:06:18+00:00","dateModified":"2024-03-27T12:22:57+00:00","author":{"@id":"https:\/\/theplayoffs.news\/fr\/#\/schema\/person\/def63bc6746dc5957469b75feb99e66d"},"breadcrumb":{"@id":"https:\/\/theplayoffs.news\/fr\/actualite-nfl\/aidan-oconnell-droit-pretendre-titulaire\/#breadcrumb"},"inLanguage":"fr-FR","potentialAction":[{"@type":"ReadAction","target":["https:\/\/theplayoffs.news\/fr\/actualite-nfl\/aidan-oconnell-droit-pretendre-titulaire\/"]}]},{"@type":"ImageObject","inLanguage":"fr-FR","@id":"https:\/\/theplayoffs.news\/fr\/actualite-nfl\/aidan-oconnell-droit-pretendre-titulaire\/#primaryimage","url":"https:\/\/theplayoffs.news\/fr\/wp-content\/uploads\/2024\/03\/USATSI_22173162.jpg","contentUrl":"https:\/\/theplayoffs.news\/fr\/wp-content\/uploads\/2024\/03\/USATSI_22173162.jpg","width":1920,"height":1336,"caption":"Dec 25, 2023; Kansas City, Missouri, USA; Las Vegas Raiders quarterback Aidan O\\'Connell (4) talks with head coach Antonio Pierce during the second half against the Las Vegas Raiders at GEHA Field at Arrowhead Stadium. Mandatory Credit: Jay Biggerstaff-USA TODAY Sports"},{"@type":"BreadcrumbList","@id":"https:\/\/theplayoffs.news\/fr\/actualite-nfl\/aidan-oconnell-droit-pretendre-titulaire\/#breadcrumb","itemListElement":[{"@type":"ListItem","position":1,"name":"Accueil","item":"https:\/\/theplayoffs.news\/fr\/"},{"@type":"ListItem","position":2,"name":"Antonio Pierce (Raiders): \u00ab\u00a0Aidan O&rsquo;Connell a gagn\u00e9 le droit de pr\u00e9tendre au poste de titulaire\u00a0\u00bb"}]},{"@type":"WebSite","@id":"https:\/\/theplayoffs.news\/fr\/#website","url":"https:\/\/theplayoffs.news\/fr\/","name":"The Playoffs FR","description":"NBA-NFL-NHL-MLB","potentialAction":[{"@type":"SearchAction","target":{"@type":"EntryPoint","urlTemplate":"https:\/\/theplayoffs.news\/fr\/?s={search_term_string}"},"query-input":{"@type":"PropertyValueSpecification","valueRequired":true,"valueName":"search_term_string"}}],"inLanguage":"fr-FR"},{"@type":"Person","@id":"https:\/\/theplayoffs.news\/fr\/#\/schema\/person\/def63bc6746dc5957469b75feb99e66d","name":"Flavien Jumeau","image":{"@type":"ImageObject","inLanguage":"fr-FR","@id":"https:\/\/theplayoffs.news\/fr\/#\/schema\/person\/image\/","url":"https:\/\/secure.gravatar.com\/avatar\/e7fa8ba5a4b7e4ce35fe152f083f352db28ad0acce692004ed88a7a7d78893f7?s=96&d=mm&r=g","contentUrl":"https:\/\/secure.gravatar.com\/avatar\/e7fa8ba5a4b7e4ce35fe152f083f352db28ad0acce692004ed88a7a7d78893f7?s=96&d=mm&r=g","caption":"Flavien Jumeau"},"description":"Amoureux du sport (et de vraiment tous les sports) depuis mon plus jeune \u00e2ge, j\u2019ai longtemps h\u00e9site entre le snooker et le curling. Finalement c\u2019est le foot US que j\u2019ai d\u00e9cid\u00e9 de choisir! Responsable foot US sur TPO et animateur du podcast Tailgate j\u2019ai pour mission de vous faire d\u00e9couvrir ce sport passionnant si ce n\u2019est pas encore fait et de vous donner les derni\u00e8res actus. Le tout dans la bonne humeur et avec toujours un jeu de mots ou deux savamment distill\u00e9s! Fan des Saints, pour moi Drew Brees est le vrai GOAT!","url":"https:\/\/theplayoffs.news\/fr\/author\/flavien-jumeaugmail-com\/"}]}},"_links":{"self":[{"href":"https:\/\/theplayoffs.news\/fr\/wp-json\/wp\/v2\/posts\/1399066","targetHints":{"allow":["GET"]}}],"collection":[{"href":"https:\/\/theplayoffs.news\/fr\/wp-json\/wp\/v2\/posts"}],"about":[{"href":"https:\/\/theplayoffs.news\/fr\/wp-json\/wp\/v2\/types\/post"}],"author":[{"embeddable":true,"href":"https:\/\/theplayoffs.news\/fr\/wp-json\/wp\/v2\/users\/180309964"}],"replies":[{"embeddable":true,"href":"https:\/\/theplayoffs.news\/fr\/wp-json\/wp\/v2\/comments?post=1399066"}],"version-history":[{"count":3,"href":"https:\/\/theplayoffs.news\/fr\/wp-json\/wp\/v2\/posts\/1399066\/revisions"}],"predecessor-version":[{"id":1399121,"href":"https:\/\/theplayoffs.news\/fr\/wp-json\/wp\/v2\/posts\/1399066\/revisions\/1399121"}],"wp:featuredmedia":[{"embeddable":true,"href":"https:\/\/theplayoffs.news\/fr\/wp-json\/wp\/v2\/media\/1399118"}],"wp:attachment":[{"href":"https:\/\/theplayoffs.news\/fr\/wp-json\/wp\/v2\/media?parent=1399066"}],"wp:term":[{"taxonomy":"category","embeddable":true,"href":"https:\/\/theplayoffs.news\/fr\/wp-json\/wp\/v2\/categories?post=1399066"},{"taxonomy":"post_tag","embeddable":true,"href":"https:\/\/theplayoffs.news\/fr\/wp-json\/wp\/v2\/tags?post=1399066"},{"taxonomy":"sport","embeddable":true,"href":"https:\/\/theplayoffs.news\/fr\/wp-json\/wp\/v2\/sport?post=1399066"},{"taxonomy":"saison","embeddable":true,"href":"https:\/\/theplayoffs.news\/fr\/wp-json\/wp\/v2\/saison?post=1399066"}],"curies":[{"name":"wp","href":"https:\/\/api.w.org\/{rel}","templated":true}]}}