{"id":1398712,"date":"2024-03-25T09:30:20","date_gmt":"2024-03-25T08:30:20","guid":{"rendered":"https:\/\/theplayoffs.news\/fr\/?p=1398712"},"modified":"2024-03-25T09:30:20","modified_gmt":"2024-03-25T08:30:20","slug":"steve-kerr-defend-son-choix-sur-le-temps-de-jeu-de-stephen-curry","status":"publish","type":"post","link":"https:\/\/theplayoffs.news\/fr\/actualite-nba\/steve-kerr-defend-son-choix-sur-le-temps-de-jeu-de-stephen-curry\/","title":{"rendered":"Steve Kerr d\u00e9fend son choix sur le temps de jeu de Stephen Curry"},"content":{"rendered":"<h2>Oppos&eacute;s aux Timberwolves hier soir, les Warriors se sont inclin&eacute;s 114 &agrave; 110 et Stephen Curry a regard&eacute; ses co&eacute;quipiers sur le banc durant 11 minutes d&rsquo;affil&eacute;e.<\/h2><p>Mis sur le banc &agrave; 4 minutes du terme du 3&egrave; quart-temps, <a href=\"https:\/\/theplayoffs.news\/fr\/joueur\/stephen-curry-nba-7950\/\" class=\"trk-cta-link\" data-cta-trk='{\"ctaType\":\"Link\",\"ctaSubType\":\"main\"}'><strong>Stephen Curry<\/strong><\/a> n&rsquo;est revenu sur le terrain qu&rsquo;&agrave; 6 minutes du terme du quatri&egrave;me quart. Son entr&eacute;e a fait du bien aux Warriors mais le mal &eacute;tait d&eacute;j&agrave; fait.<\/p><p>Interrog&eacute; apr&egrave;s la rencontre sur cette gestion du temps de jeu de Curry, Steve Kerr s&rsquo;est d&eacute;fendu pla&ccedil;ant la sant&eacute; du joueur au premier plan :<\/p><blockquote><p>&laquo;&nbsp;On ne peut pas s&rsquo;attendre &agrave; ce que Steph se contente de jouer match apr&egrave;s match&nbsp;&raquo;, <a href=\"https:\/\/www.espn.com\/nba\/story\/_\/id\/39804516\/steve-kerr-defends-stephen-curry-low-minute-total-loss\" class=\"trk-cta-link\" data-cta-trk='{\"ctaType\":\"Link\",\"ctaSubType\":\"main\"}'>a d&eacute;clar&eacute; Steve Kerr<\/a>. &laquo;&nbsp;Nous lui avons fait porter le fardeau de cette franchise pendant 15 ans. Nous ne pouvons pas nous attendre &agrave; ce qu&rsquo;il joue 35 minutes&hellip; Si vous voulez dire que le fait qu&rsquo;il joue 30 minutes au lieu de 32 fait la diff&eacute;rence entre une victoire et une d&eacute;faite, je ne suis pas du tout d&rsquo;accord. Nous essayons de gagner le match. Et nous essayons aussi de le garder frais&nbsp;&raquo;.<\/p><\/blockquote><p>Ce n&rsquo;est pas une surprise de voir les Warriors &ecirc;tre d&eacute;pendant de Stephen Curry sur le terrain. Leur dynamique actuelle n&rsquo;est pas bonne comme l&rsquo;a soulign&eacute; Draymond Green. Les Warriors s&rsquo;am&eacute;liorent sur des aspects en particulier mais la victoire n&rsquo;est toujours pas au bout du chemin.<\/p><p>Actuellement 10&egrave; de la conf&eacute;rence Ouest, les Warriors voient les Lakers les distancer avec maintenant 2.5 matchs d&rsquo;avance et voient les Rockets dans leur r&eacute;troviseur avec un match seulement d&rsquo;&eacute;cart.<\/p><p>&nbsp;<\/p><p>Credit Photo : Brad Rempel-USA TODAY Sports<\/p>\n","protected":false},"excerpt":{"rendered":"","protected":false},"author":13,"featured_media":1398749,"comment_status":"open","ping_status":"closed","sticky":false,"template":"","format":"standard","meta":{"inline_featured_image":false,"kia_subtitle":"","_mux_skip_reasons":[],"proofreadBy":0,"footnotes":""},"categories":[110,10],"tags":[1097,68,1098],"sport":[],"saison":[],"class_list":["post-1398712","post","type-post","status-publish","format-standard","has-post-thumbnail","hentry","category-actualite-nba","category-nba","tag-golden-state-warriors","tag-stephen-curry","tag-steve-kerr"],"acf":[],"yoast_head":"<!-- This site is optimized with the Yoast SEO plugin v24.2 - https:\/\/yoast.com\/wordpress\/plugins\/seo\/ -->\n<title>Steve Kerr d&eacute;fend son choix sur le temps de jeu de Stephen Curry - The Playoffs FR<\/title>\n<meta name=\"robots\" content=\"index, follow, max-snippet:-1, max-image-preview:large, max-video-preview:-1\" \/>\n<link rel=\"canonical\" href=\"https:\/\/theplayoffs.news\/fr\/actualite-nba\/steve-kerr-defend-son-choix-sur-le-temps-de-jeu-de-stephen-curry\/\" \/>\n<meta property=\"og:locale\" content=\"fr_FR\" \/>\n<meta property=\"og:type\" content=\"article\" \/>\n<meta property=\"og:title\" content=\"Steve Kerr d&eacute;fend son choix sur le temps de jeu de Stephen Curry - The Playoffs FR\" \/>\n<meta property=\"og:url\" content=\"https:\/\/theplayoffs.news\/fr\/actualite-nba\/steve-kerr-defend-son-choix-sur-le-temps-de-jeu-de-stephen-curry\/\" \/>\n<meta property=\"og:site_name\" content=\"The Playoffs FR\" \/>\n<meta property=\"article:publisher\" content=\"https:\/\/www.facebook.com\/TheFreeAgentFR\/\" \/>\n<meta property=\"article:modified_time\" content=\"2024-03-25T09:30:20+01:00\" \/>\n<meta property=\"og:image\" content=\"https:\/\/theplayoffs.news\/fr\/wp-content\/uploads\/2024\/03\/USATSI_22858098.jpg\" \/>\n\t<meta property=\"og:image:width\" content=\"1920\" \/>\n\t<meta property=\"og:image:height\" content=\"1280\" \/>\n\t<meta property=\"og:image:type\" content=\"image\/jpeg\" \/>\n<meta name=\"author\" content=\"Charles Taudin\" \/>\n<meta name=\"twitter:card\" content=\"summary_large_image\" \/>\n<meta name=\"twitter:creator\" content=\"@TheFreeAgentFR\" \/>\n<meta name=\"twitter:site\" content=\"@TheFreeAgentFR\" \/>\n<meta name=\"twitter:label1\" content=\"\u00c9crit par\" \/>\n\t<meta name=\"twitter:data1\" content=\"Charles Taudin\" \/>\n\t<meta name=\"twitter:label2\" content=\"Dur\u00e9e de lecture estim\u00e9e\" \/>\n\t<meta name=\"twitter:data2\" content=\"1 minute\" \/>\n<script type=\"application\/ld+json\" class=\"yoast-schema-graph\">{\"@context\":\"https:\/\/schema.org\",\"@graph\":[{\"@type\":\"WebPage\",\"@id\":\"https:\/\/theplayoffs.news\/fr\/actualite-nba\/steve-kerr-defend-son-choix-sur-le-temps-de-jeu-de-stephen-curry\/\",\"url\":\"https:\/\/theplayoffs.news\/fr\/actualite-nba\/steve-kerr-defend-son-choix-sur-le-temps-de-jeu-de-stephen-curry\/\",\"name\":\"Steve Kerr d\u00e9fend son choix sur le temps de jeu de Stephen Curry - The Playoffs FR\",\"isPartOf\":{\"@id\":\"https:\/\/theplayoffs.news\/fr\/#website\"},\"primaryImageOfPage\":{\"@id\":\"https:\/\/theplayoffs.news\/fr\/actualite-nba\/steve-kerr-defend-son-choix-sur-le-temps-de-jeu-de-stephen-curry\/#primaryimage\"},\"image\":{\"@id\":\"https:\/\/theplayoffs.news\/fr\/actualite-nba\/steve-kerr-defend-son-choix-sur-le-temps-de-jeu-de-stephen-curry\/#primaryimage\"},\"thumbnailUrl\":\"https:\/\/theplayoffs.news\/fr\/wp-content\/uploads\/2024\/03\/USATSI_22858098.jpg\",\"datePublished\":\"2024-03-25T08:30:20+00:00\",\"dateModified\":\"2024-03-25T08:30:20+00:00\",\"author\":{\"@id\":\"https:\/\/theplayoffs.news\/fr\/#\/schema\/person\/eee5b69ad5d3c51cabe881c839dbe133\"},\"breadcrumb\":{\"@id\":\"https:\/\/theplayoffs.news\/fr\/actualite-nba\/steve-kerr-defend-son-choix-sur-le-temps-de-jeu-de-stephen-curry\/#breadcrumb\"},\"inLanguage\":\"fr-FR\",\"potentialAction\":[{\"@type\":\"ReadAction\",\"target\":[\"https:\/\/theplayoffs.news\/fr\/actualite-nba\/steve-kerr-defend-son-choix-sur-le-temps-de-jeu-de-stephen-curry\/\"]}]},{\"@type\":\"ImageObject\",\"inLanguage\":\"fr-FR\",\"@id\":\"https:\/\/theplayoffs.news\/fr\/actualite-nba\/steve-kerr-defend-son-choix-sur-le-temps-de-jeu-de-stephen-curry\/#primaryimage\",\"url\":\"https:\/\/theplayoffs.news\/fr\/wp-content\/uploads\/2024\/03\/USATSI_22858098.jpg\",\"contentUrl\":\"https:\/\/theplayoffs.news\/fr\/wp-content\/uploads\/2024\/03\/USATSI_22858098.jpg\",\"width\":1920,\"height\":1280,\"caption\":\"Mar 24, 2024; Minneapolis, Minnesota, USA; Golden State Warriors guard Stephen Curry (30) applauds his team against the Minnesota Timberwolves in the fourth quarter at Target Center. Mandatory Credit: Brad Rempel-USA TODAY Sports\"},{\"@type\":\"BreadcrumbList\",\"@id\":\"https:\/\/theplayoffs.news\/fr\/actualite-nba\/steve-kerr-defend-son-choix-sur-le-temps-de-jeu-de-stephen-curry\/#breadcrumb\",\"itemListElement\":[{\"@type\":\"ListItem\",\"position\":1,\"name\":\"Accueil\",\"item\":\"https:\/\/theplayoffs.news\/fr\/\"},{\"@type\":\"ListItem\",\"position\":2,\"name\":\"Steve Kerr d\u00e9fend son choix sur le temps de jeu de Stephen Curry\"}]},{\"@type\":\"WebSite\",\"@id\":\"https:\/\/theplayoffs.news\/fr\/#website\",\"url\":\"https:\/\/theplayoffs.news\/fr\/\",\"name\":\"The Playoffs FR\",\"description\":\"NBA-NFL-NHL-MLB\",\"potentialAction\":[{\"@type\":\"SearchAction\",\"target\":{\"@type\":\"EntryPoint\",\"urlTemplate\":\"https:\/\/theplayoffs.news\/fr\/?s={search_term_string}\"},\"query-input\":{\"@type\":\"PropertyValueSpecification\",\"valueRequired\":true,\"valueName\":\"search_term_string\"}}],\"inLanguage\":\"fr-FR\"},{\"@type\":\"Person\",\"@id\":\"https:\/\/theplayoffs.news\/fr\/#\/schema\/person\/eee5b69ad5d3c51cabe881c839dbe133\",\"name\":\"Charles Taudin\",\"image\":{\"@type\":\"ImageObject\",\"inLanguage\":\"fr-FR\",\"@id\":\"https:\/\/theplayoffs.news\/fr\/#\/schema\/person\/image\/\",\"url\":\"https:\/\/secure.gravatar.com\/avatar\/59a1e772205ce9fd255edfcafc93013736822e20261f294c5753b20c41ede9f2?s=96&d=mm&r=g\",\"contentUrl\":\"https:\/\/secure.gravatar.com\/avatar\/59a1e772205ce9fd255edfcafc93013736822e20261f294c5753b20c41ede9f2?s=96&d=mm&r=g\",\"caption\":\"Charles Taudin\"},\"description\":\"R\u00e9dacteur en chef global de The Playoffs, j\u2019ai cr\u00e9\u00e9 The Free Agent, devenu The Playoffs FR, en 2020 durant la pand\u00e9mie. Amoureux depuis des ann\u00e9es des 4 sports majeurs am\u00e9ricains, j\u2019organise maintenant la strat\u00e9gie \u00e9ditoriale et les r\u00e9seaux sociaux de l\u2019ensemble des versions de The Playoffs. Il m\u2019arrive encore d\u2019\u00e9crire sur certains sports que j\u2019affectionne particuli\u00e8rement comme la NFL ou la MLB. Si vous devez retenir qu\u2019une chose : Eli Manning est le vrai GOAT pour avoir battu deux fois Tom Brady.\",\"sameAs\":[\"https:\/\/www.instagram.com\/ctaudin_\/\"],\"url\":\"https:\/\/theplayoffs.news\/fr\/author\/charles-taudin\/\"}]}<\/script>\n<!-- \/ Yoast SEO plugin. -->","yoast_head_json":{"title":"Steve Kerr d&eacute;fend son choix sur le temps de jeu de Stephen Curry - The Playoffs FR","robots":{"index":"index","follow":"follow","max-snippet":"max-snippet:-1","max-image-preview":"max-image-preview:large","max-video-preview":"max-video-preview:-1"},"canonical":"https:\/\/theplayoffs.news\/fr\/actualite-nba\/steve-kerr-defend-son-choix-sur-le-temps-de-jeu-de-stephen-curry\/","og_locale":"fr_FR","og_type":"article","og_title":"Steve Kerr d&eacute;fend son choix sur le temps de jeu de Stephen Curry - The Playoffs FR","og_url":"https:\/\/theplayoffs.news\/fr\/actualite-nba\/steve-kerr-defend-son-choix-sur-le-temps-de-jeu-de-stephen-curry\/","og_site_name":"The Playoffs FR","article_publisher":"https:\/\/www.facebook.com\/TheFreeAgentFR\/","og_image":[{"width":1920,"height":1280,"url":"https:\/\/theplayoffs.news\/fr\/wp-content\/uploads\/2024\/03\/USATSI_22858098.jpg","type":"image\/jpeg"}],"author":"Charles Taudin","twitter_card":"summary_large_image","twitter_creator":"@TheFreeAgentFR","twitter_site":"@TheFreeAgentFR","twitter_misc":{"\u00c9crit par":"Charles Taudin","Dur\u00e9e de lecture estim\u00e9e":"1 minute"},"schema":{"@context":"https:\/\/schema.org","@graph":[{"@type":"WebPage","@id":"https:\/\/theplayoffs.news\/fr\/actualite-nba\/steve-kerr-defend-son-choix-sur-le-temps-de-jeu-de-stephen-curry\/","url":"https:\/\/theplayoffs.news\/fr\/actualite-nba\/steve-kerr-defend-son-choix-sur-le-temps-de-jeu-de-stephen-curry\/","name":"Steve Kerr d\u00e9fend son choix sur le temps de jeu de Stephen Curry - The Playoffs FR","isPartOf":{"@id":"https:\/\/theplayoffs.news\/fr\/#website"},"primaryImageOfPage":{"@id":"https:\/\/theplayoffs.news\/fr\/actualite-nba\/steve-kerr-defend-son-choix-sur-le-temps-de-jeu-de-stephen-curry\/#primaryimage"},"image":{"@id":"https:\/\/theplayoffs.news\/fr\/actualite-nba\/steve-kerr-defend-son-choix-sur-le-temps-de-jeu-de-stephen-curry\/#primaryimage"},"thumbnailUrl":"https:\/\/theplayoffs.news\/fr\/wp-content\/uploads\/2024\/03\/USATSI_22858098.jpg","datePublished":"2024-03-25T08:30:20+00:00","dateModified":"2024-03-25T08:30:20+00:00","author":{"@id":"https:\/\/theplayoffs.news\/fr\/#\/schema\/person\/eee5b69ad5d3c51cabe881c839dbe133"},"breadcrumb":{"@id":"https:\/\/theplayoffs.news\/fr\/actualite-nba\/steve-kerr-defend-son-choix-sur-le-temps-de-jeu-de-stephen-curry\/#breadcrumb"},"inLanguage":"fr-FR","potentialAction":[{"@type":"ReadAction","target":["https:\/\/theplayoffs.news\/fr\/actualite-nba\/steve-kerr-defend-son-choix-sur-le-temps-de-jeu-de-stephen-curry\/"]}]},{"@type":"ImageObject","inLanguage":"fr-FR","@id":"https:\/\/theplayoffs.news\/fr\/actualite-nba\/steve-kerr-defend-son-choix-sur-le-temps-de-jeu-de-stephen-curry\/#primaryimage","url":"https:\/\/theplayoffs.news\/fr\/wp-content\/uploads\/2024\/03\/USATSI_22858098.jpg","contentUrl":"https:\/\/theplayoffs.news\/fr\/wp-content\/uploads\/2024\/03\/USATSI_22858098.jpg","width":1920,"height":1280,"caption":"Mar 24, 2024; Minneapolis, Minnesota, USA; Golden State Warriors guard Stephen Curry (30) applauds his team against the Minnesota Timberwolves in the fourth quarter at Target Center. Mandatory Credit: Brad Rempel-USA TODAY Sports"},{"@type":"BreadcrumbList","@id":"https:\/\/theplayoffs.news\/fr\/actualite-nba\/steve-kerr-defend-son-choix-sur-le-temps-de-jeu-de-stephen-curry\/#breadcrumb","itemListElement":[{"@type":"ListItem","position":1,"name":"Accueil","item":"https:\/\/theplayoffs.news\/fr\/"},{"@type":"ListItem","position":2,"name":"Steve Kerr d\u00e9fend son choix sur le temps de jeu de Stephen Curry"}]},{"@type":"WebSite","@id":"https:\/\/theplayoffs.news\/fr\/#website","url":"https:\/\/theplayoffs.news\/fr\/","name":"The Playoffs FR","description":"NBA-NFL-NHL-MLB","potentialAction":[{"@type":"SearchAction","target":{"@type":"EntryPoint","urlTemplate":"https:\/\/theplayoffs.news\/fr\/?s={search_term_string}"},"query-input":{"@type":"PropertyValueSpecification","valueRequired":true,"valueName":"search_term_string"}}],"inLanguage":"fr-FR"},{"@type":"Person","@id":"https:\/\/theplayoffs.news\/fr\/#\/schema\/person\/eee5b69ad5d3c51cabe881c839dbe133","name":"Charles Taudin","image":{"@type":"ImageObject","inLanguage":"fr-FR","@id":"https:\/\/theplayoffs.news\/fr\/#\/schema\/person\/image\/","url":"https:\/\/secure.gravatar.com\/avatar\/59a1e772205ce9fd255edfcafc93013736822e20261f294c5753b20c41ede9f2?s=96&d=mm&r=g","contentUrl":"https:\/\/secure.gravatar.com\/avatar\/59a1e772205ce9fd255edfcafc93013736822e20261f294c5753b20c41ede9f2?s=96&d=mm&r=g","caption":"Charles Taudin"},"description":"R\u00e9dacteur en chef global de The Playoffs, j\u2019ai cr\u00e9\u00e9 The Free Agent, devenu The Playoffs FR, en 2020 durant la pand\u00e9mie. Amoureux depuis des ann\u00e9es des 4 sports majeurs am\u00e9ricains, j\u2019organise maintenant la strat\u00e9gie \u00e9ditoriale et les r\u00e9seaux sociaux de l\u2019ensemble des versions de The Playoffs. Il m\u2019arrive encore d\u2019\u00e9crire sur certains sports que j\u2019affectionne particuli\u00e8rement comme la NFL ou la MLB. Si vous devez retenir qu\u2019une chose : Eli Manning est le vrai GOAT pour avoir battu deux fois Tom Brady.","sameAs":["https:\/\/www.instagram.com\/ctaudin_\/"],"url":"https:\/\/theplayoffs.news\/fr\/author\/charles-taudin\/"}]}},"_links":{"self":[{"href":"https:\/\/theplayoffs.news\/fr\/wp-json\/wp\/v2\/posts\/1398712","targetHints":{"allow":["GET"]}}],"collection":[{"href":"https:\/\/theplayoffs.news\/fr\/wp-json\/wp\/v2\/posts"}],"about":[{"href":"https:\/\/theplayoffs.news\/fr\/wp-json\/wp\/v2\/types\/post"}],"author":[{"embeddable":true,"href":"https:\/\/theplayoffs.news\/fr\/wp-json\/wp\/v2\/users\/13"}],"replies":[{"embeddable":true,"href":"https:\/\/theplayoffs.news\/fr\/wp-json\/wp\/v2\/comments?post=1398712"}],"version-history":[{"count":3,"href":"https:\/\/theplayoffs.news\/fr\/wp-json\/wp\/v2\/posts\/1398712\/revisions"}],"predecessor-version":[{"id":1398764,"href":"https:\/\/theplayoffs.news\/fr\/wp-json\/wp\/v2\/posts\/1398712\/revisions\/1398764"}],"wp:featuredmedia":[{"embeddable":true,"href":"https:\/\/theplayoffs.news\/fr\/wp-json\/wp\/v2\/media\/1398749"}],"wp:attachment":[{"href":"https:\/\/theplayoffs.news\/fr\/wp-json\/wp\/v2\/media?parent=1398712"}],"wp:term":[{"taxonomy":"category","embeddable":true,"href":"https:\/\/theplayoffs.news\/fr\/wp-json\/wp\/v2\/categories?post=1398712"},{"taxonomy":"post_tag","embeddable":true,"href":"https:\/\/theplayoffs.news\/fr\/wp-json\/wp\/v2\/tags?post=1398712"},{"taxonomy":"sport","embeddable":true,"href":"https:\/\/theplayoffs.news\/fr\/wp-json\/wp\/v2\/sport?post=1398712"},{"taxonomy":"saison","embeddable":true,"href":"https:\/\/theplayoffs.news\/fr\/wp-json\/wp\/v2\/saison?post=1398712"}],"curies":[{"name":"wp","href":"https:\/\/api.w.org\/{rel}","templated":true}]}}