{"id":1392694,"date":"2024-03-23T10:36:48","date_gmt":"2024-03-23T09:36:48","guid":{"rendered":"https:\/\/theplayoffs.news\/fr\/?p=1392694"},"modified":"2024-03-23T07:56:09","modified_gmt":"2024-03-23T06:56:09","slug":"ljarius-sneed-trade-titans-longueur","status":"publish","type":"post","link":"https:\/\/theplayoffs.news\/fr\/actualite-nfl\/ljarius-sneed-trade-titans-longueur\/","title":{"rendered":"L&rsquo;Jarius Sneed: Pourquoi le trade avec les Titans fut-il si long \u00e0 se faire?"},"content":{"rendered":"<h2>NFL &ndash; Le cornerback des Chiefs de Kansas City, L&rsquo;Jarius Sneed, va s&rsquo;engager avec les Titans au terme de discussions intenses.<\/h2><p>L&rsquo;Jarius Sneed va rejoindre les Titans du Tennessee dans les prochains jours! Ce qui &eacute;tait pressenti depuis d&eacute;j&agrave; plus d&rsquo;une semaine va enfin se concr&eacute;tiser dans les prochaines heures comme le rapporte ce matin <a href=\"https:\/\/twitter.com\/AdamSchefter\/status\/1771369568109273229\" class=\"trk-cta-link\" data-cta-trk='{\"ctaType\":\"Link\",\"ctaSubType\":\"main\"}'>Adam Schefter<\/a>. Mais d&rsquo;apr&egrave;s <a href=\"https:\/\/theathletic.com\/5358050\/2024\/03\/22\/chiefs-ljarius-sneed-trade-market\/?utm_medium=social&amp;utm_campaign=nfltw&amp;source=nfltw\" class=\"trk-cta-link\" data-cta-trk='{\"ctaType\":\"Link\",\"ctaSubType\":\"main\"}'>The Athletic<\/a>, les deux parties ont &eacute;t&eacute; tr&egrave;s proches de conclure un accord dans la semaine qui vient de s&rsquo;&eacute;couler. Cependant les n&eacute;gociations avaient jusqu&rsquo;&agrave;lors &eacute;chou&eacute;es lorsque les Titans ont propos&eacute; le contrat &agrave; long terme au cornerback des Chiefs.<\/p><p>Rappelons la situation de L&rsquo;Jarius Sneed dans cette intersaison 2024. Auteur d&rsquo;une excellente saison 2023, le cornerback de 27 ans a re&ccedil;u de la part de la franchise double championne NFL en titre le <a href=\"https:\/\/theplayoffs.news\/fr\/nfl\/ljarius-sneed-les-chiefs-vont-placer-le-franchise-tag\/\" class=\"trk-cta-link\" data-cta-trk='{\"ctaType\":\"Link\",\"ctaSubType\":\"main\"}'>franchise tag non-exclusif<\/a> ce qui donne le droit au joueur de n&eacute;gocier avec les autres franchises NFL. Un droit d&rsquo;ailleurs encourag&eacute; par les Chiefs qui ont donn&eacute; l&rsquo;autorisation &agrave; Sneed de chercher un trade avec une autre franchise NFL.<\/p><h3>Des pr&eacute;tentions salariales &eacute;lev&eacute;es<\/h3><p>Mais 10 jours apr&egrave;s l&rsquo;ouverture du march&eacute; des agents libres et des tractations entre joueurs et franchises NFL, L&rsquo;Jarius Sneed n&rsquo;avait toujours pas annonc&eacute; son d&eacute;part de la franchise qui l&rsquo;avait draft&eacute; au 4e tour en 2020 . La faute a des pr&eacute;tentions contractuelles qui auront du mal &agrave; trouver satisfaction. En effet, d&rsquo;apr&egrave;s les informations rapport&eacute;es par The Athletic, Sneed souhaiterait un contrat de trois ou quatre ans qui ferait de lui l&rsquo;un des cornerbacks, si ce n&rsquo;est le cornerback, le mieux pay&eacute; de la NFL.<\/p><p>Pour rappel, le joueur le mieux pay&eacute; actuellement &agrave; ce poste n&rsquo;est autre que Jaire Alexander qui &eacute;marge &agrave; 21 millions de dollars par an. Viennent ensuite Denzel Ward et Jalen Ramsey qui poss&egrave;dent tous les deux un contrat de 20 millions de dollars annuel. La question pour les franchises est donc de savoir si L&rsquo;Jarius Sneed vaut un investissement sup&eacute;rieur aux joueurs cit&eacute;s ci-dessus?<\/p><p>Avec l&rsquo;annonce de son trade ce vendredi soir aux Etats-Unis (samedi tr&egrave;s t&ocirc;t dans la matin&eacute;e en France), les Tennessee Titans ont sembl&eacute; couper la poire en deux! Non L&rsquo;Jarius Sneed ne sera pas le cornerback le mieux pay&eacute; en NFL. Mais avec un contrat long de 4 ans assorti d&rsquo;un salaire annuel de 19 millions de dollars dont 55 millions pleinement garantis, l&rsquo;ancien cornerback des Chiefs fait partie du top 5 des joueurs les mieux r&eacute;mun&eacute;r&eacute;s &agrave; son poste.<\/p><h3>Une liste de pr&eacute;tendants qui s&rsquo;&eacute;tait r&eacute;duite consid&eacute;rablement<\/h3><p>Au moment de l&rsquo;annonce de la &laquo;&nbsp;mise &agrave; disposition&nbsp;&raquo; de L&rsquo;Jarius Sneed par les Chiefs de Kansas City, de nombreuses franchises avaient montr&eacute; leur int&eacute;r&ecirc;t pour acqu&eacute;rir le talentueux cornerback. Ainsi, toujours d&rsquo;apr&egrave;s The Athletic, les Titans, les Vikings, les Colts, les Patriots, les Lions, les Falcons et les Jaguars se seraient renseign&eacute;s sur le prix &agrave; payer pour pouvoir s&rsquo;offrir les services du d&eacute;fenseur.<\/p><p>Comme attendu, les Chiefs ne se sont pas montr&eacute;s particuli&egrave;rement gourmands lors de ce trade puisque la franchise championne en titre s&rsquo;est content&eacute;e d&rsquo;un troisi&egrave;me tour de draft (ils souhaitaient &agrave; l&rsquo;origine un 2e tour d&rsquo;apr&egrave;s les informations de The Athletic) et d&rsquo;un &eacute;change de 7e tour. L&rsquo;important pour les Chiefs &eacute;tant principalement de trouver un partenaire de trade afin de pouvoir lib&eacute;rer les 19.8 millions du franchise tag qui pesaient jusque l&agrave; dans le cap space de la saison 2024.<\/p><p>Le blocage venait donc principalement des pr&eacute;tentions salariales de Sneed exprim&eacute;s ci-dessus. Des pr&eacute;tentions salariales qui avaient d&eacute;j&agrave; fait fuir les Patriots, les Vikings, les Falcons et les Lions qui ont inform&eacute; les Chiefs qu&rsquo;ils &laquo;&nbsp;n&rsquo;avaient plus d&rsquo;int&eacute;r&ecirc;t pour ce joueur&nbsp;&raquo;.<\/p><p>Avec l&rsquo;annonce du trade de L&rsquo;Jarius Sneed, le feuilleton de cette intersaison concernant le cornerback des Chiefs va donc prendre fin dans une situation qui semble presque id&eacute;ale pour tout le monde. Les Titans continuent &agrave; se renforcer, les Chiefs lib&egrave;rent de l&rsquo;espace dans leur cap space et Sneed obtient le contrat longue dur&eacute;e qu&rsquo;il &eacute;tait venu chercher. Un trade gagnant-gagnant!<\/p><p><em>Cr&eacute;dit photo: Denny Medley-USA TODAY Sports&nbsp;<\/em><\/p>\n","protected":false},"excerpt":{"rendered":"","protected":false},"author":180309964,"featured_media":1392695,"comment_status":"open","ping_status":"closed","sticky":false,"template":"","format":"standard","meta":{"inline_featured_image":false,"kia_subtitle":"","_mux_skip_reasons":[],"proofreadBy":0,"footnotes":""},"categories":[118,40],"tags":[487,6888],"sport":[2785],"saison":[6111],"class_list":["post-1392694","post","type-post","status-publish","format-standard","has-post-thumbnail","hentry","category-actualite-nfl","category-nfl","tag-kansas-city-chiefs","tag-ljarius-sneed","sport-nfl","saison-6111"],"acf":[],"yoast_head":"<!-- This site is optimized with the Yoast SEO plugin v24.2 - https:\/\/yoast.com\/wordpress\/plugins\/seo\/ -->\n<title>L&#039;Jarius Sneed: Pourquoi le trade avec les Titans fut-il si long &agrave; se faire? - The Playoffs FR<\/title>\n<meta name=\"robots\" content=\"index, follow, max-snippet:-1, max-image-preview:large, max-video-preview:-1\" \/>\n<link rel=\"canonical\" href=\"https:\/\/theplayoffs.news\/fr\/actualite-nfl\/ljarius-sneed-trade-titans-longueur\/\" \/>\n<meta property=\"og:locale\" content=\"fr_FR\" \/>\n<meta property=\"og:type\" content=\"article\" \/>\n<meta property=\"og:title\" content=\"L&#039;Jarius Sneed: Pourquoi le trade avec les Titans fut-il si long &agrave; se faire? - The Playoffs FR\" \/>\n<meta property=\"og:url\" content=\"https:\/\/theplayoffs.news\/fr\/actualite-nfl\/ljarius-sneed-trade-titans-longueur\/\" \/>\n<meta property=\"og:site_name\" content=\"The Playoffs FR\" \/>\n<meta property=\"article:publisher\" content=\"https:\/\/www.facebook.com\/TheFreeAgentFR\/\" \/>\n<meta property=\"article:modified_time\" content=\"2024-03-23T10:36:48+01:00\" \/>\n<meta property=\"og:image\" content=\"https:\/\/theplayoffs.news\/fr\/wp-content\/uploads\/2024\/03\/USATSI_22194563.jpg\" \/>\n\t<meta property=\"og:image:width\" content=\"1920\" \/>\n\t<meta property=\"og:image:height\" content=\"1280\" \/>\n\t<meta property=\"og:image:type\" content=\"image\/jpeg\" \/>\n<meta name=\"author\" content=\"Flavien Jumeau\" \/>\n<meta name=\"twitter:card\" content=\"summary_large_image\" \/>\n<meta name=\"twitter:creator\" content=\"@TheFreeAgentFR\" \/>\n<meta name=\"twitter:site\" content=\"@TheFreeAgentFR\" \/>\n<meta name=\"twitter:label1\" content=\"\u00c9crit par\" \/>\n\t<meta name=\"twitter:data1\" content=\"Flavien Jumeau\" \/>\n\t<meta name=\"twitter:label2\" content=\"Dur\u00e9e de lecture estim\u00e9e\" \/>\n\t<meta name=\"twitter:data2\" content=\"3 minutes\" \/>\n<script type=\"application\/ld+json\" class=\"yoast-schema-graph\">{\"@context\":\"https:\/\/schema.org\",\"@graph\":[{\"@type\":\"WebPage\",\"@id\":\"https:\/\/theplayoffs.news\/fr\/actualite-nfl\/ljarius-sneed-trade-titans-longueur\/\",\"url\":\"https:\/\/theplayoffs.news\/fr\/actualite-nfl\/ljarius-sneed-trade-titans-longueur\/\",\"name\":\"L\\\\'Jarius Sneed: Pourquoi le trade avec les Titans fut-il si long \u00e0 se faire? - The Playoffs FR\",\"isPartOf\":{\"@id\":\"https:\/\/theplayoffs.news\/fr\/#website\"},\"primaryImageOfPage\":{\"@id\":\"https:\/\/theplayoffs.news\/fr\/actualite-nfl\/ljarius-sneed-trade-titans-longueur\/#primaryimage\"},\"image\":{\"@id\":\"https:\/\/theplayoffs.news\/fr\/actualite-nfl\/ljarius-sneed-trade-titans-longueur\/#primaryimage\"},\"thumbnailUrl\":\"https:\/\/theplayoffs.news\/fr\/wp-content\/uploads\/2024\/03\/USATSI_22194563.jpg\",\"datePublished\":\"2024-03-23T09:36:48+00:00\",\"dateModified\":\"2024-03-23T10:36:48+01:00\",\"author\":{\"@id\":\"https:\/\/theplayoffs.news\/fr\/#\/schema\/person\/def63bc6746dc5957469b75feb99e66d\"},\"breadcrumb\":{\"@id\":\"https:\/\/theplayoffs.news\/fr\/actualite-nfl\/ljarius-sneed-trade-titans-longueur\/#breadcrumb\"},\"inLanguage\":\"fr-FR\",\"potentialAction\":[{\"@type\":\"ReadAction\",\"target\":[\"https:\/\/theplayoffs.news\/fr\/actualite-nfl\/ljarius-sneed-trade-titans-longueur\/\"]}]},{\"@type\":\"ImageObject\",\"inLanguage\":\"fr-FR\",\"@id\":\"https:\/\/theplayoffs.news\/fr\/actualite-nfl\/ljarius-sneed-trade-titans-longueur\/#primaryimage\",\"url\":\"https:\/\/theplayoffs.news\/fr\/wp-content\/uploads\/2024\/03\/USATSI_22194563.jpg\",\"contentUrl\":\"https:\/\/theplayoffs.news\/fr\/wp-content\/uploads\/2024\/03\/USATSI_22194563.jpg\",\"width\":1920,\"height\":1280,\"caption\":\"Dec 25, 2023; Kansas City, Missouri, USA; Kansas City Chiefs cornerback L\\\\'Jarius Sneed (38) is introduced against the Las Vegas Raiders prior to a game at GEHA Field at Arrowhead Stadium. Mandatory Credit: Denny Medley-USA TODAY Sports\"},{\"@type\":\"BreadcrumbList\",\"@id\":\"https:\/\/theplayoffs.news\/fr\/actualite-nfl\/ljarius-sneed-trade-titans-longueur\/#breadcrumb\",\"itemListElement\":[{\"@type\":\"ListItem\",\"position\":1,\"name\":\"Accueil\",\"item\":\"https:\/\/theplayoffs.news\/fr\/\"},{\"@type\":\"ListItem\",\"position\":2,\"name\":\"L&rsquo;Jarius Sneed: Pourquoi le trade avec les Titans fut-il si long \u00e0 se faire?\"}]},{\"@type\":\"WebSite\",\"@id\":\"https:\/\/theplayoffs.news\/fr\/#website\",\"url\":\"https:\/\/theplayoffs.news\/fr\/\",\"name\":\"The Playoffs FR\",\"description\":\"NBA-NFL-NHL-MLB\",\"potentialAction\":[{\"@type\":\"SearchAction\",\"target\":{\"@type\":\"EntryPoint\",\"urlTemplate\":\"https:\/\/theplayoffs.news\/fr\/?s={search_term_string}\"},\"query-input\":{\"@type\":\"PropertyValueSpecification\",\"valueRequired\":true,\"valueName\":\"search_term_string\"}}],\"inLanguage\":\"fr-FR\"},{\"@type\":\"Person\",\"@id\":\"https:\/\/theplayoffs.news\/fr\/#\/schema\/person\/def63bc6746dc5957469b75feb99e66d\",\"name\":\"Flavien Jumeau\",\"image\":{\"@type\":\"ImageObject\",\"inLanguage\":\"fr-FR\",\"@id\":\"https:\/\/theplayoffs.news\/fr\/#\/schema\/person\/image\/\",\"url\":\"https:\/\/secure.gravatar.com\/avatar\/e7fa8ba5a4b7e4ce35fe152f083f352db28ad0acce692004ed88a7a7d78893f7?s=96&d=mm&r=g\",\"contentUrl\":\"https:\/\/secure.gravatar.com\/avatar\/e7fa8ba5a4b7e4ce35fe152f083f352db28ad0acce692004ed88a7a7d78893f7?s=96&d=mm&r=g\",\"caption\":\"Flavien Jumeau\"},\"description\":\"Amoureux du sport (et de vraiment tous les sports) depuis mon plus jeune \u00e2ge, j\u2019ai longtemps h\u00e9site entre le snooker et le curling. Finalement c\u2019est le foot US que j\u2019ai d\u00e9cid\u00e9 de choisir! Responsable foot US sur TPO et animateur du podcast Tailgate j\u2019ai pour mission de vous faire d\u00e9couvrir ce sport passionnant si ce n\u2019est pas encore fait et de vous donner les derni\u00e8res actus. Le tout dans la bonne humeur et avec toujours un jeu de mots ou deux savamment distill\u00e9s! Fan des Saints, pour moi Drew Brees est le vrai GOAT!\",\"url\":\"https:\/\/theplayoffs.news\/fr\/author\/flavien-jumeaugmail-com\/\"}]}<\/script>\n<!-- \/ Yoast SEO plugin. -->","yoast_head_json":{"title":"L&#039;Jarius Sneed: Pourquoi le trade avec les Titans fut-il si long &agrave; se faire? - The Playoffs FR","robots":{"index":"index","follow":"follow","max-snippet":"max-snippet:-1","max-image-preview":"max-image-preview:large","max-video-preview":"max-video-preview:-1"},"canonical":"https:\/\/theplayoffs.news\/fr\/actualite-nfl\/ljarius-sneed-trade-titans-longueur\/","og_locale":"fr_FR","og_type":"article","og_title":"L&#039;Jarius Sneed: Pourquoi le trade avec les Titans fut-il si long &agrave; se faire? - The Playoffs FR","og_url":"https:\/\/theplayoffs.news\/fr\/actualite-nfl\/ljarius-sneed-trade-titans-longueur\/","og_site_name":"The Playoffs FR","article_publisher":"https:\/\/www.facebook.com\/TheFreeAgentFR\/","article_modified_time":"2024-03-23T06:56:09+00:00","og_image":[{"width":1920,"height":1280,"url":"https:\/\/theplayoffs.news\/fr\/wp-content\/uploads\/2024\/03\/USATSI_22194563.jpg","type":"image\/jpeg"}],"author":"Flavien Jumeau","twitter_card":"summary_large_image","twitter_creator":"@TheFreeAgentFR","twitter_site":"@TheFreeAgentFR","twitter_misc":{"\u00c9crit par":"Flavien Jumeau","Dur\u00e9e de lecture estim\u00e9e":"3 minutes"},"schema":{"@context":"https:\/\/schema.org","@graph":[{"@type":"WebPage","@id":"https:\/\/theplayoffs.news\/fr\/actualite-nfl\/ljarius-sneed-trade-titans-longueur\/","url":"https:\/\/theplayoffs.news\/fr\/actualite-nfl\/ljarius-sneed-trade-titans-longueur\/","name":"L\\'Jarius Sneed: Pourquoi le trade avec les Titans fut-il si long \u00e0 se faire? - The Playoffs FR","isPartOf":{"@id":"https:\/\/theplayoffs.news\/fr\/#website"},"primaryImageOfPage":{"@id":"https:\/\/theplayoffs.news\/fr\/actualite-nfl\/ljarius-sneed-trade-titans-longueur\/#primaryimage"},"image":{"@id":"https:\/\/theplayoffs.news\/fr\/actualite-nfl\/ljarius-sneed-trade-titans-longueur\/#primaryimage"},"thumbnailUrl":"https:\/\/theplayoffs.news\/fr\/wp-content\/uploads\/2024\/03\/USATSI_22194563.jpg","datePublished":"2024-03-23T09:36:48+00:00","dateModified":"2024-03-23T10:36:48+01:00","author":{"@id":"https:\/\/theplayoffs.news\/fr\/#\/schema\/person\/def63bc6746dc5957469b75feb99e66d"},"breadcrumb":{"@id":"https:\/\/theplayoffs.news\/fr\/actualite-nfl\/ljarius-sneed-trade-titans-longueur\/#breadcrumb"},"inLanguage":"fr-FR","potentialAction":[{"@type":"ReadAction","target":["https:\/\/theplayoffs.news\/fr\/actualite-nfl\/ljarius-sneed-trade-titans-longueur\/"]}]},{"@type":"ImageObject","inLanguage":"fr-FR","@id":"https:\/\/theplayoffs.news\/fr\/actualite-nfl\/ljarius-sneed-trade-titans-longueur\/#primaryimage","url":"https:\/\/theplayoffs.news\/fr\/wp-content\/uploads\/2024\/03\/USATSI_22194563.jpg","contentUrl":"https:\/\/theplayoffs.news\/fr\/wp-content\/uploads\/2024\/03\/USATSI_22194563.jpg","width":1920,"height":1280,"caption":"Dec 25, 2023; Kansas City, Missouri, USA; Kansas City Chiefs cornerback L\\'Jarius Sneed (38) is introduced against the Las Vegas Raiders prior to a game at GEHA Field at Arrowhead Stadium. Mandatory Credit: Denny Medley-USA TODAY Sports"},{"@type":"BreadcrumbList","@id":"https:\/\/theplayoffs.news\/fr\/actualite-nfl\/ljarius-sneed-trade-titans-longueur\/#breadcrumb","itemListElement":[{"@type":"ListItem","position":1,"name":"Accueil","item":"https:\/\/theplayoffs.news\/fr\/"},{"@type":"ListItem","position":2,"name":"L&rsquo;Jarius Sneed: Pourquoi le trade avec les Titans fut-il si long \u00e0 se faire?"}]},{"@type":"WebSite","@id":"https:\/\/theplayoffs.news\/fr\/#website","url":"https:\/\/theplayoffs.news\/fr\/","name":"The Playoffs FR","description":"NBA-NFL-NHL-MLB","potentialAction":[{"@type":"SearchAction","target":{"@type":"EntryPoint","urlTemplate":"https:\/\/theplayoffs.news\/fr\/?s={search_term_string}"},"query-input":{"@type":"PropertyValueSpecification","valueRequired":true,"valueName":"search_term_string"}}],"inLanguage":"fr-FR"},{"@type":"Person","@id":"https:\/\/theplayoffs.news\/fr\/#\/schema\/person\/def63bc6746dc5957469b75feb99e66d","name":"Flavien Jumeau","image":{"@type":"ImageObject","inLanguage":"fr-FR","@id":"https:\/\/theplayoffs.news\/fr\/#\/schema\/person\/image\/","url":"https:\/\/secure.gravatar.com\/avatar\/e7fa8ba5a4b7e4ce35fe152f083f352db28ad0acce692004ed88a7a7d78893f7?s=96&d=mm&r=g","contentUrl":"https:\/\/secure.gravatar.com\/avatar\/e7fa8ba5a4b7e4ce35fe152f083f352db28ad0acce692004ed88a7a7d78893f7?s=96&d=mm&r=g","caption":"Flavien Jumeau"},"description":"Amoureux du sport (et de vraiment tous les sports) depuis mon plus jeune \u00e2ge, j\u2019ai longtemps h\u00e9site entre le snooker et le curling. Finalement c\u2019est le foot US que j\u2019ai d\u00e9cid\u00e9 de choisir! Responsable foot US sur TPO et animateur du podcast Tailgate j\u2019ai pour mission de vous faire d\u00e9couvrir ce sport passionnant si ce n\u2019est pas encore fait et de vous donner les derni\u00e8res actus. Le tout dans la bonne humeur et avec toujours un jeu de mots ou deux savamment distill\u00e9s! Fan des Saints, pour moi Drew Brees est le vrai GOAT!","url":"https:\/\/theplayoffs.news\/fr\/author\/flavien-jumeaugmail-com\/"}]}},"_links":{"self":[{"href":"https:\/\/theplayoffs.news\/fr\/wp-json\/wp\/v2\/posts\/1392694","targetHints":{"allow":["GET"]}}],"collection":[{"href":"https:\/\/theplayoffs.news\/fr\/wp-json\/wp\/v2\/posts"}],"about":[{"href":"https:\/\/theplayoffs.news\/fr\/wp-json\/wp\/v2\/types\/post"}],"author":[{"embeddable":true,"href":"https:\/\/theplayoffs.news\/fr\/wp-json\/wp\/v2\/users\/180309964"}],"replies":[{"embeddable":true,"href":"https:\/\/theplayoffs.news\/fr\/wp-json\/wp\/v2\/comments?post=1392694"}],"version-history":[{"count":4,"href":"https:\/\/theplayoffs.news\/fr\/wp-json\/wp\/v2\/posts\/1392694\/revisions"}],"predecessor-version":[{"id":1392697,"href":"https:\/\/theplayoffs.news\/fr\/wp-json\/wp\/v2\/posts\/1392694\/revisions\/1392697"}],"wp:featuredmedia":[{"embeddable":true,"href":"https:\/\/theplayoffs.news\/fr\/wp-json\/wp\/v2\/media\/1392695"}],"wp:attachment":[{"href":"https:\/\/theplayoffs.news\/fr\/wp-json\/wp\/v2\/media?parent=1392694"}],"wp:term":[{"taxonomy":"category","embeddable":true,"href":"https:\/\/theplayoffs.news\/fr\/wp-json\/wp\/v2\/categories?post=1392694"},{"taxonomy":"post_tag","embeddable":true,"href":"https:\/\/theplayoffs.news\/fr\/wp-json\/wp\/v2\/tags?post=1392694"},{"taxonomy":"sport","embeddable":true,"href":"https:\/\/theplayoffs.news\/fr\/wp-json\/wp\/v2\/sport?post=1392694"},{"taxonomy":"saison","embeddable":true,"href":"https:\/\/theplayoffs.news\/fr\/wp-json\/wp\/v2\/saison?post=1392694"}],"curies":[{"name":"wp","href":"https:\/\/api.w.org\/{rel}","templated":true}]}}