{"id":1392374,"date":"2024-03-22T10:34:56","date_gmt":"2024-03-22T09:34:56","guid":{"rendered":"https:\/\/theplayoffs.news\/fr\/?p=1392374"},"modified":"2024-03-22T10:10:57","modified_gmt":"2024-03-22T09:10:57","slug":"dan-vladar-flames-forfait-pour-la-fin-de-saison","status":"publish","type":"post","link":"https:\/\/theplayoffs.news\/fr\/actualite-nhl\/dan-vladar-flames-forfait-pour-la-fin-de-saison\/","title":{"rendered":"Dan Vladar (Flames) forfait pour la fin de saison"},"content":{"rendered":"<h2>Alors que les Flames tentent de se frayer un chemin vers une place dans les playoffs de la Coupe Stanley, elle doit g&eacute;rer la perte de Dan Vladar, qui doit subir une chirurgie de la hanche mettant fin &agrave; sa saison.<\/h2><p>Le timing est loin d&rsquo;&ecirc;tre id&eacute;al, Dan Vladar devant passer sous le bistouri la semaine prochaine apr&egrave;s une saison difficile o&ugrave; il a affich&eacute; un bilan de 8-9-2, une moyenne de buts allou&eacute;s de 3,62 et un pourcentage d&rsquo;arr&ecirc;ts de .882 en 20 matchs.<\/p><p>Cependant, les Flames re&ccedil;oivent un renfort avec le retour du gardien partant <a href=\"https:\/\/theplayoffs.news\/fr\/joueur\/jacob-markstrom-nhl-10904\/\" class=\"trk-cta-link\" data-cta-trk='{\"ctaType\":\"Link\",\"ctaSubType\":\"main\"}'><strong>Jacob Markstrom<\/strong><\/a>, qui a &eacute;t&eacute; autoris&eacute; &agrave; reprendre l&rsquo;entra&icirc;nement complet et &agrave; participer aux matchs apr&egrave;s avoir manqu&eacute; cinq rencontres &agrave; cause d&rsquo;une blessure au bas du corps. Le retour de Markstrom ne pourrait pas intervenir &agrave; un moment plus critique, alors que les Flames, avec un bilan de 33-30-5, se retrouvent &agrave; 10 points de la derni&egrave;re place en wild card pour les playoffs dans la Conf&eacute;rence Ouest, d&eacute;tenue actuellement par les Golden Knights.<\/p><p>En l&rsquo;absence de Dan Vladar, Dustin Wolf se retrouve sous les projecteurs, rappel&eacute; d&rsquo;urgence. Ayant d&eacute;but&eacute; les deux derniers matchs, la performance et le potentiel de Wolf sont scrut&eacute;s de pr&egrave;s.<\/p><p>Avec un bilan de 3-4-1, une moyenne de 3,25 et un pourcentage d&rsquo;arr&ecirc;ts de .897 cette saison, le jeune gardien est consid&eacute;r&eacute; comme le meilleur espoir de l&rsquo;organisation et a re&ccedil;u de prestigieuses r&eacute;compenses telles que le prix Aldege &laquo;&nbsp;Baz&nbsp;&raquo; Bastien du meilleur gardien de but de la Ligue am&eacute;ricaine de hockey (AHL) pendant deux ann&eacute;es cons&eacute;cutives.<\/p><p>Les aspirations des Flames aux s&eacute;ries &eacute;liminatoires ne tiennent qu&rsquo;&agrave; un fil, ce qui n&eacute;cessite non seulement des performances exceptionnelles de la part de Markstrom et de Wolf, mais aussi un effort collectif de la part de toute l&rsquo;&eacute;quipe. Le chemin de Calgary vers les s&eacute;ries &eacute;liminatoires implique de d&eacute;passer des &eacute;quipes comme le Minnesota Wild et les St. Louis Blues.<\/p><p>&nbsp;<\/p><p>Credit Photo : Sergei Belski-USA TODAY Sports<\/p>\n","protected":false},"excerpt":{"rendered":"","protected":false},"author":13,"featured_media":1392405,"comment_status":"open","ping_status":"closed","sticky":false,"template":"","format":"standard","meta":{"inline_featured_image":false,"kia_subtitle":"","_mux_skip_reasons":[],"proofreadBy":0,"footnotes":""},"categories":[187,26],"tags":[351,2258],"sport":[],"saison":[],"class_list":["post-1392374","post","type-post","status-publish","format-standard","has-post-thumbnail","hentry","category-actualite-nhl","category-nhl","tag-calgary-flames","tag-dan-vladar"],"acf":[],"yoast_head":"<!-- This site is optimized with the Yoast SEO plugin v24.2 - https:\/\/yoast.com\/wordpress\/plugins\/seo\/ -->\n<title>Dan Vladar (Flames) forfait pour la fin de saison - The Playoffs FR<\/title>\n<meta name=\"robots\" content=\"index, follow, max-snippet:-1, max-image-preview:large, max-video-preview:-1\" \/>\n<link rel=\"canonical\" href=\"https:\/\/theplayoffs.news\/fr\/actualite-nhl\/dan-vladar-flames-forfait-pour-la-fin-de-saison\/\" \/>\n<meta property=\"og:locale\" content=\"fr_FR\" \/>\n<meta property=\"og:type\" content=\"article\" \/>\n<meta property=\"og:title\" content=\"Dan Vladar (Flames) forfait pour la fin de saison - The Playoffs FR\" \/>\n<meta property=\"og:url\" content=\"https:\/\/theplayoffs.news\/fr\/actualite-nhl\/dan-vladar-flames-forfait-pour-la-fin-de-saison\/\" \/>\n<meta property=\"og:site_name\" content=\"The Playoffs FR\" \/>\n<meta property=\"article:publisher\" content=\"https:\/\/www.facebook.com\/TheFreeAgentFR\/\" \/>\n<meta property=\"article:modified_time\" content=\"2024-03-22T10:34:56+01:00\" \/>\n<meta property=\"og:image\" content=\"https:\/\/theplayoffs.news\/fr\/wp-content\/uploads\/2024\/03\/USATSI_22767445.jpg\" \/>\n\t<meta property=\"og:image:width\" content=\"1920\" \/>\n\t<meta property=\"og:image:height\" content=\"1281\" \/>\n\t<meta property=\"og:image:type\" content=\"image\/jpeg\" \/>\n<meta name=\"author\" content=\"Charles Taudin\" \/>\n<meta name=\"twitter:card\" content=\"summary_large_image\" \/>\n<meta name=\"twitter:creator\" content=\"@TheFreeAgentFR\" \/>\n<meta name=\"twitter:site\" content=\"@TheFreeAgentFR\" \/>\n<meta name=\"twitter:label1\" content=\"\u00c9crit par\" \/>\n\t<meta name=\"twitter:data1\" content=\"Charles Taudin\" \/>\n\t<meta name=\"twitter:label2\" content=\"Dur\u00e9e de lecture estim\u00e9e\" \/>\n\t<meta name=\"twitter:data2\" content=\"2 minutes\" \/>\n<script type=\"application\/ld+json\" class=\"yoast-schema-graph\">{\"@context\":\"https:\/\/schema.org\",\"@graph\":[{\"@type\":\"WebPage\",\"@id\":\"https:\/\/theplayoffs.news\/fr\/actualite-nhl\/dan-vladar-flames-forfait-pour-la-fin-de-saison\/\",\"url\":\"https:\/\/theplayoffs.news\/fr\/actualite-nhl\/dan-vladar-flames-forfait-pour-la-fin-de-saison\/\",\"name\":\"Dan Vladar (Flames) forfait pour la fin de saison - The Playoffs FR\",\"isPartOf\":{\"@id\":\"https:\/\/theplayoffs.news\/fr\/#website\"},\"primaryImageOfPage\":{\"@id\":\"https:\/\/theplayoffs.news\/fr\/actualite-nhl\/dan-vladar-flames-forfait-pour-la-fin-de-saison\/#primaryimage\"},\"image\":{\"@id\":\"https:\/\/theplayoffs.news\/fr\/actualite-nhl\/dan-vladar-flames-forfait-pour-la-fin-de-saison\/#primaryimage\"},\"thumbnailUrl\":\"https:\/\/theplayoffs.news\/fr\/wp-content\/uploads\/2024\/03\/USATSI_22767445.jpg\",\"datePublished\":\"2024-03-22T09:34:56+00:00\",\"dateModified\":\"2024-03-22T10:34:56+01:00\",\"author\":{\"@id\":\"https:\/\/theplayoffs.news\/fr\/#\/schema\/person\/eee5b69ad5d3c51cabe881c839dbe133\"},\"breadcrumb\":{\"@id\":\"https:\/\/theplayoffs.news\/fr\/actualite-nhl\/dan-vladar-flames-forfait-pour-la-fin-de-saison\/#breadcrumb\"},\"inLanguage\":\"fr-FR\",\"potentialAction\":[{\"@type\":\"ReadAction\",\"target\":[\"https:\/\/theplayoffs.news\/fr\/actualite-nhl\/dan-vladar-flames-forfait-pour-la-fin-de-saison\/\"]}]},{\"@type\":\"ImageObject\",\"inLanguage\":\"fr-FR\",\"@id\":\"https:\/\/theplayoffs.news\/fr\/actualite-nhl\/dan-vladar-flames-forfait-pour-la-fin-de-saison\/#primaryimage\",\"url\":\"https:\/\/theplayoffs.news\/fr\/wp-content\/uploads\/2024\/03\/USATSI_22767445.jpg\",\"contentUrl\":\"https:\/\/theplayoffs.news\/fr\/wp-content\/uploads\/2024\/03\/USATSI_22767445.jpg\",\"width\":1920,\"height\":1281,\"caption\":\"Mar 12, 2024; Calgary, Alberta, CAN; Calgary Flames goaltender Dan Vladar (80) guards his net against the Colorado Avalanche during the first period at Scotiabank Saddledome. Mandatory Credit: Sergei Belski-USA TODAY Sports\"},{\"@type\":\"BreadcrumbList\",\"@id\":\"https:\/\/theplayoffs.news\/fr\/actualite-nhl\/dan-vladar-flames-forfait-pour-la-fin-de-saison\/#breadcrumb\",\"itemListElement\":[{\"@type\":\"ListItem\",\"position\":1,\"name\":\"Accueil\",\"item\":\"https:\/\/theplayoffs.news\/fr\/\"},{\"@type\":\"ListItem\",\"position\":2,\"name\":\"Dan Vladar (Flames) forfait pour la fin de saison\"}]},{\"@type\":\"WebSite\",\"@id\":\"https:\/\/theplayoffs.news\/fr\/#website\",\"url\":\"https:\/\/theplayoffs.news\/fr\/\",\"name\":\"The Playoffs FR\",\"description\":\"NBA-NFL-NHL-MLB\",\"potentialAction\":[{\"@type\":\"SearchAction\",\"target\":{\"@type\":\"EntryPoint\",\"urlTemplate\":\"https:\/\/theplayoffs.news\/fr\/?s={search_term_string}\"},\"query-input\":{\"@type\":\"PropertyValueSpecification\",\"valueRequired\":true,\"valueName\":\"search_term_string\"}}],\"inLanguage\":\"fr-FR\"},{\"@type\":\"Person\",\"@id\":\"https:\/\/theplayoffs.news\/fr\/#\/schema\/person\/eee5b69ad5d3c51cabe881c839dbe133\",\"name\":\"Charles Taudin\",\"image\":{\"@type\":\"ImageObject\",\"inLanguage\":\"fr-FR\",\"@id\":\"https:\/\/theplayoffs.news\/fr\/#\/schema\/person\/image\/\",\"url\":\"https:\/\/secure.gravatar.com\/avatar\/59a1e772205ce9fd255edfcafc93013736822e20261f294c5753b20c41ede9f2?s=96&d=mm&r=g\",\"contentUrl\":\"https:\/\/secure.gravatar.com\/avatar\/59a1e772205ce9fd255edfcafc93013736822e20261f294c5753b20c41ede9f2?s=96&d=mm&r=g\",\"caption\":\"Charles Taudin\"},\"description\":\"R\u00e9dacteur en chef global de The Playoffs, j\u2019ai cr\u00e9\u00e9 The Free Agent, devenu The Playoffs FR, en 2020 durant la pand\u00e9mie. Amoureux depuis des ann\u00e9es des 4 sports majeurs am\u00e9ricains, j\u2019organise maintenant la strat\u00e9gie \u00e9ditoriale et les r\u00e9seaux sociaux de l\u2019ensemble des versions de The Playoffs. Il m\u2019arrive encore d\u2019\u00e9crire sur certains sports que j\u2019affectionne particuli\u00e8rement comme la NFL ou la MLB. Si vous devez retenir qu\u2019une chose : Eli Manning est le vrai GOAT pour avoir battu deux fois Tom Brady.\",\"sameAs\":[\"https:\/\/www.instagram.com\/ctaudin_\/\"],\"url\":\"https:\/\/theplayoffs.news\/fr\/author\/charles-taudin\/\"}]}<\/script>\n<!-- \/ Yoast SEO plugin. -->","yoast_head_json":{"title":"Dan Vladar (Flames) forfait pour la fin de saison - The Playoffs FR","robots":{"index":"index","follow":"follow","max-snippet":"max-snippet:-1","max-image-preview":"max-image-preview:large","max-video-preview":"max-video-preview:-1"},"canonical":"https:\/\/theplayoffs.news\/fr\/actualite-nhl\/dan-vladar-flames-forfait-pour-la-fin-de-saison\/","og_locale":"fr_FR","og_type":"article","og_title":"Dan Vladar (Flames) forfait pour la fin de saison - The Playoffs FR","og_url":"https:\/\/theplayoffs.news\/fr\/actualite-nhl\/dan-vladar-flames-forfait-pour-la-fin-de-saison\/","og_site_name":"The Playoffs FR","article_publisher":"https:\/\/www.facebook.com\/TheFreeAgentFR\/","article_modified_time":"2024-03-22T09:10:57+00:00","og_image":[{"width":1920,"height":1281,"url":"https:\/\/theplayoffs.news\/fr\/wp-content\/uploads\/2024\/03\/USATSI_22767445.jpg","type":"image\/jpeg"}],"author":"Charles Taudin","twitter_card":"summary_large_image","twitter_creator":"@TheFreeAgentFR","twitter_site":"@TheFreeAgentFR","twitter_misc":{"\u00c9crit par":"Charles Taudin","Dur\u00e9e de lecture estim\u00e9e":"2 minutes"},"schema":{"@context":"https:\/\/schema.org","@graph":[{"@type":"WebPage","@id":"https:\/\/theplayoffs.news\/fr\/actualite-nhl\/dan-vladar-flames-forfait-pour-la-fin-de-saison\/","url":"https:\/\/theplayoffs.news\/fr\/actualite-nhl\/dan-vladar-flames-forfait-pour-la-fin-de-saison\/","name":"Dan Vladar (Flames) forfait pour la fin de saison - The Playoffs FR","isPartOf":{"@id":"https:\/\/theplayoffs.news\/fr\/#website"},"primaryImageOfPage":{"@id":"https:\/\/theplayoffs.news\/fr\/actualite-nhl\/dan-vladar-flames-forfait-pour-la-fin-de-saison\/#primaryimage"},"image":{"@id":"https:\/\/theplayoffs.news\/fr\/actualite-nhl\/dan-vladar-flames-forfait-pour-la-fin-de-saison\/#primaryimage"},"thumbnailUrl":"https:\/\/theplayoffs.news\/fr\/wp-content\/uploads\/2024\/03\/USATSI_22767445.jpg","datePublished":"2024-03-22T09:34:56+00:00","dateModified":"2024-03-22T10:34:56+01:00","author":{"@id":"https:\/\/theplayoffs.news\/fr\/#\/schema\/person\/eee5b69ad5d3c51cabe881c839dbe133"},"breadcrumb":{"@id":"https:\/\/theplayoffs.news\/fr\/actualite-nhl\/dan-vladar-flames-forfait-pour-la-fin-de-saison\/#breadcrumb"},"inLanguage":"fr-FR","potentialAction":[{"@type":"ReadAction","target":["https:\/\/theplayoffs.news\/fr\/actualite-nhl\/dan-vladar-flames-forfait-pour-la-fin-de-saison\/"]}]},{"@type":"ImageObject","inLanguage":"fr-FR","@id":"https:\/\/theplayoffs.news\/fr\/actualite-nhl\/dan-vladar-flames-forfait-pour-la-fin-de-saison\/#primaryimage","url":"https:\/\/theplayoffs.news\/fr\/wp-content\/uploads\/2024\/03\/USATSI_22767445.jpg","contentUrl":"https:\/\/theplayoffs.news\/fr\/wp-content\/uploads\/2024\/03\/USATSI_22767445.jpg","width":1920,"height":1281,"caption":"Mar 12, 2024; Calgary, Alberta, CAN; Calgary Flames goaltender Dan Vladar (80) guards his net against the Colorado Avalanche during the first period at Scotiabank Saddledome. Mandatory Credit: Sergei Belski-USA TODAY Sports"},{"@type":"BreadcrumbList","@id":"https:\/\/theplayoffs.news\/fr\/actualite-nhl\/dan-vladar-flames-forfait-pour-la-fin-de-saison\/#breadcrumb","itemListElement":[{"@type":"ListItem","position":1,"name":"Accueil","item":"https:\/\/theplayoffs.news\/fr\/"},{"@type":"ListItem","position":2,"name":"Dan Vladar (Flames) forfait pour la fin de saison"}]},{"@type":"WebSite","@id":"https:\/\/theplayoffs.news\/fr\/#website","url":"https:\/\/theplayoffs.news\/fr\/","name":"The Playoffs FR","description":"NBA-NFL-NHL-MLB","potentialAction":[{"@type":"SearchAction","target":{"@type":"EntryPoint","urlTemplate":"https:\/\/theplayoffs.news\/fr\/?s={search_term_string}"},"query-input":{"@type":"PropertyValueSpecification","valueRequired":true,"valueName":"search_term_string"}}],"inLanguage":"fr-FR"},{"@type":"Person","@id":"https:\/\/theplayoffs.news\/fr\/#\/schema\/person\/eee5b69ad5d3c51cabe881c839dbe133","name":"Charles Taudin","image":{"@type":"ImageObject","inLanguage":"fr-FR","@id":"https:\/\/theplayoffs.news\/fr\/#\/schema\/person\/image\/","url":"https:\/\/secure.gravatar.com\/avatar\/59a1e772205ce9fd255edfcafc93013736822e20261f294c5753b20c41ede9f2?s=96&d=mm&r=g","contentUrl":"https:\/\/secure.gravatar.com\/avatar\/59a1e772205ce9fd255edfcafc93013736822e20261f294c5753b20c41ede9f2?s=96&d=mm&r=g","caption":"Charles Taudin"},"description":"R\u00e9dacteur en chef global de The Playoffs, j\u2019ai cr\u00e9\u00e9 The Free Agent, devenu The Playoffs FR, en 2020 durant la pand\u00e9mie. Amoureux depuis des ann\u00e9es des 4 sports majeurs am\u00e9ricains, j\u2019organise maintenant la strat\u00e9gie \u00e9ditoriale et les r\u00e9seaux sociaux de l\u2019ensemble des versions de The Playoffs. Il m\u2019arrive encore d\u2019\u00e9crire sur certains sports que j\u2019affectionne particuli\u00e8rement comme la NFL ou la MLB. Si vous devez retenir qu\u2019une chose : Eli Manning est le vrai GOAT pour avoir battu deux fois Tom Brady.","sameAs":["https:\/\/www.instagram.com\/ctaudin_\/"],"url":"https:\/\/theplayoffs.news\/fr\/author\/charles-taudin\/"}]}},"_links":{"self":[{"href":"https:\/\/theplayoffs.news\/fr\/wp-json\/wp\/v2\/posts\/1392374","targetHints":{"allow":["GET"]}}],"collection":[{"href":"https:\/\/theplayoffs.news\/fr\/wp-json\/wp\/v2\/posts"}],"about":[{"href":"https:\/\/theplayoffs.news\/fr\/wp-json\/wp\/v2\/types\/post"}],"author":[{"embeddable":true,"href":"https:\/\/theplayoffs.news\/fr\/wp-json\/wp\/v2\/users\/13"}],"replies":[{"embeddable":true,"href":"https:\/\/theplayoffs.news\/fr\/wp-json\/wp\/v2\/comments?post=1392374"}],"version-history":[{"count":3,"href":"https:\/\/theplayoffs.news\/fr\/wp-json\/wp\/v2\/posts\/1392374\/revisions"}],"predecessor-version":[{"id":1392417,"href":"https:\/\/theplayoffs.news\/fr\/wp-json\/wp\/v2\/posts\/1392374\/revisions\/1392417"}],"wp:featuredmedia":[{"embeddable":true,"href":"https:\/\/theplayoffs.news\/fr\/wp-json\/wp\/v2\/media\/1392405"}],"wp:attachment":[{"href":"https:\/\/theplayoffs.news\/fr\/wp-json\/wp\/v2\/media?parent=1392374"}],"wp:term":[{"taxonomy":"category","embeddable":true,"href":"https:\/\/theplayoffs.news\/fr\/wp-json\/wp\/v2\/categories?post=1392374"},{"taxonomy":"post_tag","embeddable":true,"href":"https:\/\/theplayoffs.news\/fr\/wp-json\/wp\/v2\/tags?post=1392374"},{"taxonomy":"sport","embeddable":true,"href":"https:\/\/theplayoffs.news\/fr\/wp-json\/wp\/v2\/sport?post=1392374"},{"taxonomy":"saison","embeddable":true,"href":"https:\/\/theplayoffs.news\/fr\/wp-json\/wp\/v2\/saison?post=1392374"}],"curies":[{"name":"wp","href":"https:\/\/api.w.org\/{rel}","templated":true}]}}