{"id":1386075,"date":"2024-03-19T23:43:49","date_gmt":"2024-03-19T22:43:49","guid":{"rendered":"https:\/\/theplayoffs.news\/fr\/?p=1386075"},"modified":"2024-03-20T00:42:47","modified_gmt":"2024-03-19T23:42:47","slug":"paris-2024-le-calendrier-de-la-phase-de-groupe","status":"publish","type":"post","link":"https:\/\/theplayoffs.news\/fr\/nba\/paris-2024-le-calendrier-de-la-phase-de-groupe\/","title":{"rendered":"Paris 2024, le calendrier de la phase de groupe."},"content":{"rendered":"<h2><a href=\"https:\/\/olympics.com\/fr\/infos\/jo-paris-2024-calendrier-basketball\" class=\"trk-cta-link\" data-cta-trk='{\"ctaType\":\"Link\",\"ctaSubType\":\"main\"}'>JO<\/a> &ndash; Alors que le tirage au sort des phases de groupe est enfin effectu&eacute; pour Paris 2024, on y voit plus clair sur le calendrier pour cette premi&egrave;re partie de la comp&eacute;tition qui se d&eacute;roulera &agrave; Lille.<\/h2><p>&nbsp;<\/p><h3>Calendrier du tournoi masculin.<\/h3><p><img loading=\"lazy\" decoding=\"async\" class=\"alignnone size-full wp-image-1386062\" src=\"https:\/\/theplayoffs.news\/fr\/wp-content\/uploads\/2024\/03\/1710884155149.jpg\" alt=\"\" width=\"1080\" height=\"1350\" srcset=\"https:\/\/theplayoffs.news\/fr\/wp-content\/uploads\/2024\/03\/1710884155149.jpg 1080w, https:\/\/theplayoffs.news\/fr\/wp-content\/uploads\/2024\/03\/1710884155149-240x300.jpg 240w, https:\/\/theplayoffs.news\/fr\/wp-content\/uploads\/2024\/03\/1710884155149-824x1030.jpg 824w, https:\/\/theplayoffs.news\/fr\/wp-content\/uploads\/2024\/03\/1710884155149-768x960.jpg 768w, https:\/\/theplayoffs.news\/fr\/wp-content\/uploads\/2024\/03\/1710884155149-564x705.jpg 564w\" sizes=\"auto, (max-width: 1080px) 100vw, 1080px\" \/><\/p><h3>GROUPE A<\/h3><p>Australie &ndash; Canada &ndash; Vainqueurs des TQO grec et espagnol.<\/p><ul>\n<li><em>27 Juillet<\/em> : Australie \/ Vainqueur TQO Espagne + Vainqueur TQO Gr&egrave;ce \/ Canada.<\/li>\n<li><em>30 Juillet<\/em> : Canada \/ Australie + Vainqueur TQO Espagne \/ Vainqueur TQO Gr&egrave;ce<\/li>\n<li><em>02 Ao&ucirc;t<\/em> : Australie \/ Vainqueur TQO Gr&egrave;ce + Canada \/ Vainqueur TQO Espagne<\/li>\n<\/ul><p>Le choc de ce groupe sera le match entre le Canada et l&rsquo;Australie, tr&egrave;s certainement LA rencontre pour s&rsquo;assurer de la premi&egrave;re place du groupe, tout en ayant un oeil attentif sur les deux &eacute;quipes qui sortiront victorieuses des TQO quelques jours avant le d&eacute;but des JO.<\/p><p>&nbsp;<\/p><h3><strong>GROUPE B<\/strong><\/h3><p><strong>France<\/strong> &ndash; Allemagne &ndash; Japon &ndash; Vainqueur TQO letton.<\/p><ul>\n<li><em>27 Juillet<\/em> : <strong>France<\/strong> \/ Vainqueur TQO Lettonie + Allemagne \/ Japon<\/li>\n<li><em>30 Juillet<\/em> : Japon \/ <strong>France<\/strong> + Vainqueur TQO Lettonie \/ Allemagne<\/li>\n<li><em>02 Ao&ucirc;t<\/em> : <strong>France<\/strong> \/ Allemagne + Japon \/ Vainqueur TQO Lettonie<\/li>\n<\/ul><p><a href=\"https:\/\/theplayoffs.news\/fr\/divers\/paris-2024-on-connait-les-adversaires-des-equipes-de-france-de-basket\/\" class=\"trk-cta-link\" data-cta-trk='{\"ctaType\":\"Link\",\"ctaSubType\":\"main\"}'>L&rsquo;&eacute;quipe de France<\/a> sera sur le pont d&egrave;s le premier jour de la comp&eacute;tition (tr&egrave;s certainement le match de 21h00, &agrave; confirmer), elle encha&icirc;nera d&egrave;s le Mardi contre le Japon, avant de conclure sa phase de groupe le Vendredi contre les champions du monde en titre, les allemands.<\/p><p>&nbsp;<\/p><h3><strong>GROUPE C<\/strong><\/h3><p>USA &ndash; Serbie &ndash; Soudan du Sud &ndash; Vainqueur TQO porto-ricain<\/p><ul>\n<li><em>28 Juillet<\/em> : Serbie \/ USA + Soudan du Sud \/ Vainqueur TQO Porto Rico<\/li>\n<li><em>31 Juillet<\/em> : Vainqueur TQO Porto Rico \/ Serbie + USA \/ Soudan du Sud<\/li>\n<li><em>03 Ao&ucirc;t<\/em> : Serbie \/ Soudan du Sud + Vainqueur TQO Porto Rico \/ USA<\/li>\n<\/ul><p>Le choc se d&eacute;roulera d&egrave;s la premi&egrave;re journ&eacute;e de ce groupe, le Samedi 28 Juillet entre la Serbie et Team USA &hellip;<\/p><p>&nbsp;<\/p><h3>Calendrier du tournoi f&eacute;minin.<\/h3><p><img loading=\"lazy\" decoding=\"async\" class=\"alignnone size-full wp-image-1386063\" src=\"https:\/\/theplayoffs.news\/fr\/wp-content\/uploads\/2024\/03\/1710884155165.jpg\" alt=\"\" width=\"1080\" height=\"1350\" srcset=\"https:\/\/theplayoffs.news\/fr\/wp-content\/uploads\/2024\/03\/1710884155165.jpg 1080w, https:\/\/theplayoffs.news\/fr\/wp-content\/uploads\/2024\/03\/1710884155165-240x300.jpg 240w, https:\/\/theplayoffs.news\/fr\/wp-content\/uploads\/2024\/03\/1710884155165-824x1030.jpg 824w, https:\/\/theplayoffs.news\/fr\/wp-content\/uploads\/2024\/03\/1710884155165-768x960.jpg 768w, https:\/\/theplayoffs.news\/fr\/wp-content\/uploads\/2024\/03\/1710884155165-564x705.jpg 564w\" sizes=\"auto, (max-width: 1080px) 100vw, 1080px\" \/><\/p><h3>GROUPE A<\/h3><p>Serbie &ndash; Espagne &ndash; Chine &ndash; Porto Rico<\/p><ul>\n<li><em>28 Juillet<\/em> : Serbie \/ Porto Rico + Espagne \/ Chine<\/li>\n<li><em>31 Juillet<\/em> : Chine \/ Serbie + Porto Rico \/ Espagne<\/li>\n<li><em>03 Ao&ucirc;t<\/em> : Serbie \/ Espagne + Chine \/ Porto Rico<\/li>\n<\/ul><p>&nbsp;<\/p><h3>GROUPE B<\/h3><p><strong>France<\/strong> &ndash; Canada &ndash; Australie &ndash; Nig&eacute;ria<\/p><ul>\n<li><em>29 Juillet<\/em> : Canada \/ <strong>France<\/strong> + Australie \/ Nig&eacute;ria<\/li>\n<li><em>01 Ao&ucirc;t<\/em> : Australie \/ Canada + <strong>France<\/strong> \/ Nig&eacute;ria<\/li>\n<li><em>04 Ao&ucirc;t<\/em> : Canada \/ Nig&eacute;ria + Australie \/ <strong>France<\/strong><\/li>\n<\/ul><p>&nbsp;<\/p><h3>GROUPE C<\/h3><p>Allemagne &ndash; USA &ndash; Belgique &ndash; Japon<\/p><ul>\n<li><em>29 Juillet<\/em> : Allemagne \/ Belgique + USA \/ Japon<\/li>\n<li><em>01 Ao&ucirc;t<\/em> : Japon \/ Allemagne + Belgique \/ USA<\/li>\n<li><em>04 Ao&ucirc;t<\/em> : Allemagne \/ USA + Japon \/ Belgique<\/li>\n<\/ul><p>&nbsp;<\/p><p style=\"text-align: right\"><em>Source photo : www.paris2024.org<\/em><\/p>\n","protected":false},"excerpt":{"rendered":"","protected":false},"author":180310001,"featured_media":1386077,"comment_status":"open","ping_status":"closed","sticky":false,"template":"","format":"standard","meta":{"inline_featured_image":false,"kia_subtitle":"","_mux_skip_reasons":[],"proofreadBy":0,"footnotes":""},"categories":[10],"tags":[1786,7081,39,7082],"sport":[],"saison":[6111],"class_list":["post-1386075","post","type-post","status-publish","format-standard","has-post-thumbnail","hentry","category-nba","tag-france","tag-jo","tag-paris","tag-usa","saison-6111"],"acf":[],"yoast_head":"<!-- This site is optimized with the Yoast SEO plugin v24.2 - https:\/\/yoast.com\/wordpress\/plugins\/seo\/ -->\n<title>Paris 2024, le calendrier de la phase de groupe. - The Playoffs FR<\/title>\n<meta name=\"robots\" content=\"index, follow, max-snippet:-1, max-image-preview:large, max-video-preview:-1\" \/>\n<link rel=\"canonical\" href=\"https:\/\/theplayoffs.news\/fr\/nba\/paris-2024-le-calendrier-de-la-phase-de-groupe\/\" \/>\n<meta property=\"og:locale\" content=\"fr_FR\" \/>\n<meta property=\"og:type\" content=\"article\" \/>\n<meta property=\"og:title\" content=\"Paris 2024, le calendrier de la phase de groupe. - The Playoffs FR\" \/>\n<meta property=\"og:url\" content=\"https:\/\/theplayoffs.news\/fr\/nba\/paris-2024-le-calendrier-de-la-phase-de-groupe\/\" \/>\n<meta property=\"og:site_name\" content=\"The Playoffs FR\" \/>\n<meta property=\"article:publisher\" content=\"https:\/\/www.facebook.com\/TheFreeAgentFR\/\" \/>\n<meta property=\"article:modified_time\" content=\"2024-03-20T00:42:47+01:00\" \/>\n<meta property=\"og:image\" content=\"https:\/\/theplayoffs.news\/fr\/wp-content\/uploads\/2024\/03\/emblem-situation7_60963524.jpg\" \/>\n\t<meta property=\"og:image:width\" content=\"1280\" \/>\n\t<meta property=\"og:image:height\" content=\"640\" \/>\n\t<meta property=\"og:image:type\" content=\"image\/jpeg\" \/>\n<meta name=\"author\" content=\"Christopher Marrec-Top\" \/>\n<meta name=\"twitter:card\" content=\"summary_large_image\" \/>\n<meta name=\"twitter:creator\" content=\"@TheFreeAgentFR\" \/>\n<meta name=\"twitter:site\" content=\"@TheFreeAgentFR\" \/>\n<meta name=\"twitter:label1\" content=\"\u00c9crit par\" \/>\n\t<meta name=\"twitter:data1\" content=\"Christopher Marrec-Top\" \/>\n\t<meta name=\"twitter:label2\" content=\"Dur\u00e9e de lecture estim\u00e9e\" \/>\n\t<meta name=\"twitter:data2\" content=\"2 minutes\" \/>\n<script type=\"application\/ld+json\" class=\"yoast-schema-graph\">{\"@context\":\"https:\/\/schema.org\",\"@graph\":[{\"@type\":\"WebPage\",\"@id\":\"https:\/\/theplayoffs.news\/fr\/nba\/paris-2024-le-calendrier-de-la-phase-de-groupe\/\",\"url\":\"https:\/\/theplayoffs.news\/fr\/nba\/paris-2024-le-calendrier-de-la-phase-de-groupe\/\",\"name\":\"Paris 2024, le calendrier de la phase de groupe. - The Playoffs FR\",\"isPartOf\":{\"@id\":\"https:\/\/theplayoffs.news\/fr\/#website\"},\"primaryImageOfPage\":{\"@id\":\"https:\/\/theplayoffs.news\/fr\/nba\/paris-2024-le-calendrier-de-la-phase-de-groupe\/#primaryimage\"},\"image\":{\"@id\":\"https:\/\/theplayoffs.news\/fr\/nba\/paris-2024-le-calendrier-de-la-phase-de-groupe\/#primaryimage\"},\"thumbnailUrl\":\"https:\/\/theplayoffs.news\/fr\/wp-content\/uploads\/2024\/03\/emblem-situation7_60963524.jpg\",\"datePublished\":\"2024-03-19T22:43:49+00:00\",\"dateModified\":\"2024-03-19T23:42:47+00:00\",\"author\":{\"@id\":\"https:\/\/theplayoffs.news\/fr\/#\/schema\/person\/863ce84969b07bfc09ef81750720e42a\"},\"breadcrumb\":{\"@id\":\"https:\/\/theplayoffs.news\/fr\/nba\/paris-2024-le-calendrier-de-la-phase-de-groupe\/#breadcrumb\"},\"inLanguage\":\"fr-FR\",\"potentialAction\":[{\"@type\":\"ReadAction\",\"target\":[\"https:\/\/theplayoffs.news\/fr\/nba\/paris-2024-le-calendrier-de-la-phase-de-groupe\/\"]}]},{\"@type\":\"ImageObject\",\"inLanguage\":\"fr-FR\",\"@id\":\"https:\/\/theplayoffs.news\/fr\/nba\/paris-2024-le-calendrier-de-la-phase-de-groupe\/#primaryimage\",\"url\":\"https:\/\/theplayoffs.news\/fr\/wp-content\/uploads\/2024\/03\/emblem-situation7_60963524.jpg\",\"contentUrl\":\"https:\/\/theplayoffs.news\/fr\/wp-content\/uploads\/2024\/03\/emblem-situation7_60963524.jpg\",\"width\":1280,\"height\":640,\"caption\":\"Source : www.paris2024.org\"},{\"@type\":\"BreadcrumbList\",\"@id\":\"https:\/\/theplayoffs.news\/fr\/nba\/paris-2024-le-calendrier-de-la-phase-de-groupe\/#breadcrumb\",\"itemListElement\":[{\"@type\":\"ListItem\",\"position\":1,\"name\":\"Accueil\",\"item\":\"https:\/\/theplayoffs.news\/fr\/\"},{\"@type\":\"ListItem\",\"position\":2,\"name\":\"Paris 2024, le calendrier de la phase de groupe.\"}]},{\"@type\":\"WebSite\",\"@id\":\"https:\/\/theplayoffs.news\/fr\/#website\",\"url\":\"https:\/\/theplayoffs.news\/fr\/\",\"name\":\"The Playoffs FR\",\"description\":\"NBA-NFL-NHL-MLB\",\"potentialAction\":[{\"@type\":\"SearchAction\",\"target\":{\"@type\":\"EntryPoint\",\"urlTemplate\":\"https:\/\/theplayoffs.news\/fr\/?s={search_term_string}\"},\"query-input\":{\"@type\":\"PropertyValueSpecification\",\"valueRequired\":true,\"valueName\":\"search_term_string\"}}],\"inLanguage\":\"fr-FR\"},{\"@type\":\"Person\",\"@id\":\"https:\/\/theplayoffs.news\/fr\/#\/schema\/person\/863ce84969b07bfc09ef81750720e42a\",\"name\":\"Christopher Marrec-Top\",\"image\":{\"@type\":\"ImageObject\",\"inLanguage\":\"fr-FR\",\"@id\":\"https:\/\/theplayoffs.news\/fr\/#\/schema\/person\/image\/\",\"url\":\"https:\/\/secure.gravatar.com\/avatar\/3102192a417211661aecac9ec415c973058438e49145f224d4e3273853f80021?s=96&d=mm&r=g\",\"contentUrl\":\"https:\/\/secure.gravatar.com\/avatar\/3102192a417211661aecac9ec415c973058438e49145f224d4e3273853f80021?s=96&d=mm&r=g\",\"caption\":\"Christopher Marrec-Top\"},\"description\":\"Christopher, 37 ans et biberonn\u00e9 au cidre et aux cr\u00eapes (rien de plus normal pour un breton). Animateur du podcast \\\\\\\"And One\\\\\\\", d\u00e9di\u00e9 \u00e0 l\u2019univers du basket (NBA, WNBA, Draft), et r\u00e9dacteur pour le site ThePlayoffs. Je suis entr\u00e9 dans le monde des m\u00e9dias il y a quelques ann\u00e9es en tant que novice, mais ma passion pour le sport m\u2019anime au quotidien. Admirateur inconditionnel d\\\\'un certain \\\\\\\"Chosen One\\\\\\\", je l\\\\'ai particuli\u00e8rement suivi avec un maillot noir orn\u00e9 d\\\\'un grand C (avec le maillot \\\\\\\"purple and gold\\\\\\\" il se d\u00e9brouille toujours pas trop mal). Amoureux du sport am\u00e9ricain dans son ensemble, je reste fid\u00e8le \u00e0 la discipline fond\u00e9e par James Naismith. ENJOY !! Et longue vie \u00e0 ThePlayoffs !\",\"url\":\"https:\/\/theplayoffs.news\/fr\/author\/christophertop\/\"}]}<\/script>\n<!-- \/ Yoast SEO plugin. -->","yoast_head_json":{"title":"Paris 2024, le calendrier de la phase de groupe. - The Playoffs FR","robots":{"index":"index","follow":"follow","max-snippet":"max-snippet:-1","max-image-preview":"max-image-preview:large","max-video-preview":"max-video-preview:-1"},"canonical":"https:\/\/theplayoffs.news\/fr\/nba\/paris-2024-le-calendrier-de-la-phase-de-groupe\/","og_locale":"fr_FR","og_type":"article","og_title":"Paris 2024, le calendrier de la phase de groupe. - The Playoffs FR","og_url":"https:\/\/theplayoffs.news\/fr\/nba\/paris-2024-le-calendrier-de-la-phase-de-groupe\/","og_site_name":"The Playoffs FR","article_publisher":"https:\/\/www.facebook.com\/TheFreeAgentFR\/","article_modified_time":"2024-03-19T23:42:47+00:00","og_image":[{"width":1280,"height":640,"url":"https:\/\/theplayoffs.news\/fr\/wp-content\/uploads\/2024\/03\/emblem-situation7_60963524.jpg","type":"image\/jpeg"}],"author":"Christopher Marrec-Top","twitter_card":"summary_large_image","twitter_creator":"@TheFreeAgentFR","twitter_site":"@TheFreeAgentFR","twitter_misc":{"\u00c9crit par":"Christopher Marrec-Top","Dur\u00e9e de lecture estim\u00e9e":"2 minutes"},"schema":{"@context":"https:\/\/schema.org","@graph":[{"@type":"WebPage","@id":"https:\/\/theplayoffs.news\/fr\/nba\/paris-2024-le-calendrier-de-la-phase-de-groupe\/","url":"https:\/\/theplayoffs.news\/fr\/nba\/paris-2024-le-calendrier-de-la-phase-de-groupe\/","name":"Paris 2024, le calendrier de la phase de groupe. - The Playoffs FR","isPartOf":{"@id":"https:\/\/theplayoffs.news\/fr\/#website"},"primaryImageOfPage":{"@id":"https:\/\/theplayoffs.news\/fr\/nba\/paris-2024-le-calendrier-de-la-phase-de-groupe\/#primaryimage"},"image":{"@id":"https:\/\/theplayoffs.news\/fr\/nba\/paris-2024-le-calendrier-de-la-phase-de-groupe\/#primaryimage"},"thumbnailUrl":"https:\/\/theplayoffs.news\/fr\/wp-content\/uploads\/2024\/03\/emblem-situation7_60963524.jpg","datePublished":"2024-03-19T22:43:49+00:00","dateModified":"2024-03-19T23:42:47+00:00","author":{"@id":"https:\/\/theplayoffs.news\/fr\/#\/schema\/person\/863ce84969b07bfc09ef81750720e42a"},"breadcrumb":{"@id":"https:\/\/theplayoffs.news\/fr\/nba\/paris-2024-le-calendrier-de-la-phase-de-groupe\/#breadcrumb"},"inLanguage":"fr-FR","potentialAction":[{"@type":"ReadAction","target":["https:\/\/theplayoffs.news\/fr\/nba\/paris-2024-le-calendrier-de-la-phase-de-groupe\/"]}]},{"@type":"ImageObject","inLanguage":"fr-FR","@id":"https:\/\/theplayoffs.news\/fr\/nba\/paris-2024-le-calendrier-de-la-phase-de-groupe\/#primaryimage","url":"https:\/\/theplayoffs.news\/fr\/wp-content\/uploads\/2024\/03\/emblem-situation7_60963524.jpg","contentUrl":"https:\/\/theplayoffs.news\/fr\/wp-content\/uploads\/2024\/03\/emblem-situation7_60963524.jpg","width":1280,"height":640,"caption":"Source : www.paris2024.org"},{"@type":"BreadcrumbList","@id":"https:\/\/theplayoffs.news\/fr\/nba\/paris-2024-le-calendrier-de-la-phase-de-groupe\/#breadcrumb","itemListElement":[{"@type":"ListItem","position":1,"name":"Accueil","item":"https:\/\/theplayoffs.news\/fr\/"},{"@type":"ListItem","position":2,"name":"Paris 2024, le calendrier de la phase de groupe."}]},{"@type":"WebSite","@id":"https:\/\/theplayoffs.news\/fr\/#website","url":"https:\/\/theplayoffs.news\/fr\/","name":"The Playoffs FR","description":"NBA-NFL-NHL-MLB","potentialAction":[{"@type":"SearchAction","target":{"@type":"EntryPoint","urlTemplate":"https:\/\/theplayoffs.news\/fr\/?s={search_term_string}"},"query-input":{"@type":"PropertyValueSpecification","valueRequired":true,"valueName":"search_term_string"}}],"inLanguage":"fr-FR"},{"@type":"Person","@id":"https:\/\/theplayoffs.news\/fr\/#\/schema\/person\/863ce84969b07bfc09ef81750720e42a","name":"Christopher Marrec-Top","image":{"@type":"ImageObject","inLanguage":"fr-FR","@id":"https:\/\/theplayoffs.news\/fr\/#\/schema\/person\/image\/","url":"https:\/\/secure.gravatar.com\/avatar\/3102192a417211661aecac9ec415c973058438e49145f224d4e3273853f80021?s=96&d=mm&r=g","contentUrl":"https:\/\/secure.gravatar.com\/avatar\/3102192a417211661aecac9ec415c973058438e49145f224d4e3273853f80021?s=96&d=mm&r=g","caption":"Christopher Marrec-Top"},"description":"Christopher, 37 ans et biberonn\u00e9 au cidre et aux cr\u00eapes (rien de plus normal pour un breton). Animateur du podcast \\\"And One\\\", d\u00e9di\u00e9 \u00e0 l\u2019univers du basket (NBA, WNBA, Draft), et r\u00e9dacteur pour le site ThePlayoffs. Je suis entr\u00e9 dans le monde des m\u00e9dias il y a quelques ann\u00e9es en tant que novice, mais ma passion pour le sport m\u2019anime au quotidien. Admirateur inconditionnel d\\'un certain \\\"Chosen One\\\", je l\\'ai particuli\u00e8rement suivi avec un maillot noir orn\u00e9 d\\'un grand C (avec le maillot \\\"purple and gold\\\" il se d\u00e9brouille toujours pas trop mal). Amoureux du sport am\u00e9ricain dans son ensemble, je reste fid\u00e8le \u00e0 la discipline fond\u00e9e par James Naismith. ENJOY !! Et longue vie \u00e0 ThePlayoffs !","url":"https:\/\/theplayoffs.news\/fr\/author\/christophertop\/"}]}},"_links":{"self":[{"href":"https:\/\/theplayoffs.news\/fr\/wp-json\/wp\/v2\/posts\/1386075","targetHints":{"allow":["GET"]}}],"collection":[{"href":"https:\/\/theplayoffs.news\/fr\/wp-json\/wp\/v2\/posts"}],"about":[{"href":"https:\/\/theplayoffs.news\/fr\/wp-json\/wp\/v2\/types\/post"}],"author":[{"embeddable":true,"href":"https:\/\/theplayoffs.news\/fr\/wp-json\/wp\/v2\/users\/180310001"}],"replies":[{"embeddable":true,"href":"https:\/\/theplayoffs.news\/fr\/wp-json\/wp\/v2\/comments?post=1386075"}],"version-history":[{"count":9,"href":"https:\/\/theplayoffs.news\/fr\/wp-json\/wp\/v2\/posts\/1386075\/revisions"}],"predecessor-version":[{"id":1386083,"href":"https:\/\/theplayoffs.news\/fr\/wp-json\/wp\/v2\/posts\/1386075\/revisions\/1386083"}],"wp:featuredmedia":[{"embeddable":true,"href":"https:\/\/theplayoffs.news\/fr\/wp-json\/wp\/v2\/media\/1386077"}],"wp:attachment":[{"href":"https:\/\/theplayoffs.news\/fr\/wp-json\/wp\/v2\/media?parent=1386075"}],"wp:term":[{"taxonomy":"category","embeddable":true,"href":"https:\/\/theplayoffs.news\/fr\/wp-json\/wp\/v2\/categories?post=1386075"},{"taxonomy":"post_tag","embeddable":true,"href":"https:\/\/theplayoffs.news\/fr\/wp-json\/wp\/v2\/tags?post=1386075"},{"taxonomy":"sport","embeddable":true,"href":"https:\/\/theplayoffs.news\/fr\/wp-json\/wp\/v2\/sport?post=1386075"},{"taxonomy":"saison","embeddable":true,"href":"https:\/\/theplayoffs.news\/fr\/wp-json\/wp\/v2\/saison?post=1386075"}],"curies":[{"name":"wp","href":"https:\/\/api.w.org\/{rel}","templated":true}]}}