{"id":1383430,"date":"2024-03-18T07:13:44","date_gmt":"2024-03-18T06:13:44","guid":{"rendered":"https:\/\/theplayoffs.news\/fr\/?p=1383430"},"modified":"2024-03-18T07:13:44","modified_gmt":"2024-03-18T06:13:44","slug":"victor-wembanyama-porte-les-spurs-face-aux-nets","status":"publish","type":"post","link":"https:\/\/theplayoffs.news\/fr\/actualite-nba\/victor-wembanyama-porte-les-spurs-face-aux-nets\/","title":{"rendered":"Victor Wembanyama porte les Spurs face aux Nets"},"content":{"rendered":"<h2>Les San Antonio Spurs ont remport&eacute; une victoire en prolongation contre les Brooklyn Nets au Moody Center gr&acirc;ce notamment &agrave; Victor Wembanyama.<\/h2><p><a href=\"https:\/\/theplayoffs.news\/fr\/joueur\/victor-wembanyama-nba-10208314\/\" class=\"trk-cta-link\" data-cta-trk='{\"ctaType\":\"Link\",\"ctaSubType\":\"main\"}'><strong>Victor Wembanyama<\/strong><\/a> a livr&eacute; une performance impactante, contribuant de mani&egrave;re significative &agrave; la remont&eacute;e des Spurs d&rsquo;un d&eacute;ficit de 10 points avec moins de six minutes restantes dans le temps r&eacute;glementaire.<\/p><p>Les statistiques impressionnantes de Wembanyama pour la nuit comprenaient 33 points, 15 rebonds, 7 blocs et 7 passes d&eacute;cisives, faisant de lui le seul joueur dans l&rsquo;histoire de la NBA &agrave; r&eacute;aliser un tel exploit depuis que les blocs sont devenus une statistique officielle en 1973-74.<\/p><p>https:\/\/twitter.com\/NBA\/status\/1769557703230173422<\/p><p>La prouesse d&eacute;fensive du ph&eacute;nom&egrave;ne fran&ccedil;ais a &eacute;t&eacute; pleinement d&eacute;montr&eacute;e, culminant avec un bloc crucial et un dunk d&eacute;cisif en prolongation.<\/p><blockquote><p>&laquo;&nbsp;J&rsquo;&eacute;tais presque s&ucirc;r de l&rsquo;avoir&nbsp;&raquo;, <a href=\"https:\/\/www.espn.com\/nba\/story\/_\/id\/39756499\/wembanyama-lifts-spurs-austin-paris-set-next-season\" class=\"trk-cta-link\" data-cta-trk='{\"ctaType\":\"Link\",\"ctaSubType\":\"main\"}'>a d&eacute;clar&eacute; Victor Wembanyama<\/a>. &laquo;&nbsp;J&rsquo;ai juste demand&eacute; &agrave; l&rsquo;arbitre ce qu&rsquo;il pensait qu&rsquo;il y avait de mal. Il m&rsquo;a dit que le panneau arri&egrave;re &eacute;tait le premier, mais je savais que &ccedil;a allait &ecirc;tre bon&nbsp;&raquo;.<\/p><\/blockquote><p>Les Spurs ont fait preuve d&rsquo;une r&eacute;silience remarquable avec leur run de 17-4 sur les 5 derni&egrave;res minutes. M&ecirc;me si la victoire leur tendait les bras, Dennis Schr&ouml;der en a d&eacute;cid&eacute; autrement pour envoyer les deux &eacute;quipes en prolongation.<\/p><p>Mais les prolongations auront &eacute;t&eacute; fatales aux Nets avec un Victor Wembanyama des grands soirs mais bien aid&eacute;s par ces co&eacute;quipiers. Vassell a contribu&eacute; avec 25 points et huit passes d&eacute;cisives, tandis que Keldon Johnson a marqu&eacute; 24 points pour San Antonio.<\/p><p>Les Spurs jouaient hier soir &agrave; Austin, l&rsquo;un de leur deux match en back-to-back, et re&ccedil;oivent ce soir Dallas mais &agrave; San Antonio.<\/p><p>&nbsp;<\/p><p>Credit Photo : Scott Wachter-USA TODAY Sports<\/p>\n","protected":false},"excerpt":{"rendered":"","protected":false},"author":13,"featured_media":1383474,"comment_status":"open","ping_status":"closed","sticky":false,"template":"","format":"standard","meta":{"inline_featured_image":false,"kia_subtitle":"","_mux_skip_reasons":[],"proofreadBy":0,"footnotes":""},"categories":[110,10],"tags":[131,1194],"sport":[],"saison":[],"class_list":["post-1383430","post","type-post","status-publish","format-standard","has-post-thumbnail","hentry","category-actualite-nba","category-nba","tag-san-antonio-spurs","tag-victor-wembanyama"],"acf":[],"yoast_head":"<!-- This site is optimized with the Yoast SEO plugin v24.2 - https:\/\/yoast.com\/wordpress\/plugins\/seo\/ -->\n<title>Victor Wembanyama porte les Spurs face aux Nets - The Playoffs FR<\/title>\n<meta name=\"robots\" content=\"index, follow, max-snippet:-1, max-image-preview:large, max-video-preview:-1\" \/>\n<link rel=\"canonical\" href=\"https:\/\/theplayoffs.news\/fr\/actualite-nba\/victor-wembanyama-porte-les-spurs-face-aux-nets\/\" \/>\n<meta property=\"og:locale\" content=\"fr_FR\" \/>\n<meta property=\"og:type\" content=\"article\" \/>\n<meta property=\"og:title\" content=\"Victor Wembanyama porte les Spurs face aux Nets - The Playoffs FR\" \/>\n<meta property=\"og:url\" content=\"https:\/\/theplayoffs.news\/fr\/actualite-nba\/victor-wembanyama-porte-les-spurs-face-aux-nets\/\" \/>\n<meta property=\"og:site_name\" content=\"The Playoffs FR\" \/>\n<meta property=\"article:publisher\" content=\"https:\/\/www.facebook.com\/TheFreeAgentFR\/\" \/>\n<meta property=\"article:modified_time\" content=\"2024-03-18T07:13:44+01:00\" \/>\n<meta property=\"og:image\" content=\"https:\/\/theplayoffs.news\/fr\/wp-content\/uploads\/2024\/03\/USATSI_22803034.jpg\" \/>\n\t<meta property=\"og:image:width\" content=\"1920\" \/>\n\t<meta property=\"og:image:height\" content=\"1280\" \/>\n\t<meta property=\"og:image:type\" content=\"image\/jpeg\" \/>\n<meta name=\"author\" content=\"Charles Taudin\" \/>\n<meta name=\"twitter:card\" content=\"summary_large_image\" \/>\n<meta name=\"twitter:creator\" content=\"@TheFreeAgentFR\" \/>\n<meta name=\"twitter:site\" content=\"@TheFreeAgentFR\" \/>\n<meta name=\"twitter:label1\" content=\"\u00c9crit par\" \/>\n\t<meta name=\"twitter:data1\" content=\"Charles Taudin\" \/>\n\t<meta name=\"twitter:label2\" content=\"Dur\u00e9e de lecture estim\u00e9e\" \/>\n\t<meta name=\"twitter:data2\" content=\"1 minute\" \/>\n<script type=\"application\/ld+json\" class=\"yoast-schema-graph\">{\"@context\":\"https:\/\/schema.org\",\"@graph\":[{\"@type\":\"WebPage\",\"@id\":\"https:\/\/theplayoffs.news\/fr\/actualite-nba\/victor-wembanyama-porte-les-spurs-face-aux-nets\/\",\"url\":\"https:\/\/theplayoffs.news\/fr\/actualite-nba\/victor-wembanyama-porte-les-spurs-face-aux-nets\/\",\"name\":\"Victor Wembanyama porte les Spurs face aux Nets - The Playoffs FR\",\"isPartOf\":{\"@id\":\"https:\/\/theplayoffs.news\/fr\/#website\"},\"primaryImageOfPage\":{\"@id\":\"https:\/\/theplayoffs.news\/fr\/actualite-nba\/victor-wembanyama-porte-les-spurs-face-aux-nets\/#primaryimage\"},\"image\":{\"@id\":\"https:\/\/theplayoffs.news\/fr\/actualite-nba\/victor-wembanyama-porte-les-spurs-face-aux-nets\/#primaryimage\"},\"thumbnailUrl\":\"https:\/\/theplayoffs.news\/fr\/wp-content\/uploads\/2024\/03\/USATSI_22803034.jpg\",\"datePublished\":\"2024-03-18T06:13:44+00:00\",\"dateModified\":\"2024-03-18T06:13:44+00:00\",\"author\":{\"@id\":\"https:\/\/theplayoffs.news\/fr\/#\/schema\/person\/eee5b69ad5d3c51cabe881c839dbe133\"},\"breadcrumb\":{\"@id\":\"https:\/\/theplayoffs.news\/fr\/actualite-nba\/victor-wembanyama-porte-les-spurs-face-aux-nets\/#breadcrumb\"},\"inLanguage\":\"fr-FR\",\"potentialAction\":[{\"@type\":\"ReadAction\",\"target\":[\"https:\/\/theplayoffs.news\/fr\/actualite-nba\/victor-wembanyama-porte-les-spurs-face-aux-nets\/\"]}]},{\"@type\":\"ImageObject\",\"inLanguage\":\"fr-FR\",\"@id\":\"https:\/\/theplayoffs.news\/fr\/actualite-nba\/victor-wembanyama-porte-les-spurs-face-aux-nets\/#primaryimage\",\"url\":\"https:\/\/theplayoffs.news\/fr\/wp-content\/uploads\/2024\/03\/USATSI_22803034.jpg\",\"contentUrl\":\"https:\/\/theplayoffs.news\/fr\/wp-content\/uploads\/2024\/03\/USATSI_22803034.jpg\",\"width\":1920,\"height\":1280,\"caption\":\"Mar 17, 2024; Austin, Texas, USA; San Antonio Spurs forward Victor Wembanyama (1) and guard Devin Vassell (24) react during overtime against the Brooklyn Nets at Moody Center. Mandatory Credit: Scott Wachter-USA TODAY Sports\"},{\"@type\":\"BreadcrumbList\",\"@id\":\"https:\/\/theplayoffs.news\/fr\/actualite-nba\/victor-wembanyama-porte-les-spurs-face-aux-nets\/#breadcrumb\",\"itemListElement\":[{\"@type\":\"ListItem\",\"position\":1,\"name\":\"Accueil\",\"item\":\"https:\/\/theplayoffs.news\/fr\/\"},{\"@type\":\"ListItem\",\"position\":2,\"name\":\"Victor Wembanyama porte les Spurs face aux Nets\"}]},{\"@type\":\"WebSite\",\"@id\":\"https:\/\/theplayoffs.news\/fr\/#website\",\"url\":\"https:\/\/theplayoffs.news\/fr\/\",\"name\":\"The Playoffs FR\",\"description\":\"NBA-NFL-NHL-MLB\",\"potentialAction\":[{\"@type\":\"SearchAction\",\"target\":{\"@type\":\"EntryPoint\",\"urlTemplate\":\"https:\/\/theplayoffs.news\/fr\/?s={search_term_string}\"},\"query-input\":{\"@type\":\"PropertyValueSpecification\",\"valueRequired\":true,\"valueName\":\"search_term_string\"}}],\"inLanguage\":\"fr-FR\"},{\"@type\":\"Person\",\"@id\":\"https:\/\/theplayoffs.news\/fr\/#\/schema\/person\/eee5b69ad5d3c51cabe881c839dbe133\",\"name\":\"Charles Taudin\",\"image\":{\"@type\":\"ImageObject\",\"inLanguage\":\"fr-FR\",\"@id\":\"https:\/\/theplayoffs.news\/fr\/#\/schema\/person\/image\/\",\"url\":\"https:\/\/secure.gravatar.com\/avatar\/59a1e772205ce9fd255edfcafc93013736822e20261f294c5753b20c41ede9f2?s=96&d=mm&r=g\",\"contentUrl\":\"https:\/\/secure.gravatar.com\/avatar\/59a1e772205ce9fd255edfcafc93013736822e20261f294c5753b20c41ede9f2?s=96&d=mm&r=g\",\"caption\":\"Charles Taudin\"},\"description\":\"R\u00e9dacteur en chef global de The Playoffs, j\u2019ai cr\u00e9\u00e9 The Free Agent, devenu The Playoffs FR, en 2020 durant la pand\u00e9mie. Amoureux depuis des ann\u00e9es des 4 sports majeurs am\u00e9ricains, j\u2019organise maintenant la strat\u00e9gie \u00e9ditoriale et les r\u00e9seaux sociaux de l\u2019ensemble des versions de The Playoffs. Il m\u2019arrive encore d\u2019\u00e9crire sur certains sports que j\u2019affectionne particuli\u00e8rement comme la NFL ou la MLB. Si vous devez retenir qu\u2019une chose : Eli Manning est le vrai GOAT pour avoir battu deux fois Tom Brady.\",\"sameAs\":[\"https:\/\/www.instagram.com\/ctaudin_\/\"],\"url\":\"https:\/\/theplayoffs.news\/fr\/author\/charles-taudin\/\"}]}<\/script>\n<!-- \/ Yoast SEO plugin. -->","yoast_head_json":{"title":"Victor Wembanyama porte les Spurs face aux Nets - The Playoffs FR","robots":{"index":"index","follow":"follow","max-snippet":"max-snippet:-1","max-image-preview":"max-image-preview:large","max-video-preview":"max-video-preview:-1"},"canonical":"https:\/\/theplayoffs.news\/fr\/actualite-nba\/victor-wembanyama-porte-les-spurs-face-aux-nets\/","og_locale":"fr_FR","og_type":"article","og_title":"Victor Wembanyama porte les Spurs face aux Nets - The Playoffs FR","og_url":"https:\/\/theplayoffs.news\/fr\/actualite-nba\/victor-wembanyama-porte-les-spurs-face-aux-nets\/","og_site_name":"The Playoffs FR","article_publisher":"https:\/\/www.facebook.com\/TheFreeAgentFR\/","og_image":[{"width":1920,"height":1280,"url":"https:\/\/theplayoffs.news\/fr\/wp-content\/uploads\/2024\/03\/USATSI_22803034.jpg","type":"image\/jpeg"}],"author":"Charles Taudin","twitter_card":"summary_large_image","twitter_creator":"@TheFreeAgentFR","twitter_site":"@TheFreeAgentFR","twitter_misc":{"\u00c9crit par":"Charles Taudin","Dur\u00e9e de lecture estim\u00e9e":"1 minute"},"schema":{"@context":"https:\/\/schema.org","@graph":[{"@type":"WebPage","@id":"https:\/\/theplayoffs.news\/fr\/actualite-nba\/victor-wembanyama-porte-les-spurs-face-aux-nets\/","url":"https:\/\/theplayoffs.news\/fr\/actualite-nba\/victor-wembanyama-porte-les-spurs-face-aux-nets\/","name":"Victor Wembanyama porte les Spurs face aux Nets - The Playoffs FR","isPartOf":{"@id":"https:\/\/theplayoffs.news\/fr\/#website"},"primaryImageOfPage":{"@id":"https:\/\/theplayoffs.news\/fr\/actualite-nba\/victor-wembanyama-porte-les-spurs-face-aux-nets\/#primaryimage"},"image":{"@id":"https:\/\/theplayoffs.news\/fr\/actualite-nba\/victor-wembanyama-porte-les-spurs-face-aux-nets\/#primaryimage"},"thumbnailUrl":"https:\/\/theplayoffs.news\/fr\/wp-content\/uploads\/2024\/03\/USATSI_22803034.jpg","datePublished":"2024-03-18T06:13:44+00:00","dateModified":"2024-03-18T06:13:44+00:00","author":{"@id":"https:\/\/theplayoffs.news\/fr\/#\/schema\/person\/eee5b69ad5d3c51cabe881c839dbe133"},"breadcrumb":{"@id":"https:\/\/theplayoffs.news\/fr\/actualite-nba\/victor-wembanyama-porte-les-spurs-face-aux-nets\/#breadcrumb"},"inLanguage":"fr-FR","potentialAction":[{"@type":"ReadAction","target":["https:\/\/theplayoffs.news\/fr\/actualite-nba\/victor-wembanyama-porte-les-spurs-face-aux-nets\/"]}]},{"@type":"ImageObject","inLanguage":"fr-FR","@id":"https:\/\/theplayoffs.news\/fr\/actualite-nba\/victor-wembanyama-porte-les-spurs-face-aux-nets\/#primaryimage","url":"https:\/\/theplayoffs.news\/fr\/wp-content\/uploads\/2024\/03\/USATSI_22803034.jpg","contentUrl":"https:\/\/theplayoffs.news\/fr\/wp-content\/uploads\/2024\/03\/USATSI_22803034.jpg","width":1920,"height":1280,"caption":"Mar 17, 2024; Austin, Texas, USA; San Antonio Spurs forward Victor Wembanyama (1) and guard Devin Vassell (24) react during overtime against the Brooklyn Nets at Moody Center. Mandatory Credit: Scott Wachter-USA TODAY Sports"},{"@type":"BreadcrumbList","@id":"https:\/\/theplayoffs.news\/fr\/actualite-nba\/victor-wembanyama-porte-les-spurs-face-aux-nets\/#breadcrumb","itemListElement":[{"@type":"ListItem","position":1,"name":"Accueil","item":"https:\/\/theplayoffs.news\/fr\/"},{"@type":"ListItem","position":2,"name":"Victor Wembanyama porte les Spurs face aux Nets"}]},{"@type":"WebSite","@id":"https:\/\/theplayoffs.news\/fr\/#website","url":"https:\/\/theplayoffs.news\/fr\/","name":"The Playoffs FR","description":"NBA-NFL-NHL-MLB","potentialAction":[{"@type":"SearchAction","target":{"@type":"EntryPoint","urlTemplate":"https:\/\/theplayoffs.news\/fr\/?s={search_term_string}"},"query-input":{"@type":"PropertyValueSpecification","valueRequired":true,"valueName":"search_term_string"}}],"inLanguage":"fr-FR"},{"@type":"Person","@id":"https:\/\/theplayoffs.news\/fr\/#\/schema\/person\/eee5b69ad5d3c51cabe881c839dbe133","name":"Charles Taudin","image":{"@type":"ImageObject","inLanguage":"fr-FR","@id":"https:\/\/theplayoffs.news\/fr\/#\/schema\/person\/image\/","url":"https:\/\/secure.gravatar.com\/avatar\/59a1e772205ce9fd255edfcafc93013736822e20261f294c5753b20c41ede9f2?s=96&d=mm&r=g","contentUrl":"https:\/\/secure.gravatar.com\/avatar\/59a1e772205ce9fd255edfcafc93013736822e20261f294c5753b20c41ede9f2?s=96&d=mm&r=g","caption":"Charles Taudin"},"description":"R\u00e9dacteur en chef global de The Playoffs, j\u2019ai cr\u00e9\u00e9 The Free Agent, devenu The Playoffs FR, en 2020 durant la pand\u00e9mie. Amoureux depuis des ann\u00e9es des 4 sports majeurs am\u00e9ricains, j\u2019organise maintenant la strat\u00e9gie \u00e9ditoriale et les r\u00e9seaux sociaux de l\u2019ensemble des versions de The Playoffs. Il m\u2019arrive encore d\u2019\u00e9crire sur certains sports que j\u2019affectionne particuli\u00e8rement comme la NFL ou la MLB. Si vous devez retenir qu\u2019une chose : Eli Manning est le vrai GOAT pour avoir battu deux fois Tom Brady.","sameAs":["https:\/\/www.instagram.com\/ctaudin_\/"],"url":"https:\/\/theplayoffs.news\/fr\/author\/charles-taudin\/"}]}},"_links":{"self":[{"href":"https:\/\/theplayoffs.news\/fr\/wp-json\/wp\/v2\/posts\/1383430","targetHints":{"allow":["GET"]}}],"collection":[{"href":"https:\/\/theplayoffs.news\/fr\/wp-json\/wp\/v2\/posts"}],"about":[{"href":"https:\/\/theplayoffs.news\/fr\/wp-json\/wp\/v2\/types\/post"}],"author":[{"embeddable":true,"href":"https:\/\/theplayoffs.news\/fr\/wp-json\/wp\/v2\/users\/13"}],"replies":[{"embeddable":true,"href":"https:\/\/theplayoffs.news\/fr\/wp-json\/wp\/v2\/comments?post=1383430"}],"version-history":[{"count":3,"href":"https:\/\/theplayoffs.news\/fr\/wp-json\/wp\/v2\/posts\/1383430\/revisions"}],"predecessor-version":[{"id":1383495,"href":"https:\/\/theplayoffs.news\/fr\/wp-json\/wp\/v2\/posts\/1383430\/revisions\/1383495"}],"wp:featuredmedia":[{"embeddable":true,"href":"https:\/\/theplayoffs.news\/fr\/wp-json\/wp\/v2\/media\/1383474"}],"wp:attachment":[{"href":"https:\/\/theplayoffs.news\/fr\/wp-json\/wp\/v2\/media?parent=1383430"}],"wp:term":[{"taxonomy":"category","embeddable":true,"href":"https:\/\/theplayoffs.news\/fr\/wp-json\/wp\/v2\/categories?post=1383430"},{"taxonomy":"post_tag","embeddable":true,"href":"https:\/\/theplayoffs.news\/fr\/wp-json\/wp\/v2\/tags?post=1383430"},{"taxonomy":"sport","embeddable":true,"href":"https:\/\/theplayoffs.news\/fr\/wp-json\/wp\/v2\/sport?post=1383430"},{"taxonomy":"saison","embeddable":true,"href":"https:\/\/theplayoffs.news\/fr\/wp-json\/wp\/v2\/saison?post=1383430"}],"curies":[{"name":"wp","href":"https:\/\/api.w.org\/{rel}","templated":true}]}}