{"id":1382163,"date":"2024-03-17T15:08:16","date_gmt":"2024-03-17T14:08:16","guid":{"rendered":"https:\/\/theplayoffs.news\/fr\/?p=1382163"},"modified":"2024-03-17T15:08:16","modified_gmt":"2024-03-17T14:08:16","slug":"la-grossaffiche-mavericks-nuggets-a-20h30-ce-dimanche","status":"publish","type":"post","link":"https:\/\/theplayoffs.news\/fr\/actualite-nba\/la-grossaffiche-mavericks-nuggets-a-20h30-ce-dimanche\/","title":{"rendered":"La Gross\u2019Affiche : Mavericks \/ Nuggets \u00e0 20h30 ce dimanche !"},"content":{"rendered":"<h2><a href=\"https:\/\/theplayoffs.news\/fr\/nba-basketball\/\" class=\"trk-cta-link\" data-cta-trk='{\"ctaType\":\"Link\",\"ctaSubType\":\"main\"}'>NBA<\/a> &ndash; En ce dimanche, la r&eacute;daction de TFA &agrave; d&eacute;cid&eacute; de s&rsquo;attarder le temps de cet article sur l&rsquo;affiche opposant les Mavericks aux Nuggets, en partenariat avec <a href=\"https:\/\/www.pensebet.com\/basketball\/36273\" class=\"trk-cta-link\" data-cta-trk='{\"ctaType\":\"Link\",\"ctaSubType\":\"main\"}'>Pensebet<\/a>.<\/h2><p>&nbsp;<\/p><p>Un sommet dans la conf&eacute;rence Ouest tr&egrave;s important pour deux &eacute;quipes ambitieuses en cette fin de saison r&eacute;guli&egrave;re &hellip; On vous d&eacute;crypte les enjeux dans cet article.<\/p><h3>La forme des deux &eacute;quipes.<\/h3><p><span class=\"HwtZe\" lang=\"fr\"><span class=\"jCAhz ChMk0b\"><span class=\"ryNqvb\">Les Nuggets (47-20) avancent dans leur qu&ecirc;te pour d&eacute;fendre le troph&eacute;e Larry O&rsquo;Brien, comme l&rsquo;atteste leur bilan depuis plusieurs semaines.<\/span><\/span> <span class=\"jCAhz ChMk0b\"><span class=\"ryNqvb\">Denver est sur une tr&egrave;s belle dynamique avec cinq victoires cons&eacute;cutives, s&eacute;rie en cours<\/span><\/span>. <span class=\"jCAhz ChMk0b\"><span class=\"ryNqvb\">Leur plus r&eacute;cent succ&egrave;s est survenu contre Victor Wembanyama et les Spurs de San Antonio, match remport&eacute; sur le score de 117-106.<\/span><\/span><\/span><\/p><p>C&ocirc;t&eacute; Mavericks, <span class=\"HwtZe\" lang=\"fr\"><span class=\"jCAhz ChMk0b\"><span class=\"ryNqvb\">les texans (38-29) ont &eacute;galement bien jou&eacute; r&eacute;cemment, mais ils viennent de voir leur s&eacute;rie de quatre victoires cons&eacute;cutives interrompue par une d&eacute;faite de 126-119 contre le Thunder d&rsquo;Oklahoma City, un match que Luka Doncic a rat&eacute; en raison d&rsquo;une douleur aux ischio-jambiers.<\/span><\/span> <span class=\"jCAhz ChMk0b\"><span class=\"ryNqvb\">Kyrie Irving a de son c&ocirc;t&eacute; men&eacute; les Mavericks avec 36 points, ajoutant 12 passes d&eacute;cisives, quatre rebonds et deux interceptions.<\/span><\/span> <\/span><\/p><p><img loading=\"lazy\" decoding=\"async\" class=\"alignnone size-full wp-image-1382170\" src=\"https:\/\/theplayoffs.news\/fr\/wp-content\/uploads\/2024\/03\/dalnug1.jpeg\" alt=\"\" width=\"472\" height=\"229\" srcset=\"https:\/\/theplayoffs.news\/fr\/wp-content\/uploads\/2024\/03\/dalnug1.jpeg 472w, https:\/\/theplayoffs.news\/fr\/wp-content\/uploads\/2024\/03\/dalnug1-300x146.jpeg 300w\" sizes=\"auto, (max-width: 472px) 100vw, 472px\" \/><\/p><p>&nbsp;<\/p><h3>Le jeu int&eacute;rieur, facteur cl&eacute; de la rencontre ?<\/h3><p>On ne vous apprend rien en vous indiquant que Nikola Jokic, cette saison encore, martyrise toutes les d&eacute;fenses NBA, en particulier dans la peinture. Lors des deux premi&egrave;res rencontres cette saison entre les deux &eacute;quipes, les Nuggets ont &agrave; chaque fois pris clairement le dessus sur les texans dans ce compartiment du jeu.<\/p><ul>\n<li>Le 03 novembre, les Mavericks se sont vus inflig&eacute;s un 55\/30 dans la peinture (victoire de Denver 125\/114)<\/li>\n<li>Le 18 d&eacute;cembre, les champions en titre ont remport&eacute; la bataille &agrave; l&rsquo;int&eacute;rieur 56\/21 (victoire &agrave; nouveau des Nuggets 130\/104)<\/li>\n<\/ul><p>Depuis, les Mavericks ont vu leur secteur int&eacute;rieur renforc&eacute;, avec l&rsquo;apport de Daniel Gafford, en provenance de Washington, ou bien encore de PJ Washington, venant de Charlotte.<\/p><p>Cependant, la mission s&rsquo;annonce ardue pour les Mavericks, alors que le double MVP serbe (et MVP des finales 2023) continue son travail de sape, et qu&rsquo;il se trouve d&eacute;sormais en t&ecirc;te de beaucoup de pronostics pour aller conqu&eacute;rir un troisi&egrave;me titre de <strong><em>Most Valuable Player<\/em><\/strong> de la ligue.<\/p><p>\n<div id=\"attachment_1382177\" style=\"width: 919px\" class=\"wp-caption alignnone\"><img loading=\"lazy\" decoding=\"async\" aria-describedby=\"caption-attachment-1382177\" class=\"size-full wp-image-1382177\" src=\"https:\/\/theplayoffs.news\/fr\/wp-content\/uploads\/2024\/03\/dalden2.jpeg\" alt=\"\" width=\"909\" height=\"357\" srcset=\"https:\/\/theplayoffs.news\/fr\/wp-content\/uploads\/2024\/03\/dalden2.jpeg 909w, https:\/\/theplayoffs.news\/fr\/wp-content\/uploads\/2024\/03\/dalden2-300x118.jpeg 300w, https:\/\/theplayoffs.news\/fr\/wp-content\/uploads\/2024\/03\/dalden2-768x302.jpeg 768w, https:\/\/theplayoffs.news\/fr\/wp-content\/uploads\/2024\/03\/dalden2-705x277.jpeg 705w\" sizes=\"auto, (max-width: 909px) 100vw, 909px\" \/><p id=\"caption-attachment-1382177\" class=\"wp-caption-text\"><em>Les performances sur les dix derniers matchs.<br><\/em><\/p><\/div>\n<\/p><p>&nbsp;<\/p><p>On voit ici clairement l&rsquo;emprise totale que Nikola Jokic a sur le jeu de son &eacute;quipe, c&rsquo;est &eacute;galement le cas bien &eacute;ntendu de Luka Doncic c&ocirc;t&eacute; Mavericks, ce dernier &eacute;tant &laquo;&nbsp;<em>questionnable&nbsp;&raquo; <\/em>pour ce match, situation &agrave; observer de pr&egrave;s d&rsquo;ici 20h30.<\/p><p>&nbsp;<\/p><p style=\"text-align: right;\"><em>Source : pensebet.com<\/em><\/p><p>&nbsp;<\/p>\n","protected":false},"excerpt":{"rendered":"","protected":false},"author":180310001,"featured_media":1370180,"comment_status":"open","ping_status":"closed","sticky":false,"template":"","format":"standard","meta":{"inline_featured_image":false,"kia_subtitle":"","_mux_skip_reasons":[],"proofreadBy":0,"footnotes":""},"categories":[110,10],"tags":[4095,4105,7076,33,520,413],"sport":[2783],"saison":[6111],"class_list":["post-1382163","post","type-post","status-publish","format-standard","has-post-thumbnail","hentry","category-actualite-nba","category-nba","tag-mavericks","tag-murray","tag-doncid","tag-irving","tag-jokic","tag-nuggets","sport-nba","saison-6111"],"acf":[],"yoast_head":"<!-- This site is optimized with the Yoast SEO plugin v24.2 - https:\/\/yoast.com\/wordpress\/plugins\/seo\/ -->\n<title>La Gross&rsquo;Affiche : Mavericks \/ Nuggets &agrave; 20h30 ce dimanche ! - The Playoffs FR<\/title>\n<meta name=\"robots\" content=\"index, follow, max-snippet:-1, max-image-preview:large, max-video-preview:-1\" \/>\n<link rel=\"canonical\" href=\"https:\/\/theplayoffs.news\/fr\/actualite-nba\/la-grossaffiche-mavericks-nuggets-a-20h30-ce-dimanche\/\" \/>\n<meta property=\"og:locale\" content=\"fr_FR\" \/>\n<meta property=\"og:type\" content=\"article\" \/>\n<meta property=\"og:title\" content=\"La Gross&rsquo;Affiche : Mavericks \/ Nuggets &agrave; 20h30 ce dimanche ! - The Playoffs FR\" \/>\n<meta property=\"og:url\" content=\"https:\/\/theplayoffs.news\/fr\/actualite-nba\/la-grossaffiche-mavericks-nuggets-a-20h30-ce-dimanche\/\" \/>\n<meta property=\"og:site_name\" content=\"The Playoffs FR\" \/>\n<meta property=\"article:publisher\" content=\"https:\/\/www.facebook.com\/TheFreeAgentFR\/\" \/>\n<meta property=\"article:modified_time\" content=\"2024-03-17T15:08:16+01:00\" \/>\n<meta property=\"og:image\" content=\"https:\/\/theplayoffs.news\/fr\/wp-content\/uploads\/2024\/02\/USATSI_22136601.jpg\" \/>\n\t<meta property=\"og:image:width\" content=\"1920\" \/>\n\t<meta property=\"og:image:height\" content=\"1280\" \/>\n\t<meta property=\"og:image:type\" content=\"image\/jpeg\" \/>\n<meta name=\"author\" content=\"Christopher Marrec-Top\" \/>\n<meta name=\"twitter:card\" content=\"summary_large_image\" \/>\n<meta name=\"twitter:creator\" content=\"@TheFreeAgentFR\" \/>\n<meta name=\"twitter:site\" content=\"@TheFreeAgentFR\" \/>\n<meta name=\"twitter:label1\" content=\"\u00c9crit par\" \/>\n\t<meta name=\"twitter:data1\" content=\"Christopher Marrec-Top\" \/>\n\t<meta name=\"twitter:label2\" content=\"Dur\u00e9e de lecture estim\u00e9e\" \/>\n\t<meta name=\"twitter:data2\" content=\"2 minutes\" \/>\n<script type=\"application\/ld+json\" class=\"yoast-schema-graph\">{\"@context\":\"https:\/\/schema.org\",\"@graph\":[{\"@type\":\"WebPage\",\"@id\":\"https:\/\/theplayoffs.news\/fr\/actualite-nba\/la-grossaffiche-mavericks-nuggets-a-20h30-ce-dimanche\/\",\"url\":\"https:\/\/theplayoffs.news\/fr\/actualite-nba\/la-grossaffiche-mavericks-nuggets-a-20h30-ce-dimanche\/\",\"name\":\"La Gross\u2019Affiche : Mavericks \/ Nuggets \u00e0 20h30 ce dimanche ! - The Playoffs FR\",\"isPartOf\":{\"@id\":\"https:\/\/theplayoffs.news\/fr\/#website\"},\"primaryImageOfPage\":{\"@id\":\"https:\/\/theplayoffs.news\/fr\/actualite-nba\/la-grossaffiche-mavericks-nuggets-a-20h30-ce-dimanche\/#primaryimage\"},\"image\":{\"@id\":\"https:\/\/theplayoffs.news\/fr\/actualite-nba\/la-grossaffiche-mavericks-nuggets-a-20h30-ce-dimanche\/#primaryimage\"},\"thumbnailUrl\":\"https:\/\/theplayoffs.news\/fr\/wp-content\/uploads\/2024\/02\/USATSI_22136601.jpg\",\"datePublished\":\"2024-03-17T14:08:16+00:00\",\"dateModified\":\"2024-03-17T14:08:16+00:00\",\"author\":{\"@id\":\"https:\/\/theplayoffs.news\/fr\/#\/schema\/person\/863ce84969b07bfc09ef81750720e42a\"},\"breadcrumb\":{\"@id\":\"https:\/\/theplayoffs.news\/fr\/actualite-nba\/la-grossaffiche-mavericks-nuggets-a-20h30-ce-dimanche\/#breadcrumb\"},\"inLanguage\":\"fr-FR\",\"potentialAction\":[{\"@type\":\"ReadAction\",\"target\":[\"https:\/\/theplayoffs.news\/fr\/actualite-nba\/la-grossaffiche-mavericks-nuggets-a-20h30-ce-dimanche\/\"]}]},{\"@type\":\"ImageObject\",\"inLanguage\":\"fr-FR\",\"@id\":\"https:\/\/theplayoffs.news\/fr\/actualite-nba\/la-grossaffiche-mavericks-nuggets-a-20h30-ce-dimanche\/#primaryimage\",\"url\":\"https:\/\/theplayoffs.news\/fr\/wp-content\/uploads\/2024\/02\/USATSI_22136601.jpg\",\"contentUrl\":\"https:\/\/theplayoffs.news\/fr\/wp-content\/uploads\/2024\/02\/USATSI_22136601.jpg\",\"width\":1920,\"height\":1280,\"caption\":\"Dec 18, 2023; Denver, Colorado, USA; Dallas Mavericks guard Luka Doncic (77) and Denver Nuggets center Nikola Jokic (15) in the second quarter at Ball Arena. Mandatory Credit: Isaiah J. Downing-USA TODAY Sports\"},{\"@type\":\"BreadcrumbList\",\"@id\":\"https:\/\/theplayoffs.news\/fr\/actualite-nba\/la-grossaffiche-mavericks-nuggets-a-20h30-ce-dimanche\/#breadcrumb\",\"itemListElement\":[{\"@type\":\"ListItem\",\"position\":1,\"name\":\"Accueil\",\"item\":\"https:\/\/theplayoffs.news\/fr\/\"},{\"@type\":\"ListItem\",\"position\":2,\"name\":\"La Gross\u2019Affiche : Mavericks \/ Nuggets \u00e0 20h30 ce dimanche !\"}]},{\"@type\":\"WebSite\",\"@id\":\"https:\/\/theplayoffs.news\/fr\/#website\",\"url\":\"https:\/\/theplayoffs.news\/fr\/\",\"name\":\"The Playoffs FR\",\"description\":\"NBA-NFL-NHL-MLB\",\"potentialAction\":[{\"@type\":\"SearchAction\",\"target\":{\"@type\":\"EntryPoint\",\"urlTemplate\":\"https:\/\/theplayoffs.news\/fr\/?s={search_term_string}\"},\"query-input\":{\"@type\":\"PropertyValueSpecification\",\"valueRequired\":true,\"valueName\":\"search_term_string\"}}],\"inLanguage\":\"fr-FR\"},{\"@type\":\"Person\",\"@id\":\"https:\/\/theplayoffs.news\/fr\/#\/schema\/person\/863ce84969b07bfc09ef81750720e42a\",\"name\":\"Christopher Marrec-Top\",\"image\":{\"@type\":\"ImageObject\",\"inLanguage\":\"fr-FR\",\"@id\":\"https:\/\/theplayoffs.news\/fr\/#\/schema\/person\/image\/\",\"url\":\"https:\/\/secure.gravatar.com\/avatar\/3102192a417211661aecac9ec415c973058438e49145f224d4e3273853f80021?s=96&d=mm&r=g\",\"contentUrl\":\"https:\/\/secure.gravatar.com\/avatar\/3102192a417211661aecac9ec415c973058438e49145f224d4e3273853f80021?s=96&d=mm&r=g\",\"caption\":\"Christopher Marrec-Top\"},\"description\":\"Christopher, 37 ans et biberonn\u00e9 au cidre et aux cr\u00eapes (rien de plus normal pour un breton). Animateur du podcast \\\\\\\"And One\\\\\\\", d\u00e9di\u00e9 \u00e0 l\u2019univers du basket (NBA, WNBA, Draft), et r\u00e9dacteur pour le site ThePlayoffs. Je suis entr\u00e9 dans le monde des m\u00e9dias il y a quelques ann\u00e9es en tant que novice, mais ma passion pour le sport m\u2019anime au quotidien. Admirateur inconditionnel d\\\\'un certain \\\\\\\"Chosen One\\\\\\\", je l\\\\'ai particuli\u00e8rement suivi avec un maillot noir orn\u00e9 d\\\\'un grand C (avec le maillot \\\\\\\"purple and gold\\\\\\\" il se d\u00e9brouille toujours pas trop mal). Amoureux du sport am\u00e9ricain dans son ensemble, je reste fid\u00e8le \u00e0 la discipline fond\u00e9e par James Naismith. ENJOY !! Et longue vie \u00e0 ThePlayoffs !\",\"url\":\"https:\/\/theplayoffs.news\/fr\/author\/christophertop\/\"}]}<\/script>\n<!-- \/ Yoast SEO plugin. -->","yoast_head_json":{"title":"La Gross&rsquo;Affiche : Mavericks \/ Nuggets &agrave; 20h30 ce dimanche ! - The Playoffs FR","robots":{"index":"index","follow":"follow","max-snippet":"max-snippet:-1","max-image-preview":"max-image-preview:large","max-video-preview":"max-video-preview:-1"},"canonical":"https:\/\/theplayoffs.news\/fr\/actualite-nba\/la-grossaffiche-mavericks-nuggets-a-20h30-ce-dimanche\/","og_locale":"fr_FR","og_type":"article","og_title":"La Gross&rsquo;Affiche : Mavericks \/ Nuggets &agrave; 20h30 ce dimanche ! - The Playoffs FR","og_url":"https:\/\/theplayoffs.news\/fr\/actualite-nba\/la-grossaffiche-mavericks-nuggets-a-20h30-ce-dimanche\/","og_site_name":"The Playoffs FR","article_publisher":"https:\/\/www.facebook.com\/TheFreeAgentFR\/","og_image":[{"width":1920,"height":1280,"url":"https:\/\/theplayoffs.news\/fr\/wp-content\/uploads\/2024\/02\/USATSI_22136601.jpg","type":"image\/jpeg"}],"author":"Christopher Marrec-Top","twitter_card":"summary_large_image","twitter_creator":"@TheFreeAgentFR","twitter_site":"@TheFreeAgentFR","twitter_misc":{"\u00c9crit par":"Christopher Marrec-Top","Dur\u00e9e de lecture estim\u00e9e":"2 minutes"},"schema":{"@context":"https:\/\/schema.org","@graph":[{"@type":"WebPage","@id":"https:\/\/theplayoffs.news\/fr\/actualite-nba\/la-grossaffiche-mavericks-nuggets-a-20h30-ce-dimanche\/","url":"https:\/\/theplayoffs.news\/fr\/actualite-nba\/la-grossaffiche-mavericks-nuggets-a-20h30-ce-dimanche\/","name":"La Gross\u2019Affiche : Mavericks \/ Nuggets \u00e0 20h30 ce dimanche ! - The Playoffs FR","isPartOf":{"@id":"https:\/\/theplayoffs.news\/fr\/#website"},"primaryImageOfPage":{"@id":"https:\/\/theplayoffs.news\/fr\/actualite-nba\/la-grossaffiche-mavericks-nuggets-a-20h30-ce-dimanche\/#primaryimage"},"image":{"@id":"https:\/\/theplayoffs.news\/fr\/actualite-nba\/la-grossaffiche-mavericks-nuggets-a-20h30-ce-dimanche\/#primaryimage"},"thumbnailUrl":"https:\/\/theplayoffs.news\/fr\/wp-content\/uploads\/2024\/02\/USATSI_22136601.jpg","datePublished":"2024-03-17T14:08:16+00:00","dateModified":"2024-03-17T14:08:16+00:00","author":{"@id":"https:\/\/theplayoffs.news\/fr\/#\/schema\/person\/863ce84969b07bfc09ef81750720e42a"},"breadcrumb":{"@id":"https:\/\/theplayoffs.news\/fr\/actualite-nba\/la-grossaffiche-mavericks-nuggets-a-20h30-ce-dimanche\/#breadcrumb"},"inLanguage":"fr-FR","potentialAction":[{"@type":"ReadAction","target":["https:\/\/theplayoffs.news\/fr\/actualite-nba\/la-grossaffiche-mavericks-nuggets-a-20h30-ce-dimanche\/"]}]},{"@type":"ImageObject","inLanguage":"fr-FR","@id":"https:\/\/theplayoffs.news\/fr\/actualite-nba\/la-grossaffiche-mavericks-nuggets-a-20h30-ce-dimanche\/#primaryimage","url":"https:\/\/theplayoffs.news\/fr\/wp-content\/uploads\/2024\/02\/USATSI_22136601.jpg","contentUrl":"https:\/\/theplayoffs.news\/fr\/wp-content\/uploads\/2024\/02\/USATSI_22136601.jpg","width":1920,"height":1280,"caption":"Dec 18, 2023; Denver, Colorado, USA; Dallas Mavericks guard Luka Doncic (77) and Denver Nuggets center Nikola Jokic (15) in the second quarter at Ball Arena. Mandatory Credit: Isaiah J. Downing-USA TODAY Sports"},{"@type":"BreadcrumbList","@id":"https:\/\/theplayoffs.news\/fr\/actualite-nba\/la-grossaffiche-mavericks-nuggets-a-20h30-ce-dimanche\/#breadcrumb","itemListElement":[{"@type":"ListItem","position":1,"name":"Accueil","item":"https:\/\/theplayoffs.news\/fr\/"},{"@type":"ListItem","position":2,"name":"La Gross\u2019Affiche : Mavericks \/ Nuggets \u00e0 20h30 ce dimanche !"}]},{"@type":"WebSite","@id":"https:\/\/theplayoffs.news\/fr\/#website","url":"https:\/\/theplayoffs.news\/fr\/","name":"The Playoffs FR","description":"NBA-NFL-NHL-MLB","potentialAction":[{"@type":"SearchAction","target":{"@type":"EntryPoint","urlTemplate":"https:\/\/theplayoffs.news\/fr\/?s={search_term_string}"},"query-input":{"@type":"PropertyValueSpecification","valueRequired":true,"valueName":"search_term_string"}}],"inLanguage":"fr-FR"},{"@type":"Person","@id":"https:\/\/theplayoffs.news\/fr\/#\/schema\/person\/863ce84969b07bfc09ef81750720e42a","name":"Christopher Marrec-Top","image":{"@type":"ImageObject","inLanguage":"fr-FR","@id":"https:\/\/theplayoffs.news\/fr\/#\/schema\/person\/image\/","url":"https:\/\/secure.gravatar.com\/avatar\/3102192a417211661aecac9ec415c973058438e49145f224d4e3273853f80021?s=96&d=mm&r=g","contentUrl":"https:\/\/secure.gravatar.com\/avatar\/3102192a417211661aecac9ec415c973058438e49145f224d4e3273853f80021?s=96&d=mm&r=g","caption":"Christopher Marrec-Top"},"description":"Christopher, 37 ans et biberonn\u00e9 au cidre et aux cr\u00eapes (rien de plus normal pour un breton). Animateur du podcast \\\"And One\\\", d\u00e9di\u00e9 \u00e0 l\u2019univers du basket (NBA, WNBA, Draft), et r\u00e9dacteur pour le site ThePlayoffs. Je suis entr\u00e9 dans le monde des m\u00e9dias il y a quelques ann\u00e9es en tant que novice, mais ma passion pour le sport m\u2019anime au quotidien. Admirateur inconditionnel d\\'un certain \\\"Chosen One\\\", je l\\'ai particuli\u00e8rement suivi avec un maillot noir orn\u00e9 d\\'un grand C (avec le maillot \\\"purple and gold\\\" il se d\u00e9brouille toujours pas trop mal). Amoureux du sport am\u00e9ricain dans son ensemble, je reste fid\u00e8le \u00e0 la discipline fond\u00e9e par James Naismith. ENJOY !! Et longue vie \u00e0 ThePlayoffs !","url":"https:\/\/theplayoffs.news\/fr\/author\/christophertop\/"}]}},"_links":{"self":[{"href":"https:\/\/theplayoffs.news\/fr\/wp-json\/wp\/v2\/posts\/1382163","targetHints":{"allow":["GET"]}}],"collection":[{"href":"https:\/\/theplayoffs.news\/fr\/wp-json\/wp\/v2\/posts"}],"about":[{"href":"https:\/\/theplayoffs.news\/fr\/wp-json\/wp\/v2\/types\/post"}],"author":[{"embeddable":true,"href":"https:\/\/theplayoffs.news\/fr\/wp-json\/wp\/v2\/users\/180310001"}],"replies":[{"embeddable":true,"href":"https:\/\/theplayoffs.news\/fr\/wp-json\/wp\/v2\/comments?post=1382163"}],"version-history":[{"count":6,"href":"https:\/\/theplayoffs.news\/fr\/wp-json\/wp\/v2\/posts\/1382163\/revisions"}],"predecessor-version":[{"id":1382180,"href":"https:\/\/theplayoffs.news\/fr\/wp-json\/wp\/v2\/posts\/1382163\/revisions\/1382180"}],"wp:featuredmedia":[{"embeddable":true,"href":"https:\/\/theplayoffs.news\/fr\/wp-json\/wp\/v2\/media\/1370180"}],"wp:attachment":[{"href":"https:\/\/theplayoffs.news\/fr\/wp-json\/wp\/v2\/media?parent=1382163"}],"wp:term":[{"taxonomy":"category","embeddable":true,"href":"https:\/\/theplayoffs.news\/fr\/wp-json\/wp\/v2\/categories?post=1382163"},{"taxonomy":"post_tag","embeddable":true,"href":"https:\/\/theplayoffs.news\/fr\/wp-json\/wp\/v2\/tags?post=1382163"},{"taxonomy":"sport","embeddable":true,"href":"https:\/\/theplayoffs.news\/fr\/wp-json\/wp\/v2\/sport?post=1382163"},{"taxonomy":"saison","embeddable":true,"href":"https:\/\/theplayoffs.news\/fr\/wp-json\/wp\/v2\/saison?post=1382163"}],"curies":[{"name":"wp","href":"https:\/\/api.w.org\/{rel}","templated":true}]}}