{"id":1377883,"date":"2024-03-15T16:37:01","date_gmt":"2024-03-15T15:37:01","guid":{"rendered":"https:\/\/theplayoffs.news\/fr\/?p=1377883"},"modified":"2024-03-15T15:31:42","modified_gmt":"2024-03-15T14:31:42","slug":"les-49ers-doivent-ils-echanger-deebo-samuel","status":"publish","type":"post","link":"https:\/\/theplayoffs.news\/fr\/actualite-nfl\/les-49ers-doivent-ils-echanger-deebo-samuel\/","title":{"rendered":"Les 49ers doivent-ils \u00e9changer Deebo Samuel ?"},"content":{"rendered":"<h2>Avec encore 2 ans de contrat, Deebo Samuel devrait rester dans la baie encore un peu de temps, &agrave; moins que son temps ne soit d&eacute;j&agrave; compt&eacute;.<\/h2><p>Selon l&rsquo;insider Jason LaCanfora, les 49ers ont re&ccedil;u quelques appels d&rsquo;autres franchises en particulier des Ravens au sujet de leur receveur, <a href=\"https:\/\/theplayoffs.news\/fr\/joueur\/deebo-samuel-san-francisco-49ers-nfl\/\" class=\"trk-cta-link\" data-cta-trk='{\"ctaType\":\"Link\",\"ctaSubType\":\"main\"}'><strong>Deebo Samuel<\/strong><\/a>. Mais ces appels pour s&rsquo;informer sur la disponibilit&eacute; du receveur sont rest&eacute;s sans r&eacute;ponse.<\/p><p>Pourtant, selon Dieter Kurtenbach du <a href=\"https:\/\/www.mercurynews.com\/2024\/03\/14\/kurtenbach-this-is-the-offseason-for-the-49ers-to-trade-deebo-samuel\/\" class=\"trk-cta-link\" data-cta-trk='{\"ctaType\":\"Link\",\"ctaSubType\":\"main\"}'>Mercury News<\/a>, le temps serait peut-&ecirc;tre venu d&rsquo;envisager d&rsquo;obtenir le maximum en retour pour Deebo Samuel.<\/p><blockquote><p>&laquo;&nbsp;Nous savons tous comment les choses se terminent avec Deebo &agrave; Santa Clara. Il n&rsquo;ira pas au bout de son contrat actuel, qui a &eacute;t&eacute; sign&eacute; avant la saison 2022. Ce contrat court jusqu&rsquo;&agrave; la fin de l&rsquo;ann&eacute;e 2025, mais il est assorti de deux ann&eacute;es vides &agrave; des fins de manipulation du plafond salarial. [&hellip;] Samuel est ici pour un bon moment, pas pour longtemps, et nous sommes au cr&eacute;puscule des jours de la star de 28 ans avec San Francisco.&nbsp;&raquo;<\/p><\/blockquote><h3>Pas la solution num&eacute;ro 1 de Brock Purdy<\/h3><p>L&rsquo;autre &eacute;l&eacute;ment mis en avant par Kurtenbach est le fait que Deebo Samuel n&rsquo;est pas l&rsquo;option num&eacute;ro 1 en attaque chez les 49ers depuis la prise de fonction de brock Purdy. Il l&rsquo;&eacute;tait mais pour Jimmy Garoppolo.<\/p><p>Brandon Aiyuk est devenu le receveur privil&eacute;gi&eacute; au sein de l&rsquo;attaque des 49ers et il n&rsquo;est qu&rsquo;une question de temps avant que les 49ers lui offre un gros contrat.<\/p><p>En contre partie de Samuel, il est clair que les 49ers pourraient esp&eacute;rer un joli package avec peut-&ecirc;tre un premier tour de draft. Son d&eacute;part les affecterait sans aucun doute mais avec Aiyuk, Christian McCaffrey ou encore George Kittle, l&rsquo;impact global serait r&eacute;duit.<\/p><p>Son rendement offensif a &eacute;t&eacute; r&eacute;duit consid&eacute;rablement en raison de blessures qui l&rsquo;ont &eacute;cart&eacute; des terrains en 2022 et 2023. EN 2021, il avait termin&eacute; la saison avec 1 405 yards et 6 touchdowns pour redescendre &agrave; 632 yards en 2022 et 892 l&rsquo;an dernier.<\/p><p>Le g&eacute;nie offensif de Kyle Shanahan devrait trouver un moyen de continuer &agrave; maintenir un niveau de performance plut&ocirc;t &eacute;lev&eacute; sans compromettre drastiquement leur chance de retourner au Super Bowl en f&eacute;vrier 2025.<\/p><p>&nbsp;<\/p><p>Credit Photo : Joe Camporeale-USA TODAY Sports<\/p>\n","protected":false},"excerpt":{"rendered":"","protected":false},"author":13,"featured_media":1377884,"comment_status":"open","ping_status":"closed","sticky":false,"template":"","format":"standard","meta":{"inline_featured_image":false,"kia_subtitle":"","_mux_skip_reasons":[],"proofreadBy":0,"footnotes":""},"categories":[118,40],"tags":[],"sport":[],"saison":[],"class_list":["post-1377883","post","type-post","status-publish","format-standard","has-post-thumbnail","hentry","category-actualite-nfl","category-nfl"],"acf":[],"yoast_head":"<!-- This site is optimized with the Yoast SEO plugin v24.2 - https:\/\/yoast.com\/wordpress\/plugins\/seo\/ -->\n<title>Les 49ers doivent-ils &eacute;changer Deebo Samuel ? - The Playoffs FR<\/title>\n<meta name=\"robots\" content=\"index, follow, max-snippet:-1, max-image-preview:large, max-video-preview:-1\" \/>\n<link rel=\"canonical\" href=\"https:\/\/theplayoffs.news\/fr\/actualite-nfl\/les-49ers-doivent-ils-echanger-deebo-samuel\/\" \/>\n<meta property=\"og:locale\" content=\"fr_FR\" \/>\n<meta property=\"og:type\" content=\"article\" \/>\n<meta property=\"og:title\" content=\"Les 49ers doivent-ils &eacute;changer Deebo Samuel ? - The Playoffs FR\" \/>\n<meta property=\"og:url\" content=\"https:\/\/theplayoffs.news\/fr\/actualite-nfl\/les-49ers-doivent-ils-echanger-deebo-samuel\/\" \/>\n<meta property=\"og:site_name\" content=\"The Playoffs FR\" \/>\n<meta property=\"article:publisher\" content=\"https:\/\/www.facebook.com\/TheFreeAgentFR\/\" \/>\n<meta property=\"article:modified_time\" content=\"2024-03-15T16:37:01+01:00\" \/>\n<meta property=\"og:image\" content=\"https:\/\/theplayoffs.news\/fr\/wp-content\/uploads\/2024\/03\/USATSI_22501850.jpg\" \/>\n\t<meta property=\"og:image:width\" content=\"1920\" \/>\n\t<meta property=\"og:image:height\" content=\"1280\" \/>\n\t<meta property=\"og:image:type\" content=\"image\/jpeg\" \/>\n<meta name=\"author\" content=\"Charles Taudin\" \/>\n<meta name=\"twitter:card\" content=\"summary_large_image\" \/>\n<meta name=\"twitter:creator\" content=\"@TheFreeAgentFR\" \/>\n<meta name=\"twitter:site\" content=\"@TheFreeAgentFR\" \/>\n<meta name=\"twitter:label1\" content=\"\u00c9crit par\" \/>\n\t<meta name=\"twitter:data1\" content=\"Charles Taudin\" \/>\n\t<meta name=\"twitter:label2\" content=\"Dur\u00e9e de lecture estim\u00e9e\" \/>\n\t<meta name=\"twitter:data2\" content=\"2 minutes\" \/>\n<script type=\"application\/ld+json\" class=\"yoast-schema-graph\">{\"@context\":\"https:\/\/schema.org\",\"@graph\":[{\"@type\":\"WebPage\",\"@id\":\"https:\/\/theplayoffs.news\/fr\/actualite-nfl\/les-49ers-doivent-ils-echanger-deebo-samuel\/\",\"url\":\"https:\/\/theplayoffs.news\/fr\/actualite-nfl\/les-49ers-doivent-ils-echanger-deebo-samuel\/\",\"name\":\"Les 49ers doivent-ils \u00e9changer Deebo Samuel ? - The Playoffs FR\",\"isPartOf\":{\"@id\":\"https:\/\/theplayoffs.news\/fr\/#website\"},\"primaryImageOfPage\":{\"@id\":\"https:\/\/theplayoffs.news\/fr\/actualite-nfl\/les-49ers-doivent-ils-echanger-deebo-samuel\/#primaryimage\"},\"image\":{\"@id\":\"https:\/\/theplayoffs.news\/fr\/actualite-nfl\/les-49ers-doivent-ils-echanger-deebo-samuel\/#primaryimage\"},\"thumbnailUrl\":\"https:\/\/theplayoffs.news\/fr\/wp-content\/uploads\/2024\/03\/USATSI_22501850.jpg\",\"datePublished\":\"2024-03-15T15:37:01+00:00\",\"dateModified\":\"2024-03-15T16:37:01+01:00\",\"author\":{\"@id\":\"https:\/\/theplayoffs.news\/fr\/#\/schema\/person\/eee5b69ad5d3c51cabe881c839dbe133\"},\"breadcrumb\":{\"@id\":\"https:\/\/theplayoffs.news\/fr\/actualite-nfl\/les-49ers-doivent-ils-echanger-deebo-samuel\/#breadcrumb\"},\"inLanguage\":\"fr-FR\",\"potentialAction\":[{\"@type\":\"ReadAction\",\"target\":[\"https:\/\/theplayoffs.news\/fr\/actualite-nfl\/les-49ers-doivent-ils-echanger-deebo-samuel\/\"]}]},{\"@type\":\"ImageObject\",\"inLanguage\":\"fr-FR\",\"@id\":\"https:\/\/theplayoffs.news\/fr\/actualite-nfl\/les-49ers-doivent-ils-echanger-deebo-samuel\/#primaryimage\",\"url\":\"https:\/\/theplayoffs.news\/fr\/wp-content\/uploads\/2024\/03\/USATSI_22501850.jpg\",\"contentUrl\":\"https:\/\/theplayoffs.news\/fr\/wp-content\/uploads\/2024\/03\/USATSI_22501850.jpg\",\"width\":1920,\"height\":1280,\"caption\":\"Feb 11, 2024; Paradise, Nevada, USA; San Francisco 49ers wide receiver Deebo Samuel (19) runs with the ball against the Kansas City Chiefs LVIII between Kansas City Chiefs and San Francisco 49ers at Allegiant Stadium. Mandatory Credit: Joe Camporeale-USA TODAY Sports\"},{\"@type\":\"BreadcrumbList\",\"@id\":\"https:\/\/theplayoffs.news\/fr\/actualite-nfl\/les-49ers-doivent-ils-echanger-deebo-samuel\/#breadcrumb\",\"itemListElement\":[{\"@type\":\"ListItem\",\"position\":1,\"name\":\"Accueil\",\"item\":\"https:\/\/theplayoffs.news\/fr\/\"},{\"@type\":\"ListItem\",\"position\":2,\"name\":\"Les 49ers doivent-ils \u00e9changer Deebo Samuel ?\"}]},{\"@type\":\"WebSite\",\"@id\":\"https:\/\/theplayoffs.news\/fr\/#website\",\"url\":\"https:\/\/theplayoffs.news\/fr\/\",\"name\":\"The Playoffs FR\",\"description\":\"NBA-NFL-NHL-MLB\",\"potentialAction\":[{\"@type\":\"SearchAction\",\"target\":{\"@type\":\"EntryPoint\",\"urlTemplate\":\"https:\/\/theplayoffs.news\/fr\/?s={search_term_string}\"},\"query-input\":{\"@type\":\"PropertyValueSpecification\",\"valueRequired\":true,\"valueName\":\"search_term_string\"}}],\"inLanguage\":\"fr-FR\"},{\"@type\":\"Person\",\"@id\":\"https:\/\/theplayoffs.news\/fr\/#\/schema\/person\/eee5b69ad5d3c51cabe881c839dbe133\",\"name\":\"Charles Taudin\",\"image\":{\"@type\":\"ImageObject\",\"inLanguage\":\"fr-FR\",\"@id\":\"https:\/\/theplayoffs.news\/fr\/#\/schema\/person\/image\/\",\"url\":\"https:\/\/secure.gravatar.com\/avatar\/59a1e772205ce9fd255edfcafc93013736822e20261f294c5753b20c41ede9f2?s=96&d=mm&r=g\",\"contentUrl\":\"https:\/\/secure.gravatar.com\/avatar\/59a1e772205ce9fd255edfcafc93013736822e20261f294c5753b20c41ede9f2?s=96&d=mm&r=g\",\"caption\":\"Charles Taudin\"},\"description\":\"R\u00e9dacteur en chef global de The Playoffs, j\u2019ai cr\u00e9\u00e9 The Free Agent, devenu The Playoffs FR, en 2020 durant la pand\u00e9mie. Amoureux depuis des ann\u00e9es des 4 sports majeurs am\u00e9ricains, j\u2019organise maintenant la strat\u00e9gie \u00e9ditoriale et les r\u00e9seaux sociaux de l\u2019ensemble des versions de The Playoffs. Il m\u2019arrive encore d\u2019\u00e9crire sur certains sports que j\u2019affectionne particuli\u00e8rement comme la NFL ou la MLB. Si vous devez retenir qu\u2019une chose : Eli Manning est le vrai GOAT pour avoir battu deux fois Tom Brady.\",\"sameAs\":[\"https:\/\/www.instagram.com\/ctaudin_\/\"],\"url\":\"https:\/\/theplayoffs.news\/fr\/author\/charles-taudin\/\"}]}<\/script>\n<!-- \/ Yoast SEO plugin. -->","yoast_head_json":{"title":"Les 49ers doivent-ils &eacute;changer Deebo Samuel ? - The Playoffs FR","robots":{"index":"index","follow":"follow","max-snippet":"max-snippet:-1","max-image-preview":"max-image-preview:large","max-video-preview":"max-video-preview:-1"},"canonical":"https:\/\/theplayoffs.news\/fr\/actualite-nfl\/les-49ers-doivent-ils-echanger-deebo-samuel\/","og_locale":"fr_FR","og_type":"article","og_title":"Les 49ers doivent-ils &eacute;changer Deebo Samuel ? - The Playoffs FR","og_url":"https:\/\/theplayoffs.news\/fr\/actualite-nfl\/les-49ers-doivent-ils-echanger-deebo-samuel\/","og_site_name":"The Playoffs FR","article_publisher":"https:\/\/www.facebook.com\/TheFreeAgentFR\/","article_modified_time":"2024-03-15T14:31:42+00:00","og_image":[{"width":1920,"height":1280,"url":"https:\/\/theplayoffs.news\/fr\/wp-content\/uploads\/2024\/03\/USATSI_22501850.jpg","type":"image\/jpeg"}],"author":"Charles Taudin","twitter_card":"summary_large_image","twitter_creator":"@TheFreeAgentFR","twitter_site":"@TheFreeAgentFR","twitter_misc":{"\u00c9crit par":"Charles Taudin","Dur\u00e9e de lecture estim\u00e9e":"2 minutes"},"schema":{"@context":"https:\/\/schema.org","@graph":[{"@type":"WebPage","@id":"https:\/\/theplayoffs.news\/fr\/actualite-nfl\/les-49ers-doivent-ils-echanger-deebo-samuel\/","url":"https:\/\/theplayoffs.news\/fr\/actualite-nfl\/les-49ers-doivent-ils-echanger-deebo-samuel\/","name":"Les 49ers doivent-ils \u00e9changer Deebo Samuel ? - The Playoffs FR","isPartOf":{"@id":"https:\/\/theplayoffs.news\/fr\/#website"},"primaryImageOfPage":{"@id":"https:\/\/theplayoffs.news\/fr\/actualite-nfl\/les-49ers-doivent-ils-echanger-deebo-samuel\/#primaryimage"},"image":{"@id":"https:\/\/theplayoffs.news\/fr\/actualite-nfl\/les-49ers-doivent-ils-echanger-deebo-samuel\/#primaryimage"},"thumbnailUrl":"https:\/\/theplayoffs.news\/fr\/wp-content\/uploads\/2024\/03\/USATSI_22501850.jpg","datePublished":"2024-03-15T15:37:01+00:00","dateModified":"2024-03-15T16:37:01+01:00","author":{"@id":"https:\/\/theplayoffs.news\/fr\/#\/schema\/person\/eee5b69ad5d3c51cabe881c839dbe133"},"breadcrumb":{"@id":"https:\/\/theplayoffs.news\/fr\/actualite-nfl\/les-49ers-doivent-ils-echanger-deebo-samuel\/#breadcrumb"},"inLanguage":"fr-FR","potentialAction":[{"@type":"ReadAction","target":["https:\/\/theplayoffs.news\/fr\/actualite-nfl\/les-49ers-doivent-ils-echanger-deebo-samuel\/"]}]},{"@type":"ImageObject","inLanguage":"fr-FR","@id":"https:\/\/theplayoffs.news\/fr\/actualite-nfl\/les-49ers-doivent-ils-echanger-deebo-samuel\/#primaryimage","url":"https:\/\/theplayoffs.news\/fr\/wp-content\/uploads\/2024\/03\/USATSI_22501850.jpg","contentUrl":"https:\/\/theplayoffs.news\/fr\/wp-content\/uploads\/2024\/03\/USATSI_22501850.jpg","width":1920,"height":1280,"caption":"Feb 11, 2024; Paradise, Nevada, USA; San Francisco 49ers wide receiver Deebo Samuel (19) runs with the ball against the Kansas City Chiefs LVIII between Kansas City Chiefs and San Francisco 49ers at Allegiant Stadium. Mandatory Credit: Joe Camporeale-USA TODAY Sports"},{"@type":"BreadcrumbList","@id":"https:\/\/theplayoffs.news\/fr\/actualite-nfl\/les-49ers-doivent-ils-echanger-deebo-samuel\/#breadcrumb","itemListElement":[{"@type":"ListItem","position":1,"name":"Accueil","item":"https:\/\/theplayoffs.news\/fr\/"},{"@type":"ListItem","position":2,"name":"Les 49ers doivent-ils \u00e9changer Deebo Samuel ?"}]},{"@type":"WebSite","@id":"https:\/\/theplayoffs.news\/fr\/#website","url":"https:\/\/theplayoffs.news\/fr\/","name":"The Playoffs FR","description":"NBA-NFL-NHL-MLB","potentialAction":[{"@type":"SearchAction","target":{"@type":"EntryPoint","urlTemplate":"https:\/\/theplayoffs.news\/fr\/?s={search_term_string}"},"query-input":{"@type":"PropertyValueSpecification","valueRequired":true,"valueName":"search_term_string"}}],"inLanguage":"fr-FR"},{"@type":"Person","@id":"https:\/\/theplayoffs.news\/fr\/#\/schema\/person\/eee5b69ad5d3c51cabe881c839dbe133","name":"Charles Taudin","image":{"@type":"ImageObject","inLanguage":"fr-FR","@id":"https:\/\/theplayoffs.news\/fr\/#\/schema\/person\/image\/","url":"https:\/\/secure.gravatar.com\/avatar\/59a1e772205ce9fd255edfcafc93013736822e20261f294c5753b20c41ede9f2?s=96&d=mm&r=g","contentUrl":"https:\/\/secure.gravatar.com\/avatar\/59a1e772205ce9fd255edfcafc93013736822e20261f294c5753b20c41ede9f2?s=96&d=mm&r=g","caption":"Charles Taudin"},"description":"R\u00e9dacteur en chef global de The Playoffs, j\u2019ai cr\u00e9\u00e9 The Free Agent, devenu The Playoffs FR, en 2020 durant la pand\u00e9mie. Amoureux depuis des ann\u00e9es des 4 sports majeurs am\u00e9ricains, j\u2019organise maintenant la strat\u00e9gie \u00e9ditoriale et les r\u00e9seaux sociaux de l\u2019ensemble des versions de The Playoffs. Il m\u2019arrive encore d\u2019\u00e9crire sur certains sports que j\u2019affectionne particuli\u00e8rement comme la NFL ou la MLB. Si vous devez retenir qu\u2019une chose : Eli Manning est le vrai GOAT pour avoir battu deux fois Tom Brady.","sameAs":["https:\/\/www.instagram.com\/ctaudin_\/"],"url":"https:\/\/theplayoffs.news\/fr\/author\/charles-taudin\/"}]}},"_links":{"self":[{"href":"https:\/\/theplayoffs.news\/fr\/wp-json\/wp\/v2\/posts\/1377883","targetHints":{"allow":["GET"]}}],"collection":[{"href":"https:\/\/theplayoffs.news\/fr\/wp-json\/wp\/v2\/posts"}],"about":[{"href":"https:\/\/theplayoffs.news\/fr\/wp-json\/wp\/v2\/types\/post"}],"author":[{"embeddable":true,"href":"https:\/\/theplayoffs.news\/fr\/wp-json\/wp\/v2\/users\/13"}],"replies":[{"embeddable":true,"href":"https:\/\/theplayoffs.news\/fr\/wp-json\/wp\/v2\/comments?post=1377883"}],"version-history":[{"count":2,"href":"https:\/\/theplayoffs.news\/fr\/wp-json\/wp\/v2\/posts\/1377883\/revisions"}],"predecessor-version":[{"id":1377887,"href":"https:\/\/theplayoffs.news\/fr\/wp-json\/wp\/v2\/posts\/1377883\/revisions\/1377887"}],"wp:featuredmedia":[{"embeddable":true,"href":"https:\/\/theplayoffs.news\/fr\/wp-json\/wp\/v2\/media\/1377884"}],"wp:attachment":[{"href":"https:\/\/theplayoffs.news\/fr\/wp-json\/wp\/v2\/media?parent=1377883"}],"wp:term":[{"taxonomy":"category","embeddable":true,"href":"https:\/\/theplayoffs.news\/fr\/wp-json\/wp\/v2\/categories?post=1377883"},{"taxonomy":"post_tag","embeddable":true,"href":"https:\/\/theplayoffs.news\/fr\/wp-json\/wp\/v2\/tags?post=1377883"},{"taxonomy":"sport","embeddable":true,"href":"https:\/\/theplayoffs.news\/fr\/wp-json\/wp\/v2\/sport?post=1377883"},{"taxonomy":"saison","embeddable":true,"href":"https:\/\/theplayoffs.news\/fr\/wp-json\/wp\/v2\/saison?post=1377883"}],"curies":[{"name":"wp","href":"https:\/\/api.w.org\/{rel}","templated":true}]}}