{"id":1377617,"date":"2024-03-14T19:00:44","date_gmt":"2024-03-14T18:00:44","guid":{"rendered":"https:\/\/theplayoffs.news\/fr\/?p=1377617"},"modified":"2024-03-14T18:50:20","modified_gmt":"2024-03-14T17:50:20","slug":"karlsson-nie-les-rumeurs-de-trade","status":"publish","type":"post","link":"https:\/\/theplayoffs.news\/fr\/actualite-nhl\/karlsson-nie-les-rumeurs-de-trade\/","title":{"rendered":"Karlsson nie les rumeurs de trade"},"content":{"rendered":"<h2>De r&eacute;centes rumeurs &eacute;voquaient un &eacute;ventuel trade d&rsquo;Erik Karlsson en direction d&rsquo;Ottawa.<\/h2><p>Erik Karlsson, d&eacute;fenseur su&eacute;dois pour les <a href=\"https:\/\/theplayoffs.news\/fr\/equipe\/pittsburgh-penguins-nhl\/\" class=\"trk-cta-link\" data-cta-trk='{\"ctaType\":\"Link\",\"ctaSubType\":\"main\"}'>Penguins de Pittsburgh<\/a>, a r&eacute;agi aux r&eacute;centes rumeurs de trade l&rsquo;envoyant &agrave; nouveau &agrave; Ottawa.<\/p><blockquote><p>&laquo;&nbsp;C&rsquo;est le Canada pour vous&nbsp;&raquo;, a d&eacute;clar&eacute; le d&eacute;fenseur de Pittsburgh. &laquo;&nbsp;J&rsquo;ai jou&eacute; l&agrave;-bas pendant longtemps, alors je sais comment fonctionne ce jeu. Ils ont beaucoup de choses &agrave; raconter chaque jour parce qu&rsquo;ils ont beaucoup de temps d&rsquo;antenne &agrave; occuper, mais tr&egrave;s peu de choses &agrave; discuter.&nbsp;&raquo;<\/p><\/blockquote><p>Ces rumeurs envoyant Karlsson chez les Senators ont fait surface apr&egrave;s le fait que Pittsburgh se dirige probablement vers une deuxi&egrave;me saison cons&eacute;cutive sans parvenir &agrave; aller en play-offs de la Coupe Stanley. Durant l&rsquo;intersaison, les Penguins se sont offert Erik Karlsson, en provenance des Sharks de San Jose, afin d&rsquo;ajouter un v&eacute;t&eacute;ran &agrave; l&rsquo;&eacute;quipe, derri&egrave;re le canadien Sidney Crosby.<\/p><p>\n<div id=\"attachment_1377623\" style=\"width: 990px\" class=\"wp-caption alignnone\"><img loading=\"lazy\" decoding=\"async\" aria-describedby=\"caption-attachment-1377623\" class=\" wp-image-1377623\" src=\"https:\/\/theplayoffs.news\/fr\/wp-content\/uploads\/2024\/03\/USATSI_22745531-300x200.jpg\" alt=\"\" width=\"980\" height=\"653\" srcset=\"https:\/\/theplayoffs.news\/fr\/wp-content\/uploads\/2024\/03\/USATSI_22745531-300x200.jpg 300w, https:\/\/theplayoffs.news\/fr\/wp-content\/uploads\/2024\/03\/USATSI_22745531-1030x687.jpg 1030w, https:\/\/theplayoffs.news\/fr\/wp-content\/uploads\/2024\/03\/USATSI_22745531-768x512.jpg 768w, https:\/\/theplayoffs.news\/fr\/wp-content\/uploads\/2024\/03\/USATSI_22745531-1536x1024.jpg 1536w, https:\/\/theplayoffs.news\/fr\/wp-content\/uploads\/2024\/03\/USATSI_22745531-1500x1000.jpg 1500w, https:\/\/theplayoffs.news\/fr\/wp-content\/uploads\/2024\/03\/USATSI_22745531-705x470.jpg 705w, https:\/\/theplayoffs.news\/fr\/wp-content\/uploads\/2024\/03\/USATSI_22745531-1320x880.jpg 1320w, https:\/\/theplayoffs.news\/fr\/wp-content\/uploads\/2024\/03\/USATSI_22745531.jpg 1920w\" sizes=\"auto, (max-width: 980px) 100vw, 980px\" \/><p id=\"caption-attachment-1377623\" class=\"wp-caption-text\">Cr&eacute;dit: Charles LeClaire-USA TODAY Sports<\/p><\/div>\n<\/p><p>La p&eacute;riode de trade s&rsquo;est termin&eacute;e il y a tr&egrave;s peu de temps en NHL. Les Penguins ont &eacute;t&eacute; &eacute;changeurs en laissant partir Jake Guentzel en direction de la Caroline, chez les Hurricanes. Forc&eacute;ment, ce trade a fait place &agrave; un lot de sp&eacute;culations sur l&rsquo;avenir de Karlsson dans la franchise. Ces rumeurs l&rsquo;envoyait &agrave; Ottawa, franchise dans laquelle il a pass&eacute; neuf ann&eacute;es de sa carri&egrave;re.<\/p><blockquote><p>&laquo;&nbsp;Les gens aiment imaginer des sc&eacute;narios et c&rsquo;est comme &ccedil;a&nbsp;&raquo;, a <a href=\"https:\/\/www.sportsnet.ca\/\" class=\"trk-cta-link\" data-cta-trk='{\"ctaType\":\"Link\",\"ctaSubType\":\"main\"}'>d&eacute;clar&eacute; le su&eacute;dois<\/a>. &laquo;&nbsp;Ce n&rsquo;est pas quelque chose que j&rsquo;&eacute;tudie ou dont je me pr&eacute;occupe trop.&nbsp;&raquo;<\/p><\/blockquote><p>&nbsp;<\/p><p>&nbsp;<\/p><p>&nbsp;<\/p>\n","protected":false},"excerpt":{"rendered":"","protected":false},"author":180310178,"featured_media":1377624,"comment_status":"open","ping_status":"closed","sticky":false,"template":"","format":"standard","meta":{"inline_featured_image":false,"kia_subtitle":"","_mux_skip_reasons":[],"proofreadBy":0,"footnotes":""},"categories":[187,26],"tags":[5225,221,24,333],"sport":[2784],"saison":[3453],"class_list":["post-1377617","post","type-post","status-publish","format-standard","has-post-thumbnail","hentry","category-actualite-nhl","category-nhl","tag-erik-karlsson","tag-lnh","tag-nhl","tag-pittsburgh-penguins","sport-nhl","saison-3453"],"acf":[],"yoast_head":"<!-- This site is optimized with the Yoast SEO plugin v24.2 - https:\/\/yoast.com\/wordpress\/plugins\/seo\/ -->\n<title>Karlsson nie les rumeurs de trade - The Playoffs FR<\/title>\n<meta name=\"robots\" content=\"index, follow, max-snippet:-1, max-image-preview:large, max-video-preview:-1\" \/>\n<link rel=\"canonical\" href=\"https:\/\/theplayoffs.news\/fr\/actualite-nhl\/karlsson-nie-les-rumeurs-de-trade\/\" \/>\n<meta property=\"og:locale\" content=\"fr_FR\" \/>\n<meta property=\"og:type\" content=\"article\" \/>\n<meta property=\"og:title\" content=\"Karlsson nie les rumeurs de trade - The Playoffs FR\" \/>\n<meta property=\"og:url\" content=\"https:\/\/theplayoffs.news\/fr\/actualite-nhl\/karlsson-nie-les-rumeurs-de-trade\/\" \/>\n<meta property=\"og:site_name\" content=\"The Playoffs FR\" \/>\n<meta property=\"article:publisher\" content=\"https:\/\/www.facebook.com\/TheFreeAgentFR\/\" \/>\n<meta property=\"article:modified_time\" content=\"2024-03-14T19:00:44+01:00\" \/>\n<meta property=\"og:image\" content=\"https:\/\/theplayoffs.news\/fr\/wp-content\/uploads\/2024\/03\/USATSI_22637919.jpg\" \/>\n\t<meta property=\"og:image:width\" content=\"1920\" \/>\n\t<meta property=\"og:image:height\" content=\"1280\" \/>\n\t<meta property=\"og:image:type\" content=\"image\/jpeg\" \/>\n<meta name=\"author\" content=\"Arthur Berlemont\" \/>\n<meta name=\"twitter:card\" content=\"summary_large_image\" \/>\n<meta name=\"twitter:creator\" content=\"@TheFreeAgentFR\" \/>\n<meta name=\"twitter:site\" content=\"@TheFreeAgentFR\" \/>\n<meta name=\"twitter:label1\" content=\"\u00c9crit par\" \/>\n\t<meta name=\"twitter:data1\" content=\"Arthur Berlemont\" \/>\n\t<meta name=\"twitter:label2\" content=\"Dur\u00e9e de lecture estim\u00e9e\" \/>\n\t<meta name=\"twitter:data2\" content=\"1 minute\" \/>\n<script type=\"application\/ld+json\" class=\"yoast-schema-graph\">{\"@context\":\"https:\/\/schema.org\",\"@graph\":[{\"@type\":\"WebPage\",\"@id\":\"https:\/\/theplayoffs.news\/fr\/actualite-nhl\/karlsson-nie-les-rumeurs-de-trade\/\",\"url\":\"https:\/\/theplayoffs.news\/fr\/actualite-nhl\/karlsson-nie-les-rumeurs-de-trade\/\",\"name\":\"Karlsson nie les rumeurs de trade - The Playoffs FR\",\"isPartOf\":{\"@id\":\"https:\/\/theplayoffs.news\/fr\/#website\"},\"primaryImageOfPage\":{\"@id\":\"https:\/\/theplayoffs.news\/fr\/actualite-nhl\/karlsson-nie-les-rumeurs-de-trade\/#primaryimage\"},\"image\":{\"@id\":\"https:\/\/theplayoffs.news\/fr\/actualite-nhl\/karlsson-nie-les-rumeurs-de-trade\/#primaryimage\"},\"thumbnailUrl\":\"https:\/\/theplayoffs.news\/fr\/wp-content\/uploads\/2024\/03\/USATSI_22637919.jpg\",\"datePublished\":\"2024-03-14T18:00:44+00:00\",\"dateModified\":\"2024-03-14T19:00:44+01:00\",\"author\":{\"@id\":\"https:\/\/theplayoffs.news\/fr\/#\/schema\/person\/b6b04a451dab03a5ab75cec8912e8942\"},\"breadcrumb\":{\"@id\":\"https:\/\/theplayoffs.news\/fr\/actualite-nhl\/karlsson-nie-les-rumeurs-de-trade\/#breadcrumb\"},\"inLanguage\":\"fr-FR\",\"potentialAction\":[{\"@type\":\"ReadAction\",\"target\":[\"https:\/\/theplayoffs.news\/fr\/actualite-nhl\/karlsson-nie-les-rumeurs-de-trade\/\"]}]},{\"@type\":\"ImageObject\",\"inLanguage\":\"fr-FR\",\"@id\":\"https:\/\/theplayoffs.news\/fr\/actualite-nhl\/karlsson-nie-les-rumeurs-de-trade\/#primaryimage\",\"url\":\"https:\/\/theplayoffs.news\/fr\/wp-content\/uploads\/2024\/03\/USATSI_22637919.jpg\",\"contentUrl\":\"https:\/\/theplayoffs.news\/fr\/wp-content\/uploads\/2024\/03\/USATSI_22637919.jpg\",\"width\":1920,\"height\":1280,\"caption\":\"Feb 27, 2024; Vancouver, British Columbia, CAN; Pittsburgh Penguins defenseman Erik Karlsson (65) skates during warm up prior to a game against the Vancouver Canucks at Rogers Arena. Mandatory Credit: Bob Frid-USA TODAY Sports\"},{\"@type\":\"BreadcrumbList\",\"@id\":\"https:\/\/theplayoffs.news\/fr\/actualite-nhl\/karlsson-nie-les-rumeurs-de-trade\/#breadcrumb\",\"itemListElement\":[{\"@type\":\"ListItem\",\"position\":1,\"name\":\"Accueil\",\"item\":\"https:\/\/theplayoffs.news\/fr\/\"},{\"@type\":\"ListItem\",\"position\":2,\"name\":\"Karlsson nie les rumeurs de trade\"}]},{\"@type\":\"WebSite\",\"@id\":\"https:\/\/theplayoffs.news\/fr\/#website\",\"url\":\"https:\/\/theplayoffs.news\/fr\/\",\"name\":\"The Playoffs FR\",\"description\":\"NBA-NFL-NHL-MLB\",\"potentialAction\":[{\"@type\":\"SearchAction\",\"target\":{\"@type\":\"EntryPoint\",\"urlTemplate\":\"https:\/\/theplayoffs.news\/fr\/?s={search_term_string}\"},\"query-input\":{\"@type\":\"PropertyValueSpecification\",\"valueRequired\":true,\"valueName\":\"search_term_string\"}}],\"inLanguage\":\"fr-FR\"},{\"@type\":\"Person\",\"@id\":\"https:\/\/theplayoffs.news\/fr\/#\/schema\/person\/b6b04a451dab03a5ab75cec8912e8942\",\"name\":\"Arthur Berlemont\",\"image\":{\"@type\":\"ImageObject\",\"inLanguage\":\"fr-FR\",\"@id\":\"https:\/\/theplayoffs.news\/fr\/#\/schema\/person\/image\/\",\"url\":\"https:\/\/secure.gravatar.com\/avatar\/19ddab1d62ab0a19b186b86cee130432b120dd6f085625a6a6757dd1aa90a5f3?s=96&d=mm&r=g\",\"contentUrl\":\"https:\/\/secure.gravatar.com\/avatar\/19ddab1d62ab0a19b186b86cee130432b120dd6f085625a6a6757dd1aa90a5f3?s=96&d=mm&r=g\",\"caption\":\"Arthur Berlemont\"},\"description\":\"Etudiant passionn\u00e9 de sport, avant tout m\u00e9caniques, j\\\\'ai d\u00e9couvert les sports US il y a quelques ann\u00e9es. J\\\\'ai tout de suite accroch\u00e9 pour la ville de Cincinnati et ses franchises de NFL et MLB. Aujourd\\\\'hui, je suis l\u00e0 par passion dans la r\u00e9daction d\\\\'articles sur divers sports que j\\\\'affectionne.\",\"url\":\"https:\/\/theplayoffs.news\/fr\/author\/arthur-berlemontgmail-com\/\"}]}<\/script>\n<!-- \/ Yoast SEO plugin. -->","yoast_head_json":{"title":"Karlsson nie les rumeurs de trade - The Playoffs FR","robots":{"index":"index","follow":"follow","max-snippet":"max-snippet:-1","max-image-preview":"max-image-preview:large","max-video-preview":"max-video-preview:-1"},"canonical":"https:\/\/theplayoffs.news\/fr\/actualite-nhl\/karlsson-nie-les-rumeurs-de-trade\/","og_locale":"fr_FR","og_type":"article","og_title":"Karlsson nie les rumeurs de trade - The Playoffs FR","og_url":"https:\/\/theplayoffs.news\/fr\/actualite-nhl\/karlsson-nie-les-rumeurs-de-trade\/","og_site_name":"The Playoffs FR","article_publisher":"https:\/\/www.facebook.com\/TheFreeAgentFR\/","article_modified_time":"2024-03-14T17:50:20+00:00","og_image":[{"width":1920,"height":1280,"url":"https:\/\/theplayoffs.news\/fr\/wp-content\/uploads\/2024\/03\/USATSI_22637919.jpg","type":"image\/jpeg"}],"author":"Arthur Berlemont","twitter_card":"summary_large_image","twitter_creator":"@TheFreeAgentFR","twitter_site":"@TheFreeAgentFR","twitter_misc":{"\u00c9crit par":"Arthur Berlemont","Dur\u00e9e de lecture estim\u00e9e":"1 minute"},"schema":{"@context":"https:\/\/schema.org","@graph":[{"@type":"WebPage","@id":"https:\/\/theplayoffs.news\/fr\/actualite-nhl\/karlsson-nie-les-rumeurs-de-trade\/","url":"https:\/\/theplayoffs.news\/fr\/actualite-nhl\/karlsson-nie-les-rumeurs-de-trade\/","name":"Karlsson nie les rumeurs de trade - The Playoffs FR","isPartOf":{"@id":"https:\/\/theplayoffs.news\/fr\/#website"},"primaryImageOfPage":{"@id":"https:\/\/theplayoffs.news\/fr\/actualite-nhl\/karlsson-nie-les-rumeurs-de-trade\/#primaryimage"},"image":{"@id":"https:\/\/theplayoffs.news\/fr\/actualite-nhl\/karlsson-nie-les-rumeurs-de-trade\/#primaryimage"},"thumbnailUrl":"https:\/\/theplayoffs.news\/fr\/wp-content\/uploads\/2024\/03\/USATSI_22637919.jpg","datePublished":"2024-03-14T18:00:44+00:00","dateModified":"2024-03-14T19:00:44+01:00","author":{"@id":"https:\/\/theplayoffs.news\/fr\/#\/schema\/person\/b6b04a451dab03a5ab75cec8912e8942"},"breadcrumb":{"@id":"https:\/\/theplayoffs.news\/fr\/actualite-nhl\/karlsson-nie-les-rumeurs-de-trade\/#breadcrumb"},"inLanguage":"fr-FR","potentialAction":[{"@type":"ReadAction","target":["https:\/\/theplayoffs.news\/fr\/actualite-nhl\/karlsson-nie-les-rumeurs-de-trade\/"]}]},{"@type":"ImageObject","inLanguage":"fr-FR","@id":"https:\/\/theplayoffs.news\/fr\/actualite-nhl\/karlsson-nie-les-rumeurs-de-trade\/#primaryimage","url":"https:\/\/theplayoffs.news\/fr\/wp-content\/uploads\/2024\/03\/USATSI_22637919.jpg","contentUrl":"https:\/\/theplayoffs.news\/fr\/wp-content\/uploads\/2024\/03\/USATSI_22637919.jpg","width":1920,"height":1280,"caption":"Feb 27, 2024; Vancouver, British Columbia, CAN; Pittsburgh Penguins defenseman Erik Karlsson (65) skates during warm up prior to a game against the Vancouver Canucks at Rogers Arena. Mandatory Credit: Bob Frid-USA TODAY Sports"},{"@type":"BreadcrumbList","@id":"https:\/\/theplayoffs.news\/fr\/actualite-nhl\/karlsson-nie-les-rumeurs-de-trade\/#breadcrumb","itemListElement":[{"@type":"ListItem","position":1,"name":"Accueil","item":"https:\/\/theplayoffs.news\/fr\/"},{"@type":"ListItem","position":2,"name":"Karlsson nie les rumeurs de trade"}]},{"@type":"WebSite","@id":"https:\/\/theplayoffs.news\/fr\/#website","url":"https:\/\/theplayoffs.news\/fr\/","name":"The Playoffs FR","description":"NBA-NFL-NHL-MLB","potentialAction":[{"@type":"SearchAction","target":{"@type":"EntryPoint","urlTemplate":"https:\/\/theplayoffs.news\/fr\/?s={search_term_string}"},"query-input":{"@type":"PropertyValueSpecification","valueRequired":true,"valueName":"search_term_string"}}],"inLanguage":"fr-FR"},{"@type":"Person","@id":"https:\/\/theplayoffs.news\/fr\/#\/schema\/person\/b6b04a451dab03a5ab75cec8912e8942","name":"Arthur Berlemont","image":{"@type":"ImageObject","inLanguage":"fr-FR","@id":"https:\/\/theplayoffs.news\/fr\/#\/schema\/person\/image\/","url":"https:\/\/secure.gravatar.com\/avatar\/19ddab1d62ab0a19b186b86cee130432b120dd6f085625a6a6757dd1aa90a5f3?s=96&d=mm&r=g","contentUrl":"https:\/\/secure.gravatar.com\/avatar\/19ddab1d62ab0a19b186b86cee130432b120dd6f085625a6a6757dd1aa90a5f3?s=96&d=mm&r=g","caption":"Arthur Berlemont"},"description":"Etudiant passionn\u00e9 de sport, avant tout m\u00e9caniques, j\\'ai d\u00e9couvert les sports US il y a quelques ann\u00e9es. J\\'ai tout de suite accroch\u00e9 pour la ville de Cincinnati et ses franchises de NFL et MLB. Aujourd\\'hui, je suis l\u00e0 par passion dans la r\u00e9daction d\\'articles sur divers sports que j\\'affectionne.","url":"https:\/\/theplayoffs.news\/fr\/author\/arthur-berlemontgmail-com\/"}]}},"_links":{"self":[{"href":"https:\/\/theplayoffs.news\/fr\/wp-json\/wp\/v2\/posts\/1377617","targetHints":{"allow":["GET"]}}],"collection":[{"href":"https:\/\/theplayoffs.news\/fr\/wp-json\/wp\/v2\/posts"}],"about":[{"href":"https:\/\/theplayoffs.news\/fr\/wp-json\/wp\/v2\/types\/post"}],"author":[{"embeddable":true,"href":"https:\/\/theplayoffs.news\/fr\/wp-json\/wp\/v2\/users\/180310178"}],"replies":[{"embeddable":true,"href":"https:\/\/theplayoffs.news\/fr\/wp-json\/wp\/v2\/comments?post=1377617"}],"version-history":[{"count":3,"href":"https:\/\/theplayoffs.news\/fr\/wp-json\/wp\/v2\/posts\/1377617\/revisions"}],"predecessor-version":[{"id":1377628,"href":"https:\/\/theplayoffs.news\/fr\/wp-json\/wp\/v2\/posts\/1377617\/revisions\/1377628"}],"wp:featuredmedia":[{"embeddable":true,"href":"https:\/\/theplayoffs.news\/fr\/wp-json\/wp\/v2\/media\/1377624"}],"wp:attachment":[{"href":"https:\/\/theplayoffs.news\/fr\/wp-json\/wp\/v2\/media?parent=1377617"}],"wp:term":[{"taxonomy":"category","embeddable":true,"href":"https:\/\/theplayoffs.news\/fr\/wp-json\/wp\/v2\/categories?post=1377617"},{"taxonomy":"post_tag","embeddable":true,"href":"https:\/\/theplayoffs.news\/fr\/wp-json\/wp\/v2\/tags?post=1377617"},{"taxonomy":"sport","embeddable":true,"href":"https:\/\/theplayoffs.news\/fr\/wp-json\/wp\/v2\/sport?post=1377617"},{"taxonomy":"saison","embeddable":true,"href":"https:\/\/theplayoffs.news\/fr\/wp-json\/wp\/v2\/saison?post=1377617"}],"curies":[{"name":"wp","href":"https:\/\/api.w.org\/{rel}","templated":true}]}}