{"id":1377206,"date":"2024-03-13T10:48:04","date_gmt":"2024-03-13T09:48:04","guid":{"rendered":"https:\/\/theplayoffs.news\/fr\/?p=1377206"},"modified":"2024-03-13T10:48:04","modified_gmt":"2024-03-13T09:48:04","slug":"kawhi-leonard-quitte-la-rencontre-face-aux-wolves-a-la-mi-temps","status":"publish","type":"post","link":"https:\/\/theplayoffs.news\/fr\/actualite-nba\/kawhi-leonard-quitte-la-rencontre-face-aux-wolves-a-la-mi-temps\/","title":{"rendered":"Kawhi Leonard quitte la rencontre face aux Wolves \u00e0 la mi-temps"},"content":{"rendered":"<h2>Kawhi Leonard a &eacute;t&eacute; contraint de quitter le match contre les Minnesota Timberwolves &agrave; la Crypto.com Arena en raison de spasmes dorsaux s&eacute;v&egrave;res.<\/h2><p><a href=\"https:\/\/theplayoffs.news\/fr\/joueur\/kawhi-leonard-nba-12900\/\" class=\"trk-cta-link\" data-cta-trk='{\"ctaType\":\"Link\",\"ctaSubType\":\"main\"}'><strong>Kawhi Leonard<\/strong><\/a> a &eacute;t&eacute; diagnostiqu&eacute; avec des spasmes thoraciques, une condition suffisamment grave pour justifier un d&eacute;part anticip&eacute; de l&rsquo;ar&egrave;ne pour se reposer &agrave; domicile.<\/p><p>L&rsquo;entra&icirc;neur-chef Tyronn Lue a r&eacute;v&eacute;l&eacute; que Leonard avait lutt&eacute; contre ce probl&egrave;me depuis quelques jours, indiquant que ce n&rsquo;&eacute;tait pas un d&eacute;but soudain mais une pr&eacute;occupation persistante.<\/p><blockquote><p>&laquo;&nbsp;Il n&rsquo;&eacute;tait pas s&ucirc;r de pouvoir jouer ce matin&nbsp;&raquo;, <a href=\"https:\/\/www.espn.com\/nba\/story\/_\/id\/39720103\/kawhi-leonard-ruled-back-spasms-leaves-arena\" class=\"trk-cta-link\" data-cta-trk='{\"ctaType\":\"Link\",\"ctaSubType\":\"main\"}'>a d&eacute;clar&eacute; Lue apr&egrave;s le match<\/a>. &laquo;&nbsp;Mais il est venu &agrave; l&rsquo;entra&icirc;nement, s&rsquo;est fait soigner, a fait ce qu&rsquo;il avait &agrave; faire et a essay&eacute; d&rsquo;entrer sur le terrain et de jouer aujourd&rsquo;hui. Il n&rsquo;a pas r&eacute;ussi &agrave; se d&eacute;tendre&nbsp;&raquo;.<\/p><\/blockquote><p>L&rsquo;absence de Leonard s&rsquo;est imm&eacute;diatement fait sentir sur le terrain alors que les Clippers, qui avaient &eacute;tabli une avance importante de 22 points, ont finalement conc&eacute;d&eacute; une d&eacute;faite 118-100 contre les Wolves.<\/p><p>Cette saison s&rsquo;annon&ccedil;ait comme la plus saine de Kawhi Leonard depuis son arriv&eacute;e chez les Clippers en 2019, ayant particip&eacute; &agrave; 58 des 64 matchs. Cependant, ce revers soul&egrave;ve des questions sur sa disponibilit&eacute; pour les matchs &agrave; venir, y compris les matchs en back-to-back &agrave; l&rsquo;ext&eacute;rieur contre les Chicago Bulls et les New Orleans Pelicans.<\/p><p>De plus, les Clippers ont aussi d&rsquo;autres pr&eacute;occupations &agrave; propos de blessures, avec James Harden soignant une blessure &agrave; l&rsquo;&eacute;paule.<\/p><p>Avec le classement de la Conf&eacute;rence Ouest &eacute;troitement disput&eacute;, chaque match compte, faisant de la r&eacute;cup&eacute;ration rapide de Leonard un enjeu primordial pour les aspirations des Clippers.<\/p><p>&nbsp;<\/p><p>Credit Photo : Gary A. Vasquez-USA TODAY Sports<\/p>\n","protected":false},"excerpt":{"rendered":"","protected":false},"author":13,"featured_media":1377207,"comment_status":"open","ping_status":"closed","sticky":false,"template":"","format":"standard","meta":{"inline_featured_image":false,"kia_subtitle":"","_mux_skip_reasons":[],"proofreadBy":0,"footnotes":""},"categories":[110,10],"tags":[197,610],"sport":[],"saison":[],"class_list":["post-1377206","post","type-post","status-publish","format-standard","has-post-thumbnail","hentry","category-actualite-nba","category-nba","tag-kawhi-leonard","tag-los-angeles-clippers"],"acf":[],"yoast_head":"<!-- This site is optimized with the Yoast SEO plugin v24.2 - https:\/\/yoast.com\/wordpress\/plugins\/seo\/ -->\n<title>Kawhi Leonard quitte la rencontre face aux Wolves &agrave; la mi-temps - The Playoffs FR<\/title>\n<meta name=\"robots\" content=\"index, follow, max-snippet:-1, max-image-preview:large, max-video-preview:-1\" \/>\n<link rel=\"canonical\" href=\"https:\/\/theplayoffs.news\/fr\/actualite-nba\/kawhi-leonard-quitte-la-rencontre-face-aux-wolves-a-la-mi-temps\/\" \/>\n<meta property=\"og:locale\" content=\"fr_FR\" \/>\n<meta property=\"og:type\" content=\"article\" \/>\n<meta property=\"og:title\" content=\"Kawhi Leonard quitte la rencontre face aux Wolves &agrave; la mi-temps - The Playoffs FR\" \/>\n<meta property=\"og:url\" content=\"https:\/\/theplayoffs.news\/fr\/actualite-nba\/kawhi-leonard-quitte-la-rencontre-face-aux-wolves-a-la-mi-temps\/\" \/>\n<meta property=\"og:site_name\" content=\"The Playoffs FR\" \/>\n<meta property=\"article:publisher\" content=\"https:\/\/www.facebook.com\/TheFreeAgentFR\/\" \/>\n<meta property=\"article:modified_time\" content=\"2024-03-13T10:48:04+01:00\" \/>\n<meta property=\"og:image\" content=\"https:\/\/theplayoffs.news\/fr\/wp-content\/uploads\/2024\/03\/USATSI_22763233.jpg\" \/>\n\t<meta property=\"og:image:width\" content=\"1920\" \/>\n\t<meta property=\"og:image:height\" content=\"1280\" \/>\n\t<meta property=\"og:image:type\" content=\"image\/jpeg\" \/>\n<meta name=\"author\" content=\"Charles Taudin\" \/>\n<meta name=\"twitter:card\" content=\"summary_large_image\" \/>\n<meta name=\"twitter:creator\" content=\"@TheFreeAgentFR\" \/>\n<meta name=\"twitter:site\" content=\"@TheFreeAgentFR\" \/>\n<meta name=\"twitter:label1\" content=\"\u00c9crit par\" \/>\n\t<meta name=\"twitter:data1\" content=\"Charles Taudin\" \/>\n\t<meta name=\"twitter:label2\" content=\"Dur\u00e9e de lecture estim\u00e9e\" \/>\n\t<meta name=\"twitter:data2\" content=\"1 minute\" \/>\n<script type=\"application\/ld+json\" class=\"yoast-schema-graph\">{\"@context\":\"https:\/\/schema.org\",\"@graph\":[{\"@type\":\"WebPage\",\"@id\":\"https:\/\/theplayoffs.news\/fr\/actualite-nba\/kawhi-leonard-quitte-la-rencontre-face-aux-wolves-a-la-mi-temps\/\",\"url\":\"https:\/\/theplayoffs.news\/fr\/actualite-nba\/kawhi-leonard-quitte-la-rencontre-face-aux-wolves-a-la-mi-temps\/\",\"name\":\"Kawhi Leonard quitte la rencontre face aux Wolves \u00e0 la mi-temps - The Playoffs FR\",\"isPartOf\":{\"@id\":\"https:\/\/theplayoffs.news\/fr\/#website\"},\"primaryImageOfPage\":{\"@id\":\"https:\/\/theplayoffs.news\/fr\/actualite-nba\/kawhi-leonard-quitte-la-rencontre-face-aux-wolves-a-la-mi-temps\/#primaryimage\"},\"image\":{\"@id\":\"https:\/\/theplayoffs.news\/fr\/actualite-nba\/kawhi-leonard-quitte-la-rencontre-face-aux-wolves-a-la-mi-temps\/#primaryimage\"},\"thumbnailUrl\":\"https:\/\/theplayoffs.news\/fr\/wp-content\/uploads\/2024\/03\/USATSI_22763233.jpg\",\"datePublished\":\"2024-03-13T09:48:04+00:00\",\"dateModified\":\"2024-03-13T09:48:04+00:00\",\"author\":{\"@id\":\"https:\/\/theplayoffs.news\/fr\/#\/schema\/person\/eee5b69ad5d3c51cabe881c839dbe133\"},\"breadcrumb\":{\"@id\":\"https:\/\/theplayoffs.news\/fr\/actualite-nba\/kawhi-leonard-quitte-la-rencontre-face-aux-wolves-a-la-mi-temps\/#breadcrumb\"},\"inLanguage\":\"fr-FR\",\"potentialAction\":[{\"@type\":\"ReadAction\",\"target\":[\"https:\/\/theplayoffs.news\/fr\/actualite-nba\/kawhi-leonard-quitte-la-rencontre-face-aux-wolves-a-la-mi-temps\/\"]}]},{\"@type\":\"ImageObject\",\"inLanguage\":\"fr-FR\",\"@id\":\"https:\/\/theplayoffs.news\/fr\/actualite-nba\/kawhi-leonard-quitte-la-rencontre-face-aux-wolves-a-la-mi-temps\/#primaryimage\",\"url\":\"https:\/\/theplayoffs.news\/fr\/wp-content\/uploads\/2024\/03\/USATSI_22763233.jpg\",\"contentUrl\":\"https:\/\/theplayoffs.news\/fr\/wp-content\/uploads\/2024\/03\/USATSI_22763233.jpg\",\"width\":1920,\"height\":1280,\"caption\":\"Mandatory Credit: Gary A. Vasquez-USA TODAY Sports\"},{\"@type\":\"BreadcrumbList\",\"@id\":\"https:\/\/theplayoffs.news\/fr\/actualite-nba\/kawhi-leonard-quitte-la-rencontre-face-aux-wolves-a-la-mi-temps\/#breadcrumb\",\"itemListElement\":[{\"@type\":\"ListItem\",\"position\":1,\"name\":\"Accueil\",\"item\":\"https:\/\/theplayoffs.news\/fr\/\"},{\"@type\":\"ListItem\",\"position\":2,\"name\":\"Kawhi Leonard quitte la rencontre face aux Wolves \u00e0 la mi-temps\"}]},{\"@type\":\"WebSite\",\"@id\":\"https:\/\/theplayoffs.news\/fr\/#website\",\"url\":\"https:\/\/theplayoffs.news\/fr\/\",\"name\":\"The Playoffs FR\",\"description\":\"NBA-NFL-NHL-MLB\",\"potentialAction\":[{\"@type\":\"SearchAction\",\"target\":{\"@type\":\"EntryPoint\",\"urlTemplate\":\"https:\/\/theplayoffs.news\/fr\/?s={search_term_string}\"},\"query-input\":{\"@type\":\"PropertyValueSpecification\",\"valueRequired\":true,\"valueName\":\"search_term_string\"}}],\"inLanguage\":\"fr-FR\"},{\"@type\":\"Person\",\"@id\":\"https:\/\/theplayoffs.news\/fr\/#\/schema\/person\/eee5b69ad5d3c51cabe881c839dbe133\",\"name\":\"Charles Taudin\",\"image\":{\"@type\":\"ImageObject\",\"inLanguage\":\"fr-FR\",\"@id\":\"https:\/\/theplayoffs.news\/fr\/#\/schema\/person\/image\/\",\"url\":\"https:\/\/secure.gravatar.com\/avatar\/59a1e772205ce9fd255edfcafc93013736822e20261f294c5753b20c41ede9f2?s=96&d=mm&r=g\",\"contentUrl\":\"https:\/\/secure.gravatar.com\/avatar\/59a1e772205ce9fd255edfcafc93013736822e20261f294c5753b20c41ede9f2?s=96&d=mm&r=g\",\"caption\":\"Charles Taudin\"},\"description\":\"R\u00e9dacteur en chef global de The Playoffs, j\u2019ai cr\u00e9\u00e9 The Free Agent, devenu The Playoffs FR, en 2020 durant la pand\u00e9mie. Amoureux depuis des ann\u00e9es des 4 sports majeurs am\u00e9ricains, j\u2019organise maintenant la strat\u00e9gie \u00e9ditoriale et les r\u00e9seaux sociaux de l\u2019ensemble des versions de The Playoffs. Il m\u2019arrive encore d\u2019\u00e9crire sur certains sports que j\u2019affectionne particuli\u00e8rement comme la NFL ou la MLB. Si vous devez retenir qu\u2019une chose : Eli Manning est le vrai GOAT pour avoir battu deux fois Tom Brady.\",\"sameAs\":[\"https:\/\/www.instagram.com\/ctaudin_\/\"],\"url\":\"https:\/\/theplayoffs.news\/fr\/author\/charles-taudin\/\"}]}<\/script>\n<!-- \/ Yoast SEO plugin. -->","yoast_head_json":{"title":"Kawhi Leonard quitte la rencontre face aux Wolves &agrave; la mi-temps - The Playoffs FR","robots":{"index":"index","follow":"follow","max-snippet":"max-snippet:-1","max-image-preview":"max-image-preview:large","max-video-preview":"max-video-preview:-1"},"canonical":"https:\/\/theplayoffs.news\/fr\/actualite-nba\/kawhi-leonard-quitte-la-rencontre-face-aux-wolves-a-la-mi-temps\/","og_locale":"fr_FR","og_type":"article","og_title":"Kawhi Leonard quitte la rencontre face aux Wolves &agrave; la mi-temps - The Playoffs FR","og_url":"https:\/\/theplayoffs.news\/fr\/actualite-nba\/kawhi-leonard-quitte-la-rencontre-face-aux-wolves-a-la-mi-temps\/","og_site_name":"The Playoffs FR","article_publisher":"https:\/\/www.facebook.com\/TheFreeAgentFR\/","og_image":[{"width":1920,"height":1280,"url":"https:\/\/theplayoffs.news\/fr\/wp-content\/uploads\/2024\/03\/USATSI_22763233.jpg","type":"image\/jpeg"}],"author":"Charles Taudin","twitter_card":"summary_large_image","twitter_creator":"@TheFreeAgentFR","twitter_site":"@TheFreeAgentFR","twitter_misc":{"\u00c9crit par":"Charles Taudin","Dur\u00e9e de lecture estim\u00e9e":"1 minute"},"schema":{"@context":"https:\/\/schema.org","@graph":[{"@type":"WebPage","@id":"https:\/\/theplayoffs.news\/fr\/actualite-nba\/kawhi-leonard-quitte-la-rencontre-face-aux-wolves-a-la-mi-temps\/","url":"https:\/\/theplayoffs.news\/fr\/actualite-nba\/kawhi-leonard-quitte-la-rencontre-face-aux-wolves-a-la-mi-temps\/","name":"Kawhi Leonard quitte la rencontre face aux Wolves \u00e0 la mi-temps - The Playoffs FR","isPartOf":{"@id":"https:\/\/theplayoffs.news\/fr\/#website"},"primaryImageOfPage":{"@id":"https:\/\/theplayoffs.news\/fr\/actualite-nba\/kawhi-leonard-quitte-la-rencontre-face-aux-wolves-a-la-mi-temps\/#primaryimage"},"image":{"@id":"https:\/\/theplayoffs.news\/fr\/actualite-nba\/kawhi-leonard-quitte-la-rencontre-face-aux-wolves-a-la-mi-temps\/#primaryimage"},"thumbnailUrl":"https:\/\/theplayoffs.news\/fr\/wp-content\/uploads\/2024\/03\/USATSI_22763233.jpg","datePublished":"2024-03-13T09:48:04+00:00","dateModified":"2024-03-13T09:48:04+00:00","author":{"@id":"https:\/\/theplayoffs.news\/fr\/#\/schema\/person\/eee5b69ad5d3c51cabe881c839dbe133"},"breadcrumb":{"@id":"https:\/\/theplayoffs.news\/fr\/actualite-nba\/kawhi-leonard-quitte-la-rencontre-face-aux-wolves-a-la-mi-temps\/#breadcrumb"},"inLanguage":"fr-FR","potentialAction":[{"@type":"ReadAction","target":["https:\/\/theplayoffs.news\/fr\/actualite-nba\/kawhi-leonard-quitte-la-rencontre-face-aux-wolves-a-la-mi-temps\/"]}]},{"@type":"ImageObject","inLanguage":"fr-FR","@id":"https:\/\/theplayoffs.news\/fr\/actualite-nba\/kawhi-leonard-quitte-la-rencontre-face-aux-wolves-a-la-mi-temps\/#primaryimage","url":"https:\/\/theplayoffs.news\/fr\/wp-content\/uploads\/2024\/03\/USATSI_22763233.jpg","contentUrl":"https:\/\/theplayoffs.news\/fr\/wp-content\/uploads\/2024\/03\/USATSI_22763233.jpg","width":1920,"height":1280,"caption":"Mandatory Credit: Gary A. Vasquez-USA TODAY Sports"},{"@type":"BreadcrumbList","@id":"https:\/\/theplayoffs.news\/fr\/actualite-nba\/kawhi-leonard-quitte-la-rencontre-face-aux-wolves-a-la-mi-temps\/#breadcrumb","itemListElement":[{"@type":"ListItem","position":1,"name":"Accueil","item":"https:\/\/theplayoffs.news\/fr\/"},{"@type":"ListItem","position":2,"name":"Kawhi Leonard quitte la rencontre face aux Wolves \u00e0 la mi-temps"}]},{"@type":"WebSite","@id":"https:\/\/theplayoffs.news\/fr\/#website","url":"https:\/\/theplayoffs.news\/fr\/","name":"The Playoffs FR","description":"NBA-NFL-NHL-MLB","potentialAction":[{"@type":"SearchAction","target":{"@type":"EntryPoint","urlTemplate":"https:\/\/theplayoffs.news\/fr\/?s={search_term_string}"},"query-input":{"@type":"PropertyValueSpecification","valueRequired":true,"valueName":"search_term_string"}}],"inLanguage":"fr-FR"},{"@type":"Person","@id":"https:\/\/theplayoffs.news\/fr\/#\/schema\/person\/eee5b69ad5d3c51cabe881c839dbe133","name":"Charles Taudin","image":{"@type":"ImageObject","inLanguage":"fr-FR","@id":"https:\/\/theplayoffs.news\/fr\/#\/schema\/person\/image\/","url":"https:\/\/secure.gravatar.com\/avatar\/59a1e772205ce9fd255edfcafc93013736822e20261f294c5753b20c41ede9f2?s=96&d=mm&r=g","contentUrl":"https:\/\/secure.gravatar.com\/avatar\/59a1e772205ce9fd255edfcafc93013736822e20261f294c5753b20c41ede9f2?s=96&d=mm&r=g","caption":"Charles Taudin"},"description":"R\u00e9dacteur en chef global de The Playoffs, j\u2019ai cr\u00e9\u00e9 The Free Agent, devenu The Playoffs FR, en 2020 durant la pand\u00e9mie. Amoureux depuis des ann\u00e9es des 4 sports majeurs am\u00e9ricains, j\u2019organise maintenant la strat\u00e9gie \u00e9ditoriale et les r\u00e9seaux sociaux de l\u2019ensemble des versions de The Playoffs. Il m\u2019arrive encore d\u2019\u00e9crire sur certains sports que j\u2019affectionne particuli\u00e8rement comme la NFL ou la MLB. Si vous devez retenir qu\u2019une chose : Eli Manning est le vrai GOAT pour avoir battu deux fois Tom Brady.","sameAs":["https:\/\/www.instagram.com\/ctaudin_\/"],"url":"https:\/\/theplayoffs.news\/fr\/author\/charles-taudin\/"}]}},"_links":{"self":[{"href":"https:\/\/theplayoffs.news\/fr\/wp-json\/wp\/v2\/posts\/1377206","targetHints":{"allow":["GET"]}}],"collection":[{"href":"https:\/\/theplayoffs.news\/fr\/wp-json\/wp\/v2\/posts"}],"about":[{"href":"https:\/\/theplayoffs.news\/fr\/wp-json\/wp\/v2\/types\/post"}],"author":[{"embeddable":true,"href":"https:\/\/theplayoffs.news\/fr\/wp-json\/wp\/v2\/users\/13"}],"replies":[{"embeddable":true,"href":"https:\/\/theplayoffs.news\/fr\/wp-json\/wp\/v2\/comments?post=1377206"}],"version-history":[{"count":3,"href":"https:\/\/theplayoffs.news\/fr\/wp-json\/wp\/v2\/posts\/1377206\/revisions"}],"predecessor-version":[{"id":1377210,"href":"https:\/\/theplayoffs.news\/fr\/wp-json\/wp\/v2\/posts\/1377206\/revisions\/1377210"}],"wp:featuredmedia":[{"embeddable":true,"href":"https:\/\/theplayoffs.news\/fr\/wp-json\/wp\/v2\/media\/1377207"}],"wp:attachment":[{"href":"https:\/\/theplayoffs.news\/fr\/wp-json\/wp\/v2\/media?parent=1377206"}],"wp:term":[{"taxonomy":"category","embeddable":true,"href":"https:\/\/theplayoffs.news\/fr\/wp-json\/wp\/v2\/categories?post=1377206"},{"taxonomy":"post_tag","embeddable":true,"href":"https:\/\/theplayoffs.news\/fr\/wp-json\/wp\/v2\/tags?post=1377206"},{"taxonomy":"sport","embeddable":true,"href":"https:\/\/theplayoffs.news\/fr\/wp-json\/wp\/v2\/sport?post=1377206"},{"taxonomy":"saison","embeddable":true,"href":"https:\/\/theplayoffs.news\/fr\/wp-json\/wp\/v2\/saison?post=1377206"}],"curies":[{"name":"wp","href":"https:\/\/api.w.org\/{rel}","templated":true}]}}