{"id":1376773,"date":"2024-03-12T10:29:08","date_gmt":"2024-03-12T09:29:08","guid":{"rendered":"https:\/\/theplayoffs.news\/fr\/?p=1376773"},"modified":"2024-03-12T10:14:40","modified_gmt":"2024-03-12T09:14:40","slug":"les-devils-appellent-a-une-suspension-contre-matt-rempe","status":"publish","type":"post","link":"https:\/\/theplayoffs.news\/fr\/actualite-nhl\/les-devils-appellent-a-une-suspension-contre-matt-rempe\/","title":{"rendered":"Les Devils appellent \u00e0 une suspension contre Matt Rempe"},"content":{"rendered":"<h2>Un r&eacute;cent incident impliquant le rookie des New York Rangers, Matt Rempe, et le d&eacute;fenseur des New Jersey Devils, Jonas Siegenthaler, a raviv&eacute; ce d&eacute;bat sur le sgestes dangereux sur la glace.<\/h2><p>Lors du match de lundi soir, <a href=\"https:\/\/theplayoffs.news\/fr\/joueur\/matt-rempe-nhl-9395640\/\" class=\"trk-cta-link\" data-cta-trk='{\"ctaType\":\"Link\",\"ctaSubType\":\"main\"}'><strong>Matt Rempe<\/strong><\/a>, le rookie imposant des Rangers connu pour son style de jeu physique, a &eacute;t&eacute; impliqu&eacute; dans une action dangereuse avec Jonas Siegenthaler des Devils. Un coup de coude &agrave; la t&ecirc;te de Siegenthaler a conduit &agrave; une p&eacute;nalit&eacute; majeure et une inconduite de jeu pour Rempe, marquant une fin pr&eacute;matur&eacute;e &agrave; sa participation dans le match.<\/p><blockquote class=\"twitter-tweet\" data-width=\"500\" data-dnt=\"true\">\n<p lang=\"en\" dir=\"ltr\">Rempe is assessed a 5 minute major for elbowing and a game misconduct.<\/p>\n<p>MadDermid receives a 10 minute misconduct <a href=\"https:\/\/t.co\/sktGECCV49\" class=\"trk-cta-link\" data-cta-trk='{\"ctaType\":\"Link\",\"ctaSubType\":\"main\"}'>pic.twitter.com\/sktGECCV49<\/a><\/p>\n<p>&mdash; B\/R Open Ice (@BR_OpenIce) <a href=\"https:\/\/twitter.com\/BR_OpenIce\/status\/1767350609269662070?ref_src=twsrc%5Etfw\" class=\"trk-cta-link\" data-cta-trk='{\"ctaType\":\"Link\",\"ctaSubType\":\"main\"}'>March 12, 2024<\/a><\/p><\/blockquote><p><script async src=\"https:\/\/platform.twitter.com\/widgets.js\" charset=\"utf-8\"><\/script><\/p><p>Le coup, jug&eacute; dangereux et inutile par beaucoup, a emp&ecirc;ch&eacute; Siegenthaler de revenir pour le troisi&egrave;me tiers, soulevant de s&eacute;rieuses pr&eacute;occupations concernant la s&eacute;curit&eacute; des joueurs et la culture de la violence au sein de la ligue.<\/p><p>Les Devils, exprimant leur insatisfaction avec la punition sur la glace, ont appel&eacute; &agrave; des actions disciplinaires suppl&eacute;mentaires contre Matt Rempe, mettant en lumi&egrave;re un comportement qu&rsquo;ils per&ccedil;oivent comme nuisible au sport. Travis Green, l&rsquo;entra&icirc;neur par int&eacute;rim des Devils, a caract&eacute;ris&eacute; le coup comme ayant une &laquo;&nbsp;intention de blesser&nbsp;&raquo;, soulignant la gravit&eacute; de la situation et la n&eacute;cessit&eacute; pour le D&eacute;partement de la S&eacute;curit&eacute; des Joueurs de la LNH d&rsquo;intervenir.<\/p><blockquote><p>&laquo;&nbsp;Tous ceux qui connaissent un tant soit peu le jeu savent que [Siegenthaler] est dans une position vuln&eacute;rable. Appelez cela un pr&eacute;dateur ou n&rsquo;importe quel autre terme. Ce n&rsquo;est certainement pas la premi&egrave;re fois que cela arrive [&agrave; Rempe], et c&rsquo;est la deuxi&egrave;me fois contre nous&nbsp;&raquo;, <a href=\"https:\/\/www.espn.com\/nhl\/story\/_\/id\/39712344\/devils-call-rangers-matt-rempe-suspension-elbow-hit\" class=\"trk-cta-link\" data-cta-trk='{\"ctaType\":\"Link\",\"ctaSubType\":\"main\"}'>a d&eacute;clar&eacute; Green.<\/a><\/p><\/blockquote><p>L&rsquo;historique de <a href=\"https:\/\/theplayoffs.news\/fr\/joueur\/matt-rempe-nhl-9395640\/\" class=\"trk-cta-link\" data-cta-trk='{\"ctaType\":\"Link\",\"ctaSubType\":\"main\"}'><strong>Matt Rempe<\/strong><\/a> d&rsquo;incidents similaires, incluant une inconduite de jeu pr&eacute;c&eacute;dente pour un contr&ocirc;le ill&eacute;gal contre un autre joueur des Devils, Nathan Bastian, pointe vers une tendance inqui&eacute;tante de comportement t&eacute;m&eacute;raire qui met non seulement les joueurs en danger mais remet &eacute;galement en question l&rsquo;int&eacute;grit&eacute; du sport.<\/p><p>La r&eacute;action au sein de la ligue a &eacute;t&eacute; mitig&eacute;e, certains appelant &agrave; une r&eacute;&eacute;valuation des r&egrave;gles entourant le jeu physique et d&rsquo;autres d&eacute;fendant la tradition de duret&eacute; dans le hockey. L&rsquo;acquisition de l&rsquo;homme de force Kurtis MacDermid par les Devils, sp&eacute;cifiquement en r&eacute;ponse aux incidents sur glace pr&eacute;c&eacute;dents, illustre la course aux joueurs de plus en plus physiques, soulevant des questions sur la direction dans laquelle le sport se dirige.<\/p><blockquote><p>&laquo;&nbsp;Oh oui, bien s&ucirc;r. C&rsquo;est un grand gaillard et il joue des coudes comme &ccedil;a&nbsp;&raquo;, a d&eacute;clar&eacute; MacDermid. &laquo;&nbsp;Il faut apprendre &agrave; frapper correctement et &agrave; ne pas blesser les joueurs.&nbsp;&raquo;<\/p><\/blockquote><p>&nbsp;<\/p><p>&nbsp;<\/p><p>Credit Photo : Brad Penner-USA TODAY Sports<\/p>\n","protected":false},"excerpt":{"rendered":"","protected":false},"author":13,"featured_media":1376774,"comment_status":"open","ping_status":"closed","sticky":false,"template":"","format":"standard","meta":{"inline_featured_image":false,"kia_subtitle":"","_mux_skip_reasons":[],"proofreadBy":0,"footnotes":""},"categories":[187,26],"tags":[7061,258],"sport":[],"saison":[],"class_list":["post-1376773","post","type-post","status-publish","format-standard","has-post-thumbnail","hentry","category-actualite-nhl","category-nhl","tag-matt-rempe","tag-new-york-rangers"],"acf":[],"yoast_head":"<!-- This site is optimized with the Yoast SEO plugin v24.2 - https:\/\/yoast.com\/wordpress\/plugins\/seo\/ -->\n<title>Les Devils appellent &agrave; une suspension contre Matt Rempe - The Playoffs FR<\/title>\n<meta name=\"robots\" content=\"index, follow, max-snippet:-1, max-image-preview:large, max-video-preview:-1\" \/>\n<link rel=\"canonical\" href=\"https:\/\/theplayoffs.news\/fr\/actualite-nhl\/les-devils-appellent-a-une-suspension-contre-matt-rempe\/\" \/>\n<meta property=\"og:locale\" content=\"fr_FR\" \/>\n<meta property=\"og:type\" content=\"article\" \/>\n<meta property=\"og:title\" content=\"Les Devils appellent &agrave; une suspension contre Matt Rempe - The Playoffs FR\" \/>\n<meta property=\"og:url\" content=\"https:\/\/theplayoffs.news\/fr\/actualite-nhl\/les-devils-appellent-a-une-suspension-contre-matt-rempe\/\" \/>\n<meta property=\"og:site_name\" content=\"The Playoffs FR\" \/>\n<meta property=\"article:publisher\" content=\"https:\/\/www.facebook.com\/TheFreeAgentFR\/\" \/>\n<meta property=\"article:modified_time\" content=\"2024-03-12T10:29:08+01:00\" \/>\n<meta property=\"og:image\" content=\"https:\/\/theplayoffs.news\/fr\/wp-content\/uploads\/2024\/03\/USATSI_22753845.jpg\" \/>\n\t<meta property=\"og:image:width\" content=\"1920\" \/>\n\t<meta property=\"og:image:height\" content=\"1280\" \/>\n\t<meta property=\"og:image:type\" content=\"image\/jpeg\" \/>\n<meta name=\"author\" content=\"Charles Taudin\" \/>\n<meta name=\"twitter:card\" content=\"summary_large_image\" \/>\n<meta name=\"twitter:creator\" content=\"@TheFreeAgentFR\" \/>\n<meta name=\"twitter:site\" content=\"@TheFreeAgentFR\" \/>\n<meta name=\"twitter:label1\" content=\"\u00c9crit par\" \/>\n\t<meta name=\"twitter:data1\" content=\"Charles Taudin\" \/>\n\t<meta name=\"twitter:label2\" content=\"Dur\u00e9e de lecture estim\u00e9e\" \/>\n\t<meta name=\"twitter:data2\" content=\"2 minutes\" \/>\n<script type=\"application\/ld+json\" class=\"yoast-schema-graph\">{\"@context\":\"https:\/\/schema.org\",\"@graph\":[{\"@type\":\"WebPage\",\"@id\":\"https:\/\/theplayoffs.news\/fr\/actualite-nhl\/les-devils-appellent-a-une-suspension-contre-matt-rempe\/\",\"url\":\"https:\/\/theplayoffs.news\/fr\/actualite-nhl\/les-devils-appellent-a-une-suspension-contre-matt-rempe\/\",\"name\":\"Les Devils appellent \u00e0 une suspension contre Matt Rempe - The Playoffs FR\",\"isPartOf\":{\"@id\":\"https:\/\/theplayoffs.news\/fr\/#website\"},\"primaryImageOfPage\":{\"@id\":\"https:\/\/theplayoffs.news\/fr\/actualite-nhl\/les-devils-appellent-a-une-suspension-contre-matt-rempe\/#primaryimage\"},\"image\":{\"@id\":\"https:\/\/theplayoffs.news\/fr\/actualite-nhl\/les-devils-appellent-a-une-suspension-contre-matt-rempe\/#primaryimage\"},\"thumbnailUrl\":\"https:\/\/theplayoffs.news\/fr\/wp-content\/uploads\/2024\/03\/USATSI_22753845.jpg\",\"datePublished\":\"2024-03-12T09:29:08+00:00\",\"dateModified\":\"2024-03-12T10:29:08+01:00\",\"author\":{\"@id\":\"https:\/\/theplayoffs.news\/fr\/#\/schema\/person\/eee5b69ad5d3c51cabe881c839dbe133\"},\"breadcrumb\":{\"@id\":\"https:\/\/theplayoffs.news\/fr\/actualite-nhl\/les-devils-appellent-a-une-suspension-contre-matt-rempe\/#breadcrumb\"},\"inLanguage\":\"fr-FR\",\"potentialAction\":[{\"@type\":\"ReadAction\",\"target\":[\"https:\/\/theplayoffs.news\/fr\/actualite-nhl\/les-devils-appellent-a-une-suspension-contre-matt-rempe\/\"]}]},{\"@type\":\"ImageObject\",\"inLanguage\":\"fr-FR\",\"@id\":\"https:\/\/theplayoffs.news\/fr\/actualite-nhl\/les-devils-appellent-a-une-suspension-contre-matt-rempe\/#primaryimage\",\"url\":\"https:\/\/theplayoffs.news\/fr\/wp-content\/uploads\/2024\/03\/USATSI_22753845.jpg\",\"contentUrl\":\"https:\/\/theplayoffs.news\/fr\/wp-content\/uploads\/2024\/03\/USATSI_22753845.jpg\",\"width\":1920,\"height\":1280,\"caption\":\"Mar 11, 2024; New York, New York, USA; New York Rangers center Matt Rempe (73) controls the puck against New Jersey Devils left wing Tomas Nosek (92) during the first period at Madison Square Garden. Mandatory Credit: Brad Penner-USA TODAY Sports\"},{\"@type\":\"BreadcrumbList\",\"@id\":\"https:\/\/theplayoffs.news\/fr\/actualite-nhl\/les-devils-appellent-a-une-suspension-contre-matt-rempe\/#breadcrumb\",\"itemListElement\":[{\"@type\":\"ListItem\",\"position\":1,\"name\":\"Accueil\",\"item\":\"https:\/\/theplayoffs.news\/fr\/\"},{\"@type\":\"ListItem\",\"position\":2,\"name\":\"Les Devils appellent \u00e0 une suspension contre Matt Rempe\"}]},{\"@type\":\"WebSite\",\"@id\":\"https:\/\/theplayoffs.news\/fr\/#website\",\"url\":\"https:\/\/theplayoffs.news\/fr\/\",\"name\":\"The Playoffs FR\",\"description\":\"NBA-NFL-NHL-MLB\",\"potentialAction\":[{\"@type\":\"SearchAction\",\"target\":{\"@type\":\"EntryPoint\",\"urlTemplate\":\"https:\/\/theplayoffs.news\/fr\/?s={search_term_string}\"},\"query-input\":{\"@type\":\"PropertyValueSpecification\",\"valueRequired\":true,\"valueName\":\"search_term_string\"}}],\"inLanguage\":\"fr-FR\"},{\"@type\":\"Person\",\"@id\":\"https:\/\/theplayoffs.news\/fr\/#\/schema\/person\/eee5b69ad5d3c51cabe881c839dbe133\",\"name\":\"Charles Taudin\",\"image\":{\"@type\":\"ImageObject\",\"inLanguage\":\"fr-FR\",\"@id\":\"https:\/\/theplayoffs.news\/fr\/#\/schema\/person\/image\/\",\"url\":\"https:\/\/secure.gravatar.com\/avatar\/59a1e772205ce9fd255edfcafc93013736822e20261f294c5753b20c41ede9f2?s=96&d=mm&r=g\",\"contentUrl\":\"https:\/\/secure.gravatar.com\/avatar\/59a1e772205ce9fd255edfcafc93013736822e20261f294c5753b20c41ede9f2?s=96&d=mm&r=g\",\"caption\":\"Charles Taudin\"},\"description\":\"R\u00e9dacteur en chef global de The Playoffs, j\u2019ai cr\u00e9\u00e9 The Free Agent, devenu The Playoffs FR, en 2020 durant la pand\u00e9mie. Amoureux depuis des ann\u00e9es des 4 sports majeurs am\u00e9ricains, j\u2019organise maintenant la strat\u00e9gie \u00e9ditoriale et les r\u00e9seaux sociaux de l\u2019ensemble des versions de The Playoffs. Il m\u2019arrive encore d\u2019\u00e9crire sur certains sports que j\u2019affectionne particuli\u00e8rement comme la NFL ou la MLB. Si vous devez retenir qu\u2019une chose : Eli Manning est le vrai GOAT pour avoir battu deux fois Tom Brady.\",\"sameAs\":[\"https:\/\/www.instagram.com\/ctaudin_\/\"],\"url\":\"https:\/\/theplayoffs.news\/fr\/author\/charles-taudin\/\"}]}<\/script>\n<!-- \/ Yoast SEO plugin. -->","yoast_head_json":{"title":"Les Devils appellent &agrave; une suspension contre Matt Rempe - The Playoffs FR","robots":{"index":"index","follow":"follow","max-snippet":"max-snippet:-1","max-image-preview":"max-image-preview:large","max-video-preview":"max-video-preview:-1"},"canonical":"https:\/\/theplayoffs.news\/fr\/actualite-nhl\/les-devils-appellent-a-une-suspension-contre-matt-rempe\/","og_locale":"fr_FR","og_type":"article","og_title":"Les Devils appellent &agrave; une suspension contre Matt Rempe - The Playoffs FR","og_url":"https:\/\/theplayoffs.news\/fr\/actualite-nhl\/les-devils-appellent-a-une-suspension-contre-matt-rempe\/","og_site_name":"The Playoffs FR","article_publisher":"https:\/\/www.facebook.com\/TheFreeAgentFR\/","article_modified_time":"2024-03-12T09:14:40+00:00","og_image":[{"width":1920,"height":1280,"url":"https:\/\/theplayoffs.news\/fr\/wp-content\/uploads\/2024\/03\/USATSI_22753845.jpg","type":"image\/jpeg"}],"author":"Charles Taudin","twitter_card":"summary_large_image","twitter_creator":"@TheFreeAgentFR","twitter_site":"@TheFreeAgentFR","twitter_misc":{"\u00c9crit par":"Charles Taudin","Dur\u00e9e de lecture estim\u00e9e":"2 minutes"},"schema":{"@context":"https:\/\/schema.org","@graph":[{"@type":"WebPage","@id":"https:\/\/theplayoffs.news\/fr\/actualite-nhl\/les-devils-appellent-a-une-suspension-contre-matt-rempe\/","url":"https:\/\/theplayoffs.news\/fr\/actualite-nhl\/les-devils-appellent-a-une-suspension-contre-matt-rempe\/","name":"Les Devils appellent \u00e0 une suspension contre Matt Rempe - The Playoffs FR","isPartOf":{"@id":"https:\/\/theplayoffs.news\/fr\/#website"},"primaryImageOfPage":{"@id":"https:\/\/theplayoffs.news\/fr\/actualite-nhl\/les-devils-appellent-a-une-suspension-contre-matt-rempe\/#primaryimage"},"image":{"@id":"https:\/\/theplayoffs.news\/fr\/actualite-nhl\/les-devils-appellent-a-une-suspension-contre-matt-rempe\/#primaryimage"},"thumbnailUrl":"https:\/\/theplayoffs.news\/fr\/wp-content\/uploads\/2024\/03\/USATSI_22753845.jpg","datePublished":"2024-03-12T09:29:08+00:00","dateModified":"2024-03-12T10:29:08+01:00","author":{"@id":"https:\/\/theplayoffs.news\/fr\/#\/schema\/person\/eee5b69ad5d3c51cabe881c839dbe133"},"breadcrumb":{"@id":"https:\/\/theplayoffs.news\/fr\/actualite-nhl\/les-devils-appellent-a-une-suspension-contre-matt-rempe\/#breadcrumb"},"inLanguage":"fr-FR","potentialAction":[{"@type":"ReadAction","target":["https:\/\/theplayoffs.news\/fr\/actualite-nhl\/les-devils-appellent-a-une-suspension-contre-matt-rempe\/"]}]},{"@type":"ImageObject","inLanguage":"fr-FR","@id":"https:\/\/theplayoffs.news\/fr\/actualite-nhl\/les-devils-appellent-a-une-suspension-contre-matt-rempe\/#primaryimage","url":"https:\/\/theplayoffs.news\/fr\/wp-content\/uploads\/2024\/03\/USATSI_22753845.jpg","contentUrl":"https:\/\/theplayoffs.news\/fr\/wp-content\/uploads\/2024\/03\/USATSI_22753845.jpg","width":1920,"height":1280,"caption":"Mar 11, 2024; New York, New York, USA; New York Rangers center Matt Rempe (73) controls the puck against New Jersey Devils left wing Tomas Nosek (92) during the first period at Madison Square Garden. Mandatory Credit: Brad Penner-USA TODAY Sports"},{"@type":"BreadcrumbList","@id":"https:\/\/theplayoffs.news\/fr\/actualite-nhl\/les-devils-appellent-a-une-suspension-contre-matt-rempe\/#breadcrumb","itemListElement":[{"@type":"ListItem","position":1,"name":"Accueil","item":"https:\/\/theplayoffs.news\/fr\/"},{"@type":"ListItem","position":2,"name":"Les Devils appellent \u00e0 une suspension contre Matt Rempe"}]},{"@type":"WebSite","@id":"https:\/\/theplayoffs.news\/fr\/#website","url":"https:\/\/theplayoffs.news\/fr\/","name":"The Playoffs FR","description":"NBA-NFL-NHL-MLB","potentialAction":[{"@type":"SearchAction","target":{"@type":"EntryPoint","urlTemplate":"https:\/\/theplayoffs.news\/fr\/?s={search_term_string}"},"query-input":{"@type":"PropertyValueSpecification","valueRequired":true,"valueName":"search_term_string"}}],"inLanguage":"fr-FR"},{"@type":"Person","@id":"https:\/\/theplayoffs.news\/fr\/#\/schema\/person\/eee5b69ad5d3c51cabe881c839dbe133","name":"Charles Taudin","image":{"@type":"ImageObject","inLanguage":"fr-FR","@id":"https:\/\/theplayoffs.news\/fr\/#\/schema\/person\/image\/","url":"https:\/\/secure.gravatar.com\/avatar\/59a1e772205ce9fd255edfcafc93013736822e20261f294c5753b20c41ede9f2?s=96&d=mm&r=g","contentUrl":"https:\/\/secure.gravatar.com\/avatar\/59a1e772205ce9fd255edfcafc93013736822e20261f294c5753b20c41ede9f2?s=96&d=mm&r=g","caption":"Charles Taudin"},"description":"R\u00e9dacteur en chef global de The Playoffs, j\u2019ai cr\u00e9\u00e9 The Free Agent, devenu The Playoffs FR, en 2020 durant la pand\u00e9mie. Amoureux depuis des ann\u00e9es des 4 sports majeurs am\u00e9ricains, j\u2019organise maintenant la strat\u00e9gie \u00e9ditoriale et les r\u00e9seaux sociaux de l\u2019ensemble des versions de The Playoffs. Il m\u2019arrive encore d\u2019\u00e9crire sur certains sports que j\u2019affectionne particuli\u00e8rement comme la NFL ou la MLB. Si vous devez retenir qu\u2019une chose : Eli Manning est le vrai GOAT pour avoir battu deux fois Tom Brady.","sameAs":["https:\/\/www.instagram.com\/ctaudin_\/"],"url":"https:\/\/theplayoffs.news\/fr\/author\/charles-taudin\/"}]}},"_links":{"self":[{"href":"https:\/\/theplayoffs.news\/fr\/wp-json\/wp\/v2\/posts\/1376773","targetHints":{"allow":["GET"]}}],"collection":[{"href":"https:\/\/theplayoffs.news\/fr\/wp-json\/wp\/v2\/posts"}],"about":[{"href":"https:\/\/theplayoffs.news\/fr\/wp-json\/wp\/v2\/types\/post"}],"author":[{"embeddable":true,"href":"https:\/\/theplayoffs.news\/fr\/wp-json\/wp\/v2\/users\/13"}],"replies":[{"embeddable":true,"href":"https:\/\/theplayoffs.news\/fr\/wp-json\/wp\/v2\/comments?post=1376773"}],"version-history":[{"count":3,"href":"https:\/\/theplayoffs.news\/fr\/wp-json\/wp\/v2\/posts\/1376773\/revisions"}],"predecessor-version":[{"id":1376778,"href":"https:\/\/theplayoffs.news\/fr\/wp-json\/wp\/v2\/posts\/1376773\/revisions\/1376778"}],"wp:featuredmedia":[{"embeddable":true,"href":"https:\/\/theplayoffs.news\/fr\/wp-json\/wp\/v2\/media\/1376774"}],"wp:attachment":[{"href":"https:\/\/theplayoffs.news\/fr\/wp-json\/wp\/v2\/media?parent=1376773"}],"wp:term":[{"taxonomy":"category","embeddable":true,"href":"https:\/\/theplayoffs.news\/fr\/wp-json\/wp\/v2\/categories?post=1376773"},{"taxonomy":"post_tag","embeddable":true,"href":"https:\/\/theplayoffs.news\/fr\/wp-json\/wp\/v2\/tags?post=1376773"},{"taxonomy":"sport","embeddable":true,"href":"https:\/\/theplayoffs.news\/fr\/wp-json\/wp\/v2\/sport?post=1376773"},{"taxonomy":"saison","embeddable":true,"href":"https:\/\/theplayoffs.news\/fr\/wp-json\/wp\/v2\/saison?post=1376773"}],"curies":[{"name":"wp","href":"https:\/\/api.w.org\/{rel}","templated":true}]}}