{"id":1375993,"date":"2024-03-10T17:48:06","date_gmt":"2024-03-10T16:48:06","guid":{"rendered":"https:\/\/theplayoffs.news\/fr\/?p=1375993"},"modified":"2024-03-10T17:48:06","modified_gmt":"2024-03-10T16:48:06","slug":"fletcher-cox-eagles-annonce-sa-retraite-apres-12-saisons-chez-les-eagles","status":"publish","type":"post","link":"https:\/\/theplayoffs.news\/fr\/actualite-nfl\/fletcher-cox-eagles-annonce-sa-retraite-apres-12-saisons-chez-les-eagles\/","title":{"rendered":"Fletcher Cox (Eagles) annonce sa retraite apr\u00e8s 12 saisons chez les Eagles"},"content":{"rendered":"<h2>NFL &ndash; Le defensive tackle des Philadelphie Eagles, Fletcher Cox, a annonc&eacute; ce dimanche sa retraite du monde de la NFL.<\/h2><p>D&eacute;cid&eacute;ment les d&eacute;parts &agrave; la retraite se multiplient chez les Eagles de Philadelphie puisqu&rsquo;apr&egrave;s Jason Kelce c&rsquo;est au tour de <a href=\"https:\/\/theplayoffs.news\/fr\/joueur\/fletcher-cox-nfl-29882\/\" class=\"trk-cta-link\" data-cta-trk='{\"ctaType\":\"Link\",\"ctaSubType\":\"main\"}'>Fletcher Cox<\/a> d&rsquo;annoncer son d&eacute;part du monde de la NFL. Une <a href=\"https:\/\/twitter.com\/fcoxx_91\/status\/1766865834499100796\" class=\"trk-cta-link\" data-cta-trk='{\"ctaType\":\"Link\",\"ctaSubType\":\"main\"}'>annonce faite sur le profil Instagram<\/a> du joueur de 33 ans dans lequel il remercie toute la franchise de Philadelphie et les fans des Eagles.<\/p><blockquote class=\"twitter-tweet\" data-width=\"500\" data-dnt=\"true\">\n<p lang=\"en\" dir=\"ltr\">THANK YOU, PHILLY! <a href=\"https:\/\/t.co\/vJcyeCndUE\" class=\"trk-cta-link\" data-cta-trk='{\"ctaType\":\"Link\",\"ctaSubType\":\"main\"}'>pic.twitter.com\/vJcyeCndUE<\/a><\/p>\n<p>&mdash; fletcher cox (@fcoxx_91) <a href=\"https:\/\/twitter.com\/fcoxx_91\/status\/1766865834499100796?ref_src=twsrc%5Etfw\" class=\"trk-cta-link\" data-cta-trk='{\"ctaType\":\"Link\",\"ctaSubType\":\"main\"}'>March 10, 2024<\/a><\/p><\/blockquote><p><script async src=\"https:\/\/platform.twitter.com\/widgets.js\" charset=\"utf-8\"><\/script><\/p><p>Choisi au 1er tour de la draft NFL 2012 par les Eagles de Philadelphie, Fletcher Cox aura jou&eacute; toute sa carri&egrave;re sous la tunique des Eagles. D&rsquo;ailleurs le chiffre 12 semble poursuivre Cox puisqu&rsquo;il fut draft&eacute; en 2012, en 12e position lors de la draft et qu&rsquo;il a donc d&eacute;cid&eacute; de prendre sa retraite apr&egrave;s&hellip; 12 saisons en NFL. Il aura totalis&eacute; pendant sa carri&egrave;re pas moins de 188 matchs en NFL, 519 plaquages et 70 sacks. Des performances assorties &eacute;galement de 6 s&eacute;lections cons&eacute;cutives au Pro Bowl et d&rsquo;un titre de champion!<\/p><p>C&rsquo;est donc un nouveau monument qui s&rsquo;en va des Philadelphie Eagles lors de cette intersaison 2024.<\/p><p>Fly Fletcher Cox Fly!<\/p><p><em>Cr&eacute;dit photo: Bill Streicher-USA TODAY Sports<\/em><\/p>\n","protected":false},"excerpt":{"rendered":"","protected":false},"author":180309964,"featured_media":1375995,"comment_status":"open","ping_status":"closed","sticky":false,"template":"","format":"standard","meta":{"inline_featured_image":false,"kia_subtitle":"","_mux_skip_reasons":[],"proofreadBy":0,"footnotes":""},"categories":[118,40],"tags":[2878,4929],"sport":[2785],"saison":[6111],"class_list":["post-1375993","post","type-post","status-publish","format-standard","has-post-thumbnail","hentry","category-actualite-nfl","category-nfl","tag-fletcher-cox","tag-philadelphie-eagles","sport-nfl","saison-6111"],"acf":[],"yoast_head":"<!-- This site is optimized with the Yoast SEO plugin v24.2 - https:\/\/yoast.com\/wordpress\/plugins\/seo\/ -->\n<title>Fletcher Cox (Eagles) annonce sa retraite apr&egrave;s 12 saisons chez les Eagles - The Playoffs FR<\/title>\n<meta name=\"robots\" content=\"index, follow, max-snippet:-1, max-image-preview:large, max-video-preview:-1\" \/>\n<link rel=\"canonical\" href=\"https:\/\/theplayoffs.news\/fr\/actualite-nfl\/fletcher-cox-eagles-annonce-sa-retraite-apres-12-saisons-chez-les-eagles\/\" \/>\n<meta property=\"og:locale\" content=\"fr_FR\" \/>\n<meta property=\"og:type\" content=\"article\" \/>\n<meta property=\"og:title\" content=\"Fletcher Cox (Eagles) annonce sa retraite apr&egrave;s 12 saisons chez les Eagles - The Playoffs FR\" \/>\n<meta property=\"og:url\" content=\"https:\/\/theplayoffs.news\/fr\/actualite-nfl\/fletcher-cox-eagles-annonce-sa-retraite-apres-12-saisons-chez-les-eagles\/\" \/>\n<meta property=\"og:site_name\" content=\"The Playoffs FR\" \/>\n<meta property=\"article:publisher\" content=\"https:\/\/www.facebook.com\/TheFreeAgentFR\/\" \/>\n<meta property=\"article:modified_time\" content=\"2024-03-10T17:48:06+01:00\" \/>\n<meta property=\"og:image\" content=\"https:\/\/theplayoffs.news\/fr\/wp-content\/uploads\/2024\/03\/USATSI_21828897.jpg\" \/>\n\t<meta property=\"og:image:width\" content=\"1920\" \/>\n\t<meta property=\"og:image:height\" content=\"1280\" \/>\n\t<meta property=\"og:image:type\" content=\"image\/jpeg\" \/>\n<meta name=\"author\" content=\"Flavien Jumeau\" \/>\n<meta name=\"twitter:card\" content=\"summary_large_image\" \/>\n<meta name=\"twitter:creator\" content=\"@TheFreeAgentFR\" \/>\n<meta name=\"twitter:site\" content=\"@TheFreeAgentFR\" \/>\n<meta name=\"twitter:label1\" content=\"\u00c9crit par\" \/>\n\t<meta name=\"twitter:data1\" content=\"Flavien Jumeau\" \/>\n\t<meta name=\"twitter:label2\" content=\"Dur\u00e9e de lecture estim\u00e9e\" \/>\n\t<meta name=\"twitter:data2\" content=\"1 minute\" \/>\n<script type=\"application\/ld+json\" class=\"yoast-schema-graph\">{\"@context\":\"https:\/\/schema.org\",\"@graph\":[{\"@type\":\"WebPage\",\"@id\":\"https:\/\/theplayoffs.news\/fr\/actualite-nfl\/fletcher-cox-eagles-annonce-sa-retraite-apres-12-saisons-chez-les-eagles\/\",\"url\":\"https:\/\/theplayoffs.news\/fr\/actualite-nfl\/fletcher-cox-eagles-annonce-sa-retraite-apres-12-saisons-chez-les-eagles\/\",\"name\":\"Fletcher Cox (Eagles) annonce sa retraite apr\u00e8s 12 saisons chez les Eagles - The Playoffs FR\",\"isPartOf\":{\"@id\":\"https:\/\/theplayoffs.news\/fr\/#website\"},\"primaryImageOfPage\":{\"@id\":\"https:\/\/theplayoffs.news\/fr\/actualite-nfl\/fletcher-cox-eagles-annonce-sa-retraite-apres-12-saisons-chez-les-eagles\/#primaryimage\"},\"image\":{\"@id\":\"https:\/\/theplayoffs.news\/fr\/actualite-nfl\/fletcher-cox-eagles-annonce-sa-retraite-apres-12-saisons-chez-les-eagles\/#primaryimage\"},\"thumbnailUrl\":\"https:\/\/theplayoffs.news\/fr\/wp-content\/uploads\/2024\/03\/USATSI_21828897.jpg\",\"datePublished\":\"2024-03-10T16:48:06+00:00\",\"dateModified\":\"2024-03-10T16:48:06+00:00\",\"author\":{\"@id\":\"https:\/\/theplayoffs.news\/fr\/#\/schema\/person\/def63bc6746dc5957469b75feb99e66d\"},\"breadcrumb\":{\"@id\":\"https:\/\/theplayoffs.news\/fr\/actualite-nfl\/fletcher-cox-eagles-annonce-sa-retraite-apres-12-saisons-chez-les-eagles\/#breadcrumb\"},\"inLanguage\":\"fr-FR\",\"potentialAction\":[{\"@type\":\"ReadAction\",\"target\":[\"https:\/\/theplayoffs.news\/fr\/actualite-nfl\/fletcher-cox-eagles-annonce-sa-retraite-apres-12-saisons-chez-les-eagles\/\"]}]},{\"@type\":\"ImageObject\",\"inLanguage\":\"fr-FR\",\"@id\":\"https:\/\/theplayoffs.news\/fr\/actualite-nfl\/fletcher-cox-eagles-annonce-sa-retraite-apres-12-saisons-chez-les-eagles\/#primaryimage\",\"url\":\"https:\/\/theplayoffs.news\/fr\/wp-content\/uploads\/2024\/03\/USATSI_21828897.jpg\",\"contentUrl\":\"https:\/\/theplayoffs.news\/fr\/wp-content\/uploads\/2024\/03\/USATSI_21828897.jpg\",\"width\":1920,\"height\":1280,\"caption\":\"Nov 5, 2023; Philadelphia, Pennsylvania, USA; Philadelphia Eagles defensive tackle Fletcher Cox (91) reacts after a stop against the Dallas Cowboys during the fourth quarter at Lincoln Financial Field. Mandatory Credit: Bill Streicher-USA TODAY Sports\"},{\"@type\":\"BreadcrumbList\",\"@id\":\"https:\/\/theplayoffs.news\/fr\/actualite-nfl\/fletcher-cox-eagles-annonce-sa-retraite-apres-12-saisons-chez-les-eagles\/#breadcrumb\",\"itemListElement\":[{\"@type\":\"ListItem\",\"position\":1,\"name\":\"Accueil\",\"item\":\"https:\/\/theplayoffs.news\/fr\/\"},{\"@type\":\"ListItem\",\"position\":2,\"name\":\"Fletcher Cox (Eagles) annonce sa retraite apr\u00e8s 12 saisons chez les Eagles\"}]},{\"@type\":\"WebSite\",\"@id\":\"https:\/\/theplayoffs.news\/fr\/#website\",\"url\":\"https:\/\/theplayoffs.news\/fr\/\",\"name\":\"The Playoffs FR\",\"description\":\"NBA-NFL-NHL-MLB\",\"potentialAction\":[{\"@type\":\"SearchAction\",\"target\":{\"@type\":\"EntryPoint\",\"urlTemplate\":\"https:\/\/theplayoffs.news\/fr\/?s={search_term_string}\"},\"query-input\":{\"@type\":\"PropertyValueSpecification\",\"valueRequired\":true,\"valueName\":\"search_term_string\"}}],\"inLanguage\":\"fr-FR\"},{\"@type\":\"Person\",\"@id\":\"https:\/\/theplayoffs.news\/fr\/#\/schema\/person\/def63bc6746dc5957469b75feb99e66d\",\"name\":\"Flavien Jumeau\",\"image\":{\"@type\":\"ImageObject\",\"inLanguage\":\"fr-FR\",\"@id\":\"https:\/\/theplayoffs.news\/fr\/#\/schema\/person\/image\/\",\"url\":\"https:\/\/secure.gravatar.com\/avatar\/e7fa8ba5a4b7e4ce35fe152f083f352db28ad0acce692004ed88a7a7d78893f7?s=96&d=mm&r=g\",\"contentUrl\":\"https:\/\/secure.gravatar.com\/avatar\/e7fa8ba5a4b7e4ce35fe152f083f352db28ad0acce692004ed88a7a7d78893f7?s=96&d=mm&r=g\",\"caption\":\"Flavien Jumeau\"},\"description\":\"Amoureux du sport (et de vraiment tous les sports) depuis mon plus jeune \u00e2ge, j\u2019ai longtemps h\u00e9site entre le snooker et le curling. Finalement c\u2019est le foot US que j\u2019ai d\u00e9cid\u00e9 de choisir! Responsable foot US sur TPO et animateur du podcast Tailgate j\u2019ai pour mission de vous faire d\u00e9couvrir ce sport passionnant si ce n\u2019est pas encore fait et de vous donner les derni\u00e8res actus. Le tout dans la bonne humeur et avec toujours un jeu de mots ou deux savamment distill\u00e9s! Fan des Saints, pour moi Drew Brees est le vrai GOAT!\",\"url\":\"https:\/\/theplayoffs.news\/fr\/author\/flavien-jumeaugmail-com\/\"}]}<\/script>\n<!-- \/ Yoast SEO plugin. -->","yoast_head_json":{"title":"Fletcher Cox (Eagles) annonce sa retraite apr&egrave;s 12 saisons chez les Eagles - The Playoffs FR","robots":{"index":"index","follow":"follow","max-snippet":"max-snippet:-1","max-image-preview":"max-image-preview:large","max-video-preview":"max-video-preview:-1"},"canonical":"https:\/\/theplayoffs.news\/fr\/actualite-nfl\/fletcher-cox-eagles-annonce-sa-retraite-apres-12-saisons-chez-les-eagles\/","og_locale":"fr_FR","og_type":"article","og_title":"Fletcher Cox (Eagles) annonce sa retraite apr&egrave;s 12 saisons chez les Eagles - The Playoffs FR","og_url":"https:\/\/theplayoffs.news\/fr\/actualite-nfl\/fletcher-cox-eagles-annonce-sa-retraite-apres-12-saisons-chez-les-eagles\/","og_site_name":"The Playoffs FR","article_publisher":"https:\/\/www.facebook.com\/TheFreeAgentFR\/","og_image":[{"width":1920,"height":1280,"url":"https:\/\/theplayoffs.news\/fr\/wp-content\/uploads\/2024\/03\/USATSI_21828897.jpg","type":"image\/jpeg"}],"author":"Flavien Jumeau","twitter_card":"summary_large_image","twitter_creator":"@TheFreeAgentFR","twitter_site":"@TheFreeAgentFR","twitter_misc":{"\u00c9crit par":"Flavien Jumeau","Dur\u00e9e de lecture estim\u00e9e":"1 minute"},"schema":{"@context":"https:\/\/schema.org","@graph":[{"@type":"WebPage","@id":"https:\/\/theplayoffs.news\/fr\/actualite-nfl\/fletcher-cox-eagles-annonce-sa-retraite-apres-12-saisons-chez-les-eagles\/","url":"https:\/\/theplayoffs.news\/fr\/actualite-nfl\/fletcher-cox-eagles-annonce-sa-retraite-apres-12-saisons-chez-les-eagles\/","name":"Fletcher Cox (Eagles) annonce sa retraite apr\u00e8s 12 saisons chez les Eagles - The Playoffs FR","isPartOf":{"@id":"https:\/\/theplayoffs.news\/fr\/#website"},"primaryImageOfPage":{"@id":"https:\/\/theplayoffs.news\/fr\/actualite-nfl\/fletcher-cox-eagles-annonce-sa-retraite-apres-12-saisons-chez-les-eagles\/#primaryimage"},"image":{"@id":"https:\/\/theplayoffs.news\/fr\/actualite-nfl\/fletcher-cox-eagles-annonce-sa-retraite-apres-12-saisons-chez-les-eagles\/#primaryimage"},"thumbnailUrl":"https:\/\/theplayoffs.news\/fr\/wp-content\/uploads\/2024\/03\/USATSI_21828897.jpg","datePublished":"2024-03-10T16:48:06+00:00","dateModified":"2024-03-10T16:48:06+00:00","author":{"@id":"https:\/\/theplayoffs.news\/fr\/#\/schema\/person\/def63bc6746dc5957469b75feb99e66d"},"breadcrumb":{"@id":"https:\/\/theplayoffs.news\/fr\/actualite-nfl\/fletcher-cox-eagles-annonce-sa-retraite-apres-12-saisons-chez-les-eagles\/#breadcrumb"},"inLanguage":"fr-FR","potentialAction":[{"@type":"ReadAction","target":["https:\/\/theplayoffs.news\/fr\/actualite-nfl\/fletcher-cox-eagles-annonce-sa-retraite-apres-12-saisons-chez-les-eagles\/"]}]},{"@type":"ImageObject","inLanguage":"fr-FR","@id":"https:\/\/theplayoffs.news\/fr\/actualite-nfl\/fletcher-cox-eagles-annonce-sa-retraite-apres-12-saisons-chez-les-eagles\/#primaryimage","url":"https:\/\/theplayoffs.news\/fr\/wp-content\/uploads\/2024\/03\/USATSI_21828897.jpg","contentUrl":"https:\/\/theplayoffs.news\/fr\/wp-content\/uploads\/2024\/03\/USATSI_21828897.jpg","width":1920,"height":1280,"caption":"Nov 5, 2023; Philadelphia, Pennsylvania, USA; Philadelphia Eagles defensive tackle Fletcher Cox (91) reacts after a stop against the Dallas Cowboys during the fourth quarter at Lincoln Financial Field. Mandatory Credit: Bill Streicher-USA TODAY Sports"},{"@type":"BreadcrumbList","@id":"https:\/\/theplayoffs.news\/fr\/actualite-nfl\/fletcher-cox-eagles-annonce-sa-retraite-apres-12-saisons-chez-les-eagles\/#breadcrumb","itemListElement":[{"@type":"ListItem","position":1,"name":"Accueil","item":"https:\/\/theplayoffs.news\/fr\/"},{"@type":"ListItem","position":2,"name":"Fletcher Cox (Eagles) annonce sa retraite apr\u00e8s 12 saisons chez les Eagles"}]},{"@type":"WebSite","@id":"https:\/\/theplayoffs.news\/fr\/#website","url":"https:\/\/theplayoffs.news\/fr\/","name":"The Playoffs FR","description":"NBA-NFL-NHL-MLB","potentialAction":[{"@type":"SearchAction","target":{"@type":"EntryPoint","urlTemplate":"https:\/\/theplayoffs.news\/fr\/?s={search_term_string}"},"query-input":{"@type":"PropertyValueSpecification","valueRequired":true,"valueName":"search_term_string"}}],"inLanguage":"fr-FR"},{"@type":"Person","@id":"https:\/\/theplayoffs.news\/fr\/#\/schema\/person\/def63bc6746dc5957469b75feb99e66d","name":"Flavien Jumeau","image":{"@type":"ImageObject","inLanguage":"fr-FR","@id":"https:\/\/theplayoffs.news\/fr\/#\/schema\/person\/image\/","url":"https:\/\/secure.gravatar.com\/avatar\/e7fa8ba5a4b7e4ce35fe152f083f352db28ad0acce692004ed88a7a7d78893f7?s=96&d=mm&r=g","contentUrl":"https:\/\/secure.gravatar.com\/avatar\/e7fa8ba5a4b7e4ce35fe152f083f352db28ad0acce692004ed88a7a7d78893f7?s=96&d=mm&r=g","caption":"Flavien Jumeau"},"description":"Amoureux du sport (et de vraiment tous les sports) depuis mon plus jeune \u00e2ge, j\u2019ai longtemps h\u00e9site entre le snooker et le curling. Finalement c\u2019est le foot US que j\u2019ai d\u00e9cid\u00e9 de choisir! Responsable foot US sur TPO et animateur du podcast Tailgate j\u2019ai pour mission de vous faire d\u00e9couvrir ce sport passionnant si ce n\u2019est pas encore fait et de vous donner les derni\u00e8res actus. Le tout dans la bonne humeur et avec toujours un jeu de mots ou deux savamment distill\u00e9s! Fan des Saints, pour moi Drew Brees est le vrai GOAT!","url":"https:\/\/theplayoffs.news\/fr\/author\/flavien-jumeaugmail-com\/"}]}},"_links":{"self":[{"href":"https:\/\/theplayoffs.news\/fr\/wp-json\/wp\/v2\/posts\/1375993","targetHints":{"allow":["GET"]}}],"collection":[{"href":"https:\/\/theplayoffs.news\/fr\/wp-json\/wp\/v2\/posts"}],"about":[{"href":"https:\/\/theplayoffs.news\/fr\/wp-json\/wp\/v2\/types\/post"}],"author":[{"embeddable":true,"href":"https:\/\/theplayoffs.news\/fr\/wp-json\/wp\/v2\/users\/180309964"}],"replies":[{"embeddable":true,"href":"https:\/\/theplayoffs.news\/fr\/wp-json\/wp\/v2\/comments?post=1375993"}],"version-history":[{"count":3,"href":"https:\/\/theplayoffs.news\/fr\/wp-json\/wp\/v2\/posts\/1375993\/revisions"}],"predecessor-version":[{"id":1376000,"href":"https:\/\/theplayoffs.news\/fr\/wp-json\/wp\/v2\/posts\/1375993\/revisions\/1376000"}],"wp:featuredmedia":[{"embeddable":true,"href":"https:\/\/theplayoffs.news\/fr\/wp-json\/wp\/v2\/media\/1375995"}],"wp:attachment":[{"href":"https:\/\/theplayoffs.news\/fr\/wp-json\/wp\/v2\/media?parent=1375993"}],"wp:term":[{"taxonomy":"category","embeddable":true,"href":"https:\/\/theplayoffs.news\/fr\/wp-json\/wp\/v2\/categories?post=1375993"},{"taxonomy":"post_tag","embeddable":true,"href":"https:\/\/theplayoffs.news\/fr\/wp-json\/wp\/v2\/tags?post=1375993"},{"taxonomy":"sport","embeddable":true,"href":"https:\/\/theplayoffs.news\/fr\/wp-json\/wp\/v2\/sport?post=1375993"},{"taxonomy":"saison","embeddable":true,"href":"https:\/\/theplayoffs.news\/fr\/wp-json\/wp\/v2\/saison?post=1375993"}],"curies":[{"name":"wp","href":"https:\/\/api.w.org\/{rel}","templated":true}]}}