{"id":1375123,"date":"2024-03-07T15:05:20","date_gmt":"2024-03-07T14:05:20","guid":{"rendered":"https:\/\/theplayoffs.news\/fr\/?p=1375123"},"modified":"2024-03-07T15:05:20","modified_gmt":"2024-03-07T14:05:20","slug":"matthew-judon-ressent-deja-des-changements-chez-les-patriots","status":"publish","type":"post","link":"https:\/\/theplayoffs.news\/fr\/actualite-nfl\/matthew-judon-ressent-deja-des-changements-chez-les-patriots\/","title":{"rendered":"Matthew Judon ressent d\u00e9j\u00e0 des changements chez les Patriots"},"content":{"rendered":"<h2>&Agrave; New-England, c&rsquo;est le d&eacute;but d&rsquo;une nouvelle &egrave;re avec le d&eacute;part de Bill Belichick et la prise de fonction de Jerod Mayo.<\/h2><p>Les premi&egrave;re conf&eacute;rences de presse ont d&eacute;j&agrave; donn&eacute; quelques indices sur la mani&egrave;re dont la nouvelle &eacute;quipe allait communiquer et fonctionner. En interne aussi, les premiers changements se font ressentir.<\/p><p><a href=\"https:\/\/theplayoffs.news\/fr\/joueur\/matthew-judon-nfl-7922932\/\" class=\"trk-cta-link\" data-cta-trk='{\"ctaType\":\"Link\",\"ctaSubType\":\"main\"}'><strong>Matthew Judon<\/strong><\/a> semble d&eacute;j&agrave; ressentir cette nouveaut&eacute; :<\/p><blockquote><p>&laquo;&nbsp;Je pense qu&rsquo;avec son d&eacute;part, c&rsquo;est une nouvelle &eacute;nergie et une nouvelle vie dans le b&acirc;timent&nbsp;&raquo;, <a href=\"https:\/\/www.boston.com\/sports\/new-england-patriots\/2024\/03\/06\/matthew-judon-bill-belichick-exit-quotes-patriots\/\" class=\"trk-cta-link\" data-cta-trk='{\"ctaType\":\"Link\",\"ctaSubType\":\"main\"}'>a d&eacute;clar&eacute; Judon<\/a>, via Boston.com. &laquo;&nbsp;Parfois, c&rsquo;est juste une question de temps et je pense que c&rsquo;&eacute;tait l&rsquo;un de ces moments. . . . Je pense qu&rsquo;avec l&rsquo;embauche de Mayo, il s&rsquo;agit d&rsquo;amener quelqu&rsquo;un qui &eacute;tait l&agrave; pendant toutes ces ann&eacute;es, qui comprend la perspective des joueurs, le coaching et aussi la fa&ccedil;on dont le coach Belichick dirigeait le syst&egrave;me. Je pense que le fait de faire appel &agrave; quelqu&rsquo;un comme &ccedil;a, plut&ocirc;t qu&rsquo;&agrave; quelqu&rsquo;un d&rsquo;ext&eacute;rieur qui ne conna&icirc;t pas du tout le syst&egrave;me, nous a aid&eacute;s.&nbsp;&raquo;<\/p><\/blockquote><p>La nouvelle saison qui d&eacute;bute le 13 mars verra aussi son lot de nouveau joueurs arriver dans les installations. De nouvelles t&ecirc;tes, une nouvelel mani&egrave;re d&rsquo;op&eacute;rer, les Patriots vont connapitre un grand changement cette ann&eacute;e.<\/p><p>Les r&eacute;sultats suivront-ils ?<\/p><p>&nbsp;<\/p><p>Credit Photo : Eric Canha-USA TODAY Sports<\/p>\n","protected":false},"excerpt":{"rendered":"","protected":false},"author":13,"featured_media":1375124,"comment_status":"open","ping_status":"closed","sticky":false,"template":"","format":"standard","meta":{"inline_featured_image":false,"kia_subtitle":"","_mux_skip_reasons":[],"proofreadBy":0,"footnotes":""},"categories":[118,40],"tags":[4902,622],"sport":[],"saison":[],"class_list":["post-1375123","post","type-post","status-publish","format-standard","has-post-thumbnail","hentry","category-actualite-nfl","category-nfl","tag-matthew-judon","tag-new-england-patriots"],"acf":[],"yoast_head":"<!-- This site is optimized with the Yoast SEO plugin v24.2 - https:\/\/yoast.com\/wordpress\/plugins\/seo\/ -->\n<title>Matthew Judon ressent d&eacute;j&agrave; des changements chez les Patriots - The Playoffs FR<\/title>\n<meta name=\"robots\" content=\"index, follow, max-snippet:-1, max-image-preview:large, max-video-preview:-1\" \/>\n<link rel=\"canonical\" href=\"https:\/\/theplayoffs.news\/fr\/actualite-nfl\/matthew-judon-ressent-deja-des-changements-chez-les-patriots\/\" \/>\n<meta property=\"og:locale\" content=\"fr_FR\" \/>\n<meta property=\"og:type\" content=\"article\" \/>\n<meta property=\"og:title\" content=\"Matthew Judon ressent d&eacute;j&agrave; des changements chez les Patriots - The Playoffs FR\" \/>\n<meta property=\"og:url\" content=\"https:\/\/theplayoffs.news\/fr\/actualite-nfl\/matthew-judon-ressent-deja-des-changements-chez-les-patriots\/\" \/>\n<meta property=\"og:site_name\" content=\"The Playoffs FR\" \/>\n<meta property=\"article:publisher\" content=\"https:\/\/www.facebook.com\/TheFreeAgentFR\/\" \/>\n<meta property=\"article:modified_time\" content=\"2024-03-07T15:05:20+01:00\" \/>\n<meta property=\"og:image\" content=\"https:\/\/theplayoffs.news\/fr\/wp-content\/uploads\/2024\/03\/USATSI_22160172.jpg\" \/>\n\t<meta property=\"og:image:width\" content=\"1920\" \/>\n\t<meta property=\"og:image:height\" content=\"1280\" \/>\n\t<meta property=\"og:image:type\" content=\"image\/jpeg\" \/>\n<meta name=\"author\" content=\"Charles Taudin\" \/>\n<meta name=\"twitter:card\" content=\"summary_large_image\" \/>\n<meta name=\"twitter:creator\" content=\"@TheFreeAgentFR\" \/>\n<meta name=\"twitter:site\" content=\"@TheFreeAgentFR\" \/>\n<meta name=\"twitter:label1\" content=\"\u00c9crit par\" \/>\n\t<meta name=\"twitter:data1\" content=\"Charles Taudin\" \/>\n\t<meta name=\"twitter:label2\" content=\"Dur\u00e9e de lecture estim\u00e9e\" \/>\n\t<meta name=\"twitter:data2\" content=\"1 minute\" \/>\n<script type=\"application\/ld+json\" class=\"yoast-schema-graph\">{\"@context\":\"https:\/\/schema.org\",\"@graph\":[{\"@type\":\"WebPage\",\"@id\":\"https:\/\/theplayoffs.news\/fr\/actualite-nfl\/matthew-judon-ressent-deja-des-changements-chez-les-patriots\/\",\"url\":\"https:\/\/theplayoffs.news\/fr\/actualite-nfl\/matthew-judon-ressent-deja-des-changements-chez-les-patriots\/\",\"name\":\"Matthew Judon ressent d\u00e9j\u00e0 des changements chez les Patriots - The Playoffs FR\",\"isPartOf\":{\"@id\":\"https:\/\/theplayoffs.news\/fr\/#website\"},\"primaryImageOfPage\":{\"@id\":\"https:\/\/theplayoffs.news\/fr\/actualite-nfl\/matthew-judon-ressent-deja-des-changements-chez-les-patriots\/#primaryimage\"},\"image\":{\"@id\":\"https:\/\/theplayoffs.news\/fr\/actualite-nfl\/matthew-judon-ressent-deja-des-changements-chez-les-patriots\/#primaryimage\"},\"thumbnailUrl\":\"https:\/\/theplayoffs.news\/fr\/wp-content\/uploads\/2024\/03\/USATSI_22160172.jpg\",\"datePublished\":\"2024-03-07T14:05:20+00:00\",\"dateModified\":\"2024-03-07T14:05:20+00:00\",\"author\":{\"@id\":\"https:\/\/theplayoffs.news\/fr\/#\/schema\/person\/eee5b69ad5d3c51cabe881c839dbe133\"},\"breadcrumb\":{\"@id\":\"https:\/\/theplayoffs.news\/fr\/actualite-nfl\/matthew-judon-ressent-deja-des-changements-chez-les-patriots\/#breadcrumb\"},\"inLanguage\":\"fr-FR\",\"potentialAction\":[{\"@type\":\"ReadAction\",\"target\":[\"https:\/\/theplayoffs.news\/fr\/actualite-nfl\/matthew-judon-ressent-deja-des-changements-chez-les-patriots\/\"]}]},{\"@type\":\"ImageObject\",\"inLanguage\":\"fr-FR\",\"@id\":\"https:\/\/theplayoffs.news\/fr\/actualite-nfl\/matthew-judon-ressent-deja-des-changements-chez-les-patriots\/#primaryimage\",\"url\":\"https:\/\/theplayoffs.news\/fr\/wp-content\/uploads\/2024\/03\/USATSI_22160172.jpg\",\"contentUrl\":\"https:\/\/theplayoffs.news\/fr\/wp-content\/uploads\/2024\/03\/USATSI_22160172.jpg\",\"width\":1920,\"height\":1280,\"caption\":\"Dec 17, 2023; Foxborough, Massachusetts, USA; New England Patriots linebacker Matthew Judon (9) greets fans before a game against the Kansas City Chiefs at Gillette Stadium. Mandatory Credit: Eric Canha-USA TODAY Sports\"},{\"@type\":\"BreadcrumbList\",\"@id\":\"https:\/\/theplayoffs.news\/fr\/actualite-nfl\/matthew-judon-ressent-deja-des-changements-chez-les-patriots\/#breadcrumb\",\"itemListElement\":[{\"@type\":\"ListItem\",\"position\":1,\"name\":\"Accueil\",\"item\":\"https:\/\/theplayoffs.news\/fr\/\"},{\"@type\":\"ListItem\",\"position\":2,\"name\":\"Matthew Judon ressent d\u00e9j\u00e0 des changements chez les Patriots\"}]},{\"@type\":\"WebSite\",\"@id\":\"https:\/\/theplayoffs.news\/fr\/#website\",\"url\":\"https:\/\/theplayoffs.news\/fr\/\",\"name\":\"The Playoffs FR\",\"description\":\"NBA-NFL-NHL-MLB\",\"potentialAction\":[{\"@type\":\"SearchAction\",\"target\":{\"@type\":\"EntryPoint\",\"urlTemplate\":\"https:\/\/theplayoffs.news\/fr\/?s={search_term_string}\"},\"query-input\":{\"@type\":\"PropertyValueSpecification\",\"valueRequired\":true,\"valueName\":\"search_term_string\"}}],\"inLanguage\":\"fr-FR\"},{\"@type\":\"Person\",\"@id\":\"https:\/\/theplayoffs.news\/fr\/#\/schema\/person\/eee5b69ad5d3c51cabe881c839dbe133\",\"name\":\"Charles Taudin\",\"image\":{\"@type\":\"ImageObject\",\"inLanguage\":\"fr-FR\",\"@id\":\"https:\/\/theplayoffs.news\/fr\/#\/schema\/person\/image\/\",\"url\":\"https:\/\/secure.gravatar.com\/avatar\/59a1e772205ce9fd255edfcafc93013736822e20261f294c5753b20c41ede9f2?s=96&d=mm&r=g\",\"contentUrl\":\"https:\/\/secure.gravatar.com\/avatar\/59a1e772205ce9fd255edfcafc93013736822e20261f294c5753b20c41ede9f2?s=96&d=mm&r=g\",\"caption\":\"Charles Taudin\"},\"description\":\"R\u00e9dacteur en chef global de The Playoffs, j\u2019ai cr\u00e9\u00e9 The Free Agent, devenu The Playoffs FR, en 2020 durant la pand\u00e9mie. Amoureux depuis des ann\u00e9es des 4 sports majeurs am\u00e9ricains, j\u2019organise maintenant la strat\u00e9gie \u00e9ditoriale et les r\u00e9seaux sociaux de l\u2019ensemble des versions de The Playoffs. Il m\u2019arrive encore d\u2019\u00e9crire sur certains sports que j\u2019affectionne particuli\u00e8rement comme la NFL ou la MLB. Si vous devez retenir qu\u2019une chose : Eli Manning est le vrai GOAT pour avoir battu deux fois Tom Brady.\",\"sameAs\":[\"https:\/\/www.instagram.com\/ctaudin_\/\"],\"url\":\"https:\/\/theplayoffs.news\/fr\/author\/charles-taudin\/\"}]}<\/script>\n<!-- \/ Yoast SEO plugin. -->","yoast_head_json":{"title":"Matthew Judon ressent d&eacute;j&agrave; des changements chez les Patriots - The Playoffs FR","robots":{"index":"index","follow":"follow","max-snippet":"max-snippet:-1","max-image-preview":"max-image-preview:large","max-video-preview":"max-video-preview:-1"},"canonical":"https:\/\/theplayoffs.news\/fr\/actualite-nfl\/matthew-judon-ressent-deja-des-changements-chez-les-patriots\/","og_locale":"fr_FR","og_type":"article","og_title":"Matthew Judon ressent d&eacute;j&agrave; des changements chez les Patriots - The Playoffs FR","og_url":"https:\/\/theplayoffs.news\/fr\/actualite-nfl\/matthew-judon-ressent-deja-des-changements-chez-les-patriots\/","og_site_name":"The Playoffs FR","article_publisher":"https:\/\/www.facebook.com\/TheFreeAgentFR\/","og_image":[{"width":1920,"height":1280,"url":"https:\/\/theplayoffs.news\/fr\/wp-content\/uploads\/2024\/03\/USATSI_22160172.jpg","type":"image\/jpeg"}],"author":"Charles Taudin","twitter_card":"summary_large_image","twitter_creator":"@TheFreeAgentFR","twitter_site":"@TheFreeAgentFR","twitter_misc":{"\u00c9crit par":"Charles Taudin","Dur\u00e9e de lecture estim\u00e9e":"1 minute"},"schema":{"@context":"https:\/\/schema.org","@graph":[{"@type":"WebPage","@id":"https:\/\/theplayoffs.news\/fr\/actualite-nfl\/matthew-judon-ressent-deja-des-changements-chez-les-patriots\/","url":"https:\/\/theplayoffs.news\/fr\/actualite-nfl\/matthew-judon-ressent-deja-des-changements-chez-les-patriots\/","name":"Matthew Judon ressent d\u00e9j\u00e0 des changements chez les Patriots - The Playoffs FR","isPartOf":{"@id":"https:\/\/theplayoffs.news\/fr\/#website"},"primaryImageOfPage":{"@id":"https:\/\/theplayoffs.news\/fr\/actualite-nfl\/matthew-judon-ressent-deja-des-changements-chez-les-patriots\/#primaryimage"},"image":{"@id":"https:\/\/theplayoffs.news\/fr\/actualite-nfl\/matthew-judon-ressent-deja-des-changements-chez-les-patriots\/#primaryimage"},"thumbnailUrl":"https:\/\/theplayoffs.news\/fr\/wp-content\/uploads\/2024\/03\/USATSI_22160172.jpg","datePublished":"2024-03-07T14:05:20+00:00","dateModified":"2024-03-07T14:05:20+00:00","author":{"@id":"https:\/\/theplayoffs.news\/fr\/#\/schema\/person\/eee5b69ad5d3c51cabe881c839dbe133"},"breadcrumb":{"@id":"https:\/\/theplayoffs.news\/fr\/actualite-nfl\/matthew-judon-ressent-deja-des-changements-chez-les-patriots\/#breadcrumb"},"inLanguage":"fr-FR","potentialAction":[{"@type":"ReadAction","target":["https:\/\/theplayoffs.news\/fr\/actualite-nfl\/matthew-judon-ressent-deja-des-changements-chez-les-patriots\/"]}]},{"@type":"ImageObject","inLanguage":"fr-FR","@id":"https:\/\/theplayoffs.news\/fr\/actualite-nfl\/matthew-judon-ressent-deja-des-changements-chez-les-patriots\/#primaryimage","url":"https:\/\/theplayoffs.news\/fr\/wp-content\/uploads\/2024\/03\/USATSI_22160172.jpg","contentUrl":"https:\/\/theplayoffs.news\/fr\/wp-content\/uploads\/2024\/03\/USATSI_22160172.jpg","width":1920,"height":1280,"caption":"Dec 17, 2023; Foxborough, Massachusetts, USA; New England Patriots linebacker Matthew Judon (9) greets fans before a game against the Kansas City Chiefs at Gillette Stadium. Mandatory Credit: Eric Canha-USA TODAY Sports"},{"@type":"BreadcrumbList","@id":"https:\/\/theplayoffs.news\/fr\/actualite-nfl\/matthew-judon-ressent-deja-des-changements-chez-les-patriots\/#breadcrumb","itemListElement":[{"@type":"ListItem","position":1,"name":"Accueil","item":"https:\/\/theplayoffs.news\/fr\/"},{"@type":"ListItem","position":2,"name":"Matthew Judon ressent d\u00e9j\u00e0 des changements chez les Patriots"}]},{"@type":"WebSite","@id":"https:\/\/theplayoffs.news\/fr\/#website","url":"https:\/\/theplayoffs.news\/fr\/","name":"The Playoffs FR","description":"NBA-NFL-NHL-MLB","potentialAction":[{"@type":"SearchAction","target":{"@type":"EntryPoint","urlTemplate":"https:\/\/theplayoffs.news\/fr\/?s={search_term_string}"},"query-input":{"@type":"PropertyValueSpecification","valueRequired":true,"valueName":"search_term_string"}}],"inLanguage":"fr-FR"},{"@type":"Person","@id":"https:\/\/theplayoffs.news\/fr\/#\/schema\/person\/eee5b69ad5d3c51cabe881c839dbe133","name":"Charles Taudin","image":{"@type":"ImageObject","inLanguage":"fr-FR","@id":"https:\/\/theplayoffs.news\/fr\/#\/schema\/person\/image\/","url":"https:\/\/secure.gravatar.com\/avatar\/59a1e772205ce9fd255edfcafc93013736822e20261f294c5753b20c41ede9f2?s=96&d=mm&r=g","contentUrl":"https:\/\/secure.gravatar.com\/avatar\/59a1e772205ce9fd255edfcafc93013736822e20261f294c5753b20c41ede9f2?s=96&d=mm&r=g","caption":"Charles Taudin"},"description":"R\u00e9dacteur en chef global de The Playoffs, j\u2019ai cr\u00e9\u00e9 The Free Agent, devenu The Playoffs FR, en 2020 durant la pand\u00e9mie. Amoureux depuis des ann\u00e9es des 4 sports majeurs am\u00e9ricains, j\u2019organise maintenant la strat\u00e9gie \u00e9ditoriale et les r\u00e9seaux sociaux de l\u2019ensemble des versions de The Playoffs. Il m\u2019arrive encore d\u2019\u00e9crire sur certains sports que j\u2019affectionne particuli\u00e8rement comme la NFL ou la MLB. Si vous devez retenir qu\u2019une chose : Eli Manning est le vrai GOAT pour avoir battu deux fois Tom Brady.","sameAs":["https:\/\/www.instagram.com\/ctaudin_\/"],"url":"https:\/\/theplayoffs.news\/fr\/author\/charles-taudin\/"}]}},"_links":{"self":[{"href":"https:\/\/theplayoffs.news\/fr\/wp-json\/wp\/v2\/posts\/1375123","targetHints":{"allow":["GET"]}}],"collection":[{"href":"https:\/\/theplayoffs.news\/fr\/wp-json\/wp\/v2\/posts"}],"about":[{"href":"https:\/\/theplayoffs.news\/fr\/wp-json\/wp\/v2\/types\/post"}],"author":[{"embeddable":true,"href":"https:\/\/theplayoffs.news\/fr\/wp-json\/wp\/v2\/users\/13"}],"replies":[{"embeddable":true,"href":"https:\/\/theplayoffs.news\/fr\/wp-json\/wp\/v2\/comments?post=1375123"}],"version-history":[{"count":2,"href":"https:\/\/theplayoffs.news\/fr\/wp-json\/wp\/v2\/posts\/1375123\/revisions"}],"predecessor-version":[{"id":1375126,"href":"https:\/\/theplayoffs.news\/fr\/wp-json\/wp\/v2\/posts\/1375123\/revisions\/1375126"}],"wp:featuredmedia":[{"embeddable":true,"href":"https:\/\/theplayoffs.news\/fr\/wp-json\/wp\/v2\/media\/1375124"}],"wp:attachment":[{"href":"https:\/\/theplayoffs.news\/fr\/wp-json\/wp\/v2\/media?parent=1375123"}],"wp:term":[{"taxonomy":"category","embeddable":true,"href":"https:\/\/theplayoffs.news\/fr\/wp-json\/wp\/v2\/categories?post=1375123"},{"taxonomy":"post_tag","embeddable":true,"href":"https:\/\/theplayoffs.news\/fr\/wp-json\/wp\/v2\/tags?post=1375123"},{"taxonomy":"sport","embeddable":true,"href":"https:\/\/theplayoffs.news\/fr\/wp-json\/wp\/v2\/sport?post=1375123"},{"taxonomy":"saison","embeddable":true,"href":"https:\/\/theplayoffs.news\/fr\/wp-json\/wp\/v2\/saison?post=1375123"}],"curies":[{"name":"wp","href":"https:\/\/api.w.org\/{rel}","templated":true}]}}