{"id":1375062,"date":"2024-03-07T10:26:48","date_gmt":"2024-03-07T09:26:48","guid":{"rendered":"https:\/\/theplayoffs.news\/fr\/?p=1375062"},"modified":"2024-03-07T10:15:50","modified_gmt":"2024-03-07T09:15:50","slug":"cale-makar-un-tour-du-chapeau-historique","status":"publish","type":"post","link":"https:\/\/theplayoffs.news\/fr\/actualite-nhl\/cale-makar-un-tour-du-chapeau-historique\/","title":{"rendered":"Cale Makar : un tour du chapeau historique"},"content":{"rendered":"<h2>L&rsquo;Avalanche du Colorado a donn&eacute; une le&ccedil;on de hockey en s&eacute;curisant une victoire dominante de 7-2 contre les Red Wings de Detroit.<\/h2><p>C&rsquo;&eacute;tait une soir&eacute;e o&ugrave; les &eacute;toiles se sont align&eacute;es pour l&rsquo;Avalanche, avec Cale Makar, Nathan MacKinnon et Mikko Rantanen cumulant chacun quatre points.<\/p><p>Cale Makar, en particulier, a grav&eacute; son nom dans les annales de l&rsquo;histoire de la franchise en marquant le premier tour du chapeau de sa carri&egrave;re. Cette r&eacute;alisation le place aux c&ocirc;t&eacute;s de Sandis Ozolinsh, Uwe Krupp et Bryan Fogarty comme les seuls d&eacute;fenseurs dans l&rsquo;histoire de l&rsquo;Avalanche &agrave; inscrire trois buts dans un seul match.<\/p><p>Pour chaque tour du chapeau r&eacute;alis&eacute; cette saison, AstraZeneca fera un don de 5 000 $ au Fonds Hockey contre le cancer de la Fondation V, jusqu&rsquo;&agrave; concurrence de 500 000 $.<\/p><p>Cale Makar est devenu le quatri&egrave;me d&eacute;fenseur de l&rsquo;histoire de l&rsquo;Avalanche et des Nordiques &agrave; r&eacute;ussir un tour du chapeau apr&egrave;s Sandis Ozolinsh (6 d&eacute;cembre 1999), Uwe Krupp (1er mars 1995) et Bryan Fogarty (1er d&eacute;cembre 1990).<\/p><p><a href=\"https:\/\/theplayoffs.news\/fr\/joueur\/cale-makar-nhl-8467126\/\" class=\"trk-cta-link\" data-cta-trk='{\"ctaType\":\"Link\",\"ctaSubType\":\"main\"}'><strong>Cale Makar<\/strong><\/a> (3-1-4) a enregistr&eacute; son quatri&egrave;me match de quatre points en carri&egrave;re et a &eacute;gal&eacute; Sandis Ozolinsh pour le plus grand nombre de points par un d&eacute;fenseur de l&rsquo;Avalanche et des Nordiques. Il a enregistr&eacute; sa quatri&egrave;me sortie de quatre points depuis son entr&eacute;e dans la ligue en 2019-20. Seuls trois d&eacute;fenseurs en ont autant sur la dur&eacute;e : Erik Karlsson, Roman Josi et Victor Hedman (tous avec 5).<\/p><p>Nathan MacKinnon a poursuivi sa saison exceptionnelle en marquant son 40e but et, pour le deuxi&egrave;me match cons&eacute;cutif, en enregistrant quatre points. Cet exploit le propulse en t&ecirc;te de la liste des pointeurs de la LNH avec 109 points, devan&ccedil;ant Nikita Kucherov.<\/p><p>&nbsp;<\/p><p>Credit Photo : Ron Chenoy-USA TODAY Sports<\/p>\n","protected":false},"excerpt":{"rendered":"","protected":false},"author":13,"featured_media":1375064,"comment_status":"open","ping_status":"closed","sticky":false,"template":"","format":"standard","meta":{"inline_featured_image":false,"kia_subtitle":"","_mux_skip_reasons":[],"proofreadBy":0,"footnotes":""},"categories":[187,26],"tags":[3196,91],"sport":[],"saison":[],"class_list":["post-1375062","post","type-post","status-publish","format-standard","has-post-thumbnail","hentry","category-actualite-nhl","category-nhl","tag-cale-makar","tag-colorado-avalanche"],"acf":[],"yoast_head":"<!-- This site is optimized with the Yoast SEO plugin v24.2 - https:\/\/yoast.com\/wordpress\/plugins\/seo\/ -->\n<title>Cale Makar : un tour du chapeau historique - The Playoffs FR<\/title>\n<meta name=\"robots\" content=\"index, follow, max-snippet:-1, max-image-preview:large, max-video-preview:-1\" \/>\n<link rel=\"canonical\" href=\"https:\/\/theplayoffs.news\/fr\/actualite-nhl\/cale-makar-un-tour-du-chapeau-historique\/\" \/>\n<meta property=\"og:locale\" content=\"fr_FR\" \/>\n<meta property=\"og:type\" content=\"article\" \/>\n<meta property=\"og:title\" content=\"Cale Makar : un tour du chapeau historique - The Playoffs FR\" \/>\n<meta property=\"og:url\" content=\"https:\/\/theplayoffs.news\/fr\/actualite-nhl\/cale-makar-un-tour-du-chapeau-historique\/\" \/>\n<meta property=\"og:site_name\" content=\"The Playoffs FR\" \/>\n<meta property=\"article:publisher\" content=\"https:\/\/www.facebook.com\/TheFreeAgentFR\/\" \/>\n<meta property=\"article:modified_time\" content=\"2024-03-07T10:26:48+01:00\" \/>\n<meta property=\"og:image\" content=\"https:\/\/theplayoffs.news\/fr\/wp-content\/uploads\/2024\/03\/USATSI_22710892.jpg\" \/>\n\t<meta property=\"og:image:width\" content=\"1920\" \/>\n\t<meta property=\"og:image:height\" content=\"1409\" \/>\n\t<meta property=\"og:image:type\" content=\"image\/jpeg\" \/>\n<meta name=\"author\" content=\"Charles Taudin\" \/>\n<meta name=\"twitter:card\" content=\"summary_large_image\" \/>\n<meta name=\"twitter:creator\" content=\"@TheFreeAgentFR\" \/>\n<meta name=\"twitter:site\" content=\"@TheFreeAgentFR\" \/>\n<meta name=\"twitter:label1\" content=\"\u00c9crit par\" \/>\n\t<meta name=\"twitter:data1\" content=\"Charles Taudin\" \/>\n\t<meta name=\"twitter:label2\" content=\"Dur\u00e9e de lecture estim\u00e9e\" \/>\n\t<meta name=\"twitter:data2\" content=\"2 minutes\" \/>\n<script type=\"application\/ld+json\" class=\"yoast-schema-graph\">{\"@context\":\"https:\/\/schema.org\",\"@graph\":[{\"@type\":\"WebPage\",\"@id\":\"https:\/\/theplayoffs.news\/fr\/actualite-nhl\/cale-makar-un-tour-du-chapeau-historique\/\",\"url\":\"https:\/\/theplayoffs.news\/fr\/actualite-nhl\/cale-makar-un-tour-du-chapeau-historique\/\",\"name\":\"Cale Makar : un tour du chapeau historique - The Playoffs FR\",\"isPartOf\":{\"@id\":\"https:\/\/theplayoffs.news\/fr\/#website\"},\"primaryImageOfPage\":{\"@id\":\"https:\/\/theplayoffs.news\/fr\/actualite-nhl\/cale-makar-un-tour-du-chapeau-historique\/#primaryimage\"},\"image\":{\"@id\":\"https:\/\/theplayoffs.news\/fr\/actualite-nhl\/cale-makar-un-tour-du-chapeau-historique\/#primaryimage\"},\"thumbnailUrl\":\"https:\/\/theplayoffs.news\/fr\/wp-content\/uploads\/2024\/03\/USATSI_22710892.jpg\",\"datePublished\":\"2024-03-07T09:26:48+00:00\",\"dateModified\":\"2024-03-07T10:26:48+01:00\",\"author\":{\"@id\":\"https:\/\/theplayoffs.news\/fr\/#\/schema\/person\/eee5b69ad5d3c51cabe881c839dbe133\"},\"breadcrumb\":{\"@id\":\"https:\/\/theplayoffs.news\/fr\/actualite-nhl\/cale-makar-un-tour-du-chapeau-historique\/#breadcrumb\"},\"inLanguage\":\"fr-FR\",\"potentialAction\":[{\"@type\":\"ReadAction\",\"target\":[\"https:\/\/theplayoffs.news\/fr\/actualite-nhl\/cale-makar-un-tour-du-chapeau-historique\/\"]}]},{\"@type\":\"ImageObject\",\"inLanguage\":\"fr-FR\",\"@id\":\"https:\/\/theplayoffs.news\/fr\/actualite-nhl\/cale-makar-un-tour-du-chapeau-historique\/#primaryimage\",\"url\":\"https:\/\/theplayoffs.news\/fr\/wp-content\/uploads\/2024\/03\/USATSI_22710892.jpg\",\"contentUrl\":\"https:\/\/theplayoffs.news\/fr\/wp-content\/uploads\/2024\/03\/USATSI_22710892.jpg\",\"width\":1920,\"height\":1409,\"caption\":\"Mar 6, 2024; Denver, Colorado, USA; Colorado Avalanche defenseman Cale Makar (8) celebrates his second goal scored with left wing Artturi Lehkonen (62) during the second period at Ball Arena. Mandatory Credit: Ron Chenoy-USA TODAY Sports\"},{\"@type\":\"BreadcrumbList\",\"@id\":\"https:\/\/theplayoffs.news\/fr\/actualite-nhl\/cale-makar-un-tour-du-chapeau-historique\/#breadcrumb\",\"itemListElement\":[{\"@type\":\"ListItem\",\"position\":1,\"name\":\"Accueil\",\"item\":\"https:\/\/theplayoffs.news\/fr\/\"},{\"@type\":\"ListItem\",\"position\":2,\"name\":\"Cale Makar : un tour du chapeau historique\"}]},{\"@type\":\"WebSite\",\"@id\":\"https:\/\/theplayoffs.news\/fr\/#website\",\"url\":\"https:\/\/theplayoffs.news\/fr\/\",\"name\":\"The Playoffs FR\",\"description\":\"NBA-NFL-NHL-MLB\",\"potentialAction\":[{\"@type\":\"SearchAction\",\"target\":{\"@type\":\"EntryPoint\",\"urlTemplate\":\"https:\/\/theplayoffs.news\/fr\/?s={search_term_string}\"},\"query-input\":{\"@type\":\"PropertyValueSpecification\",\"valueRequired\":true,\"valueName\":\"search_term_string\"}}],\"inLanguage\":\"fr-FR\"},{\"@type\":\"Person\",\"@id\":\"https:\/\/theplayoffs.news\/fr\/#\/schema\/person\/eee5b69ad5d3c51cabe881c839dbe133\",\"name\":\"Charles Taudin\",\"image\":{\"@type\":\"ImageObject\",\"inLanguage\":\"fr-FR\",\"@id\":\"https:\/\/theplayoffs.news\/fr\/#\/schema\/person\/image\/\",\"url\":\"https:\/\/secure.gravatar.com\/avatar\/59a1e772205ce9fd255edfcafc93013736822e20261f294c5753b20c41ede9f2?s=96&d=mm&r=g\",\"contentUrl\":\"https:\/\/secure.gravatar.com\/avatar\/59a1e772205ce9fd255edfcafc93013736822e20261f294c5753b20c41ede9f2?s=96&d=mm&r=g\",\"caption\":\"Charles Taudin\"},\"description\":\"R\u00e9dacteur en chef global de The Playoffs, j\u2019ai cr\u00e9\u00e9 The Free Agent, devenu The Playoffs FR, en 2020 durant la pand\u00e9mie. Amoureux depuis des ann\u00e9es des 4 sports majeurs am\u00e9ricains, j\u2019organise maintenant la strat\u00e9gie \u00e9ditoriale et les r\u00e9seaux sociaux de l\u2019ensemble des versions de The Playoffs. Il m\u2019arrive encore d\u2019\u00e9crire sur certains sports que j\u2019affectionne particuli\u00e8rement comme la NFL ou la MLB. Si vous devez retenir qu\u2019une chose : Eli Manning est le vrai GOAT pour avoir battu deux fois Tom Brady.\",\"sameAs\":[\"https:\/\/www.instagram.com\/ctaudin_\/\"],\"url\":\"https:\/\/theplayoffs.news\/fr\/author\/charles-taudin\/\"}]}<\/script>\n<!-- \/ Yoast SEO plugin. -->","yoast_head_json":{"title":"Cale Makar : un tour du chapeau historique - The Playoffs FR","robots":{"index":"index","follow":"follow","max-snippet":"max-snippet:-1","max-image-preview":"max-image-preview:large","max-video-preview":"max-video-preview:-1"},"canonical":"https:\/\/theplayoffs.news\/fr\/actualite-nhl\/cale-makar-un-tour-du-chapeau-historique\/","og_locale":"fr_FR","og_type":"article","og_title":"Cale Makar : un tour du chapeau historique - The Playoffs FR","og_url":"https:\/\/theplayoffs.news\/fr\/actualite-nhl\/cale-makar-un-tour-du-chapeau-historique\/","og_site_name":"The Playoffs FR","article_publisher":"https:\/\/www.facebook.com\/TheFreeAgentFR\/","article_modified_time":"2024-03-07T09:15:50+00:00","og_image":[{"width":1920,"height":1409,"url":"https:\/\/theplayoffs.news\/fr\/wp-content\/uploads\/2024\/03\/USATSI_22710892.jpg","type":"image\/jpeg"}],"author":"Charles Taudin","twitter_card":"summary_large_image","twitter_creator":"@TheFreeAgentFR","twitter_site":"@TheFreeAgentFR","twitter_misc":{"\u00c9crit par":"Charles Taudin","Dur\u00e9e de lecture estim\u00e9e":"2 minutes"},"schema":{"@context":"https:\/\/schema.org","@graph":[{"@type":"WebPage","@id":"https:\/\/theplayoffs.news\/fr\/actualite-nhl\/cale-makar-un-tour-du-chapeau-historique\/","url":"https:\/\/theplayoffs.news\/fr\/actualite-nhl\/cale-makar-un-tour-du-chapeau-historique\/","name":"Cale Makar : un tour du chapeau historique - The Playoffs FR","isPartOf":{"@id":"https:\/\/theplayoffs.news\/fr\/#website"},"primaryImageOfPage":{"@id":"https:\/\/theplayoffs.news\/fr\/actualite-nhl\/cale-makar-un-tour-du-chapeau-historique\/#primaryimage"},"image":{"@id":"https:\/\/theplayoffs.news\/fr\/actualite-nhl\/cale-makar-un-tour-du-chapeau-historique\/#primaryimage"},"thumbnailUrl":"https:\/\/theplayoffs.news\/fr\/wp-content\/uploads\/2024\/03\/USATSI_22710892.jpg","datePublished":"2024-03-07T09:26:48+00:00","dateModified":"2024-03-07T10:26:48+01:00","author":{"@id":"https:\/\/theplayoffs.news\/fr\/#\/schema\/person\/eee5b69ad5d3c51cabe881c839dbe133"},"breadcrumb":{"@id":"https:\/\/theplayoffs.news\/fr\/actualite-nhl\/cale-makar-un-tour-du-chapeau-historique\/#breadcrumb"},"inLanguage":"fr-FR","potentialAction":[{"@type":"ReadAction","target":["https:\/\/theplayoffs.news\/fr\/actualite-nhl\/cale-makar-un-tour-du-chapeau-historique\/"]}]},{"@type":"ImageObject","inLanguage":"fr-FR","@id":"https:\/\/theplayoffs.news\/fr\/actualite-nhl\/cale-makar-un-tour-du-chapeau-historique\/#primaryimage","url":"https:\/\/theplayoffs.news\/fr\/wp-content\/uploads\/2024\/03\/USATSI_22710892.jpg","contentUrl":"https:\/\/theplayoffs.news\/fr\/wp-content\/uploads\/2024\/03\/USATSI_22710892.jpg","width":1920,"height":1409,"caption":"Mar 6, 2024; Denver, Colorado, USA; Colorado Avalanche defenseman Cale Makar (8) celebrates his second goal scored with left wing Artturi Lehkonen (62) during the second period at Ball Arena. Mandatory Credit: Ron Chenoy-USA TODAY Sports"},{"@type":"BreadcrumbList","@id":"https:\/\/theplayoffs.news\/fr\/actualite-nhl\/cale-makar-un-tour-du-chapeau-historique\/#breadcrumb","itemListElement":[{"@type":"ListItem","position":1,"name":"Accueil","item":"https:\/\/theplayoffs.news\/fr\/"},{"@type":"ListItem","position":2,"name":"Cale Makar : un tour du chapeau historique"}]},{"@type":"WebSite","@id":"https:\/\/theplayoffs.news\/fr\/#website","url":"https:\/\/theplayoffs.news\/fr\/","name":"The Playoffs FR","description":"NBA-NFL-NHL-MLB","potentialAction":[{"@type":"SearchAction","target":{"@type":"EntryPoint","urlTemplate":"https:\/\/theplayoffs.news\/fr\/?s={search_term_string}"},"query-input":{"@type":"PropertyValueSpecification","valueRequired":true,"valueName":"search_term_string"}}],"inLanguage":"fr-FR"},{"@type":"Person","@id":"https:\/\/theplayoffs.news\/fr\/#\/schema\/person\/eee5b69ad5d3c51cabe881c839dbe133","name":"Charles Taudin","image":{"@type":"ImageObject","inLanguage":"fr-FR","@id":"https:\/\/theplayoffs.news\/fr\/#\/schema\/person\/image\/","url":"https:\/\/secure.gravatar.com\/avatar\/59a1e772205ce9fd255edfcafc93013736822e20261f294c5753b20c41ede9f2?s=96&d=mm&r=g","contentUrl":"https:\/\/secure.gravatar.com\/avatar\/59a1e772205ce9fd255edfcafc93013736822e20261f294c5753b20c41ede9f2?s=96&d=mm&r=g","caption":"Charles Taudin"},"description":"R\u00e9dacteur en chef global de The Playoffs, j\u2019ai cr\u00e9\u00e9 The Free Agent, devenu The Playoffs FR, en 2020 durant la pand\u00e9mie. Amoureux depuis des ann\u00e9es des 4 sports majeurs am\u00e9ricains, j\u2019organise maintenant la strat\u00e9gie \u00e9ditoriale et les r\u00e9seaux sociaux de l\u2019ensemble des versions de The Playoffs. Il m\u2019arrive encore d\u2019\u00e9crire sur certains sports que j\u2019affectionne particuli\u00e8rement comme la NFL ou la MLB. Si vous devez retenir qu\u2019une chose : Eli Manning est le vrai GOAT pour avoir battu deux fois Tom Brady.","sameAs":["https:\/\/www.instagram.com\/ctaudin_\/"],"url":"https:\/\/theplayoffs.news\/fr\/author\/charles-taudin\/"}]}},"_links":{"self":[{"href":"https:\/\/theplayoffs.news\/fr\/wp-json\/wp\/v2\/posts\/1375062","targetHints":{"allow":["GET"]}}],"collection":[{"href":"https:\/\/theplayoffs.news\/fr\/wp-json\/wp\/v2\/posts"}],"about":[{"href":"https:\/\/theplayoffs.news\/fr\/wp-json\/wp\/v2\/types\/post"}],"author":[{"embeddable":true,"href":"https:\/\/theplayoffs.news\/fr\/wp-json\/wp\/v2\/users\/13"}],"replies":[{"embeddable":true,"href":"https:\/\/theplayoffs.news\/fr\/wp-json\/wp\/v2\/comments?post=1375062"}],"version-history":[{"count":3,"href":"https:\/\/theplayoffs.news\/fr\/wp-json\/wp\/v2\/posts\/1375062\/revisions"}],"predecessor-version":[{"id":1375068,"href":"https:\/\/theplayoffs.news\/fr\/wp-json\/wp\/v2\/posts\/1375062\/revisions\/1375068"}],"wp:featuredmedia":[{"embeddable":true,"href":"https:\/\/theplayoffs.news\/fr\/wp-json\/wp\/v2\/media\/1375064"}],"wp:attachment":[{"href":"https:\/\/theplayoffs.news\/fr\/wp-json\/wp\/v2\/media?parent=1375062"}],"wp:term":[{"taxonomy":"category","embeddable":true,"href":"https:\/\/theplayoffs.news\/fr\/wp-json\/wp\/v2\/categories?post=1375062"},{"taxonomy":"post_tag","embeddable":true,"href":"https:\/\/theplayoffs.news\/fr\/wp-json\/wp\/v2\/tags?post=1375062"},{"taxonomy":"sport","embeddable":true,"href":"https:\/\/theplayoffs.news\/fr\/wp-json\/wp\/v2\/sport?post=1375062"},{"taxonomy":"saison","embeddable":true,"href":"https:\/\/theplayoffs.news\/fr\/wp-json\/wp\/v2\/saison?post=1375062"}],"curies":[{"name":"wp","href":"https:\/\/api.w.org\/{rel}","templated":true}]}}