{"id":1374583,"date":"2024-03-05T16:48:47","date_gmt":"2024-03-05T15:48:47","guid":{"rendered":"https:\/\/theplayoffs.news\/fr\/?p=1374583"},"modified":"2024-03-05T15:58:27","modified_gmt":"2024-03-05T14:58:27","slug":"pavel-buchnevich-parti-pour-rester-a-saint-louis","status":"publish","type":"post","link":"https:\/\/theplayoffs.news\/fr\/actualite-nhl\/pavel-buchnevich-parti-pour-rester-a-saint-louis\/","title":{"rendered":"Pavel Buchnevich : parti pour rester \u00e0 Saint Louis ?"},"content":{"rendered":"<h2>La situation des Blues et de Pavel Buchnevich &agrave; l&rsquo;approche de la date limite des &eacute;changes reste plut&ocirc;t calme.<\/h2><p>&Agrave; en croire Pierre LeBrun de The Athletic, la position des Blues de Saint-Louis encore &agrave; la lutte pour une place en s&eacute;rie, pourrait les pousser &agrave; ne pas se s&eacute;parer de leur &eacute;l&eacute;ments phares comme <a href=\"https:\/\/theplayoffs.news\/fr\/joueur\/pavel-buchnevich-nhl-6084162\/\" class=\"trk-cta-link\" data-cta-trk='{\"ctaType\":\"Link\",\"ctaSubType\":\"main\"}'><strong>Pavel Buchnevich<\/strong><\/a>.<\/p><p>Ce joueur, dont les contributions &agrave; l&rsquo;&eacute;quipe sont ind&eacute;niables, reste un atout pr&eacute;cieux que le directeur g&eacute;n&eacute;ral Doug Armstrong n&rsquo;est pas contraint de c&eacute;der &agrave; moins que l&rsquo;offre ne corresponde &agrave; sa haute &eacute;valuation.<\/p><p>Le rep&egrave;re pour tout accord potentiel, rel&egrave;ve<a href=\"https:\/\/theathletic.com\/5315758\/2024\/03\/04\/nhl-trade-rumblings-buchnevich-markstrom-ullmark\/\" class=\"trk-cta-link\" data-cta-trk='{\"ctaType\":\"Link\",\"ctaSubType\":\"main\"}'> Pierre LeBrun<\/a>, semble &ecirc;tre fix&eacute; par la transaction r&eacute;cente impliquant Elias Lindholm, o&ugrave; les Flames de Calgary ont s&eacute;curis&eacute; un package lucratif en &eacute;change des services du joueur aux Canucks de Vancouver. Cet accord, comprenant un choix de premier tour, deux prospects et un joueur de la NHL, &eacute;tablit un standard &eacute;lev&eacute; qu&rsquo;Armstrong cherche &agrave; &eacute;galer ou d&eacute;passer.<\/p><p>Cependant, la demande pour un joueur d&rsquo;une telle envergure, sign&eacute; pour la saison suivante &agrave; une valeur annuelle moyenne substantielle, pose un d&eacute;fi significatif pour les &eacute;quipes en lice. Des &eacute;quipes comme les Oilers d&rsquo;Edmonton et les Golden Knights de Vegas, &agrave; la recherche d&rsquo;un attaquant pour leur Top 6, pourraient trouver le prix demand&eacute; prohibitivement &eacute;lev&eacute;, surtout lorsqu&rsquo;on consid&egrave;re la disponibilit&eacute; de joueurs de location &agrave; un co&ucirc;t inf&eacute;rieur.<\/p><p>&nbsp;<\/p><p>Credit Photo : Eric Hartline-USA TODAY Sports<\/p>\n","protected":false},"excerpt":{"rendered":"","protected":false},"author":13,"featured_media":1374584,"comment_status":"open","ping_status":"closed","sticky":false,"template":"","format":"standard","meta":{"inline_featured_image":false,"kia_subtitle":"","_mux_skip_reasons":[],"proofreadBy":0,"footnotes":""},"categories":[187,26],"tags":[7028,364],"sport":[],"saison":[],"class_list":["post-1374583","post","type-post","status-publish","format-standard","has-post-thumbnail","hentry","category-actualite-nhl","category-nhl","tag-pavel-buchnevich","tag-st-louis-blues"],"acf":[],"yoast_head":"<!-- This site is optimized with the Yoast SEO plugin v24.2 - https:\/\/yoast.com\/wordpress\/plugins\/seo\/ -->\n<title>Pavel Buchnevich : parti pour rester &agrave; Saint Louis ? - The Playoffs FR<\/title>\n<meta name=\"robots\" content=\"index, follow, max-snippet:-1, max-image-preview:large, max-video-preview:-1\" \/>\n<link rel=\"canonical\" href=\"https:\/\/theplayoffs.news\/fr\/actualite-nhl\/pavel-buchnevich-parti-pour-rester-a-saint-louis\/\" \/>\n<meta property=\"og:locale\" content=\"fr_FR\" \/>\n<meta property=\"og:type\" content=\"article\" \/>\n<meta property=\"og:title\" content=\"Pavel Buchnevich : parti pour rester &agrave; Saint Louis ? - The Playoffs FR\" \/>\n<meta property=\"og:url\" content=\"https:\/\/theplayoffs.news\/fr\/actualite-nhl\/pavel-buchnevich-parti-pour-rester-a-saint-louis\/\" \/>\n<meta property=\"og:site_name\" content=\"The Playoffs FR\" \/>\n<meta property=\"article:publisher\" content=\"https:\/\/www.facebook.com\/TheFreeAgentFR\/\" \/>\n<meta property=\"article:modified_time\" content=\"2024-03-05T16:48:47+01:00\" \/>\n<meta property=\"og:image\" content=\"https:\/\/theplayoffs.news\/fr\/wp-content\/uploads\/2024\/03\/USATSI_22693222.jpg\" \/>\n\t<meta property=\"og:image:width\" content=\"1920\" \/>\n\t<meta property=\"og:image:height\" content=\"1279\" \/>\n\t<meta property=\"og:image:type\" content=\"image\/jpeg\" \/>\n<meta name=\"author\" content=\"Charles Taudin\" \/>\n<meta name=\"twitter:card\" content=\"summary_large_image\" \/>\n<meta name=\"twitter:creator\" content=\"@TheFreeAgentFR\" \/>\n<meta name=\"twitter:site\" content=\"@TheFreeAgentFR\" \/>\n<meta name=\"twitter:label1\" content=\"\u00c9crit par\" \/>\n\t<meta name=\"twitter:data1\" content=\"Charles Taudin\" \/>\n\t<meta name=\"twitter:label2\" content=\"Dur\u00e9e de lecture estim\u00e9e\" \/>\n\t<meta name=\"twitter:data2\" content=\"1 minute\" \/>\n<script type=\"application\/ld+json\" class=\"yoast-schema-graph\">{\"@context\":\"https:\/\/schema.org\",\"@graph\":[{\"@type\":\"WebPage\",\"@id\":\"https:\/\/theplayoffs.news\/fr\/actualite-nhl\/pavel-buchnevich-parti-pour-rester-a-saint-louis\/\",\"url\":\"https:\/\/theplayoffs.news\/fr\/actualite-nhl\/pavel-buchnevich-parti-pour-rester-a-saint-louis\/\",\"name\":\"Pavel Buchnevich : parti pour rester \u00e0 Saint Louis ? - The Playoffs FR\",\"isPartOf\":{\"@id\":\"https:\/\/theplayoffs.news\/fr\/#website\"},\"primaryImageOfPage\":{\"@id\":\"https:\/\/theplayoffs.news\/fr\/actualite-nhl\/pavel-buchnevich-parti-pour-rester-a-saint-louis\/#primaryimage\"},\"image\":{\"@id\":\"https:\/\/theplayoffs.news\/fr\/actualite-nhl\/pavel-buchnevich-parti-pour-rester-a-saint-louis\/#primaryimage\"},\"thumbnailUrl\":\"https:\/\/theplayoffs.news\/fr\/wp-content\/uploads\/2024\/03\/USATSI_22693222.jpg\",\"datePublished\":\"2024-03-05T15:48:47+00:00\",\"dateModified\":\"2024-03-05T16:48:47+01:00\",\"author\":{\"@id\":\"https:\/\/theplayoffs.news\/fr\/#\/schema\/person\/eee5b69ad5d3c51cabe881c839dbe133\"},\"breadcrumb\":{\"@id\":\"https:\/\/theplayoffs.news\/fr\/actualite-nhl\/pavel-buchnevich-parti-pour-rester-a-saint-louis\/#breadcrumb\"},\"inLanguage\":\"fr-FR\",\"potentialAction\":[{\"@type\":\"ReadAction\",\"target\":[\"https:\/\/theplayoffs.news\/fr\/actualite-nhl\/pavel-buchnevich-parti-pour-rester-a-saint-louis\/\"]}]},{\"@type\":\"ImageObject\",\"inLanguage\":\"fr-FR\",\"@id\":\"https:\/\/theplayoffs.news\/fr\/actualite-nhl\/pavel-buchnevich-parti-pour-rester-a-saint-louis\/#primaryimage\",\"url\":\"https:\/\/theplayoffs.news\/fr\/wp-content\/uploads\/2024\/03\/USATSI_22693222.jpg\",\"contentUrl\":\"https:\/\/theplayoffs.news\/fr\/wp-content\/uploads\/2024\/03\/USATSI_22693222.jpg\",\"width\":1920,\"height\":1279,\"caption\":\"Mar 4, 2024; Philadelphia, Pennsylvania, USA; Philadelphia Flyers defenseman Travis Sanheim (6) battles with St. Louis Blues left wing Pavel Buchnevich (89) in front of goaltender Samuel Ersson (33) during the first period at Wells Fargo Center. Mandatory Credit: Eric Hartline-USA TODAY Sports\"},{\"@type\":\"BreadcrumbList\",\"@id\":\"https:\/\/theplayoffs.news\/fr\/actualite-nhl\/pavel-buchnevich-parti-pour-rester-a-saint-louis\/#breadcrumb\",\"itemListElement\":[{\"@type\":\"ListItem\",\"position\":1,\"name\":\"Accueil\",\"item\":\"https:\/\/theplayoffs.news\/fr\/\"},{\"@type\":\"ListItem\",\"position\":2,\"name\":\"Pavel Buchnevich : parti pour rester \u00e0 Saint Louis ?\"}]},{\"@type\":\"WebSite\",\"@id\":\"https:\/\/theplayoffs.news\/fr\/#website\",\"url\":\"https:\/\/theplayoffs.news\/fr\/\",\"name\":\"The Playoffs FR\",\"description\":\"NBA-NFL-NHL-MLB\",\"potentialAction\":[{\"@type\":\"SearchAction\",\"target\":{\"@type\":\"EntryPoint\",\"urlTemplate\":\"https:\/\/theplayoffs.news\/fr\/?s={search_term_string}\"},\"query-input\":{\"@type\":\"PropertyValueSpecification\",\"valueRequired\":true,\"valueName\":\"search_term_string\"}}],\"inLanguage\":\"fr-FR\"},{\"@type\":\"Person\",\"@id\":\"https:\/\/theplayoffs.news\/fr\/#\/schema\/person\/eee5b69ad5d3c51cabe881c839dbe133\",\"name\":\"Charles Taudin\",\"image\":{\"@type\":\"ImageObject\",\"inLanguage\":\"fr-FR\",\"@id\":\"https:\/\/theplayoffs.news\/fr\/#\/schema\/person\/image\/\",\"url\":\"https:\/\/secure.gravatar.com\/avatar\/59a1e772205ce9fd255edfcafc93013736822e20261f294c5753b20c41ede9f2?s=96&d=mm&r=g\",\"contentUrl\":\"https:\/\/secure.gravatar.com\/avatar\/59a1e772205ce9fd255edfcafc93013736822e20261f294c5753b20c41ede9f2?s=96&d=mm&r=g\",\"caption\":\"Charles Taudin\"},\"description\":\"R\u00e9dacteur en chef global de The Playoffs, j\u2019ai cr\u00e9\u00e9 The Free Agent, devenu The Playoffs FR, en 2020 durant la pand\u00e9mie. Amoureux depuis des ann\u00e9es des 4 sports majeurs am\u00e9ricains, j\u2019organise maintenant la strat\u00e9gie \u00e9ditoriale et les r\u00e9seaux sociaux de l\u2019ensemble des versions de The Playoffs. Il m\u2019arrive encore d\u2019\u00e9crire sur certains sports que j\u2019affectionne particuli\u00e8rement comme la NFL ou la MLB. Si vous devez retenir qu\u2019une chose : Eli Manning est le vrai GOAT pour avoir battu deux fois Tom Brady.\",\"sameAs\":[\"https:\/\/www.instagram.com\/ctaudin_\/\"],\"url\":\"https:\/\/theplayoffs.news\/fr\/author\/charles-taudin\/\"}]}<\/script>\n<!-- \/ Yoast SEO plugin. -->","yoast_head_json":{"title":"Pavel Buchnevich : parti pour rester &agrave; Saint Louis ? - The Playoffs FR","robots":{"index":"index","follow":"follow","max-snippet":"max-snippet:-1","max-image-preview":"max-image-preview:large","max-video-preview":"max-video-preview:-1"},"canonical":"https:\/\/theplayoffs.news\/fr\/actualite-nhl\/pavel-buchnevich-parti-pour-rester-a-saint-louis\/","og_locale":"fr_FR","og_type":"article","og_title":"Pavel Buchnevich : parti pour rester &agrave; Saint Louis ? - The Playoffs FR","og_url":"https:\/\/theplayoffs.news\/fr\/actualite-nhl\/pavel-buchnevich-parti-pour-rester-a-saint-louis\/","og_site_name":"The Playoffs FR","article_publisher":"https:\/\/www.facebook.com\/TheFreeAgentFR\/","article_modified_time":"2024-03-05T14:58:27+00:00","og_image":[{"width":1920,"height":1279,"url":"https:\/\/theplayoffs.news\/fr\/wp-content\/uploads\/2024\/03\/USATSI_22693222.jpg","type":"image\/jpeg"}],"author":"Charles Taudin","twitter_card":"summary_large_image","twitter_creator":"@TheFreeAgentFR","twitter_site":"@TheFreeAgentFR","twitter_misc":{"\u00c9crit par":"Charles Taudin","Dur\u00e9e de lecture estim\u00e9e":"1 minute"},"schema":{"@context":"https:\/\/schema.org","@graph":[{"@type":"WebPage","@id":"https:\/\/theplayoffs.news\/fr\/actualite-nhl\/pavel-buchnevich-parti-pour-rester-a-saint-louis\/","url":"https:\/\/theplayoffs.news\/fr\/actualite-nhl\/pavel-buchnevich-parti-pour-rester-a-saint-louis\/","name":"Pavel Buchnevich : parti pour rester \u00e0 Saint Louis ? - The Playoffs FR","isPartOf":{"@id":"https:\/\/theplayoffs.news\/fr\/#website"},"primaryImageOfPage":{"@id":"https:\/\/theplayoffs.news\/fr\/actualite-nhl\/pavel-buchnevich-parti-pour-rester-a-saint-louis\/#primaryimage"},"image":{"@id":"https:\/\/theplayoffs.news\/fr\/actualite-nhl\/pavel-buchnevich-parti-pour-rester-a-saint-louis\/#primaryimage"},"thumbnailUrl":"https:\/\/theplayoffs.news\/fr\/wp-content\/uploads\/2024\/03\/USATSI_22693222.jpg","datePublished":"2024-03-05T15:48:47+00:00","dateModified":"2024-03-05T16:48:47+01:00","author":{"@id":"https:\/\/theplayoffs.news\/fr\/#\/schema\/person\/eee5b69ad5d3c51cabe881c839dbe133"},"breadcrumb":{"@id":"https:\/\/theplayoffs.news\/fr\/actualite-nhl\/pavel-buchnevich-parti-pour-rester-a-saint-louis\/#breadcrumb"},"inLanguage":"fr-FR","potentialAction":[{"@type":"ReadAction","target":["https:\/\/theplayoffs.news\/fr\/actualite-nhl\/pavel-buchnevich-parti-pour-rester-a-saint-louis\/"]}]},{"@type":"ImageObject","inLanguage":"fr-FR","@id":"https:\/\/theplayoffs.news\/fr\/actualite-nhl\/pavel-buchnevich-parti-pour-rester-a-saint-louis\/#primaryimage","url":"https:\/\/theplayoffs.news\/fr\/wp-content\/uploads\/2024\/03\/USATSI_22693222.jpg","contentUrl":"https:\/\/theplayoffs.news\/fr\/wp-content\/uploads\/2024\/03\/USATSI_22693222.jpg","width":1920,"height":1279,"caption":"Mar 4, 2024; Philadelphia, Pennsylvania, USA; Philadelphia Flyers defenseman Travis Sanheim (6) battles with St. Louis Blues left wing Pavel Buchnevich (89) in front of goaltender Samuel Ersson (33) during the first period at Wells Fargo Center. Mandatory Credit: Eric Hartline-USA TODAY Sports"},{"@type":"BreadcrumbList","@id":"https:\/\/theplayoffs.news\/fr\/actualite-nhl\/pavel-buchnevich-parti-pour-rester-a-saint-louis\/#breadcrumb","itemListElement":[{"@type":"ListItem","position":1,"name":"Accueil","item":"https:\/\/theplayoffs.news\/fr\/"},{"@type":"ListItem","position":2,"name":"Pavel Buchnevich : parti pour rester \u00e0 Saint Louis ?"}]},{"@type":"WebSite","@id":"https:\/\/theplayoffs.news\/fr\/#website","url":"https:\/\/theplayoffs.news\/fr\/","name":"The Playoffs FR","description":"NBA-NFL-NHL-MLB","potentialAction":[{"@type":"SearchAction","target":{"@type":"EntryPoint","urlTemplate":"https:\/\/theplayoffs.news\/fr\/?s={search_term_string}"},"query-input":{"@type":"PropertyValueSpecification","valueRequired":true,"valueName":"search_term_string"}}],"inLanguage":"fr-FR"},{"@type":"Person","@id":"https:\/\/theplayoffs.news\/fr\/#\/schema\/person\/eee5b69ad5d3c51cabe881c839dbe133","name":"Charles Taudin","image":{"@type":"ImageObject","inLanguage":"fr-FR","@id":"https:\/\/theplayoffs.news\/fr\/#\/schema\/person\/image\/","url":"https:\/\/secure.gravatar.com\/avatar\/59a1e772205ce9fd255edfcafc93013736822e20261f294c5753b20c41ede9f2?s=96&d=mm&r=g","contentUrl":"https:\/\/secure.gravatar.com\/avatar\/59a1e772205ce9fd255edfcafc93013736822e20261f294c5753b20c41ede9f2?s=96&d=mm&r=g","caption":"Charles Taudin"},"description":"R\u00e9dacteur en chef global de The Playoffs, j\u2019ai cr\u00e9\u00e9 The Free Agent, devenu The Playoffs FR, en 2020 durant la pand\u00e9mie. Amoureux depuis des ann\u00e9es des 4 sports majeurs am\u00e9ricains, j\u2019organise maintenant la strat\u00e9gie \u00e9ditoriale et les r\u00e9seaux sociaux de l\u2019ensemble des versions de The Playoffs. Il m\u2019arrive encore d\u2019\u00e9crire sur certains sports que j\u2019affectionne particuli\u00e8rement comme la NFL ou la MLB. Si vous devez retenir qu\u2019une chose : Eli Manning est le vrai GOAT pour avoir battu deux fois Tom Brady.","sameAs":["https:\/\/www.instagram.com\/ctaudin_\/"],"url":"https:\/\/theplayoffs.news\/fr\/author\/charles-taudin\/"}]}},"_links":{"self":[{"href":"https:\/\/theplayoffs.news\/fr\/wp-json\/wp\/v2\/posts\/1374583","targetHints":{"allow":["GET"]}}],"collection":[{"href":"https:\/\/theplayoffs.news\/fr\/wp-json\/wp\/v2\/posts"}],"about":[{"href":"https:\/\/theplayoffs.news\/fr\/wp-json\/wp\/v2\/types\/post"}],"author":[{"embeddable":true,"href":"https:\/\/theplayoffs.news\/fr\/wp-json\/wp\/v2\/users\/13"}],"replies":[{"embeddable":true,"href":"https:\/\/theplayoffs.news\/fr\/wp-json\/wp\/v2\/comments?post=1374583"}],"version-history":[{"count":3,"href":"https:\/\/theplayoffs.news\/fr\/wp-json\/wp\/v2\/posts\/1374583\/revisions"}],"predecessor-version":[{"id":1374587,"href":"https:\/\/theplayoffs.news\/fr\/wp-json\/wp\/v2\/posts\/1374583\/revisions\/1374587"}],"wp:featuredmedia":[{"embeddable":true,"href":"https:\/\/theplayoffs.news\/fr\/wp-json\/wp\/v2\/media\/1374584"}],"wp:attachment":[{"href":"https:\/\/theplayoffs.news\/fr\/wp-json\/wp\/v2\/media?parent=1374583"}],"wp:term":[{"taxonomy":"category","embeddable":true,"href":"https:\/\/theplayoffs.news\/fr\/wp-json\/wp\/v2\/categories?post=1374583"},{"taxonomy":"post_tag","embeddable":true,"href":"https:\/\/theplayoffs.news\/fr\/wp-json\/wp\/v2\/tags?post=1374583"},{"taxonomy":"sport","embeddable":true,"href":"https:\/\/theplayoffs.news\/fr\/wp-json\/wp\/v2\/sport?post=1374583"},{"taxonomy":"saison","embeddable":true,"href":"https:\/\/theplayoffs.news\/fr\/wp-json\/wp\/v2\/saison?post=1374583"}],"curies":[{"name":"wp","href":"https:\/\/api.w.org\/{rel}","templated":true}]}}