{"id":1373755,"date":"2024-03-01T11:50:24","date_gmt":"2024-03-01T10:50:24","guid":{"rendered":"https:\/\/theplayoffs.news\/fr\/?p=1373755"},"modified":"2024-03-01T11:52:13","modified_gmt":"2024-03-01T10:52:13","slug":"mark-stone-forfait-pour-le-reste-de-la-saison-reguliere","status":"publish","type":"post","link":"https:\/\/theplayoffs.news\/fr\/actualite-nhl\/mark-stone-forfait-pour-le-reste-de-la-saison-reguliere\/","title":{"rendered":"Mark Stone forfait pour le reste de la saison r\u00e9guli\u00e8re"},"content":{"rendered":"<h2>Les Vegas Golden Knights ont re&ccedil;u un coup dur avec la nouvelle que le capitaine Mark Stone devrait manquer le reste de la saison r&eacute;guli&egrave;re &agrave; cause d&rsquo;une blessure au haut du corps.<\/h2><p><a href=\"https:\/\/theplayoffs.news\/fr\/joueur\/mark-stone-nhl-11090\/\" class=\"trk-cta-link\" data-cta-trk='{\"ctaType\":\"Link\",\"ctaSubType\":\"main\"}'><strong>Mark Stone<\/strong><\/a>, figure cl&eacute; de l&rsquo;offensive de l&rsquo;&eacute;quipe, a subi la blessure lors d&rsquo;un match contre les Nashville Predators le 20 f&eacute;vrier. Le pronostic est sombre : une rate lac&eacute;r&eacute;e, selon <a href=\"https:\/\/x.com\/frank_seravalli\/status\/1760772270455238811?s=20\" class=\"trk-cta-link\" data-cta-trk='{\"ctaType\":\"Link\",\"ctaSubType\":\"main\"}'>Frank Seravalli de Daily Faceoff. <\/a><\/p><blockquote class=\"twitter-tweet\" data-width=\"500\" data-dnt=\"true\">\n<p lang=\"en\" dir=\"ltr\">Sounds like <a href=\"https:\/\/twitter.com\/hashtag\/VGK?src=hash&amp;ref_src=twsrc%5Etfw\" class=\"trk-cta-link\" data-cta-trk='{\"ctaType\":\"Link\",\"ctaSubType\":\"main\"}'>#VGK<\/a> Mark Stone is dealing with a lacerated spleen. Timeline is tough to pin down with an injury of that nature, but it&rsquo;s obviously a significant one. <a href=\"https:\/\/t.co\/ifFEKOGS41\" class=\"trk-cta-link\" data-cta-trk='{\"ctaType\":\"Link\",\"ctaSubType\":\"main\"}'>https:\/\/t.co\/ifFEKOGS41<\/a><\/p>\n<p>&mdash; Frank Seravalli (@frank_seravalli) <a href=\"https:\/\/twitter.com\/frank_seravalli\/status\/1760772270455238811?ref_src=twsrc%5Etfw\" class=\"trk-cta-link\" data-cta-trk='{\"ctaType\":\"Link\",\"ctaSubType\":\"main\"}'>February 22, 2024<\/a><\/p><\/blockquote><p><script async src=\"https:\/\/platform.twitter.com\/widgets.js\" charset=\"utf-8\"><\/script><\/p><p>La gravit&eacute; de la blessure soul&egrave;ve des questions sur sa disponibilit&eacute; pour les playoffs, jetant une ombre sur les aspirations de l&rsquo;&eacute;quipe pour la Coupe Stanley.<\/p><p>La saison derni&egrave;re, malgr&eacute; une blessure au dos qui l&rsquo;a &eacute;cart&eacute; pour la seconde moiti&eacute; de la campagne 2022-23, Stone a fait un retour triomphal pour les playoffs. Sa contribution a &eacute;t&eacute; d&eacute;terminante dans la s&eacute;curisation du premier titre de la Coupe Stanley dans l&rsquo;histoire de la franchise par les Golden Knights.<\/p><p>Les Golden Knights avait jou&eacute; avec le cap hit de 9,5 millions de dollars de Stone en le pla&ccedil;ant sur la r&eacute;serve des bless&eacute;s &agrave; long terme, une manoeuvre qui a permis des acquisitions significatives &agrave; la date limite des &eacute;changes de l&rsquo;ann&eacute;e derni&egrave;re. Il se pourrait donc que Vegas en fasse de m&ecirc;me une nouvelle fois cette ann&eacute;e.<\/p><p>Des rumeurs circulent sur des mouvements potentiels pour renforcer leur alignement, avec des noms comme Tyler Toffoli, Pavel Buchnevich et Jordan Eberle mentionn&eacute;s comme possibles ajouts.<\/p><p>Malgr&eacute; tout, leur dossier sans Mark Stone dans l&rsquo;alignement la saison derni&egrave;re &eacute;tait impressionnant, affichant un record de 23-9-7.<\/p><p>&nbsp;<\/p><p>Credit: Stephen R. Sylvanie-USA TODAY Sports<\/p>\n","protected":false},"excerpt":{"rendered":"","protected":false},"author":13,"featured_media":1373756,"comment_status":"open","ping_status":"closed","sticky":false,"template":"","format":"standard","meta":{"inline_featured_image":false,"kia_subtitle":"","_mux_skip_reasons":[],"proofreadBy":0,"footnotes":""},"categories":[187,26],"tags":[1777,356],"sport":[],"saison":[],"class_list":["post-1373755","post","type-post","status-publish","format-standard","has-post-thumbnail","hentry","category-actualite-nhl","category-nhl","tag-mark-stone","tag-vegas-golden-knights"],"acf":[],"yoast_head":"<!-- This site is optimized with the Yoast SEO plugin v24.2 - https:\/\/yoast.com\/wordpress\/plugins\/seo\/ -->\n<title>Mark Stone forfait pour le reste de la saison r&eacute;guli&egrave;re - The Playoffs FR<\/title>\n<meta name=\"robots\" content=\"index, follow, max-snippet:-1, max-image-preview:large, max-video-preview:-1\" \/>\n<link rel=\"canonical\" href=\"https:\/\/theplayoffs.news\/fr\/actualite-nhl\/mark-stone-forfait-pour-le-reste-de-la-saison-reguliere\/\" \/>\n<meta property=\"og:locale\" content=\"fr_FR\" \/>\n<meta property=\"og:type\" content=\"article\" \/>\n<meta property=\"og:title\" content=\"Mark Stone forfait pour le reste de la saison r&eacute;guli&egrave;re - The Playoffs FR\" \/>\n<meta property=\"og:url\" content=\"https:\/\/theplayoffs.news\/fr\/actualite-nhl\/mark-stone-forfait-pour-le-reste-de-la-saison-reguliere\/\" \/>\n<meta property=\"og:site_name\" content=\"The Playoffs FR\" \/>\n<meta property=\"article:publisher\" content=\"https:\/\/www.facebook.com\/TheFreeAgentFR\/\" \/>\n<meta property=\"article:modified_time\" content=\"2024-03-01T11:52:13+01:00\" \/>\n<meta property=\"og:image\" content=\"https:\/\/theplayoffs.news\/fr\/wp-content\/uploads\/2024\/03\/USATSI_22302098.jpg\" \/>\n\t<meta property=\"og:image:width\" content=\"1920\" \/>\n\t<meta property=\"og:image:height\" content=\"1281\" \/>\n\t<meta property=\"og:image:type\" content=\"image\/jpeg\" \/>\n<meta name=\"author\" content=\"Charles Taudin\" \/>\n<meta name=\"twitter:card\" content=\"summary_large_image\" \/>\n<meta name=\"twitter:creator\" content=\"@TheFreeAgentFR\" \/>\n<meta name=\"twitter:site\" content=\"@TheFreeAgentFR\" \/>\n<meta name=\"twitter:label1\" content=\"\u00c9crit par\" \/>\n\t<meta name=\"twitter:data1\" content=\"Charles Taudin\" \/>\n\t<meta name=\"twitter:label2\" content=\"Dur\u00e9e de lecture estim\u00e9e\" \/>\n\t<meta name=\"twitter:data2\" content=\"1 minute\" \/>\n<script type=\"application\/ld+json\" class=\"yoast-schema-graph\">{\"@context\":\"https:\/\/schema.org\",\"@graph\":[{\"@type\":\"WebPage\",\"@id\":\"https:\/\/theplayoffs.news\/fr\/actualite-nhl\/mark-stone-forfait-pour-le-reste-de-la-saison-reguliere\/\",\"url\":\"https:\/\/theplayoffs.news\/fr\/actualite-nhl\/mark-stone-forfait-pour-le-reste-de-la-saison-reguliere\/\",\"name\":\"Mark Stone forfait pour le reste de la saison r\u00e9guli\u00e8re - The Playoffs FR\",\"isPartOf\":{\"@id\":\"https:\/\/theplayoffs.news\/fr\/#website\"},\"primaryImageOfPage\":{\"@id\":\"https:\/\/theplayoffs.news\/fr\/actualite-nhl\/mark-stone-forfait-pour-le-reste-de-la-saison-reguliere\/#primaryimage\"},\"image\":{\"@id\":\"https:\/\/theplayoffs.news\/fr\/actualite-nhl\/mark-stone-forfait-pour-le-reste-de-la-saison-reguliere\/#primaryimage\"},\"thumbnailUrl\":\"https:\/\/theplayoffs.news\/fr\/wp-content\/uploads\/2024\/03\/USATSI_22302098.jpg\",\"datePublished\":\"2024-03-01T10:50:24+00:00\",\"dateModified\":\"2024-03-01T10:52:13+00:00\",\"author\":{\"@id\":\"https:\/\/theplayoffs.news\/fr\/#\/schema\/person\/eee5b69ad5d3c51cabe881c839dbe133\"},\"breadcrumb\":{\"@id\":\"https:\/\/theplayoffs.news\/fr\/actualite-nhl\/mark-stone-forfait-pour-le-reste-de-la-saison-reguliere\/#breadcrumb\"},\"inLanguage\":\"fr-FR\",\"potentialAction\":[{\"@type\":\"ReadAction\",\"target\":[\"https:\/\/theplayoffs.news\/fr\/actualite-nhl\/mark-stone-forfait-pour-le-reste-de-la-saison-reguliere\/\"]}]},{\"@type\":\"ImageObject\",\"inLanguage\":\"fr-FR\",\"@id\":\"https:\/\/theplayoffs.news\/fr\/actualite-nhl\/mark-stone-forfait-pour-le-reste-de-la-saison-reguliere\/#primaryimage\",\"url\":\"https:\/\/theplayoffs.news\/fr\/wp-content\/uploads\/2024\/03\/USATSI_22302098.jpg\",\"contentUrl\":\"https:\/\/theplayoffs.news\/fr\/wp-content\/uploads\/2024\/03\/USATSI_22302098.jpg\",\"width\":1920,\"height\":1281,\"caption\":\"Jan 15, 2024; Las Vegas, Nevada, USA; Vegas Golden Knights right wing Mark Stone (61) celebrates after being named First Star of the Game after the Golden Knights defeated the Nashville Predators 4-1 at T-Mobile Arena. Mandatory Credit: Stephen R. Sylvanie-USA TODAY Sports\"},{\"@type\":\"BreadcrumbList\",\"@id\":\"https:\/\/theplayoffs.news\/fr\/actualite-nhl\/mark-stone-forfait-pour-le-reste-de-la-saison-reguliere\/#breadcrumb\",\"itemListElement\":[{\"@type\":\"ListItem\",\"position\":1,\"name\":\"Accueil\",\"item\":\"https:\/\/theplayoffs.news\/fr\/\"},{\"@type\":\"ListItem\",\"position\":2,\"name\":\"Mark Stone forfait pour le reste de la saison r\u00e9guli\u00e8re\"}]},{\"@type\":\"WebSite\",\"@id\":\"https:\/\/theplayoffs.news\/fr\/#website\",\"url\":\"https:\/\/theplayoffs.news\/fr\/\",\"name\":\"The Playoffs FR\",\"description\":\"NBA-NFL-NHL-MLB\",\"potentialAction\":[{\"@type\":\"SearchAction\",\"target\":{\"@type\":\"EntryPoint\",\"urlTemplate\":\"https:\/\/theplayoffs.news\/fr\/?s={search_term_string}\"},\"query-input\":{\"@type\":\"PropertyValueSpecification\",\"valueRequired\":true,\"valueName\":\"search_term_string\"}}],\"inLanguage\":\"fr-FR\"},{\"@type\":\"Person\",\"@id\":\"https:\/\/theplayoffs.news\/fr\/#\/schema\/person\/eee5b69ad5d3c51cabe881c839dbe133\",\"name\":\"Charles Taudin\",\"image\":{\"@type\":\"ImageObject\",\"inLanguage\":\"fr-FR\",\"@id\":\"https:\/\/theplayoffs.news\/fr\/#\/schema\/person\/image\/\",\"url\":\"https:\/\/secure.gravatar.com\/avatar\/59a1e772205ce9fd255edfcafc93013736822e20261f294c5753b20c41ede9f2?s=96&d=mm&r=g\",\"contentUrl\":\"https:\/\/secure.gravatar.com\/avatar\/59a1e772205ce9fd255edfcafc93013736822e20261f294c5753b20c41ede9f2?s=96&d=mm&r=g\",\"caption\":\"Charles Taudin\"},\"description\":\"R\u00e9dacteur en chef global de The Playoffs, j\u2019ai cr\u00e9\u00e9 The Free Agent, devenu The Playoffs FR, en 2020 durant la pand\u00e9mie. Amoureux depuis des ann\u00e9es des 4 sports majeurs am\u00e9ricains, j\u2019organise maintenant la strat\u00e9gie \u00e9ditoriale et les r\u00e9seaux sociaux de l\u2019ensemble des versions de The Playoffs. Il m\u2019arrive encore d\u2019\u00e9crire sur certains sports que j\u2019affectionne particuli\u00e8rement comme la NFL ou la MLB. Si vous devez retenir qu\u2019une chose : Eli Manning est le vrai GOAT pour avoir battu deux fois Tom Brady.\",\"sameAs\":[\"https:\/\/www.instagram.com\/ctaudin_\/\"],\"url\":\"https:\/\/theplayoffs.news\/fr\/author\/charles-taudin\/\"}]}<\/script>\n<!-- \/ Yoast SEO plugin. -->","yoast_head_json":{"title":"Mark Stone forfait pour le reste de la saison r&eacute;guli&egrave;re - The Playoffs FR","robots":{"index":"index","follow":"follow","max-snippet":"max-snippet:-1","max-image-preview":"max-image-preview:large","max-video-preview":"max-video-preview:-1"},"canonical":"https:\/\/theplayoffs.news\/fr\/actualite-nhl\/mark-stone-forfait-pour-le-reste-de-la-saison-reguliere\/","og_locale":"fr_FR","og_type":"article","og_title":"Mark Stone forfait pour le reste de la saison r&eacute;guli&egrave;re - The Playoffs FR","og_url":"https:\/\/theplayoffs.news\/fr\/actualite-nhl\/mark-stone-forfait-pour-le-reste-de-la-saison-reguliere\/","og_site_name":"The Playoffs FR","article_publisher":"https:\/\/www.facebook.com\/TheFreeAgentFR\/","article_modified_time":"2024-03-01T10:52:13+00:00","og_image":[{"width":1920,"height":1281,"url":"https:\/\/theplayoffs.news\/fr\/wp-content\/uploads\/2024\/03\/USATSI_22302098.jpg","type":"image\/jpeg"}],"author":"Charles Taudin","twitter_card":"summary_large_image","twitter_creator":"@TheFreeAgentFR","twitter_site":"@TheFreeAgentFR","twitter_misc":{"\u00c9crit par":"Charles Taudin","Dur\u00e9e de lecture estim\u00e9e":"1 minute"},"schema":{"@context":"https:\/\/schema.org","@graph":[{"@type":"WebPage","@id":"https:\/\/theplayoffs.news\/fr\/actualite-nhl\/mark-stone-forfait-pour-le-reste-de-la-saison-reguliere\/","url":"https:\/\/theplayoffs.news\/fr\/actualite-nhl\/mark-stone-forfait-pour-le-reste-de-la-saison-reguliere\/","name":"Mark Stone forfait pour le reste de la saison r\u00e9guli\u00e8re - The Playoffs FR","isPartOf":{"@id":"https:\/\/theplayoffs.news\/fr\/#website"},"primaryImageOfPage":{"@id":"https:\/\/theplayoffs.news\/fr\/actualite-nhl\/mark-stone-forfait-pour-le-reste-de-la-saison-reguliere\/#primaryimage"},"image":{"@id":"https:\/\/theplayoffs.news\/fr\/actualite-nhl\/mark-stone-forfait-pour-le-reste-de-la-saison-reguliere\/#primaryimage"},"thumbnailUrl":"https:\/\/theplayoffs.news\/fr\/wp-content\/uploads\/2024\/03\/USATSI_22302098.jpg","datePublished":"2024-03-01T10:50:24+00:00","dateModified":"2024-03-01T10:52:13+00:00","author":{"@id":"https:\/\/theplayoffs.news\/fr\/#\/schema\/person\/eee5b69ad5d3c51cabe881c839dbe133"},"breadcrumb":{"@id":"https:\/\/theplayoffs.news\/fr\/actualite-nhl\/mark-stone-forfait-pour-le-reste-de-la-saison-reguliere\/#breadcrumb"},"inLanguage":"fr-FR","potentialAction":[{"@type":"ReadAction","target":["https:\/\/theplayoffs.news\/fr\/actualite-nhl\/mark-stone-forfait-pour-le-reste-de-la-saison-reguliere\/"]}]},{"@type":"ImageObject","inLanguage":"fr-FR","@id":"https:\/\/theplayoffs.news\/fr\/actualite-nhl\/mark-stone-forfait-pour-le-reste-de-la-saison-reguliere\/#primaryimage","url":"https:\/\/theplayoffs.news\/fr\/wp-content\/uploads\/2024\/03\/USATSI_22302098.jpg","contentUrl":"https:\/\/theplayoffs.news\/fr\/wp-content\/uploads\/2024\/03\/USATSI_22302098.jpg","width":1920,"height":1281,"caption":"Jan 15, 2024; Las Vegas, Nevada, USA; Vegas Golden Knights right wing Mark Stone (61) celebrates after being named First Star of the Game after the Golden Knights defeated the Nashville Predators 4-1 at T-Mobile Arena. Mandatory Credit: Stephen R. Sylvanie-USA TODAY Sports"},{"@type":"BreadcrumbList","@id":"https:\/\/theplayoffs.news\/fr\/actualite-nhl\/mark-stone-forfait-pour-le-reste-de-la-saison-reguliere\/#breadcrumb","itemListElement":[{"@type":"ListItem","position":1,"name":"Accueil","item":"https:\/\/theplayoffs.news\/fr\/"},{"@type":"ListItem","position":2,"name":"Mark Stone forfait pour le reste de la saison r\u00e9guli\u00e8re"}]},{"@type":"WebSite","@id":"https:\/\/theplayoffs.news\/fr\/#website","url":"https:\/\/theplayoffs.news\/fr\/","name":"The Playoffs FR","description":"NBA-NFL-NHL-MLB","potentialAction":[{"@type":"SearchAction","target":{"@type":"EntryPoint","urlTemplate":"https:\/\/theplayoffs.news\/fr\/?s={search_term_string}"},"query-input":{"@type":"PropertyValueSpecification","valueRequired":true,"valueName":"search_term_string"}}],"inLanguage":"fr-FR"},{"@type":"Person","@id":"https:\/\/theplayoffs.news\/fr\/#\/schema\/person\/eee5b69ad5d3c51cabe881c839dbe133","name":"Charles Taudin","image":{"@type":"ImageObject","inLanguage":"fr-FR","@id":"https:\/\/theplayoffs.news\/fr\/#\/schema\/person\/image\/","url":"https:\/\/secure.gravatar.com\/avatar\/59a1e772205ce9fd255edfcafc93013736822e20261f294c5753b20c41ede9f2?s=96&d=mm&r=g","contentUrl":"https:\/\/secure.gravatar.com\/avatar\/59a1e772205ce9fd255edfcafc93013736822e20261f294c5753b20c41ede9f2?s=96&d=mm&r=g","caption":"Charles Taudin"},"description":"R\u00e9dacteur en chef global de The Playoffs, j\u2019ai cr\u00e9\u00e9 The Free Agent, devenu The Playoffs FR, en 2020 durant la pand\u00e9mie. Amoureux depuis des ann\u00e9es des 4 sports majeurs am\u00e9ricains, j\u2019organise maintenant la strat\u00e9gie \u00e9ditoriale et les r\u00e9seaux sociaux de l\u2019ensemble des versions de The Playoffs. Il m\u2019arrive encore d\u2019\u00e9crire sur certains sports que j\u2019affectionne particuli\u00e8rement comme la NFL ou la MLB. Si vous devez retenir qu\u2019une chose : Eli Manning est le vrai GOAT pour avoir battu deux fois Tom Brady.","sameAs":["https:\/\/www.instagram.com\/ctaudin_\/"],"url":"https:\/\/theplayoffs.news\/fr\/author\/charles-taudin\/"}]}},"_links":{"self":[{"href":"https:\/\/theplayoffs.news\/fr\/wp-json\/wp\/v2\/posts\/1373755","targetHints":{"allow":["GET"]}}],"collection":[{"href":"https:\/\/theplayoffs.news\/fr\/wp-json\/wp\/v2\/posts"}],"about":[{"href":"https:\/\/theplayoffs.news\/fr\/wp-json\/wp\/v2\/types\/post"}],"author":[{"embeddable":true,"href":"https:\/\/theplayoffs.news\/fr\/wp-json\/wp\/v2\/users\/13"}],"replies":[{"embeddable":true,"href":"https:\/\/theplayoffs.news\/fr\/wp-json\/wp\/v2\/comments?post=1373755"}],"version-history":[{"count":3,"href":"https:\/\/theplayoffs.news\/fr\/wp-json\/wp\/v2\/posts\/1373755\/revisions"}],"predecessor-version":[{"id":1373760,"href":"https:\/\/theplayoffs.news\/fr\/wp-json\/wp\/v2\/posts\/1373755\/revisions\/1373760"}],"wp:featuredmedia":[{"embeddable":true,"href":"https:\/\/theplayoffs.news\/fr\/wp-json\/wp\/v2\/media\/1373756"}],"wp:attachment":[{"href":"https:\/\/theplayoffs.news\/fr\/wp-json\/wp\/v2\/media?parent=1373755"}],"wp:term":[{"taxonomy":"category","embeddable":true,"href":"https:\/\/theplayoffs.news\/fr\/wp-json\/wp\/v2\/categories?post=1373755"},{"taxonomy":"post_tag","embeddable":true,"href":"https:\/\/theplayoffs.news\/fr\/wp-json\/wp\/v2\/tags?post=1373755"},{"taxonomy":"sport","embeddable":true,"href":"https:\/\/theplayoffs.news\/fr\/wp-json\/wp\/v2\/sport?post=1373755"},{"taxonomy":"saison","embeddable":true,"href":"https:\/\/theplayoffs.news\/fr\/wp-json\/wp\/v2\/saison?post=1373755"}],"curies":[{"name":"wp","href":"https:\/\/api.w.org\/{rel}","templated":true}]}}