{"id":1373350,"date":"2024-02-29T17:05:01","date_gmt":"2024-02-29T16:05:01","guid":{"rendered":"https:\/\/theplayoffs.news\/fr\/?p=1373350"},"modified":"2024-02-29T17:05:01","modified_gmt":"2024-02-29T16:05:01","slug":"doug-pederson-ne-sait-pas-qui-appellera-les-jeux-en-attaque","status":"publish","type":"post","link":"https:\/\/theplayoffs.news\/fr\/actualite-nfl\/doug-pederson-ne-sait-pas-qui-appellera-les-jeux-en-attaque\/","title":{"rendered":"Doug Pederson ne sait pas qui appellera les jeux en attaque"},"content":{"rendered":"<h2>L&rsquo;arriv&eacute;e de Doug Pederson a chang&eacute; la donne &agrave; Jacksonville avec une qualification en playoffs en 2022.<\/h2><p>Alors que les Jaguars se tournent vers la saison 2024, une d&eacute;cision se profile &agrave; l&rsquo;horizon : l&rsquo;avenir de l&rsquo;appel des jeux offensifs.<\/p><p>Doug Pederson a op&eacute;r&eacute; un changement significatif dans la strat&eacute;gie offensive des Jaguars avant la saison 2023. Confier la responsabilit&eacute; enti&egrave;re de l&rsquo;appel des jeux au coordinateur offensif Press Taylor a marqu&eacute; un d&eacute;part par rapport aux responsabilit&eacute;s partag&eacute;es de la campagne 2022.<\/p><p>Cependant, la saison 2023 ne s&rsquo;est pas d&eacute;roul&eacute;e comme pr&eacute;vu.<\/p><p>Malgr&eacute; le changement strat&eacute;gique, les Jaguars ont connu une baisse de productivit&eacute; offensive. Si les raisons de ce d&eacute;clin vont au-del&agrave; de l&rsquo;appel des jeux&mdash;soulign&eacute; par une augmentation pr&eacute;occupante des pertes de balle&mdash;l&rsquo;efficacit&eacute; de cette strat&eacute;gie a &eacute;t&eacute; remise en question.<\/p><blockquote><p>&laquo;&nbsp;C&rsquo;est quelque chose qui fait partie du processus d&rsquo;&eacute;valuation&nbsp;&raquo;, <a href=\"https:\/\/www.jaguars.com\/news\/doug-pederson-addresses-next-season-play-calling-at-2024-nfl-combine\" class=\"trk-cta-link\" data-cta-trk='{\"ctaType\":\"Link\",\"ctaSubType\":\"main\"}'>a d&eacute;clar&eacute; Pederson<\/a>, via le site internet de l&rsquo;&eacute;quipe. &laquo;&nbsp;Je dois m&rsquo;&eacute;valuer et &eacute;valuer Press en tant que d&eacute;cideur et meneur de jeu et voir ce qui est le mieux pour notre &eacute;quipe. Je n&rsquo;ai pas encore pris de d&eacute;cision, mais ce sont des conversations permanentes que Press et moi aurons, et c&rsquo;est &agrave; partir de l&agrave; que nous pourrons aller de l&rsquo;avant.&nbsp;&raquo;<\/p><\/blockquote><p>Mais l&rsquo;identit&eacute; de la personne qui appelle les jeux en attaque la saison n&rsquo;est sans doute pas la priorit&eacute; num&eacute;ro 1 en ce qui concerne l&rsquo;attaque des Jaguars. Les pertes de balles signal&eacute;es au paravent sont sans doute un chantier bien plus important si les Jaguars veulent pouvoir retrouver leur tr&ocirc;ne l&rsquo;an prochain et les playoffs par la m&ecirc;me occasion.<\/p><p>&nbsp;<\/p><p>Credit Photo : Trevor Ruszkowski-USA TODAY Sports<\/p>\n","protected":false},"excerpt":{"rendered":"","protected":false},"author":13,"featured_media":1373352,"comment_status":"open","ping_status":"closed","sticky":false,"template":"","format":"standard","meta":{"inline_featured_image":false,"kia_subtitle":"","_mux_skip_reasons":[],"proofreadBy":0,"footnotes":""},"categories":[118,40],"tags":[787,510],"sport":[],"saison":[],"class_list":["post-1373350","post","type-post","status-publish","format-standard","has-post-thumbnail","hentry","category-actualite-nfl","category-nfl","tag-doug-pederson","tag-jacksonville-jaguars"],"acf":[],"yoast_head":"<!-- This site is optimized with the Yoast SEO plugin v24.2 - https:\/\/yoast.com\/wordpress\/plugins\/seo\/ -->\n<title>Doug Pederson ne sait pas qui appellera les jeux en attaque - The Playoffs FR<\/title>\n<meta name=\"robots\" content=\"index, follow, max-snippet:-1, max-image-preview:large, max-video-preview:-1\" \/>\n<link rel=\"canonical\" href=\"https:\/\/theplayoffs.news\/fr\/actualite-nfl\/doug-pederson-ne-sait-pas-qui-appellera-les-jeux-en-attaque\/\" \/>\n<meta property=\"og:locale\" content=\"fr_FR\" \/>\n<meta property=\"og:type\" content=\"article\" \/>\n<meta property=\"og:title\" content=\"Doug Pederson ne sait pas qui appellera les jeux en attaque - The Playoffs FR\" \/>\n<meta property=\"og:url\" content=\"https:\/\/theplayoffs.news\/fr\/actualite-nfl\/doug-pederson-ne-sait-pas-qui-appellera-les-jeux-en-attaque\/\" \/>\n<meta property=\"og:site_name\" content=\"The Playoffs FR\" \/>\n<meta property=\"article:publisher\" content=\"https:\/\/www.facebook.com\/TheFreeAgentFR\/\" \/>\n<meta property=\"article:modified_time\" content=\"2024-02-29T17:05:01+01:00\" \/>\n<meta property=\"og:image\" content=\"https:\/\/theplayoffs.news\/fr\/wp-content\/uploads\/2024\/02\/USATSI_22631247.jpg\" \/>\n\t<meta property=\"og:image:width\" content=\"1920\" \/>\n\t<meta property=\"og:image:height\" content=\"1280\" \/>\n\t<meta property=\"og:image:type\" content=\"image\/jpeg\" \/>\n<meta name=\"author\" content=\"Charles Taudin\" \/>\n<meta name=\"twitter:card\" content=\"summary_large_image\" \/>\n<meta name=\"twitter:creator\" content=\"@TheFreeAgentFR\" \/>\n<meta name=\"twitter:site\" content=\"@TheFreeAgentFR\" \/>\n<meta name=\"twitter:label1\" content=\"\u00c9crit par\" \/>\n\t<meta name=\"twitter:data1\" content=\"Charles Taudin\" \/>\n\t<meta name=\"twitter:label2\" content=\"Dur\u00e9e de lecture estim\u00e9e\" \/>\n\t<meta name=\"twitter:data2\" content=\"1 minute\" \/>\n<script type=\"application\/ld+json\" class=\"yoast-schema-graph\">{\"@context\":\"https:\/\/schema.org\",\"@graph\":[{\"@type\":\"WebPage\",\"@id\":\"https:\/\/theplayoffs.news\/fr\/actualite-nfl\/doug-pederson-ne-sait-pas-qui-appellera-les-jeux-en-attaque\/\",\"url\":\"https:\/\/theplayoffs.news\/fr\/actualite-nfl\/doug-pederson-ne-sait-pas-qui-appellera-les-jeux-en-attaque\/\",\"name\":\"Doug Pederson ne sait pas qui appellera les jeux en attaque - The Playoffs FR\",\"isPartOf\":{\"@id\":\"https:\/\/theplayoffs.news\/fr\/#website\"},\"primaryImageOfPage\":{\"@id\":\"https:\/\/theplayoffs.news\/fr\/actualite-nfl\/doug-pederson-ne-sait-pas-qui-appellera-les-jeux-en-attaque\/#primaryimage\"},\"image\":{\"@id\":\"https:\/\/theplayoffs.news\/fr\/actualite-nfl\/doug-pederson-ne-sait-pas-qui-appellera-les-jeux-en-attaque\/#primaryimage\"},\"thumbnailUrl\":\"https:\/\/theplayoffs.news\/fr\/wp-content\/uploads\/2024\/02\/USATSI_22631247.jpg\",\"datePublished\":\"2024-02-29T16:05:01+00:00\",\"dateModified\":\"2024-02-29T16:05:01+00:00\",\"author\":{\"@id\":\"https:\/\/theplayoffs.news\/fr\/#\/schema\/person\/eee5b69ad5d3c51cabe881c839dbe133\"},\"breadcrumb\":{\"@id\":\"https:\/\/theplayoffs.news\/fr\/actualite-nfl\/doug-pederson-ne-sait-pas-qui-appellera-les-jeux-en-attaque\/#breadcrumb\"},\"inLanguage\":\"fr-FR\",\"potentialAction\":[{\"@type\":\"ReadAction\",\"target\":[\"https:\/\/theplayoffs.news\/fr\/actualite-nfl\/doug-pederson-ne-sait-pas-qui-appellera-les-jeux-en-attaque\/\"]}]},{\"@type\":\"ImageObject\",\"inLanguage\":\"fr-FR\",\"@id\":\"https:\/\/theplayoffs.news\/fr\/actualite-nfl\/doug-pederson-ne-sait-pas-qui-appellera-les-jeux-en-attaque\/#primaryimage\",\"url\":\"https:\/\/theplayoffs.news\/fr\/wp-content\/uploads\/2024\/02\/USATSI_22631247.jpg\",\"contentUrl\":\"https:\/\/theplayoffs.news\/fr\/wp-content\/uploads\/2024\/02\/USATSI_22631247.jpg\",\"width\":1920,\"height\":1280,\"caption\":\"Feb 27, 2024; Indianapolis, IN, USA; Jacksonville Jaguars head coach Doug Pederson talks to the media at the 2024 NFL Combine at Indiana Convention Center. Mandatory Credit: Trevor Ruszkowski-USA TODAY Sports\"},{\"@type\":\"BreadcrumbList\",\"@id\":\"https:\/\/theplayoffs.news\/fr\/actualite-nfl\/doug-pederson-ne-sait-pas-qui-appellera-les-jeux-en-attaque\/#breadcrumb\",\"itemListElement\":[{\"@type\":\"ListItem\",\"position\":1,\"name\":\"Accueil\",\"item\":\"https:\/\/theplayoffs.news\/fr\/\"},{\"@type\":\"ListItem\",\"position\":2,\"name\":\"Doug Pederson ne sait pas qui appellera les jeux en attaque\"}]},{\"@type\":\"WebSite\",\"@id\":\"https:\/\/theplayoffs.news\/fr\/#website\",\"url\":\"https:\/\/theplayoffs.news\/fr\/\",\"name\":\"The Playoffs FR\",\"description\":\"NBA-NFL-NHL-MLB\",\"potentialAction\":[{\"@type\":\"SearchAction\",\"target\":{\"@type\":\"EntryPoint\",\"urlTemplate\":\"https:\/\/theplayoffs.news\/fr\/?s={search_term_string}\"},\"query-input\":{\"@type\":\"PropertyValueSpecification\",\"valueRequired\":true,\"valueName\":\"search_term_string\"}}],\"inLanguage\":\"fr-FR\"},{\"@type\":\"Person\",\"@id\":\"https:\/\/theplayoffs.news\/fr\/#\/schema\/person\/eee5b69ad5d3c51cabe881c839dbe133\",\"name\":\"Charles Taudin\",\"image\":{\"@type\":\"ImageObject\",\"inLanguage\":\"fr-FR\",\"@id\":\"https:\/\/theplayoffs.news\/fr\/#\/schema\/person\/image\/\",\"url\":\"https:\/\/secure.gravatar.com\/avatar\/59a1e772205ce9fd255edfcafc93013736822e20261f294c5753b20c41ede9f2?s=96&d=mm&r=g\",\"contentUrl\":\"https:\/\/secure.gravatar.com\/avatar\/59a1e772205ce9fd255edfcafc93013736822e20261f294c5753b20c41ede9f2?s=96&d=mm&r=g\",\"caption\":\"Charles Taudin\"},\"description\":\"R\u00e9dacteur en chef global de The Playoffs, j\u2019ai cr\u00e9\u00e9 The Free Agent, devenu The Playoffs FR, en 2020 durant la pand\u00e9mie. Amoureux depuis des ann\u00e9es des 4 sports majeurs am\u00e9ricains, j\u2019organise maintenant la strat\u00e9gie \u00e9ditoriale et les r\u00e9seaux sociaux de l\u2019ensemble des versions de The Playoffs. Il m\u2019arrive encore d\u2019\u00e9crire sur certains sports que j\u2019affectionne particuli\u00e8rement comme la NFL ou la MLB. Si vous devez retenir qu\u2019une chose : Eli Manning est le vrai GOAT pour avoir battu deux fois Tom Brady.\",\"sameAs\":[\"https:\/\/www.instagram.com\/ctaudin_\/\"],\"url\":\"https:\/\/theplayoffs.news\/fr\/author\/charles-taudin\/\"}]}<\/script>\n<!-- \/ Yoast SEO plugin. -->","yoast_head_json":{"title":"Doug Pederson ne sait pas qui appellera les jeux en attaque - The Playoffs FR","robots":{"index":"index","follow":"follow","max-snippet":"max-snippet:-1","max-image-preview":"max-image-preview:large","max-video-preview":"max-video-preview:-1"},"canonical":"https:\/\/theplayoffs.news\/fr\/actualite-nfl\/doug-pederson-ne-sait-pas-qui-appellera-les-jeux-en-attaque\/","og_locale":"fr_FR","og_type":"article","og_title":"Doug Pederson ne sait pas qui appellera les jeux en attaque - The Playoffs FR","og_url":"https:\/\/theplayoffs.news\/fr\/actualite-nfl\/doug-pederson-ne-sait-pas-qui-appellera-les-jeux-en-attaque\/","og_site_name":"The Playoffs FR","article_publisher":"https:\/\/www.facebook.com\/TheFreeAgentFR\/","og_image":[{"width":1920,"height":1280,"url":"https:\/\/theplayoffs.news\/fr\/wp-content\/uploads\/2024\/02\/USATSI_22631247.jpg","type":"image\/jpeg"}],"author":"Charles Taudin","twitter_card":"summary_large_image","twitter_creator":"@TheFreeAgentFR","twitter_site":"@TheFreeAgentFR","twitter_misc":{"\u00c9crit par":"Charles Taudin","Dur\u00e9e de lecture estim\u00e9e":"1 minute"},"schema":{"@context":"https:\/\/schema.org","@graph":[{"@type":"WebPage","@id":"https:\/\/theplayoffs.news\/fr\/actualite-nfl\/doug-pederson-ne-sait-pas-qui-appellera-les-jeux-en-attaque\/","url":"https:\/\/theplayoffs.news\/fr\/actualite-nfl\/doug-pederson-ne-sait-pas-qui-appellera-les-jeux-en-attaque\/","name":"Doug Pederson ne sait pas qui appellera les jeux en attaque - The Playoffs FR","isPartOf":{"@id":"https:\/\/theplayoffs.news\/fr\/#website"},"primaryImageOfPage":{"@id":"https:\/\/theplayoffs.news\/fr\/actualite-nfl\/doug-pederson-ne-sait-pas-qui-appellera-les-jeux-en-attaque\/#primaryimage"},"image":{"@id":"https:\/\/theplayoffs.news\/fr\/actualite-nfl\/doug-pederson-ne-sait-pas-qui-appellera-les-jeux-en-attaque\/#primaryimage"},"thumbnailUrl":"https:\/\/theplayoffs.news\/fr\/wp-content\/uploads\/2024\/02\/USATSI_22631247.jpg","datePublished":"2024-02-29T16:05:01+00:00","dateModified":"2024-02-29T16:05:01+00:00","author":{"@id":"https:\/\/theplayoffs.news\/fr\/#\/schema\/person\/eee5b69ad5d3c51cabe881c839dbe133"},"breadcrumb":{"@id":"https:\/\/theplayoffs.news\/fr\/actualite-nfl\/doug-pederson-ne-sait-pas-qui-appellera-les-jeux-en-attaque\/#breadcrumb"},"inLanguage":"fr-FR","potentialAction":[{"@type":"ReadAction","target":["https:\/\/theplayoffs.news\/fr\/actualite-nfl\/doug-pederson-ne-sait-pas-qui-appellera-les-jeux-en-attaque\/"]}]},{"@type":"ImageObject","inLanguage":"fr-FR","@id":"https:\/\/theplayoffs.news\/fr\/actualite-nfl\/doug-pederson-ne-sait-pas-qui-appellera-les-jeux-en-attaque\/#primaryimage","url":"https:\/\/theplayoffs.news\/fr\/wp-content\/uploads\/2024\/02\/USATSI_22631247.jpg","contentUrl":"https:\/\/theplayoffs.news\/fr\/wp-content\/uploads\/2024\/02\/USATSI_22631247.jpg","width":1920,"height":1280,"caption":"Feb 27, 2024; Indianapolis, IN, USA; Jacksonville Jaguars head coach Doug Pederson talks to the media at the 2024 NFL Combine at Indiana Convention Center. Mandatory Credit: Trevor Ruszkowski-USA TODAY Sports"},{"@type":"BreadcrumbList","@id":"https:\/\/theplayoffs.news\/fr\/actualite-nfl\/doug-pederson-ne-sait-pas-qui-appellera-les-jeux-en-attaque\/#breadcrumb","itemListElement":[{"@type":"ListItem","position":1,"name":"Accueil","item":"https:\/\/theplayoffs.news\/fr\/"},{"@type":"ListItem","position":2,"name":"Doug Pederson ne sait pas qui appellera les jeux en attaque"}]},{"@type":"WebSite","@id":"https:\/\/theplayoffs.news\/fr\/#website","url":"https:\/\/theplayoffs.news\/fr\/","name":"The Playoffs FR","description":"NBA-NFL-NHL-MLB","potentialAction":[{"@type":"SearchAction","target":{"@type":"EntryPoint","urlTemplate":"https:\/\/theplayoffs.news\/fr\/?s={search_term_string}"},"query-input":{"@type":"PropertyValueSpecification","valueRequired":true,"valueName":"search_term_string"}}],"inLanguage":"fr-FR"},{"@type":"Person","@id":"https:\/\/theplayoffs.news\/fr\/#\/schema\/person\/eee5b69ad5d3c51cabe881c839dbe133","name":"Charles Taudin","image":{"@type":"ImageObject","inLanguage":"fr-FR","@id":"https:\/\/theplayoffs.news\/fr\/#\/schema\/person\/image\/","url":"https:\/\/secure.gravatar.com\/avatar\/59a1e772205ce9fd255edfcafc93013736822e20261f294c5753b20c41ede9f2?s=96&d=mm&r=g","contentUrl":"https:\/\/secure.gravatar.com\/avatar\/59a1e772205ce9fd255edfcafc93013736822e20261f294c5753b20c41ede9f2?s=96&d=mm&r=g","caption":"Charles Taudin"},"description":"R\u00e9dacteur en chef global de The Playoffs, j\u2019ai cr\u00e9\u00e9 The Free Agent, devenu The Playoffs FR, en 2020 durant la pand\u00e9mie. Amoureux depuis des ann\u00e9es des 4 sports majeurs am\u00e9ricains, j\u2019organise maintenant la strat\u00e9gie \u00e9ditoriale et les r\u00e9seaux sociaux de l\u2019ensemble des versions de The Playoffs. Il m\u2019arrive encore d\u2019\u00e9crire sur certains sports que j\u2019affectionne particuli\u00e8rement comme la NFL ou la MLB. Si vous devez retenir qu\u2019une chose : Eli Manning est le vrai GOAT pour avoir battu deux fois Tom Brady.","sameAs":["https:\/\/www.instagram.com\/ctaudin_\/"],"url":"https:\/\/theplayoffs.news\/fr\/author\/charles-taudin\/"}]}},"_links":{"self":[{"href":"https:\/\/theplayoffs.news\/fr\/wp-json\/wp\/v2\/posts\/1373350","targetHints":{"allow":["GET"]}}],"collection":[{"href":"https:\/\/theplayoffs.news\/fr\/wp-json\/wp\/v2\/posts"}],"about":[{"href":"https:\/\/theplayoffs.news\/fr\/wp-json\/wp\/v2\/types\/post"}],"author":[{"embeddable":true,"href":"https:\/\/theplayoffs.news\/fr\/wp-json\/wp\/v2\/users\/13"}],"replies":[{"embeddable":true,"href":"https:\/\/theplayoffs.news\/fr\/wp-json\/wp\/v2\/comments?post=1373350"}],"version-history":[{"count":3,"href":"https:\/\/theplayoffs.news\/fr\/wp-json\/wp\/v2\/posts\/1373350\/revisions"}],"predecessor-version":[{"id":1373355,"href":"https:\/\/theplayoffs.news\/fr\/wp-json\/wp\/v2\/posts\/1373350\/revisions\/1373355"}],"wp:featuredmedia":[{"embeddable":true,"href":"https:\/\/theplayoffs.news\/fr\/wp-json\/wp\/v2\/media\/1373352"}],"wp:attachment":[{"href":"https:\/\/theplayoffs.news\/fr\/wp-json\/wp\/v2\/media?parent=1373350"}],"wp:term":[{"taxonomy":"category","embeddable":true,"href":"https:\/\/theplayoffs.news\/fr\/wp-json\/wp\/v2\/categories?post=1373350"},{"taxonomy":"post_tag","embeddable":true,"href":"https:\/\/theplayoffs.news\/fr\/wp-json\/wp\/v2\/tags?post=1373350"},{"taxonomy":"sport","embeddable":true,"href":"https:\/\/theplayoffs.news\/fr\/wp-json\/wp\/v2\/sport?post=1373350"},{"taxonomy":"saison","embeddable":true,"href":"https:\/\/theplayoffs.news\/fr\/wp-json\/wp\/v2\/saison?post=1373350"}],"curies":[{"name":"wp","href":"https:\/\/api.w.org\/{rel}","templated":true}]}}