{"id":1373320,"date":"2024-02-29T11:31:36","date_gmt":"2024-02-29T10:31:36","guid":{"rendered":"https:\/\/theplayoffs.news\/fr\/?p=1373320"},"modified":"2024-02-29T11:19:45","modified_gmt":"2024-02-29T10:19:45","slug":"bryce-harper-se-sent-bien-en-premiere-base","status":"publish","type":"post","link":"https:\/\/theplayoffs.news\/fr\/actualite-mlb\/bryce-harper-se-sent-bien-en-premiere-base\/","title":{"rendered":"Bryce Harper se sent bien en premi\u00e8re base"},"content":{"rendered":"<h2>Cette saison, Bryce Harper op&egrave;re une transition significative passant du champ ext&eacute;rieur &agrave; la premi&egrave;re base.<\/h2><p>Son engagement &agrave; ma&icirc;triser ce r&ocirc;le a &eacute;t&eacute; &eacute;vident lors d&rsquo;un match contre les Braves d&rsquo;Atlanta, o&ugrave; il a mis en valeur ses capacit&eacute;s d&eacute;fensives. Un catch plongeant spectaculaire pour priver Jarred Kelenic des Braves et un double jeu r&eacute;alis&eacute; avec aisance sur un autre coup de Kelenic ont &eacute;t&eacute; un aper&ccedil;u de l&rsquo;adaptabilit&eacute; de <a href=\"https:\/\/theplayoffs.news\/fr\/joueur\/bryce-harper-mlb-61902\/\" class=\"trk-cta-link\" data-cta-trk='{\"ctaType\":\"Link\",\"ctaSubType\":\"main\"}'><strong>Bryce Harper<\/strong><\/a> au premier coussin.<\/p><p>[cloudflare_stream_videoplayer idvid=&nbsp;&raquo;d21695e2508af2116c9f843f0f22a397&Prime;]<\/p><p>Le g&eacute;rant des Phillies, Rob Thomson, a fait l&rsquo;&eacute;loge de la performance de Harper, notant son aisance et son am&eacute;lioration continue chaque jour. &laquo;&nbsp;Deux tr&egrave;s beaux jeux,&nbsp;&raquo; a remarqu&eacute; Thomson, soulignant la transition sans accroc de Harper et sa confiance croissante dans son nouveau r&ocirc;le.<\/p><p>Malgr&eacute; le changement de responsabilit&eacute;s d&eacute;fensives, les comp&eacute;tences offensives de Harper restent aussi aff&ucirc;t&eacute;es que jamais. Son solide simple &agrave; sa premi&egrave;re pr&eacute;sence au b&acirc;ton lors du match t&eacute;moigne de sa capacit&eacute; durable &agrave; contribuer de mani&egrave;re significative &agrave; l&rsquo;attaque de l&rsquo;&eacute;quipe.<\/p><p>Le parcours de Harper a &eacute;t&eacute; remarquable de r&eacute;silience ; apr&egrave;s avoir subi une op&eacute;ration Tommy John en novembre 2022, il a fait un d&eacute;but retard&eacute; &agrave; la derni&egrave;re saison. Cependant, son retour a &eacute;t&eacute; impactant, initialement en tant que frappeur d&eacute;sign&eacute; avant de revenir &agrave; une position sur le terrain au premier but.<\/p><p>La performance de Harper en premi&egrave;re base pendant la saison r&eacute;guli&egrave;re et les s&eacute;ries &eacute;liminatoires a &eacute;t&eacute; louable. Ayant jou&eacute; 36 matchs en saison r&eacute;guli&egrave;re et 13 dans les s&eacute;ries &eacute;liminatoires &agrave; ce poste, Bryce Harper a prouv&eacute; sa polyvalence.<\/p><p>&nbsp;<\/p><p>Credit Photo : Kim Klement Neitzel-USA TODAY Sports<\/p>\n","protected":false},"excerpt":{"rendered":"","protected":false},"author":13,"featured_media":1373321,"comment_status":"open","ping_status":"closed","sticky":false,"template":"","format":"standard","meta":{"inline_featured_image":false,"kia_subtitle":"","_mux_skip_reasons":[],"proofreadBy":0,"footnotes":""},"categories":[188,9],"tags":[],"sport":[],"saison":[],"class_list":["post-1373320","post","type-post","status-publish","format-standard","has-post-thumbnail","hentry","category-actualite-mlb","category-mlb"],"acf":[],"yoast_head":"<!-- This site is optimized with the Yoast SEO plugin v24.2 - https:\/\/yoast.com\/wordpress\/plugins\/seo\/ -->\n<title>Bryce Harper se sent bien en premi&egrave;re base - The Playoffs FR<\/title>\n<meta name=\"robots\" content=\"index, follow, max-snippet:-1, max-image-preview:large, max-video-preview:-1\" \/>\n<link rel=\"canonical\" href=\"https:\/\/theplayoffs.news\/fr\/actualite-mlb\/bryce-harper-se-sent-bien-en-premiere-base\/\" \/>\n<meta property=\"og:locale\" content=\"fr_FR\" \/>\n<meta property=\"og:type\" content=\"article\" \/>\n<meta property=\"og:title\" content=\"Bryce Harper se sent bien en premi&egrave;re base - The Playoffs FR\" \/>\n<meta property=\"og:url\" content=\"https:\/\/theplayoffs.news\/fr\/actualite-mlb\/bryce-harper-se-sent-bien-en-premiere-base\/\" \/>\n<meta property=\"og:site_name\" content=\"The Playoffs FR\" \/>\n<meta property=\"article:publisher\" content=\"https:\/\/www.facebook.com\/TheFreeAgentFR\/\" \/>\n<meta property=\"article:modified_time\" content=\"2024-02-29T11:31:36+01:00\" \/>\n<meta property=\"og:image\" content=\"https:\/\/theplayoffs.news\/fr\/wp-content\/uploads\/2024\/02\/USATSI_22645296.jpg\" \/>\n\t<meta property=\"og:image:width\" content=\"1920\" \/>\n\t<meta property=\"og:image:height\" content=\"1337\" \/>\n\t<meta property=\"og:image:type\" content=\"image\/jpeg\" \/>\n<meta name=\"author\" content=\"Charles Taudin\" \/>\n<meta name=\"twitter:card\" content=\"summary_large_image\" \/>\n<meta name=\"twitter:creator\" content=\"@TheFreeAgentFR\" \/>\n<meta name=\"twitter:site\" content=\"@TheFreeAgentFR\" \/>\n<meta name=\"twitter:label1\" content=\"\u00c9crit par\" \/>\n\t<meta name=\"twitter:data1\" content=\"Charles Taudin\" \/>\n\t<meta name=\"twitter:label2\" content=\"Dur\u00e9e de lecture estim\u00e9e\" \/>\n\t<meta name=\"twitter:data2\" content=\"2 minutes\" \/>\n<script type=\"application\/ld+json\" class=\"yoast-schema-graph\">{\"@context\":\"https:\/\/schema.org\",\"@graph\":[{\"@type\":\"WebPage\",\"@id\":\"https:\/\/theplayoffs.news\/fr\/actualite-mlb\/bryce-harper-se-sent-bien-en-premiere-base\/\",\"url\":\"https:\/\/theplayoffs.news\/fr\/actualite-mlb\/bryce-harper-se-sent-bien-en-premiere-base\/\",\"name\":\"Bryce Harper se sent bien en premi\u00e8re base - The Playoffs FR\",\"isPartOf\":{\"@id\":\"https:\/\/theplayoffs.news\/fr\/#website\"},\"primaryImageOfPage\":{\"@id\":\"https:\/\/theplayoffs.news\/fr\/actualite-mlb\/bryce-harper-se-sent-bien-en-premiere-base\/#primaryimage\"},\"image\":{\"@id\":\"https:\/\/theplayoffs.news\/fr\/actualite-mlb\/bryce-harper-se-sent-bien-en-premiere-base\/#primaryimage\"},\"thumbnailUrl\":\"https:\/\/theplayoffs.news\/fr\/wp-content\/uploads\/2024\/02\/USATSI_22645296.jpg\",\"datePublished\":\"2024-02-29T10:31:36+00:00\",\"dateModified\":\"2024-02-29T11:31:36+01:00\",\"author\":{\"@id\":\"https:\/\/theplayoffs.news\/fr\/#\/schema\/person\/eee5b69ad5d3c51cabe881c839dbe133\"},\"breadcrumb\":{\"@id\":\"https:\/\/theplayoffs.news\/fr\/actualite-mlb\/bryce-harper-se-sent-bien-en-premiere-base\/#breadcrumb\"},\"inLanguage\":\"fr-FR\",\"potentialAction\":[{\"@type\":\"ReadAction\",\"target\":[\"https:\/\/theplayoffs.news\/fr\/actualite-mlb\/bryce-harper-se-sent-bien-en-premiere-base\/\"]}]},{\"@type\":\"ImageObject\",\"inLanguage\":\"fr-FR\",\"@id\":\"https:\/\/theplayoffs.news\/fr\/actualite-mlb\/bryce-harper-se-sent-bien-en-premiere-base\/#primaryimage\",\"url\":\"https:\/\/theplayoffs.news\/fr\/wp-content\/uploads\/2024\/02\/USATSI_22645296.jpg\",\"contentUrl\":\"https:\/\/theplayoffs.news\/fr\/wp-content\/uploads\/2024\/02\/USATSI_22645296.jpg\",\"width\":1920,\"height\":1337,\"caption\":\"Feb 28, 2024; Clearwater, Florida, USA; Philadelphia Phillies first baseman Bryce Harper (3) looks on against the Atlanta Braves at BayCare Ballpark. Mandatory Credit: Kim Klement Neitzel-USA TODAY Sports\"},{\"@type\":\"BreadcrumbList\",\"@id\":\"https:\/\/theplayoffs.news\/fr\/actualite-mlb\/bryce-harper-se-sent-bien-en-premiere-base\/#breadcrumb\",\"itemListElement\":[{\"@type\":\"ListItem\",\"position\":1,\"name\":\"Accueil\",\"item\":\"https:\/\/theplayoffs.news\/fr\/\"},{\"@type\":\"ListItem\",\"position\":2,\"name\":\"Bryce Harper se sent bien en premi\u00e8re base\"}]},{\"@type\":\"WebSite\",\"@id\":\"https:\/\/theplayoffs.news\/fr\/#website\",\"url\":\"https:\/\/theplayoffs.news\/fr\/\",\"name\":\"The Playoffs FR\",\"description\":\"NBA-NFL-NHL-MLB\",\"potentialAction\":[{\"@type\":\"SearchAction\",\"target\":{\"@type\":\"EntryPoint\",\"urlTemplate\":\"https:\/\/theplayoffs.news\/fr\/?s={search_term_string}\"},\"query-input\":{\"@type\":\"PropertyValueSpecification\",\"valueRequired\":true,\"valueName\":\"search_term_string\"}}],\"inLanguage\":\"fr-FR\"},{\"@type\":\"Person\",\"@id\":\"https:\/\/theplayoffs.news\/fr\/#\/schema\/person\/eee5b69ad5d3c51cabe881c839dbe133\",\"name\":\"Charles Taudin\",\"image\":{\"@type\":\"ImageObject\",\"inLanguage\":\"fr-FR\",\"@id\":\"https:\/\/theplayoffs.news\/fr\/#\/schema\/person\/image\/\",\"url\":\"https:\/\/secure.gravatar.com\/avatar\/59a1e772205ce9fd255edfcafc93013736822e20261f294c5753b20c41ede9f2?s=96&d=mm&r=g\",\"contentUrl\":\"https:\/\/secure.gravatar.com\/avatar\/59a1e772205ce9fd255edfcafc93013736822e20261f294c5753b20c41ede9f2?s=96&d=mm&r=g\",\"caption\":\"Charles Taudin\"},\"description\":\"R\u00e9dacteur en chef global de The Playoffs, j\u2019ai cr\u00e9\u00e9 The Free Agent, devenu The Playoffs FR, en 2020 durant la pand\u00e9mie. Amoureux depuis des ann\u00e9es des 4 sports majeurs am\u00e9ricains, j\u2019organise maintenant la strat\u00e9gie \u00e9ditoriale et les r\u00e9seaux sociaux de l\u2019ensemble des versions de The Playoffs. Il m\u2019arrive encore d\u2019\u00e9crire sur certains sports que j\u2019affectionne particuli\u00e8rement comme la NFL ou la MLB. Si vous devez retenir qu\u2019une chose : Eli Manning est le vrai GOAT pour avoir battu deux fois Tom Brady.\",\"sameAs\":[\"https:\/\/www.instagram.com\/ctaudin_\/\"],\"url\":\"https:\/\/theplayoffs.news\/fr\/author\/charles-taudin\/\"}]}<\/script>\n<!-- \/ Yoast SEO plugin. -->","yoast_head_json":{"title":"Bryce Harper se sent bien en premi&egrave;re base - The Playoffs FR","robots":{"index":"index","follow":"follow","max-snippet":"max-snippet:-1","max-image-preview":"max-image-preview:large","max-video-preview":"max-video-preview:-1"},"canonical":"https:\/\/theplayoffs.news\/fr\/actualite-mlb\/bryce-harper-se-sent-bien-en-premiere-base\/","og_locale":"fr_FR","og_type":"article","og_title":"Bryce Harper se sent bien en premi&egrave;re base - The Playoffs FR","og_url":"https:\/\/theplayoffs.news\/fr\/actualite-mlb\/bryce-harper-se-sent-bien-en-premiere-base\/","og_site_name":"The Playoffs FR","article_publisher":"https:\/\/www.facebook.com\/TheFreeAgentFR\/","article_modified_time":"2024-02-29T10:19:45+00:00","og_image":[{"width":1920,"height":1337,"url":"https:\/\/theplayoffs.news\/fr\/wp-content\/uploads\/2024\/02\/USATSI_22645296.jpg","type":"image\/jpeg"}],"author":"Charles Taudin","twitter_card":"summary_large_image","twitter_creator":"@TheFreeAgentFR","twitter_site":"@TheFreeAgentFR","twitter_misc":{"\u00c9crit par":"Charles Taudin","Dur\u00e9e de lecture estim\u00e9e":"2 minutes"},"schema":{"@context":"https:\/\/schema.org","@graph":[{"@type":"WebPage","@id":"https:\/\/theplayoffs.news\/fr\/actualite-mlb\/bryce-harper-se-sent-bien-en-premiere-base\/","url":"https:\/\/theplayoffs.news\/fr\/actualite-mlb\/bryce-harper-se-sent-bien-en-premiere-base\/","name":"Bryce Harper se sent bien en premi\u00e8re base - The Playoffs FR","isPartOf":{"@id":"https:\/\/theplayoffs.news\/fr\/#website"},"primaryImageOfPage":{"@id":"https:\/\/theplayoffs.news\/fr\/actualite-mlb\/bryce-harper-se-sent-bien-en-premiere-base\/#primaryimage"},"image":{"@id":"https:\/\/theplayoffs.news\/fr\/actualite-mlb\/bryce-harper-se-sent-bien-en-premiere-base\/#primaryimage"},"thumbnailUrl":"https:\/\/theplayoffs.news\/fr\/wp-content\/uploads\/2024\/02\/USATSI_22645296.jpg","datePublished":"2024-02-29T10:31:36+00:00","dateModified":"2024-02-29T11:31:36+01:00","author":{"@id":"https:\/\/theplayoffs.news\/fr\/#\/schema\/person\/eee5b69ad5d3c51cabe881c839dbe133"},"breadcrumb":{"@id":"https:\/\/theplayoffs.news\/fr\/actualite-mlb\/bryce-harper-se-sent-bien-en-premiere-base\/#breadcrumb"},"inLanguage":"fr-FR","potentialAction":[{"@type":"ReadAction","target":["https:\/\/theplayoffs.news\/fr\/actualite-mlb\/bryce-harper-se-sent-bien-en-premiere-base\/"]}]},{"@type":"ImageObject","inLanguage":"fr-FR","@id":"https:\/\/theplayoffs.news\/fr\/actualite-mlb\/bryce-harper-se-sent-bien-en-premiere-base\/#primaryimage","url":"https:\/\/theplayoffs.news\/fr\/wp-content\/uploads\/2024\/02\/USATSI_22645296.jpg","contentUrl":"https:\/\/theplayoffs.news\/fr\/wp-content\/uploads\/2024\/02\/USATSI_22645296.jpg","width":1920,"height":1337,"caption":"Feb 28, 2024; Clearwater, Florida, USA; Philadelphia Phillies first baseman Bryce Harper (3) looks on against the Atlanta Braves at BayCare Ballpark. Mandatory Credit: Kim Klement Neitzel-USA TODAY Sports"},{"@type":"BreadcrumbList","@id":"https:\/\/theplayoffs.news\/fr\/actualite-mlb\/bryce-harper-se-sent-bien-en-premiere-base\/#breadcrumb","itemListElement":[{"@type":"ListItem","position":1,"name":"Accueil","item":"https:\/\/theplayoffs.news\/fr\/"},{"@type":"ListItem","position":2,"name":"Bryce Harper se sent bien en premi\u00e8re base"}]},{"@type":"WebSite","@id":"https:\/\/theplayoffs.news\/fr\/#website","url":"https:\/\/theplayoffs.news\/fr\/","name":"The Playoffs FR","description":"NBA-NFL-NHL-MLB","potentialAction":[{"@type":"SearchAction","target":{"@type":"EntryPoint","urlTemplate":"https:\/\/theplayoffs.news\/fr\/?s={search_term_string}"},"query-input":{"@type":"PropertyValueSpecification","valueRequired":true,"valueName":"search_term_string"}}],"inLanguage":"fr-FR"},{"@type":"Person","@id":"https:\/\/theplayoffs.news\/fr\/#\/schema\/person\/eee5b69ad5d3c51cabe881c839dbe133","name":"Charles Taudin","image":{"@type":"ImageObject","inLanguage":"fr-FR","@id":"https:\/\/theplayoffs.news\/fr\/#\/schema\/person\/image\/","url":"https:\/\/secure.gravatar.com\/avatar\/59a1e772205ce9fd255edfcafc93013736822e20261f294c5753b20c41ede9f2?s=96&d=mm&r=g","contentUrl":"https:\/\/secure.gravatar.com\/avatar\/59a1e772205ce9fd255edfcafc93013736822e20261f294c5753b20c41ede9f2?s=96&d=mm&r=g","caption":"Charles Taudin"},"description":"R\u00e9dacteur en chef global de The Playoffs, j\u2019ai cr\u00e9\u00e9 The Free Agent, devenu The Playoffs FR, en 2020 durant la pand\u00e9mie. Amoureux depuis des ann\u00e9es des 4 sports majeurs am\u00e9ricains, j\u2019organise maintenant la strat\u00e9gie \u00e9ditoriale et les r\u00e9seaux sociaux de l\u2019ensemble des versions de The Playoffs. Il m\u2019arrive encore d\u2019\u00e9crire sur certains sports que j\u2019affectionne particuli\u00e8rement comme la NFL ou la MLB. Si vous devez retenir qu\u2019une chose : Eli Manning est le vrai GOAT pour avoir battu deux fois Tom Brady.","sameAs":["https:\/\/www.instagram.com\/ctaudin_\/"],"url":"https:\/\/theplayoffs.news\/fr\/author\/charles-taudin\/"}]}},"_links":{"self":[{"href":"https:\/\/theplayoffs.news\/fr\/wp-json\/wp\/v2\/posts\/1373320","targetHints":{"allow":["GET"]}}],"collection":[{"href":"https:\/\/theplayoffs.news\/fr\/wp-json\/wp\/v2\/posts"}],"about":[{"href":"https:\/\/theplayoffs.news\/fr\/wp-json\/wp\/v2\/types\/post"}],"author":[{"embeddable":true,"href":"https:\/\/theplayoffs.news\/fr\/wp-json\/wp\/v2\/users\/13"}],"replies":[{"embeddable":true,"href":"https:\/\/theplayoffs.news\/fr\/wp-json\/wp\/v2\/comments?post=1373320"}],"version-history":[{"count":3,"href":"https:\/\/theplayoffs.news\/fr\/wp-json\/wp\/v2\/posts\/1373320\/revisions"}],"predecessor-version":[{"id":1373324,"href":"https:\/\/theplayoffs.news\/fr\/wp-json\/wp\/v2\/posts\/1373320\/revisions\/1373324"}],"wp:featuredmedia":[{"embeddable":true,"href":"https:\/\/theplayoffs.news\/fr\/wp-json\/wp\/v2\/media\/1373321"}],"wp:attachment":[{"href":"https:\/\/theplayoffs.news\/fr\/wp-json\/wp\/v2\/media?parent=1373320"}],"wp:term":[{"taxonomy":"category","embeddable":true,"href":"https:\/\/theplayoffs.news\/fr\/wp-json\/wp\/v2\/categories?post=1373320"},{"taxonomy":"post_tag","embeddable":true,"href":"https:\/\/theplayoffs.news\/fr\/wp-json\/wp\/v2\/tags?post=1373320"},{"taxonomy":"sport","embeddable":true,"href":"https:\/\/theplayoffs.news\/fr\/wp-json\/wp\/v2\/sport?post=1373320"},{"taxonomy":"saison","embeddable":true,"href":"https:\/\/theplayoffs.news\/fr\/wp-json\/wp\/v2\/saison?post=1373320"}],"curies":[{"name":"wp","href":"https:\/\/api.w.org\/{rel}","templated":true}]}}