{"id":1373088,"date":"2024-02-28T16:49:34","date_gmt":"2024-02-28T15:49:34","guid":{"rendered":"https:\/\/theplayoffs.news\/fr\/?p=1373088"},"modified":"2024-02-28T16:11:19","modified_gmt":"2024-02-28T15:11:19","slug":"fedex-retire-droits-naming-stade-commanders","status":"publish","type":"post","link":"https:\/\/theplayoffs.news\/fr\/actualite-nfl\/fedex-retire-droits-naming-stade-commanders\/","title":{"rendered":"FedEx se retire des droits de naming du stade des Commanders 2 ans en avance"},"content":{"rendered":"<h2>Depuis 1999, le nom de FedEx &eacute;tait associ&eacute; &agrave; la franchise de Washington par le biais du naming de son stade : le FedEx Field.<\/h2><p>Le contrat sign&eacute; en 1999 pour une valeur de 205 millions de dollars a &eacute;t&eacute; rompu par l&rsquo;entreprise, deux ans avant la date de fin pr&eacute;vue rapporte le <a href=\"https:\/\/www.washingtonpost.com\/sports\/2024\/02\/28\/commanders-fed-ex-naming-rights\/?utm_source=twitter&amp;utm_medium=social&amp;utm_campaign=wp_main\" class=\"trk-cta-link\" data-cta-trk='{\"ctaType\":\"Link\",\"ctaSubType\":\"main\"}'>Washington Post<\/a>. Cette fin pr&eacute;matur&eacute;e prive pour l&rsquo;instant les Commanders de 15 millions de dollars.<\/p><blockquote><p>&laquo;&nbsp;Nous remercions FedEx Corporation pour son parrainage de longue date des droits d&rsquo;appellation et pour son travail avec notre &eacute;quipe et notre communaut&eacute;, et nous nous r&eacute;jouissons de la poursuite de son partenariat au sein de la famille des Commanders&nbsp;&raquo;, a &eacute;crit l&rsquo;&eacute;quipe dans une d&eacute;claration transmise au Washington Post. &laquo;&nbsp;Nous avons d&eacute;j&agrave; entam&eacute; le processus d&rsquo;identification de notre prochain partenaire pour les droits d&rsquo;appellation du stade &ndash; un partenaire qui jouera un r&ocirc;le crucial dans le lancement de la prochaine &egrave;re, non seulement du football des Commanders, mais aussi d&rsquo;une s&eacute;rie d&rsquo;&eacute;v&eacute;nements et de concerts de haut niveau.&nbsp;&raquo;<\/p><\/blockquote><p>Selon le Post, la vente r&eacute;cente de la franchise &agrave; un groupe d&rsquo;investisseurs men&eacute;s par Josh Harris a pouss&eacute; l&rsquo;entreprise &agrave; revoir ses plans d&rsquo;investissements marketing qui ne semblait &laquo;&nbsp;plus align&eacute; sur leurs objectifs&nbsp;&raquo;.<\/p><h3><strong>Quelles options pour les Commanders ?&nbsp;<\/strong><\/h3><p>&Agrave; pr&eacute;sent, les Commanders se trouvent dans une position qui est un peu similaire &agrave; celle des Titans.<\/p><p>En effet, Washington souhaite construire un nouveau stade pour remplacer le vieillissant ex-FedEx Field. Sans partenaire d&rsquo;appellation de stade, les Commanders pourraient alors chercher un partenaire pour un accord &agrave; court terme le temps de la construction du nouveau stade et ensuite chercher un autre partenaire pour le suivant.<\/p><p>Les Titans eux, ont renouvel&eacute; leur partenariat avec Nissan, partenaire de naming actuel, pour une dur&eacute;e de 20 ans comprenant les droits d&rsquo;appellation pour le prochain stade qui sortira de terre en 2027.<\/p><p>&nbsp;<\/p><p>Quand tout semble s&rsquo;&ecirc;tre enfin stabilis&eacute; du c&ocirc;t&eacute; de Washington, une nouvelle probl&eacute;matique resurgit.<\/p><p>&nbsp;<\/p><p>Credit Photo : Rafael Suanes-USA TODAY Sports<\/p>\n","protected":false},"excerpt":{"rendered":"","protected":false},"author":13,"featured_media":1373089,"comment_status":"open","ping_status":"closed","sticky":false,"template":"","format":"standard","meta":{"inline_featured_image":false,"kia_subtitle":"","_mux_skip_reasons":[],"proofreadBy":0,"footnotes":""},"categories":[118,40],"tags":[532,3285],"sport":[],"saison":[],"class_list":["post-1373088","post","type-post","status-publish","format-standard","has-post-thumbnail","hentry","category-actualite-nfl","category-nfl","tag-fedex","tag-washington-commanders"],"acf":[],"yoast_head":"<!-- This site is optimized with the Yoast SEO plugin v24.2 - https:\/\/yoast.com\/wordpress\/plugins\/seo\/ -->\n<title>FedEx se retire des droits de naming du stade des Commanders 2 ans en avance - The Playoffs FR<\/title>\n<meta name=\"robots\" content=\"index, follow, max-snippet:-1, max-image-preview:large, max-video-preview:-1\" \/>\n<link rel=\"canonical\" href=\"https:\/\/theplayoffs.news\/fr\/actualite-nfl\/fedex-retire-droits-naming-stade-commanders\/\" \/>\n<meta property=\"og:locale\" content=\"fr_FR\" \/>\n<meta property=\"og:type\" content=\"article\" \/>\n<meta property=\"og:title\" content=\"FedEx se retire des droits de naming du stade des Commanders 2 ans en avance - The Playoffs FR\" \/>\n<meta property=\"og:url\" content=\"https:\/\/theplayoffs.news\/fr\/actualite-nfl\/fedex-retire-droits-naming-stade-commanders\/\" \/>\n<meta property=\"og:site_name\" content=\"The Playoffs FR\" \/>\n<meta property=\"article:publisher\" content=\"https:\/\/www.facebook.com\/TheFreeAgentFR\/\" \/>\n<meta property=\"article:modified_time\" content=\"2024-02-28T16:49:34+01:00\" \/>\n<meta property=\"og:image\" content=\"https:\/\/theplayoffs.news\/fr\/wp-content\/uploads\/2024\/02\/USATSI_17011109.jpg\" \/>\n\t<meta property=\"og:image:width\" content=\"1920\" \/>\n\t<meta property=\"og:image:height\" content=\"1280\" \/>\n\t<meta property=\"og:image:type\" content=\"image\/jpeg\" \/>\n<meta name=\"author\" content=\"Charles Taudin\" \/>\n<meta name=\"twitter:card\" content=\"summary_large_image\" \/>\n<meta name=\"twitter:creator\" content=\"@TheFreeAgentFR\" \/>\n<meta name=\"twitter:site\" content=\"@TheFreeAgentFR\" \/>\n<meta name=\"twitter:label1\" content=\"\u00c9crit par\" \/>\n\t<meta name=\"twitter:data1\" content=\"Charles Taudin\" \/>\n\t<meta name=\"twitter:label2\" content=\"Dur\u00e9e de lecture estim\u00e9e\" \/>\n\t<meta name=\"twitter:data2\" content=\"2 minutes\" \/>\n<script type=\"application\/ld+json\" class=\"yoast-schema-graph\">{\"@context\":\"https:\/\/schema.org\",\"@graph\":[{\"@type\":\"WebPage\",\"@id\":\"https:\/\/theplayoffs.news\/fr\/actualite-nfl\/fedex-retire-droits-naming-stade-commanders\/\",\"url\":\"https:\/\/theplayoffs.news\/fr\/actualite-nfl\/fedex-retire-droits-naming-stade-commanders\/\",\"name\":\"FedEx se retire des droits de naming du stade des Commanders 2 ans en avance - The Playoffs FR\",\"isPartOf\":{\"@id\":\"https:\/\/theplayoffs.news\/fr\/#website\"},\"primaryImageOfPage\":{\"@id\":\"https:\/\/theplayoffs.news\/fr\/actualite-nfl\/fedex-retire-droits-naming-stade-commanders\/#primaryimage\"},\"image\":{\"@id\":\"https:\/\/theplayoffs.news\/fr\/actualite-nfl\/fedex-retire-droits-naming-stade-commanders\/#primaryimage\"},\"thumbnailUrl\":\"https:\/\/theplayoffs.news\/fr\/wp-content\/uploads\/2024\/02\/USATSI_17011109.jpg\",\"datePublished\":\"2024-02-28T15:49:34+00:00\",\"dateModified\":\"2024-02-28T16:49:34+01:00\",\"author\":{\"@id\":\"https:\/\/theplayoffs.news\/fr\/#\/schema\/person\/eee5b69ad5d3c51cabe881c839dbe133\"},\"breadcrumb\":{\"@id\":\"https:\/\/theplayoffs.news\/fr\/actualite-nfl\/fedex-retire-droits-naming-stade-commanders\/#breadcrumb\"},\"inLanguage\":\"fr-FR\",\"potentialAction\":[{\"@type\":\"ReadAction\",\"target\":[\"https:\/\/theplayoffs.news\/fr\/actualite-nfl\/fedex-retire-droits-naming-stade-commanders\/\"]}]},{\"@type\":\"ImageObject\",\"inLanguage\":\"fr-FR\",\"@id\":\"https:\/\/theplayoffs.news\/fr\/actualite-nfl\/fedex-retire-droits-naming-stade-commanders\/#primaryimage\",\"url\":\"https:\/\/theplayoffs.news\/fr\/wp-content\/uploads\/2024\/02\/USATSI_17011109.jpg\",\"contentUrl\":\"https:\/\/theplayoffs.news\/fr\/wp-content\/uploads\/2024\/02\/USATSI_17011109.jpg\",\"width\":1920,\"height\":1280,\"caption\":\"Oct 23, 2021; Washington, DC, USA; General view of FedEx Field before the 1874 Cup Rugby Autumn Internationals rugby match at FedEx Field. Mandatory Credit: Rafael Suanes-USA TODAY Sports\"},{\"@type\":\"BreadcrumbList\",\"@id\":\"https:\/\/theplayoffs.news\/fr\/actualite-nfl\/fedex-retire-droits-naming-stade-commanders\/#breadcrumb\",\"itemListElement\":[{\"@type\":\"ListItem\",\"position\":1,\"name\":\"Accueil\",\"item\":\"https:\/\/theplayoffs.news\/fr\/\"},{\"@type\":\"ListItem\",\"position\":2,\"name\":\"FedEx se retire des droits de naming du stade des Commanders 2 ans en avance\"}]},{\"@type\":\"WebSite\",\"@id\":\"https:\/\/theplayoffs.news\/fr\/#website\",\"url\":\"https:\/\/theplayoffs.news\/fr\/\",\"name\":\"The Playoffs FR\",\"description\":\"NBA-NFL-NHL-MLB\",\"potentialAction\":[{\"@type\":\"SearchAction\",\"target\":{\"@type\":\"EntryPoint\",\"urlTemplate\":\"https:\/\/theplayoffs.news\/fr\/?s={search_term_string}\"},\"query-input\":{\"@type\":\"PropertyValueSpecification\",\"valueRequired\":true,\"valueName\":\"search_term_string\"}}],\"inLanguage\":\"fr-FR\"},{\"@type\":\"Person\",\"@id\":\"https:\/\/theplayoffs.news\/fr\/#\/schema\/person\/eee5b69ad5d3c51cabe881c839dbe133\",\"name\":\"Charles Taudin\",\"image\":{\"@type\":\"ImageObject\",\"inLanguage\":\"fr-FR\",\"@id\":\"https:\/\/theplayoffs.news\/fr\/#\/schema\/person\/image\/\",\"url\":\"https:\/\/secure.gravatar.com\/avatar\/59a1e772205ce9fd255edfcafc93013736822e20261f294c5753b20c41ede9f2?s=96&d=mm&r=g\",\"contentUrl\":\"https:\/\/secure.gravatar.com\/avatar\/59a1e772205ce9fd255edfcafc93013736822e20261f294c5753b20c41ede9f2?s=96&d=mm&r=g\",\"caption\":\"Charles Taudin\"},\"description\":\"R\u00e9dacteur en chef global de The Playoffs, j\u2019ai cr\u00e9\u00e9 The Free Agent, devenu The Playoffs FR, en 2020 durant la pand\u00e9mie. Amoureux depuis des ann\u00e9es des 4 sports majeurs am\u00e9ricains, j\u2019organise maintenant la strat\u00e9gie \u00e9ditoriale et les r\u00e9seaux sociaux de l\u2019ensemble des versions de The Playoffs. Il m\u2019arrive encore d\u2019\u00e9crire sur certains sports que j\u2019affectionne particuli\u00e8rement comme la NFL ou la MLB. Si vous devez retenir qu\u2019une chose : Eli Manning est le vrai GOAT pour avoir battu deux fois Tom Brady.\",\"sameAs\":[\"https:\/\/www.instagram.com\/ctaudin_\/\"],\"url\":\"https:\/\/theplayoffs.news\/fr\/author\/charles-taudin\/\"}]}<\/script>\n<!-- \/ Yoast SEO plugin. -->","yoast_head_json":{"title":"FedEx se retire des droits de naming du stade des Commanders 2 ans en avance - The Playoffs FR","robots":{"index":"index","follow":"follow","max-snippet":"max-snippet:-1","max-image-preview":"max-image-preview:large","max-video-preview":"max-video-preview:-1"},"canonical":"https:\/\/theplayoffs.news\/fr\/actualite-nfl\/fedex-retire-droits-naming-stade-commanders\/","og_locale":"fr_FR","og_type":"article","og_title":"FedEx se retire des droits de naming du stade des Commanders 2 ans en avance - The Playoffs FR","og_url":"https:\/\/theplayoffs.news\/fr\/actualite-nfl\/fedex-retire-droits-naming-stade-commanders\/","og_site_name":"The Playoffs FR","article_publisher":"https:\/\/www.facebook.com\/TheFreeAgentFR\/","article_modified_time":"2024-02-28T15:11:19+00:00","og_image":[{"width":1920,"height":1280,"url":"https:\/\/theplayoffs.news\/fr\/wp-content\/uploads\/2024\/02\/USATSI_17011109.jpg","type":"image\/jpeg"}],"author":"Charles Taudin","twitter_card":"summary_large_image","twitter_creator":"@TheFreeAgentFR","twitter_site":"@TheFreeAgentFR","twitter_misc":{"\u00c9crit par":"Charles Taudin","Dur\u00e9e de lecture estim\u00e9e":"2 minutes"},"schema":{"@context":"https:\/\/schema.org","@graph":[{"@type":"WebPage","@id":"https:\/\/theplayoffs.news\/fr\/actualite-nfl\/fedex-retire-droits-naming-stade-commanders\/","url":"https:\/\/theplayoffs.news\/fr\/actualite-nfl\/fedex-retire-droits-naming-stade-commanders\/","name":"FedEx se retire des droits de naming du stade des Commanders 2 ans en avance - The Playoffs FR","isPartOf":{"@id":"https:\/\/theplayoffs.news\/fr\/#website"},"primaryImageOfPage":{"@id":"https:\/\/theplayoffs.news\/fr\/actualite-nfl\/fedex-retire-droits-naming-stade-commanders\/#primaryimage"},"image":{"@id":"https:\/\/theplayoffs.news\/fr\/actualite-nfl\/fedex-retire-droits-naming-stade-commanders\/#primaryimage"},"thumbnailUrl":"https:\/\/theplayoffs.news\/fr\/wp-content\/uploads\/2024\/02\/USATSI_17011109.jpg","datePublished":"2024-02-28T15:49:34+00:00","dateModified":"2024-02-28T16:49:34+01:00","author":{"@id":"https:\/\/theplayoffs.news\/fr\/#\/schema\/person\/eee5b69ad5d3c51cabe881c839dbe133"},"breadcrumb":{"@id":"https:\/\/theplayoffs.news\/fr\/actualite-nfl\/fedex-retire-droits-naming-stade-commanders\/#breadcrumb"},"inLanguage":"fr-FR","potentialAction":[{"@type":"ReadAction","target":["https:\/\/theplayoffs.news\/fr\/actualite-nfl\/fedex-retire-droits-naming-stade-commanders\/"]}]},{"@type":"ImageObject","inLanguage":"fr-FR","@id":"https:\/\/theplayoffs.news\/fr\/actualite-nfl\/fedex-retire-droits-naming-stade-commanders\/#primaryimage","url":"https:\/\/theplayoffs.news\/fr\/wp-content\/uploads\/2024\/02\/USATSI_17011109.jpg","contentUrl":"https:\/\/theplayoffs.news\/fr\/wp-content\/uploads\/2024\/02\/USATSI_17011109.jpg","width":1920,"height":1280,"caption":"Oct 23, 2021; Washington, DC, USA; General view of FedEx Field before the 1874 Cup Rugby Autumn Internationals rugby match at FedEx Field. Mandatory Credit: Rafael Suanes-USA TODAY Sports"},{"@type":"BreadcrumbList","@id":"https:\/\/theplayoffs.news\/fr\/actualite-nfl\/fedex-retire-droits-naming-stade-commanders\/#breadcrumb","itemListElement":[{"@type":"ListItem","position":1,"name":"Accueil","item":"https:\/\/theplayoffs.news\/fr\/"},{"@type":"ListItem","position":2,"name":"FedEx se retire des droits de naming du stade des Commanders 2 ans en avance"}]},{"@type":"WebSite","@id":"https:\/\/theplayoffs.news\/fr\/#website","url":"https:\/\/theplayoffs.news\/fr\/","name":"The Playoffs FR","description":"NBA-NFL-NHL-MLB","potentialAction":[{"@type":"SearchAction","target":{"@type":"EntryPoint","urlTemplate":"https:\/\/theplayoffs.news\/fr\/?s={search_term_string}"},"query-input":{"@type":"PropertyValueSpecification","valueRequired":true,"valueName":"search_term_string"}}],"inLanguage":"fr-FR"},{"@type":"Person","@id":"https:\/\/theplayoffs.news\/fr\/#\/schema\/person\/eee5b69ad5d3c51cabe881c839dbe133","name":"Charles Taudin","image":{"@type":"ImageObject","inLanguage":"fr-FR","@id":"https:\/\/theplayoffs.news\/fr\/#\/schema\/person\/image\/","url":"https:\/\/secure.gravatar.com\/avatar\/59a1e772205ce9fd255edfcafc93013736822e20261f294c5753b20c41ede9f2?s=96&d=mm&r=g","contentUrl":"https:\/\/secure.gravatar.com\/avatar\/59a1e772205ce9fd255edfcafc93013736822e20261f294c5753b20c41ede9f2?s=96&d=mm&r=g","caption":"Charles Taudin"},"description":"R\u00e9dacteur en chef global de The Playoffs, j\u2019ai cr\u00e9\u00e9 The Free Agent, devenu The Playoffs FR, en 2020 durant la pand\u00e9mie. Amoureux depuis des ann\u00e9es des 4 sports majeurs am\u00e9ricains, j\u2019organise maintenant la strat\u00e9gie \u00e9ditoriale et les r\u00e9seaux sociaux de l\u2019ensemble des versions de The Playoffs. Il m\u2019arrive encore d\u2019\u00e9crire sur certains sports que j\u2019affectionne particuli\u00e8rement comme la NFL ou la MLB. Si vous devez retenir qu\u2019une chose : Eli Manning est le vrai GOAT pour avoir battu deux fois Tom Brady.","sameAs":["https:\/\/www.instagram.com\/ctaudin_\/"],"url":"https:\/\/theplayoffs.news\/fr\/author\/charles-taudin\/"}]}},"_links":{"self":[{"href":"https:\/\/theplayoffs.news\/fr\/wp-json\/wp\/v2\/posts\/1373088","targetHints":{"allow":["GET"]}}],"collection":[{"href":"https:\/\/theplayoffs.news\/fr\/wp-json\/wp\/v2\/posts"}],"about":[{"href":"https:\/\/theplayoffs.news\/fr\/wp-json\/wp\/v2\/types\/post"}],"author":[{"embeddable":true,"href":"https:\/\/theplayoffs.news\/fr\/wp-json\/wp\/v2\/users\/13"}],"replies":[{"embeddable":true,"href":"https:\/\/theplayoffs.news\/fr\/wp-json\/wp\/v2\/comments?post=1373088"}],"version-history":[{"count":3,"href":"https:\/\/theplayoffs.news\/fr\/wp-json\/wp\/v2\/posts\/1373088\/revisions"}],"predecessor-version":[{"id":1373092,"href":"https:\/\/theplayoffs.news\/fr\/wp-json\/wp\/v2\/posts\/1373088\/revisions\/1373092"}],"wp:featuredmedia":[{"embeddable":true,"href":"https:\/\/theplayoffs.news\/fr\/wp-json\/wp\/v2\/media\/1373089"}],"wp:attachment":[{"href":"https:\/\/theplayoffs.news\/fr\/wp-json\/wp\/v2\/media?parent=1373088"}],"wp:term":[{"taxonomy":"category","embeddable":true,"href":"https:\/\/theplayoffs.news\/fr\/wp-json\/wp\/v2\/categories?post=1373088"},{"taxonomy":"post_tag","embeddable":true,"href":"https:\/\/theplayoffs.news\/fr\/wp-json\/wp\/v2\/tags?post=1373088"},{"taxonomy":"sport","embeddable":true,"href":"https:\/\/theplayoffs.news\/fr\/wp-json\/wp\/v2\/sport?post=1373088"},{"taxonomy":"saison","embeddable":true,"href":"https:\/\/theplayoffs.news\/fr\/wp-json\/wp\/v2\/saison?post=1373088"}],"curies":[{"name":"wp","href":"https:\/\/api.w.org\/{rel}","templated":true}]}}