{"id":1373083,"date":"2024-02-28T15:46:18","date_gmt":"2024-02-28T14:46:18","guid":{"rendered":"https:\/\/theplayoffs.news\/fr\/?p=1373083"},"modified":"2024-02-28T15:46:18","modified_gmt":"2024-02-28T14:46:18","slug":"caleb-williams-pret-pour-le-combine","status":"publish","type":"post","link":"https:\/\/theplayoffs.news\/fr\/actualite-nfl\/caleb-williams-pret-pour-le-combine\/","title":{"rendered":"Caleb Williams : pr\u00eat pour le Combine"},"content":{"rendered":"<h2>Depuis d&eacute;j&agrave; 2 saisons, Caleb Williams est le nom qui revient lorsqu&rsquo;on &eacute;voque le potentiel n&deg;1 de la draft NFL 2024.<\/h2><p>Jeudi, c&rsquo;est le d&eacute;but du Combine et les &eacute;quipes, pas toutes, seront pr&eacute;sentes pour &eacute;valuer les prospects qui vont se pr&eacute;senter &agrave; la draft, dont Caleb Williams. Il sera scrut&eacute; par les deux &eacute;quipes qui ont les choix 1 et 2 : <a href=\"https:\/\/theplayoffs.news\/fr\/equipe\/chicago-bears-nfl\/\" class=\"trk-cta-link\" data-cta-trk='{\"ctaType\":\"Link\",\"ctaSubType\":\"main\"}'>les Bears<\/a> et les Commanders.<\/p><p>Caleb Williams, dans sa r&eacute;cente <a href=\"https:\/\/www.espn.com\/nfl\/story\/_\/id\/39614907\/caleb-williams-intrigued-bears-commanders-top-draft\" class=\"trk-cta-link\" data-cta-trk='{\"ctaType\":\"Link\",\"ctaSubType\":\"main\"}'>conversation avec ESPN<\/a>, n&rsquo;a pas seulement partag&eacute; ses aspirations et r&eacute;flexions, mais a &eacute;galement peint un tableau vivant de son parcours, de ses ambitions et de la philosophie qui le guide, tant sur le terrain qu&rsquo;en dehors.<\/p><p>D&egrave;s son plus jeune &acirc;ge, Williams a nourri le r&ecirc;ve de jouer au football professionnel.<\/p><blockquote><p>&laquo;&nbsp;C&rsquo;est ce pour quoi je me pr&eacute;pare toute ma vie&nbsp;&raquo;, a-t-il remarqu&eacute;, &laquo;&nbsp;Depuis que j&rsquo;ai 10 ou 11 ans, c&rsquo;est ce que je veux faire pour le reste de ma vie. &Agrave; cet &acirc;ge et jusqu&rsquo;&agrave; aujourd&rsquo;hui, on a l&rsquo;impression de vivre toute sa vie. Je suis enthousiaste. Je suis pr&ecirc;t &agrave; revenir dans une &eacute;quipe de football avec mes co&eacute;quipiers et mes fr&egrave;res &ndash; mes nouveaux fr&egrave;res maintenant.<\/p><\/blockquote><p>Son admiration pour des l&eacute;gendes du sport comme Michael Jordan et Walter Payton, coupl&eacute;e &agrave; son amour pour le jeu, a aliment&eacute; son ambition de non seulement atteindre la NFL, mais de laisser une marque ind&eacute;l&eacute;bile.<\/p><p>&Agrave; l&rsquo;approche du combine de la NFL, Williams se tient au seuil d&rsquo;un nouveau chapitre de sa carri&egrave;re. Optant pour se concentrer sur sa journ&eacute;e pro &agrave; l&rsquo;USC le 20 mars plut&ocirc;t que de participer aux entra&icirc;nements du combine, il montre une approche diff&eacute;rentes de celle habituellement observ&eacute;e.<\/p><p>L&rsquo;anticipation de Caleb Williams &agrave; rencontrer les Bears et d&rsquo;autres &eacute;quipes potentielles est &eacute;gal&eacute;e par son engagement &agrave; maintenir sa pr&eacute;paration physique et mentale, un t&eacute;moignage de sa maturit&eacute; professionnelle et de son focus.<\/p><p>Qu&rsquo;il soit rep&ecirc;ch&eacute; par les Bears ou une autre &eacute;quipe, son objectif principal reste inchang&eacute; : gagner des matchs et contribuer &agrave; une culture de la victoire.<\/p><p>&nbsp;<\/p><p>Credit Photo : Kirby Lee-USA TODAY Sports<\/p>\n","protected":false},"excerpt":{"rendered":"","protected":false},"author":13,"featured_media":1373084,"comment_status":"open","ping_status":"closed","sticky":false,"template":"","format":"standard","meta":{"inline_featured_image":false,"kia_subtitle":"","_mux_skip_reasons":[],"proofreadBy":0,"footnotes":""},"categories":[118,40],"tags":[2959],"sport":[],"saison":[],"class_list":["post-1373083","post","type-post","status-publish","format-standard","has-post-thumbnail","hentry","category-actualite-nfl","category-nfl","tag-caleb-williams"],"acf":[],"yoast_head":"<!-- This site is optimized with the Yoast SEO plugin v24.2 - https:\/\/yoast.com\/wordpress\/plugins\/seo\/ -->\n<title>Caleb Williams : pr&ecirc;t pour le Combine - The Playoffs FR<\/title>\n<meta name=\"robots\" content=\"index, follow, max-snippet:-1, max-image-preview:large, max-video-preview:-1\" \/>\n<link rel=\"canonical\" href=\"https:\/\/theplayoffs.news\/fr\/actualite-nfl\/caleb-williams-pret-pour-le-combine\/\" \/>\n<meta property=\"og:locale\" content=\"fr_FR\" \/>\n<meta property=\"og:type\" content=\"article\" \/>\n<meta property=\"og:title\" content=\"Caleb Williams : pr&ecirc;t pour le Combine - The Playoffs FR\" \/>\n<meta property=\"og:url\" content=\"https:\/\/theplayoffs.news\/fr\/actualite-nfl\/caleb-williams-pret-pour-le-combine\/\" \/>\n<meta property=\"og:site_name\" content=\"The Playoffs FR\" \/>\n<meta property=\"article:publisher\" content=\"https:\/\/www.facebook.com\/TheFreeAgentFR\/\" \/>\n<meta property=\"article:modified_time\" content=\"2024-02-28T15:46:18+01:00\" \/>\n<meta property=\"og:image\" content=\"https:\/\/theplayoffs.news\/fr\/wp-content\/uploads\/2024\/02\/USATSI_22194285.jpg\" \/>\n\t<meta property=\"og:image:width\" content=\"1920\" \/>\n\t<meta property=\"og:image:height\" content=\"1280\" \/>\n\t<meta property=\"og:image:type\" content=\"image\/jpeg\" \/>\n<meta name=\"author\" content=\"Charles Taudin\" \/>\n<meta name=\"twitter:card\" content=\"summary_large_image\" \/>\n<meta name=\"twitter:creator\" content=\"@TheFreeAgentFR\" \/>\n<meta name=\"twitter:site\" content=\"@TheFreeAgentFR\" \/>\n<meta name=\"twitter:label1\" content=\"\u00c9crit par\" \/>\n\t<meta name=\"twitter:data1\" content=\"Charles Taudin\" \/>\n\t<meta name=\"twitter:label2\" content=\"Dur\u00e9e de lecture estim\u00e9e\" \/>\n\t<meta name=\"twitter:data2\" content=\"2 minutes\" \/>\n<script type=\"application\/ld+json\" class=\"yoast-schema-graph\">{\"@context\":\"https:\/\/schema.org\",\"@graph\":[{\"@type\":\"WebPage\",\"@id\":\"https:\/\/theplayoffs.news\/fr\/actualite-nfl\/caleb-williams-pret-pour-le-combine\/\",\"url\":\"https:\/\/theplayoffs.news\/fr\/actualite-nfl\/caleb-williams-pret-pour-le-combine\/\",\"name\":\"Caleb Williams : pr\u00eat pour le Combine - The Playoffs FR\",\"isPartOf\":{\"@id\":\"https:\/\/theplayoffs.news\/fr\/#website\"},\"primaryImageOfPage\":{\"@id\":\"https:\/\/theplayoffs.news\/fr\/actualite-nfl\/caleb-williams-pret-pour-le-combine\/#primaryimage\"},\"image\":{\"@id\":\"https:\/\/theplayoffs.news\/fr\/actualite-nfl\/caleb-williams-pret-pour-le-combine\/#primaryimage\"},\"thumbnailUrl\":\"https:\/\/theplayoffs.news\/fr\/wp-content\/uploads\/2024\/02\/USATSI_22194285.jpg\",\"datePublished\":\"2024-02-28T14:46:18+00:00\",\"dateModified\":\"2024-02-28T14:46:18+00:00\",\"author\":{\"@id\":\"https:\/\/theplayoffs.news\/fr\/#\/schema\/person\/eee5b69ad5d3c51cabe881c839dbe133\"},\"breadcrumb\":{\"@id\":\"https:\/\/theplayoffs.news\/fr\/actualite-nfl\/caleb-williams-pret-pour-le-combine\/#breadcrumb\"},\"inLanguage\":\"fr-FR\",\"potentialAction\":[{\"@type\":\"ReadAction\",\"target\":[\"https:\/\/theplayoffs.news\/fr\/actualite-nfl\/caleb-williams-pret-pour-le-combine\/\"]}]},{\"@type\":\"ImageObject\",\"inLanguage\":\"fr-FR\",\"@id\":\"https:\/\/theplayoffs.news\/fr\/actualite-nfl\/caleb-williams-pret-pour-le-combine\/#primaryimage\",\"url\":\"https:\/\/theplayoffs.news\/fr\/wp-content\/uploads\/2024\/02\/USATSI_22194285.jpg\",\"contentUrl\":\"https:\/\/theplayoffs.news\/fr\/wp-content\/uploads\/2024\/02\/USATSI_22194285.jpg\",\"width\":1920,\"height\":1280,\"caption\":\"Dec 27, 2023; San Diego, CA, USA; Southern California Trojans quarterback Caleb Williams (13) celebrates after the Holiday Bowl against the Louisville Cardinals at Petco Park. Mandatory Credit: Kirby Lee-USA TODAY Sports\"},{\"@type\":\"BreadcrumbList\",\"@id\":\"https:\/\/theplayoffs.news\/fr\/actualite-nfl\/caleb-williams-pret-pour-le-combine\/#breadcrumb\",\"itemListElement\":[{\"@type\":\"ListItem\",\"position\":1,\"name\":\"Accueil\",\"item\":\"https:\/\/theplayoffs.news\/fr\/\"},{\"@type\":\"ListItem\",\"position\":2,\"name\":\"Caleb Williams : pr\u00eat pour le Combine\"}]},{\"@type\":\"WebSite\",\"@id\":\"https:\/\/theplayoffs.news\/fr\/#website\",\"url\":\"https:\/\/theplayoffs.news\/fr\/\",\"name\":\"The Playoffs FR\",\"description\":\"NBA-NFL-NHL-MLB\",\"potentialAction\":[{\"@type\":\"SearchAction\",\"target\":{\"@type\":\"EntryPoint\",\"urlTemplate\":\"https:\/\/theplayoffs.news\/fr\/?s={search_term_string}\"},\"query-input\":{\"@type\":\"PropertyValueSpecification\",\"valueRequired\":true,\"valueName\":\"search_term_string\"}}],\"inLanguage\":\"fr-FR\"},{\"@type\":\"Person\",\"@id\":\"https:\/\/theplayoffs.news\/fr\/#\/schema\/person\/eee5b69ad5d3c51cabe881c839dbe133\",\"name\":\"Charles Taudin\",\"image\":{\"@type\":\"ImageObject\",\"inLanguage\":\"fr-FR\",\"@id\":\"https:\/\/theplayoffs.news\/fr\/#\/schema\/person\/image\/\",\"url\":\"https:\/\/secure.gravatar.com\/avatar\/59a1e772205ce9fd255edfcafc93013736822e20261f294c5753b20c41ede9f2?s=96&d=mm&r=g\",\"contentUrl\":\"https:\/\/secure.gravatar.com\/avatar\/59a1e772205ce9fd255edfcafc93013736822e20261f294c5753b20c41ede9f2?s=96&d=mm&r=g\",\"caption\":\"Charles Taudin\"},\"description\":\"R\u00e9dacteur en chef global de The Playoffs, j\u2019ai cr\u00e9\u00e9 The Free Agent, devenu The Playoffs FR, en 2020 durant la pand\u00e9mie. Amoureux depuis des ann\u00e9es des 4 sports majeurs am\u00e9ricains, j\u2019organise maintenant la strat\u00e9gie \u00e9ditoriale et les r\u00e9seaux sociaux de l\u2019ensemble des versions de The Playoffs. Il m\u2019arrive encore d\u2019\u00e9crire sur certains sports que j\u2019affectionne particuli\u00e8rement comme la NFL ou la MLB. Si vous devez retenir qu\u2019une chose : Eli Manning est le vrai GOAT pour avoir battu deux fois Tom Brady.\",\"sameAs\":[\"https:\/\/www.instagram.com\/ctaudin_\/\"],\"url\":\"https:\/\/theplayoffs.news\/fr\/author\/charles-taudin\/\"}]}<\/script>\n<!-- \/ Yoast SEO plugin. -->","yoast_head_json":{"title":"Caleb Williams : pr&ecirc;t pour le Combine - The Playoffs FR","robots":{"index":"index","follow":"follow","max-snippet":"max-snippet:-1","max-image-preview":"max-image-preview:large","max-video-preview":"max-video-preview:-1"},"canonical":"https:\/\/theplayoffs.news\/fr\/actualite-nfl\/caleb-williams-pret-pour-le-combine\/","og_locale":"fr_FR","og_type":"article","og_title":"Caleb Williams : pr&ecirc;t pour le Combine - The Playoffs FR","og_url":"https:\/\/theplayoffs.news\/fr\/actualite-nfl\/caleb-williams-pret-pour-le-combine\/","og_site_name":"The Playoffs FR","article_publisher":"https:\/\/www.facebook.com\/TheFreeAgentFR\/","og_image":[{"width":1920,"height":1280,"url":"https:\/\/theplayoffs.news\/fr\/wp-content\/uploads\/2024\/02\/USATSI_22194285.jpg","type":"image\/jpeg"}],"author":"Charles Taudin","twitter_card":"summary_large_image","twitter_creator":"@TheFreeAgentFR","twitter_site":"@TheFreeAgentFR","twitter_misc":{"\u00c9crit par":"Charles Taudin","Dur\u00e9e de lecture estim\u00e9e":"2 minutes"},"schema":{"@context":"https:\/\/schema.org","@graph":[{"@type":"WebPage","@id":"https:\/\/theplayoffs.news\/fr\/actualite-nfl\/caleb-williams-pret-pour-le-combine\/","url":"https:\/\/theplayoffs.news\/fr\/actualite-nfl\/caleb-williams-pret-pour-le-combine\/","name":"Caleb Williams : pr\u00eat pour le Combine - The Playoffs FR","isPartOf":{"@id":"https:\/\/theplayoffs.news\/fr\/#website"},"primaryImageOfPage":{"@id":"https:\/\/theplayoffs.news\/fr\/actualite-nfl\/caleb-williams-pret-pour-le-combine\/#primaryimage"},"image":{"@id":"https:\/\/theplayoffs.news\/fr\/actualite-nfl\/caleb-williams-pret-pour-le-combine\/#primaryimage"},"thumbnailUrl":"https:\/\/theplayoffs.news\/fr\/wp-content\/uploads\/2024\/02\/USATSI_22194285.jpg","datePublished":"2024-02-28T14:46:18+00:00","dateModified":"2024-02-28T14:46:18+00:00","author":{"@id":"https:\/\/theplayoffs.news\/fr\/#\/schema\/person\/eee5b69ad5d3c51cabe881c839dbe133"},"breadcrumb":{"@id":"https:\/\/theplayoffs.news\/fr\/actualite-nfl\/caleb-williams-pret-pour-le-combine\/#breadcrumb"},"inLanguage":"fr-FR","potentialAction":[{"@type":"ReadAction","target":["https:\/\/theplayoffs.news\/fr\/actualite-nfl\/caleb-williams-pret-pour-le-combine\/"]}]},{"@type":"ImageObject","inLanguage":"fr-FR","@id":"https:\/\/theplayoffs.news\/fr\/actualite-nfl\/caleb-williams-pret-pour-le-combine\/#primaryimage","url":"https:\/\/theplayoffs.news\/fr\/wp-content\/uploads\/2024\/02\/USATSI_22194285.jpg","contentUrl":"https:\/\/theplayoffs.news\/fr\/wp-content\/uploads\/2024\/02\/USATSI_22194285.jpg","width":1920,"height":1280,"caption":"Dec 27, 2023; San Diego, CA, USA; Southern California Trojans quarterback Caleb Williams (13) celebrates after the Holiday Bowl against the Louisville Cardinals at Petco Park. Mandatory Credit: Kirby Lee-USA TODAY Sports"},{"@type":"BreadcrumbList","@id":"https:\/\/theplayoffs.news\/fr\/actualite-nfl\/caleb-williams-pret-pour-le-combine\/#breadcrumb","itemListElement":[{"@type":"ListItem","position":1,"name":"Accueil","item":"https:\/\/theplayoffs.news\/fr\/"},{"@type":"ListItem","position":2,"name":"Caleb Williams : pr\u00eat pour le Combine"}]},{"@type":"WebSite","@id":"https:\/\/theplayoffs.news\/fr\/#website","url":"https:\/\/theplayoffs.news\/fr\/","name":"The Playoffs FR","description":"NBA-NFL-NHL-MLB","potentialAction":[{"@type":"SearchAction","target":{"@type":"EntryPoint","urlTemplate":"https:\/\/theplayoffs.news\/fr\/?s={search_term_string}"},"query-input":{"@type":"PropertyValueSpecification","valueRequired":true,"valueName":"search_term_string"}}],"inLanguage":"fr-FR"},{"@type":"Person","@id":"https:\/\/theplayoffs.news\/fr\/#\/schema\/person\/eee5b69ad5d3c51cabe881c839dbe133","name":"Charles Taudin","image":{"@type":"ImageObject","inLanguage":"fr-FR","@id":"https:\/\/theplayoffs.news\/fr\/#\/schema\/person\/image\/","url":"https:\/\/secure.gravatar.com\/avatar\/59a1e772205ce9fd255edfcafc93013736822e20261f294c5753b20c41ede9f2?s=96&d=mm&r=g","contentUrl":"https:\/\/secure.gravatar.com\/avatar\/59a1e772205ce9fd255edfcafc93013736822e20261f294c5753b20c41ede9f2?s=96&d=mm&r=g","caption":"Charles Taudin"},"description":"R\u00e9dacteur en chef global de The Playoffs, j\u2019ai cr\u00e9\u00e9 The Free Agent, devenu The Playoffs FR, en 2020 durant la pand\u00e9mie. Amoureux depuis des ann\u00e9es des 4 sports majeurs am\u00e9ricains, j\u2019organise maintenant la strat\u00e9gie \u00e9ditoriale et les r\u00e9seaux sociaux de l\u2019ensemble des versions de The Playoffs. Il m\u2019arrive encore d\u2019\u00e9crire sur certains sports que j\u2019affectionne particuli\u00e8rement comme la NFL ou la MLB. Si vous devez retenir qu\u2019une chose : Eli Manning est le vrai GOAT pour avoir battu deux fois Tom Brady.","sameAs":["https:\/\/www.instagram.com\/ctaudin_\/"],"url":"https:\/\/theplayoffs.news\/fr\/author\/charles-taudin\/"}]}},"_links":{"self":[{"href":"https:\/\/theplayoffs.news\/fr\/wp-json\/wp\/v2\/posts\/1373083","targetHints":{"allow":["GET"]}}],"collection":[{"href":"https:\/\/theplayoffs.news\/fr\/wp-json\/wp\/v2\/posts"}],"about":[{"href":"https:\/\/theplayoffs.news\/fr\/wp-json\/wp\/v2\/types\/post"}],"author":[{"embeddable":true,"href":"https:\/\/theplayoffs.news\/fr\/wp-json\/wp\/v2\/users\/13"}],"replies":[{"embeddable":true,"href":"https:\/\/theplayoffs.news\/fr\/wp-json\/wp\/v2\/comments?post=1373083"}],"version-history":[{"count":3,"href":"https:\/\/theplayoffs.news\/fr\/wp-json\/wp\/v2\/posts\/1373083\/revisions"}],"predecessor-version":[{"id":1373087,"href":"https:\/\/theplayoffs.news\/fr\/wp-json\/wp\/v2\/posts\/1373083\/revisions\/1373087"}],"wp:featuredmedia":[{"embeddable":true,"href":"https:\/\/theplayoffs.news\/fr\/wp-json\/wp\/v2\/media\/1373084"}],"wp:attachment":[{"href":"https:\/\/theplayoffs.news\/fr\/wp-json\/wp\/v2\/media?parent=1373083"}],"wp:term":[{"taxonomy":"category","embeddable":true,"href":"https:\/\/theplayoffs.news\/fr\/wp-json\/wp\/v2\/categories?post=1373083"},{"taxonomy":"post_tag","embeddable":true,"href":"https:\/\/theplayoffs.news\/fr\/wp-json\/wp\/v2\/tags?post=1373083"},{"taxonomy":"sport","embeddable":true,"href":"https:\/\/theplayoffs.news\/fr\/wp-json\/wp\/v2\/sport?post=1373083"},{"taxonomy":"saison","embeddable":true,"href":"https:\/\/theplayoffs.news\/fr\/wp-json\/wp\/v2\/saison?post=1373083"}],"curies":[{"name":"wp","href":"https:\/\/api.w.org\/{rel}","templated":true}]}}