{"id":1373040,"date":"2024-02-28T11:05:29","date_gmt":"2024-02-28T10:05:29","guid":{"rendered":"https:\/\/theplayoffs.news\/fr\/?p=1373040"},"modified":"2024-02-28T11:05:29","modified_gmt":"2024-02-28T10:05:29","slug":"les-cowboys-veulent-un-accord-a-long-terme-avec-dak-prescott","status":"publish","type":"post","link":"https:\/\/theplayoffs.news\/fr\/actualite-nfl\/les-cowboys-veulent-un-accord-a-long-terme-avec-dak-prescott\/","title":{"rendered":"Les Cowboys veulent un accord \u00e0 long terme avec Dak Prescott"},"content":{"rendered":"<h2>L&rsquo;avenir de Dak Prescott est sans doute la pr&eacute;occupation n&deg;1 des Dallas Cowboys pour cette intersaison.<\/h2><p>2024 sera la derni&egrave;re ann&eacute;e du contrat de Dak Prescott pour un montant de 59.4 millions de dollars et les Cowboys ne veulent pas le voir paertir.<\/p><blockquote><p>&laquo;&nbsp;Il y a aussi le fait que Dak est un Cowboy&nbsp;&raquo;, <a href=\"https:\/\/theathletic.com\/5303127\/2024\/02\/27\/cowboys-dak-prescott-contract-extension\/?utm_medium=social&amp;utm_campaign=twhq&amp;source=twitterhq\" class=\"trk-cta-link\" data-cta-trk='{\"ctaType\":\"Link\",\"ctaSubType\":\"main\"}'>a d&eacute;clar&eacute; Jones, via TheAthletic.com<\/a>. &laquo;&nbsp;C&rsquo;est tout ce qui nous pr&eacute;occupe. Nous avons trouv&eacute; des moyens d&rsquo;ajuster son plafond salarial pour cette saison&nbsp;&raquo;, a d&eacute;clar&eacute; Jones &agrave; propos de Prescott. &laquo;&nbsp;Il est &eacute;vident qu&rsquo;entre Dak, Micah [Parsons] et CeeDee [Lamb], le plafond salarial est r&eacute;el pour nous. Nous voulons conclure des accords avec chacun d&rsquo;entre eux. Peut-on faire tout ce que l&rsquo;on veut avec le plafond salarial ? Je ne pense pas qu&rsquo;une &eacute;quipe puisse le faire. Mais nous serons certainement en mesure d&rsquo;aller travailler et de faire les choses que nous pensons devoir faire pour r&eacute;ussir.&nbsp;&raquo;<\/p><\/blockquote><p>Car en effet, <a href=\"https:\/\/theplayoffs.news\/fr\/joueur\/dak-prescott-nfl-5154834\/\" class=\"trk-cta-link\" data-cta-trk='{\"ctaType\":\"Link\",\"ctaSubType\":\"main\"}'><strong>Dak Prescott<\/strong><\/a> n&rsquo;est pas le seul &agrave; pr&eacute;tendre &agrave; un juteux contrat chez les Cowboys. Avec Parsons et Cee Dee Lamb &eacute;ligibles &agrave; des contrats, les Cowboys vont devoir se creuser les m&eacute;ninges pour pouvoir garder tout le monde au prix qu&rsquo;ils demanderont.<\/p><p>Garder Cee Dee Lamb semble all&eacute; de paire avec le fait de garder Prescott sur le long terme. Les deux hommes ont montr&eacute; que leur association pouvait faire mal au d&eacute;fenses adverses.<\/p><p>La saison denri&egrave;re, Dak Prescott avait promis de diminuer son nombre d&rsquo;interceptions et il a tenu promesses. Avec 4,516 yards, 36 touchdowns et seulement 9 interceptions, Prescott a r&eacute;alis&eacute; une saison r&eacute;guli&egrave;re pleine, d&eacute;crochant le titre de division mais &eacute;chouant face aux Packers d&egrave;s le premier tour des playoffs.<\/p><p>Dak Semble &ecirc;tre l&rsquo;homme capable de conduire cette &eacute;quipe et le front office le sent. Mais est-il capable de les emmener vers les sommets de la NFL ?<\/p><p>&nbsp;<\/p><p>Credit photo : Kevin Jairaj-USA TODAY Sports<\/p>\n","protected":false},"excerpt":{"rendered":"","protected":false},"author":13,"featured_media":1373041,"comment_status":"open","ping_status":"closed","sticky":false,"template":"","format":"standard","meta":{"inline_featured_image":false,"kia_subtitle":"","_mux_skip_reasons":[],"proofreadBy":0,"footnotes":""},"categories":[118,40],"tags":[472,619],"sport":[],"saison":[],"class_list":["post-1373040","post","type-post","status-publish","format-standard","has-post-thumbnail","hentry","category-actualite-nfl","category-nfl","tag-dak-prescott","tag-dallas-cowboys"],"acf":[],"yoast_head":"<!-- This site is optimized with the Yoast SEO plugin v24.2 - https:\/\/yoast.com\/wordpress\/plugins\/seo\/ -->\n<title>Les Cowboys veulent un accord &agrave; long terme avec Dak Prescott - The Playoffs FR<\/title>\n<meta name=\"robots\" content=\"index, follow, max-snippet:-1, max-image-preview:large, max-video-preview:-1\" \/>\n<link rel=\"canonical\" href=\"https:\/\/theplayoffs.news\/fr\/actualite-nfl\/les-cowboys-veulent-un-accord-a-long-terme-avec-dak-prescott\/\" \/>\n<meta property=\"og:locale\" content=\"fr_FR\" \/>\n<meta property=\"og:type\" content=\"article\" \/>\n<meta property=\"og:title\" content=\"Les Cowboys veulent un accord &agrave; long terme avec Dak Prescott - The Playoffs FR\" \/>\n<meta property=\"og:url\" content=\"https:\/\/theplayoffs.news\/fr\/actualite-nfl\/les-cowboys-veulent-un-accord-a-long-terme-avec-dak-prescott\/\" \/>\n<meta property=\"og:site_name\" content=\"The Playoffs FR\" \/>\n<meta property=\"article:publisher\" content=\"https:\/\/www.facebook.com\/TheFreeAgentFR\/\" \/>\n<meta property=\"article:modified_time\" content=\"2024-02-28T11:05:29+01:00\" \/>\n<meta property=\"og:image\" content=\"https:\/\/theplayoffs.news\/fr\/wp-content\/uploads\/2024\/02\/USATSI_22294167.jpg\" \/>\n\t<meta property=\"og:image:width\" content=\"1920\" \/>\n\t<meta property=\"og:image:height\" content=\"1280\" \/>\n\t<meta property=\"og:image:type\" content=\"image\/jpeg\" \/>\n<meta name=\"author\" content=\"Charles Taudin\" \/>\n<meta name=\"twitter:card\" content=\"summary_large_image\" \/>\n<meta name=\"twitter:creator\" content=\"@TheFreeAgentFR\" \/>\n<meta name=\"twitter:site\" content=\"@TheFreeAgentFR\" \/>\n<meta name=\"twitter:label1\" content=\"\u00c9crit par\" \/>\n\t<meta name=\"twitter:data1\" content=\"Charles Taudin\" \/>\n\t<meta name=\"twitter:label2\" content=\"Dur\u00e9e de lecture estim\u00e9e\" \/>\n\t<meta name=\"twitter:data2\" content=\"2 minutes\" \/>\n<script type=\"application\/ld+json\" class=\"yoast-schema-graph\">{\"@context\":\"https:\/\/schema.org\",\"@graph\":[{\"@type\":\"WebPage\",\"@id\":\"https:\/\/theplayoffs.news\/fr\/actualite-nfl\/les-cowboys-veulent-un-accord-a-long-terme-avec-dak-prescott\/\",\"url\":\"https:\/\/theplayoffs.news\/fr\/actualite-nfl\/les-cowboys-veulent-un-accord-a-long-terme-avec-dak-prescott\/\",\"name\":\"Les Cowboys veulent un accord \u00e0 long terme avec Dak Prescott - The Playoffs FR\",\"isPartOf\":{\"@id\":\"https:\/\/theplayoffs.news\/fr\/#website\"},\"primaryImageOfPage\":{\"@id\":\"https:\/\/theplayoffs.news\/fr\/actualite-nfl\/les-cowboys-veulent-un-accord-a-long-terme-avec-dak-prescott\/#primaryimage\"},\"image\":{\"@id\":\"https:\/\/theplayoffs.news\/fr\/actualite-nfl\/les-cowboys-veulent-un-accord-a-long-terme-avec-dak-prescott\/#primaryimage\"},\"thumbnailUrl\":\"https:\/\/theplayoffs.news\/fr\/wp-content\/uploads\/2024\/02\/USATSI_22294167.jpg\",\"datePublished\":\"2024-02-28T10:05:29+00:00\",\"dateModified\":\"2024-02-28T10:05:29+00:00\",\"author\":{\"@id\":\"https:\/\/theplayoffs.news\/fr\/#\/schema\/person\/eee5b69ad5d3c51cabe881c839dbe133\"},\"breadcrumb\":{\"@id\":\"https:\/\/theplayoffs.news\/fr\/actualite-nfl\/les-cowboys-veulent-un-accord-a-long-terme-avec-dak-prescott\/#breadcrumb\"},\"inLanguage\":\"fr-FR\",\"potentialAction\":[{\"@type\":\"ReadAction\",\"target\":[\"https:\/\/theplayoffs.news\/fr\/actualite-nfl\/les-cowboys-veulent-un-accord-a-long-terme-avec-dak-prescott\/\"]}]},{\"@type\":\"ImageObject\",\"inLanguage\":\"fr-FR\",\"@id\":\"https:\/\/theplayoffs.news\/fr\/actualite-nfl\/les-cowboys-veulent-un-accord-a-long-terme-avec-dak-prescott\/#primaryimage\",\"url\":\"https:\/\/theplayoffs.news\/fr\/wp-content\/uploads\/2024\/02\/USATSI_22294167.jpg\",\"contentUrl\":\"https:\/\/theplayoffs.news\/fr\/wp-content\/uploads\/2024\/02\/USATSI_22294167.jpg\",\"width\":1920,\"height\":1280,\"caption\":\"Jan 14, 2024; Arlington, Texas, USA; Dallas Cowboys quarterback Dak Prescott (4) walks off the field against the Green Bay Packers after the 2024 NFC wild card game at AT&amp;T Stadium. Mandatory Credit: Kevin Jairaj-USA TODAY Sports\"},{\"@type\":\"BreadcrumbList\",\"@id\":\"https:\/\/theplayoffs.news\/fr\/actualite-nfl\/les-cowboys-veulent-un-accord-a-long-terme-avec-dak-prescott\/#breadcrumb\",\"itemListElement\":[{\"@type\":\"ListItem\",\"position\":1,\"name\":\"Accueil\",\"item\":\"https:\/\/theplayoffs.news\/fr\/\"},{\"@type\":\"ListItem\",\"position\":2,\"name\":\"Les Cowboys veulent un accord \u00e0 long terme avec Dak Prescott\"}]},{\"@type\":\"WebSite\",\"@id\":\"https:\/\/theplayoffs.news\/fr\/#website\",\"url\":\"https:\/\/theplayoffs.news\/fr\/\",\"name\":\"The Playoffs FR\",\"description\":\"NBA-NFL-NHL-MLB\",\"potentialAction\":[{\"@type\":\"SearchAction\",\"target\":{\"@type\":\"EntryPoint\",\"urlTemplate\":\"https:\/\/theplayoffs.news\/fr\/?s={search_term_string}\"},\"query-input\":{\"@type\":\"PropertyValueSpecification\",\"valueRequired\":true,\"valueName\":\"search_term_string\"}}],\"inLanguage\":\"fr-FR\"},{\"@type\":\"Person\",\"@id\":\"https:\/\/theplayoffs.news\/fr\/#\/schema\/person\/eee5b69ad5d3c51cabe881c839dbe133\",\"name\":\"Charles Taudin\",\"image\":{\"@type\":\"ImageObject\",\"inLanguage\":\"fr-FR\",\"@id\":\"https:\/\/theplayoffs.news\/fr\/#\/schema\/person\/image\/\",\"url\":\"https:\/\/secure.gravatar.com\/avatar\/59a1e772205ce9fd255edfcafc93013736822e20261f294c5753b20c41ede9f2?s=96&d=mm&r=g\",\"contentUrl\":\"https:\/\/secure.gravatar.com\/avatar\/59a1e772205ce9fd255edfcafc93013736822e20261f294c5753b20c41ede9f2?s=96&d=mm&r=g\",\"caption\":\"Charles Taudin\"},\"description\":\"R\u00e9dacteur en chef global de The Playoffs, j\u2019ai cr\u00e9\u00e9 The Free Agent, devenu The Playoffs FR, en 2020 durant la pand\u00e9mie. Amoureux depuis des ann\u00e9es des 4 sports majeurs am\u00e9ricains, j\u2019organise maintenant la strat\u00e9gie \u00e9ditoriale et les r\u00e9seaux sociaux de l\u2019ensemble des versions de The Playoffs. Il m\u2019arrive encore d\u2019\u00e9crire sur certains sports que j\u2019affectionne particuli\u00e8rement comme la NFL ou la MLB. Si vous devez retenir qu\u2019une chose : Eli Manning est le vrai GOAT pour avoir battu deux fois Tom Brady.\",\"sameAs\":[\"https:\/\/www.instagram.com\/ctaudin_\/\"],\"url\":\"https:\/\/theplayoffs.news\/fr\/author\/charles-taudin\/\"}]}<\/script>\n<!-- \/ Yoast SEO plugin. -->","yoast_head_json":{"title":"Les Cowboys veulent un accord &agrave; long terme avec Dak Prescott - The Playoffs FR","robots":{"index":"index","follow":"follow","max-snippet":"max-snippet:-1","max-image-preview":"max-image-preview:large","max-video-preview":"max-video-preview:-1"},"canonical":"https:\/\/theplayoffs.news\/fr\/actualite-nfl\/les-cowboys-veulent-un-accord-a-long-terme-avec-dak-prescott\/","og_locale":"fr_FR","og_type":"article","og_title":"Les Cowboys veulent un accord &agrave; long terme avec Dak Prescott - The Playoffs FR","og_url":"https:\/\/theplayoffs.news\/fr\/actualite-nfl\/les-cowboys-veulent-un-accord-a-long-terme-avec-dak-prescott\/","og_site_name":"The Playoffs FR","article_publisher":"https:\/\/www.facebook.com\/TheFreeAgentFR\/","og_image":[{"width":1920,"height":1280,"url":"https:\/\/theplayoffs.news\/fr\/wp-content\/uploads\/2024\/02\/USATSI_22294167.jpg","type":"image\/jpeg"}],"author":"Charles Taudin","twitter_card":"summary_large_image","twitter_creator":"@TheFreeAgentFR","twitter_site":"@TheFreeAgentFR","twitter_misc":{"\u00c9crit par":"Charles Taudin","Dur\u00e9e de lecture estim\u00e9e":"2 minutes"},"schema":{"@context":"https:\/\/schema.org","@graph":[{"@type":"WebPage","@id":"https:\/\/theplayoffs.news\/fr\/actualite-nfl\/les-cowboys-veulent-un-accord-a-long-terme-avec-dak-prescott\/","url":"https:\/\/theplayoffs.news\/fr\/actualite-nfl\/les-cowboys-veulent-un-accord-a-long-terme-avec-dak-prescott\/","name":"Les Cowboys veulent un accord \u00e0 long terme avec Dak Prescott - The Playoffs FR","isPartOf":{"@id":"https:\/\/theplayoffs.news\/fr\/#website"},"primaryImageOfPage":{"@id":"https:\/\/theplayoffs.news\/fr\/actualite-nfl\/les-cowboys-veulent-un-accord-a-long-terme-avec-dak-prescott\/#primaryimage"},"image":{"@id":"https:\/\/theplayoffs.news\/fr\/actualite-nfl\/les-cowboys-veulent-un-accord-a-long-terme-avec-dak-prescott\/#primaryimage"},"thumbnailUrl":"https:\/\/theplayoffs.news\/fr\/wp-content\/uploads\/2024\/02\/USATSI_22294167.jpg","datePublished":"2024-02-28T10:05:29+00:00","dateModified":"2024-02-28T10:05:29+00:00","author":{"@id":"https:\/\/theplayoffs.news\/fr\/#\/schema\/person\/eee5b69ad5d3c51cabe881c839dbe133"},"breadcrumb":{"@id":"https:\/\/theplayoffs.news\/fr\/actualite-nfl\/les-cowboys-veulent-un-accord-a-long-terme-avec-dak-prescott\/#breadcrumb"},"inLanguage":"fr-FR","potentialAction":[{"@type":"ReadAction","target":["https:\/\/theplayoffs.news\/fr\/actualite-nfl\/les-cowboys-veulent-un-accord-a-long-terme-avec-dak-prescott\/"]}]},{"@type":"ImageObject","inLanguage":"fr-FR","@id":"https:\/\/theplayoffs.news\/fr\/actualite-nfl\/les-cowboys-veulent-un-accord-a-long-terme-avec-dak-prescott\/#primaryimage","url":"https:\/\/theplayoffs.news\/fr\/wp-content\/uploads\/2024\/02\/USATSI_22294167.jpg","contentUrl":"https:\/\/theplayoffs.news\/fr\/wp-content\/uploads\/2024\/02\/USATSI_22294167.jpg","width":1920,"height":1280,"caption":"Jan 14, 2024; Arlington, Texas, USA; Dallas Cowboys quarterback Dak Prescott (4) walks off the field against the Green Bay Packers after the 2024 NFC wild card game at AT&amp;T Stadium. Mandatory Credit: Kevin Jairaj-USA TODAY Sports"},{"@type":"BreadcrumbList","@id":"https:\/\/theplayoffs.news\/fr\/actualite-nfl\/les-cowboys-veulent-un-accord-a-long-terme-avec-dak-prescott\/#breadcrumb","itemListElement":[{"@type":"ListItem","position":1,"name":"Accueil","item":"https:\/\/theplayoffs.news\/fr\/"},{"@type":"ListItem","position":2,"name":"Les Cowboys veulent un accord \u00e0 long terme avec Dak Prescott"}]},{"@type":"WebSite","@id":"https:\/\/theplayoffs.news\/fr\/#website","url":"https:\/\/theplayoffs.news\/fr\/","name":"The Playoffs FR","description":"NBA-NFL-NHL-MLB","potentialAction":[{"@type":"SearchAction","target":{"@type":"EntryPoint","urlTemplate":"https:\/\/theplayoffs.news\/fr\/?s={search_term_string}"},"query-input":{"@type":"PropertyValueSpecification","valueRequired":true,"valueName":"search_term_string"}}],"inLanguage":"fr-FR"},{"@type":"Person","@id":"https:\/\/theplayoffs.news\/fr\/#\/schema\/person\/eee5b69ad5d3c51cabe881c839dbe133","name":"Charles Taudin","image":{"@type":"ImageObject","inLanguage":"fr-FR","@id":"https:\/\/theplayoffs.news\/fr\/#\/schema\/person\/image\/","url":"https:\/\/secure.gravatar.com\/avatar\/59a1e772205ce9fd255edfcafc93013736822e20261f294c5753b20c41ede9f2?s=96&d=mm&r=g","contentUrl":"https:\/\/secure.gravatar.com\/avatar\/59a1e772205ce9fd255edfcafc93013736822e20261f294c5753b20c41ede9f2?s=96&d=mm&r=g","caption":"Charles Taudin"},"description":"R\u00e9dacteur en chef global de The Playoffs, j\u2019ai cr\u00e9\u00e9 The Free Agent, devenu The Playoffs FR, en 2020 durant la pand\u00e9mie. Amoureux depuis des ann\u00e9es des 4 sports majeurs am\u00e9ricains, j\u2019organise maintenant la strat\u00e9gie \u00e9ditoriale et les r\u00e9seaux sociaux de l\u2019ensemble des versions de The Playoffs. Il m\u2019arrive encore d\u2019\u00e9crire sur certains sports que j\u2019affectionne particuli\u00e8rement comme la NFL ou la MLB. Si vous devez retenir qu\u2019une chose : Eli Manning est le vrai GOAT pour avoir battu deux fois Tom Brady.","sameAs":["https:\/\/www.instagram.com\/ctaudin_\/"],"url":"https:\/\/theplayoffs.news\/fr\/author\/charles-taudin\/"}]}},"_links":{"self":[{"href":"https:\/\/theplayoffs.news\/fr\/wp-json\/wp\/v2\/posts\/1373040","targetHints":{"allow":["GET"]}}],"collection":[{"href":"https:\/\/theplayoffs.news\/fr\/wp-json\/wp\/v2\/posts"}],"about":[{"href":"https:\/\/theplayoffs.news\/fr\/wp-json\/wp\/v2\/types\/post"}],"author":[{"embeddable":true,"href":"https:\/\/theplayoffs.news\/fr\/wp-json\/wp\/v2\/users\/13"}],"replies":[{"embeddable":true,"href":"https:\/\/theplayoffs.news\/fr\/wp-json\/wp\/v2\/comments?post=1373040"}],"version-history":[{"count":3,"href":"https:\/\/theplayoffs.news\/fr\/wp-json\/wp\/v2\/posts\/1373040\/revisions"}],"predecessor-version":[{"id":1373046,"href":"https:\/\/theplayoffs.news\/fr\/wp-json\/wp\/v2\/posts\/1373040\/revisions\/1373046"}],"wp:featuredmedia":[{"embeddable":true,"href":"https:\/\/theplayoffs.news\/fr\/wp-json\/wp\/v2\/media\/1373041"}],"wp:attachment":[{"href":"https:\/\/theplayoffs.news\/fr\/wp-json\/wp\/v2\/media?parent=1373040"}],"wp:term":[{"taxonomy":"category","embeddable":true,"href":"https:\/\/theplayoffs.news\/fr\/wp-json\/wp\/v2\/categories?post=1373040"},{"taxonomy":"post_tag","embeddable":true,"href":"https:\/\/theplayoffs.news\/fr\/wp-json\/wp\/v2\/tags?post=1373040"},{"taxonomy":"sport","embeddable":true,"href":"https:\/\/theplayoffs.news\/fr\/wp-json\/wp\/v2\/sport?post=1373040"},{"taxonomy":"saison","embeddable":true,"href":"https:\/\/theplayoffs.news\/fr\/wp-json\/wp\/v2\/saison?post=1373040"}],"curies":[{"name":"wp","href":"https:\/\/api.w.org\/{rel}","templated":true}]}}