{"id":1373010,"date":"2024-02-28T09:25:49","date_gmt":"2024-02-28T08:25:49","guid":{"rendered":"https:\/\/theplayoffs.news\/fr\/?p=1373010"},"modified":"2024-02-28T09:25:49","modified_gmt":"2024-02-28T08:25:49","slug":"sean-payton-et-denver-ne-veulent-pas-passer-a-cote-du-futur-grand-qb","status":"publish","type":"post","link":"https:\/\/theplayoffs.news\/fr\/actualite-nfl\/sean-payton-et-denver-ne-veulent-pas-passer-a-cote-du-futur-grand-qb\/","title":{"rendered":"Sean Payton et Denver ne veulent pas passer \u00e0 c\u00f4t\u00e9 du futur grand QB"},"content":{"rendered":"<h2>Sean Payton a partag&eacute; une anecdote lors du combine de la NFL qui soulignait le besoin pressant de l&rsquo;&eacute;quipe de trouver une solution durable au poste de quarterback.<\/h2><p>Le r&eacute;cit impliquait un fan des Broncos montrant de mani&egrave;re humoristique un T-shirt marqu&eacute; des noms des quarterbacks pass&eacute;s, chaque nom barr&eacute;, symbolisant la recherche continue et infructueuse de l&rsquo;&eacute;quipe pour un quarterback de franchise.<\/p><blockquote><p>&laquo;&nbsp;Il y a un fan des Broncos qui porte un tee-shirt avec le nom de huit quarterbacks barr&eacute; d&rsquo;une croix et qui boit le Kool-Aid des quarterbacks&nbsp;&raquo;, <a href=\"https:\/\/www.denverpost.com\/2024\/02\/27\/broncos-sean-payton-russell-wilson-combine\/\" class=\"trk-cta-link\" data-cta-trk='{\"ctaType\":\"Link\",\"ctaSubType\":\"main\"}'>a d&eacute;clar&eacute; Payton mardi matin lors du NFL combine<\/a>. &laquo;&nbsp;Il faut s&rsquo;assurer que le prochain match n&rsquo;aura pas de ligne de d&eacute;marcation.&nbsp;&raquo;<\/p><\/blockquote><p>Alors que les Broncos avancent dans l&rsquo;intersaison, l&rsquo;attention se porte sur l&rsquo;avenir incertain de Russell Wilson avec l&rsquo;&eacute;quipe.<\/p><p>Malgr&eacute; le d&eacute;sir exprim&eacute; de <a href=\"https:\/\/theplayoffs.news\/fr\/nfl\/russell-wilson-gagner-deux-super-bowl\/\" class=\"trk-cta-link\" data-cta-trk='{\"ctaType\":\"Link\",\"ctaSubType\":\"main\"}'>Wilson de rester &agrave; Denver<\/a>, la dynamique au sein des Broncos sugg&egrave;re une trajectoire diff&eacute;rente. George Paton, le directeur g&eacute;n&eacute;ral des Broncos, et Sean Payton ont maintenu un silence diplomatique sur le sort de Wilson, soulignant l&rsquo;engagement de l&rsquo;&eacute;quipe envers un processus d&rsquo;&eacute;valuation approfondi. La date limite de la nouvelle ann&eacute;e de la ligue ajoute une couche d&rsquo;urgence &agrave; leur prise de d&eacute;cision, avec des implications financi&egrave;res significatives li&eacute;es au contrat de Wilson.<\/p><p>La saison 2024 commence officiellement le 13 mars, et Denver devra lib&eacute;rer ou &eacute;changer Wilson avant le 17 mars pour &eacute;viter de se retrouver avec un salaire garanti de 37 millions de dollars pour la saison 2025.<\/p><blockquote><p>&laquo;&nbsp;Nous passons la semaine du Combine ici&nbsp;&raquo;, a-t-il d&eacute;clar&eacute;. &laquo;&nbsp;La semaine prochaine, je pense que mardi et mercredi, nous aurons des r&eacute;unions avec les propri&eacute;taires. Je m&rsquo;attends donc &agrave; ce que nous sachions assez rapidement ce qu&rsquo;il en est. Je l&rsquo;ai dit lors du Super Bowl, mais plus pr&eacute;cis&eacute;ment, nous le saurons dans les environs de la semaine prochaine.&nbsp;&raquo;<\/p><\/blockquote><p>Sean Payton et les Broncos ne ferme donc aucune porte, free agency ou draft, pour trouver celui qui conduira la franchise la saison prochaine. La pr&eacute;sence de Sean Payton au coeur de ce processus d&eacute;cisif permet sans doute une confiance suppl&eacute;mentaire dans la prise de d&eacute;cision finale.<\/p><p>&nbsp;<\/p><p>Credit Photo : Trevor Ruszkowski-USA TODAY Sports<\/p>\n","protected":false},"excerpt":{"rendered":"","protected":false},"author":180309964,"featured_media":1373012,"comment_status":"open","ping_status":"closed","sticky":false,"template":"","format":"standard","meta":{"inline_featured_image":false,"kia_subtitle":"","_mux_skip_reasons":[],"proofreadBy":0,"footnotes":""},"categories":[118,40],"tags":[926,2453],"sport":[],"saison":[],"class_list":["post-1373010","post","type-post","status-publish","format-standard","has-post-thumbnail","hentry","category-actualite-nfl","category-nfl","tag-denver-broncos","tag-sean-payton"],"acf":[],"yoast_head":"<!-- This site is optimized with the Yoast SEO plugin v24.2 - https:\/\/yoast.com\/wordpress\/plugins\/seo\/ -->\n<title>Sean Payton et Denver ne veulent pas passer &agrave; c&ocirc;t&eacute; du futur grand QB - The Playoffs FR<\/title>\n<meta name=\"robots\" content=\"index, follow, max-snippet:-1, max-image-preview:large, max-video-preview:-1\" \/>\n<link rel=\"canonical\" href=\"https:\/\/theplayoffs.news\/fr\/actualite-nfl\/sean-payton-et-denver-ne-veulent-pas-passer-a-cote-du-futur-grand-qb\/\" \/>\n<meta property=\"og:locale\" content=\"fr_FR\" \/>\n<meta property=\"og:type\" content=\"article\" \/>\n<meta property=\"og:title\" content=\"Sean Payton et Denver ne veulent pas passer &agrave; c&ocirc;t&eacute; du futur grand QB - The Playoffs FR\" \/>\n<meta property=\"og:url\" content=\"https:\/\/theplayoffs.news\/fr\/actualite-nfl\/sean-payton-et-denver-ne-veulent-pas-passer-a-cote-du-futur-grand-qb\/\" \/>\n<meta property=\"og:site_name\" content=\"The Playoffs FR\" \/>\n<meta property=\"article:publisher\" content=\"https:\/\/www.facebook.com\/TheFreeAgentFR\/\" \/>\n<meta property=\"article:modified_time\" content=\"2024-02-28T09:25:49+01:00\" \/>\n<meta property=\"og:image\" content=\"https:\/\/theplayoffs.news\/fr\/wp-content\/uploads\/2024\/02\/USATSI_22630815.jpg\" \/>\n\t<meta property=\"og:image:width\" content=\"1920\" \/>\n\t<meta property=\"og:image:height\" content=\"1280\" \/>\n\t<meta property=\"og:image:type\" content=\"image\/jpeg\" \/>\n<meta name=\"author\" content=\"Flavien Jumeau\" \/>\n<meta name=\"twitter:card\" content=\"summary_large_image\" \/>\n<meta name=\"twitter:creator\" content=\"@TheFreeAgentFR\" \/>\n<meta name=\"twitter:site\" content=\"@TheFreeAgentFR\" \/>\n<meta name=\"twitter:label1\" content=\"\u00c9crit par\" \/>\n\t<meta name=\"twitter:data1\" content=\"Flavien Jumeau\" \/>\n\t<meta name=\"twitter:label2\" content=\"Dur\u00e9e de lecture estim\u00e9e\" \/>\n\t<meta name=\"twitter:data2\" content=\"2 minutes\" \/>\n<script type=\"application\/ld+json\" class=\"yoast-schema-graph\">{\"@context\":\"https:\/\/schema.org\",\"@graph\":[{\"@type\":\"WebPage\",\"@id\":\"https:\/\/theplayoffs.news\/fr\/actualite-nfl\/sean-payton-et-denver-ne-veulent-pas-passer-a-cote-du-futur-grand-qb\/\",\"url\":\"https:\/\/theplayoffs.news\/fr\/actualite-nfl\/sean-payton-et-denver-ne-veulent-pas-passer-a-cote-du-futur-grand-qb\/\",\"name\":\"Sean Payton et Denver ne veulent pas passer \u00e0 c\u00f4t\u00e9 du futur grand QB - The Playoffs FR\",\"isPartOf\":{\"@id\":\"https:\/\/theplayoffs.news\/fr\/#website\"},\"primaryImageOfPage\":{\"@id\":\"https:\/\/theplayoffs.news\/fr\/actualite-nfl\/sean-payton-et-denver-ne-veulent-pas-passer-a-cote-du-futur-grand-qb\/#primaryimage\"},\"image\":{\"@id\":\"https:\/\/theplayoffs.news\/fr\/actualite-nfl\/sean-payton-et-denver-ne-veulent-pas-passer-a-cote-du-futur-grand-qb\/#primaryimage\"},\"thumbnailUrl\":\"https:\/\/theplayoffs.news\/fr\/wp-content\/uploads\/2024\/02\/USATSI_22630815.jpg\",\"datePublished\":\"2024-02-28T08:25:49+00:00\",\"dateModified\":\"2024-02-28T08:25:49+00:00\",\"author\":{\"@id\":\"https:\/\/theplayoffs.news\/fr\/#\/schema\/person\/def63bc6746dc5957469b75feb99e66d\"},\"breadcrumb\":{\"@id\":\"https:\/\/theplayoffs.news\/fr\/actualite-nfl\/sean-payton-et-denver-ne-veulent-pas-passer-a-cote-du-futur-grand-qb\/#breadcrumb\"},\"inLanguage\":\"fr-FR\",\"potentialAction\":[{\"@type\":\"ReadAction\",\"target\":[\"https:\/\/theplayoffs.news\/fr\/actualite-nfl\/sean-payton-et-denver-ne-veulent-pas-passer-a-cote-du-futur-grand-qb\/\"]}]},{\"@type\":\"ImageObject\",\"inLanguage\":\"fr-FR\",\"@id\":\"https:\/\/theplayoffs.news\/fr\/actualite-nfl\/sean-payton-et-denver-ne-veulent-pas-passer-a-cote-du-futur-grand-qb\/#primaryimage\",\"url\":\"https:\/\/theplayoffs.news\/fr\/wp-content\/uploads\/2024\/02\/USATSI_22630815.jpg\",\"contentUrl\":\"https:\/\/theplayoffs.news\/fr\/wp-content\/uploads\/2024\/02\/USATSI_22630815.jpg\",\"width\":1920,\"height\":1280,\"caption\":\"Feb 27, 2024; Indianapolis, IN, USA; Denver Broncos head coach Sean Payton talks to the media at the 2024 NFL Combine at Indiana Convention Center. Mandatory Credit: Trevor Ruszkowski-USA TODAY Sports\"},{\"@type\":\"BreadcrumbList\",\"@id\":\"https:\/\/theplayoffs.news\/fr\/actualite-nfl\/sean-payton-et-denver-ne-veulent-pas-passer-a-cote-du-futur-grand-qb\/#breadcrumb\",\"itemListElement\":[{\"@type\":\"ListItem\",\"position\":1,\"name\":\"Accueil\",\"item\":\"https:\/\/theplayoffs.news\/fr\/\"},{\"@type\":\"ListItem\",\"position\":2,\"name\":\"Sean Payton et Denver ne veulent pas passer \u00e0 c\u00f4t\u00e9 du futur grand QB\"}]},{\"@type\":\"WebSite\",\"@id\":\"https:\/\/theplayoffs.news\/fr\/#website\",\"url\":\"https:\/\/theplayoffs.news\/fr\/\",\"name\":\"The Playoffs FR\",\"description\":\"NBA-NFL-NHL-MLB\",\"potentialAction\":[{\"@type\":\"SearchAction\",\"target\":{\"@type\":\"EntryPoint\",\"urlTemplate\":\"https:\/\/theplayoffs.news\/fr\/?s={search_term_string}\"},\"query-input\":{\"@type\":\"PropertyValueSpecification\",\"valueRequired\":true,\"valueName\":\"search_term_string\"}}],\"inLanguage\":\"fr-FR\"},{\"@type\":\"Person\",\"@id\":\"https:\/\/theplayoffs.news\/fr\/#\/schema\/person\/def63bc6746dc5957469b75feb99e66d\",\"name\":\"Flavien Jumeau\",\"image\":{\"@type\":\"ImageObject\",\"inLanguage\":\"fr-FR\",\"@id\":\"https:\/\/theplayoffs.news\/fr\/#\/schema\/person\/image\/\",\"url\":\"https:\/\/secure.gravatar.com\/avatar\/e7fa8ba5a4b7e4ce35fe152f083f352db28ad0acce692004ed88a7a7d78893f7?s=96&d=mm&r=g\",\"contentUrl\":\"https:\/\/secure.gravatar.com\/avatar\/e7fa8ba5a4b7e4ce35fe152f083f352db28ad0acce692004ed88a7a7d78893f7?s=96&d=mm&r=g\",\"caption\":\"Flavien Jumeau\"},\"description\":\"Amoureux du sport (et de vraiment tous les sports) depuis mon plus jeune \u00e2ge, j\u2019ai longtemps h\u00e9site entre le snooker et le curling. Finalement c\u2019est le foot US que j\u2019ai d\u00e9cid\u00e9 de choisir! Responsable foot US sur TPO et animateur du podcast Tailgate j\u2019ai pour mission de vous faire d\u00e9couvrir ce sport passionnant si ce n\u2019est pas encore fait et de vous donner les derni\u00e8res actus. Le tout dans la bonne humeur et avec toujours un jeu de mots ou deux savamment distill\u00e9s! Fan des Saints, pour moi Drew Brees est le vrai GOAT!\",\"url\":\"https:\/\/theplayoffs.news\/fr\/author\/flavien-jumeaugmail-com\/\"}]}<\/script>\n<!-- \/ Yoast SEO plugin. -->","yoast_head_json":{"title":"Sean Payton et Denver ne veulent pas passer &agrave; c&ocirc;t&eacute; du futur grand QB - The Playoffs FR","robots":{"index":"index","follow":"follow","max-snippet":"max-snippet:-1","max-image-preview":"max-image-preview:large","max-video-preview":"max-video-preview:-1"},"canonical":"https:\/\/theplayoffs.news\/fr\/actualite-nfl\/sean-payton-et-denver-ne-veulent-pas-passer-a-cote-du-futur-grand-qb\/","og_locale":"fr_FR","og_type":"article","og_title":"Sean Payton et Denver ne veulent pas passer &agrave; c&ocirc;t&eacute; du futur grand QB - The Playoffs FR","og_url":"https:\/\/theplayoffs.news\/fr\/actualite-nfl\/sean-payton-et-denver-ne-veulent-pas-passer-a-cote-du-futur-grand-qb\/","og_site_name":"The Playoffs FR","article_publisher":"https:\/\/www.facebook.com\/TheFreeAgentFR\/","og_image":[{"width":1920,"height":1280,"url":"https:\/\/theplayoffs.news\/fr\/wp-content\/uploads\/2024\/02\/USATSI_22630815.jpg","type":"image\/jpeg"}],"author":"Flavien Jumeau","twitter_card":"summary_large_image","twitter_creator":"@TheFreeAgentFR","twitter_site":"@TheFreeAgentFR","twitter_misc":{"\u00c9crit par":"Flavien Jumeau","Dur\u00e9e de lecture estim\u00e9e":"2 minutes"},"schema":{"@context":"https:\/\/schema.org","@graph":[{"@type":"WebPage","@id":"https:\/\/theplayoffs.news\/fr\/actualite-nfl\/sean-payton-et-denver-ne-veulent-pas-passer-a-cote-du-futur-grand-qb\/","url":"https:\/\/theplayoffs.news\/fr\/actualite-nfl\/sean-payton-et-denver-ne-veulent-pas-passer-a-cote-du-futur-grand-qb\/","name":"Sean Payton et Denver ne veulent pas passer \u00e0 c\u00f4t\u00e9 du futur grand QB - The Playoffs FR","isPartOf":{"@id":"https:\/\/theplayoffs.news\/fr\/#website"},"primaryImageOfPage":{"@id":"https:\/\/theplayoffs.news\/fr\/actualite-nfl\/sean-payton-et-denver-ne-veulent-pas-passer-a-cote-du-futur-grand-qb\/#primaryimage"},"image":{"@id":"https:\/\/theplayoffs.news\/fr\/actualite-nfl\/sean-payton-et-denver-ne-veulent-pas-passer-a-cote-du-futur-grand-qb\/#primaryimage"},"thumbnailUrl":"https:\/\/theplayoffs.news\/fr\/wp-content\/uploads\/2024\/02\/USATSI_22630815.jpg","datePublished":"2024-02-28T08:25:49+00:00","dateModified":"2024-02-28T08:25:49+00:00","author":{"@id":"https:\/\/theplayoffs.news\/fr\/#\/schema\/person\/def63bc6746dc5957469b75feb99e66d"},"breadcrumb":{"@id":"https:\/\/theplayoffs.news\/fr\/actualite-nfl\/sean-payton-et-denver-ne-veulent-pas-passer-a-cote-du-futur-grand-qb\/#breadcrumb"},"inLanguage":"fr-FR","potentialAction":[{"@type":"ReadAction","target":["https:\/\/theplayoffs.news\/fr\/actualite-nfl\/sean-payton-et-denver-ne-veulent-pas-passer-a-cote-du-futur-grand-qb\/"]}]},{"@type":"ImageObject","inLanguage":"fr-FR","@id":"https:\/\/theplayoffs.news\/fr\/actualite-nfl\/sean-payton-et-denver-ne-veulent-pas-passer-a-cote-du-futur-grand-qb\/#primaryimage","url":"https:\/\/theplayoffs.news\/fr\/wp-content\/uploads\/2024\/02\/USATSI_22630815.jpg","contentUrl":"https:\/\/theplayoffs.news\/fr\/wp-content\/uploads\/2024\/02\/USATSI_22630815.jpg","width":1920,"height":1280,"caption":"Feb 27, 2024; Indianapolis, IN, USA; Denver Broncos head coach Sean Payton talks to the media at the 2024 NFL Combine at Indiana Convention Center. Mandatory Credit: Trevor Ruszkowski-USA TODAY Sports"},{"@type":"BreadcrumbList","@id":"https:\/\/theplayoffs.news\/fr\/actualite-nfl\/sean-payton-et-denver-ne-veulent-pas-passer-a-cote-du-futur-grand-qb\/#breadcrumb","itemListElement":[{"@type":"ListItem","position":1,"name":"Accueil","item":"https:\/\/theplayoffs.news\/fr\/"},{"@type":"ListItem","position":2,"name":"Sean Payton et Denver ne veulent pas passer \u00e0 c\u00f4t\u00e9 du futur grand QB"}]},{"@type":"WebSite","@id":"https:\/\/theplayoffs.news\/fr\/#website","url":"https:\/\/theplayoffs.news\/fr\/","name":"The Playoffs FR","description":"NBA-NFL-NHL-MLB","potentialAction":[{"@type":"SearchAction","target":{"@type":"EntryPoint","urlTemplate":"https:\/\/theplayoffs.news\/fr\/?s={search_term_string}"},"query-input":{"@type":"PropertyValueSpecification","valueRequired":true,"valueName":"search_term_string"}}],"inLanguage":"fr-FR"},{"@type":"Person","@id":"https:\/\/theplayoffs.news\/fr\/#\/schema\/person\/def63bc6746dc5957469b75feb99e66d","name":"Flavien Jumeau","image":{"@type":"ImageObject","inLanguage":"fr-FR","@id":"https:\/\/theplayoffs.news\/fr\/#\/schema\/person\/image\/","url":"https:\/\/secure.gravatar.com\/avatar\/e7fa8ba5a4b7e4ce35fe152f083f352db28ad0acce692004ed88a7a7d78893f7?s=96&d=mm&r=g","contentUrl":"https:\/\/secure.gravatar.com\/avatar\/e7fa8ba5a4b7e4ce35fe152f083f352db28ad0acce692004ed88a7a7d78893f7?s=96&d=mm&r=g","caption":"Flavien Jumeau"},"description":"Amoureux du sport (et de vraiment tous les sports) depuis mon plus jeune \u00e2ge, j\u2019ai longtemps h\u00e9site entre le snooker et le curling. Finalement c\u2019est le foot US que j\u2019ai d\u00e9cid\u00e9 de choisir! Responsable foot US sur TPO et animateur du podcast Tailgate j\u2019ai pour mission de vous faire d\u00e9couvrir ce sport passionnant si ce n\u2019est pas encore fait et de vous donner les derni\u00e8res actus. Le tout dans la bonne humeur et avec toujours un jeu de mots ou deux savamment distill\u00e9s! Fan des Saints, pour moi Drew Brees est le vrai GOAT!","url":"https:\/\/theplayoffs.news\/fr\/author\/flavien-jumeaugmail-com\/"}]}},"_links":{"self":[{"href":"https:\/\/theplayoffs.news\/fr\/wp-json\/wp\/v2\/posts\/1373010","targetHints":{"allow":["GET"]}}],"collection":[{"href":"https:\/\/theplayoffs.news\/fr\/wp-json\/wp\/v2\/posts"}],"about":[{"href":"https:\/\/theplayoffs.news\/fr\/wp-json\/wp\/v2\/types\/post"}],"author":[{"embeddable":true,"href":"https:\/\/theplayoffs.news\/fr\/wp-json\/wp\/v2\/users\/180309964"}],"replies":[{"embeddable":true,"href":"https:\/\/theplayoffs.news\/fr\/wp-json\/wp\/v2\/comments?post=1373010"}],"version-history":[{"count":3,"href":"https:\/\/theplayoffs.news\/fr\/wp-json\/wp\/v2\/posts\/1373010\/revisions"}],"predecessor-version":[{"id":1373015,"href":"https:\/\/theplayoffs.news\/fr\/wp-json\/wp\/v2\/posts\/1373010\/revisions\/1373015"}],"wp:featuredmedia":[{"embeddable":true,"href":"https:\/\/theplayoffs.news\/fr\/wp-json\/wp\/v2\/media\/1373012"}],"wp:attachment":[{"href":"https:\/\/theplayoffs.news\/fr\/wp-json\/wp\/v2\/media?parent=1373010"}],"wp:term":[{"taxonomy":"category","embeddable":true,"href":"https:\/\/theplayoffs.news\/fr\/wp-json\/wp\/v2\/categories?post=1373010"},{"taxonomy":"post_tag","embeddable":true,"href":"https:\/\/theplayoffs.news\/fr\/wp-json\/wp\/v2\/tags?post=1373010"},{"taxonomy":"sport","embeddable":true,"href":"https:\/\/theplayoffs.news\/fr\/wp-json\/wp\/v2\/sport?post=1373010"},{"taxonomy":"saison","embeddable":true,"href":"https:\/\/theplayoffs.news\/fr\/wp-json\/wp\/v2\/saison?post=1373010"}],"curies":[{"name":"wp","href":"https:\/\/api.w.org\/{rel}","templated":true}]}}