{"id":1372437,"date":"2024-02-26T13:57:55","date_gmt":"2024-02-26T12:57:55","guid":{"rendered":"https:\/\/theplayoffs.news\/fr\/?p=1372437"},"modified":"2024-02-26T13:57:55","modified_gmt":"2024-02-26T12:57:55","slug":"stephen-curry-lobjectif-cest-la-6e-place","status":"publish","type":"post","link":"https:\/\/theplayoffs.news\/fr\/actualite-nba\/stephen-curry-lobjectif-cest-la-6e-place\/","title":{"rendered":"Stephen Curry : \u00ab\u00a0L&rsquo;objectif c&rsquo;est la 6\u00e8 place\u00a0\u00bb"},"content":{"rendered":"<h2>Depuis 8 matchs, les Warriors de Stephen Curry sont sur une pente plut&ocirc;t ascendante malgr&eacute; la d&eacute;faite de la nuit derni&egrave;re face &agrave; Denver.<\/h2><p>Actuellement, 10&egrave; &agrave; un demi match des Lakers qu&rsquo;ils ont battus jeudi soir pour la reprise post-All Star, les Warriors ont un objectif tr&egrave;s clair en t&ecirc;te : &eacute;viter le play-in.<\/p><blockquote><p>&laquo;&nbsp;Pour moi, l&rsquo;objectif est d&rsquo;atteindre la sixi&egrave;me place&nbsp;&raquo;, a d&eacute;clar&eacute; <a href=\"https:\/\/warriorswire.usatoday.com\/2024\/02\/23\/steph-curry-golden-state-warriors-aiming-top-six-warriors\/?taid=65dc28e64dea04000162a8ff&amp;utm_campaign=trueanthem&amp;utm_medium=trueanthem&amp;utm_source=twitter\" class=\"trk-cta-link\" data-cta-trk='{\"ctaType\":\"Link\",\"ctaSubType\":\"main\"}'>Stephen Curry<\/a>. &laquo;&nbsp;Il est &eacute;vident que cela vous garantit une place dans une s&eacute;rie, et c&rsquo;est ce que nous voulons. La fa&ccedil;on dont notre saison s&rsquo;est d&eacute;roul&eacute;e, en prenant un grand objectif et en le d&eacute;composant, est probablement le test ultime pour rester l&agrave; o&ugrave; vous &ecirc;tes. Gagnez chaque match qui se pr&eacute;sente &agrave; vous. Il faut accumuler de la joie, de l&rsquo;&eacute;nergie et de l&rsquo;&eacute;lan. C&rsquo;est un processus lent. Il y a de la confiance, mais nous ne l&rsquo;avons pas encore prouv&eacute;. &hellip; Litt&eacute;ralement, chaque match compte. C&rsquo;est un objectif ambitieux, mais nous savons que nous pouvons y arriver.&nbsp;&raquo;<\/p><\/blockquote><p>Chez les Warriors, les choses ont &eacute;t&eacute; chamboul&eacute;es depuis plusieurs semaines avec de nouveaux r&ocirc;les pour <a href=\"https:\/\/theplayoffs.news\/fr\/joueur\/klay-thompson-nba-12950\/\" class=\"trk-cta-link\" data-cta-trk='{\"ctaType\":\"Link\",\"ctaSubType\":\"main\"}'><strong>Klay Thompson<\/strong><\/a> et Draymond Green mais aussi la mont&eacute;e en puissance de la jeune garde de la franchise.<\/p><p>La 6&egrave; place est actuellement &agrave; 4 matchs, donc rien de vraiment insurmontable pour Stephen Curry et Golden State.<\/p><p>&nbsp;<\/p><p>Credit Photo : D. Ross Cameron-USA TODAY Sports<\/p>\n","protected":false},"excerpt":{"rendered":"","protected":false},"author":13,"featured_media":1372438,"comment_status":"open","ping_status":"closed","sticky":false,"template":"","format":"standard","meta":{"inline_featured_image":false,"kia_subtitle":"","_mux_skip_reasons":[],"proofreadBy":0,"footnotes":""},"categories":[110,10],"tags":[1097,68],"sport":[],"saison":[],"class_list":["post-1372437","post","type-post","status-publish","format-standard","has-post-thumbnail","hentry","category-actualite-nba","category-nba","tag-golden-state-warriors","tag-stephen-curry"],"acf":[],"yoast_head":"<!-- This site is optimized with the Yoast SEO plugin v24.2 - https:\/\/yoast.com\/wordpress\/plugins\/seo\/ -->\n<title>Stephen Curry : &quot;L&#039;objectif c&#039;est la 6&egrave; place&quot; - The Playoffs FR<\/title>\n<meta name=\"robots\" content=\"index, follow, max-snippet:-1, max-image-preview:large, max-video-preview:-1\" \/>\n<link rel=\"canonical\" href=\"https:\/\/theplayoffs.news\/fr\/actualite-nba\/stephen-curry-lobjectif-cest-la-6e-place\/\" \/>\n<meta property=\"og:locale\" content=\"fr_FR\" \/>\n<meta property=\"og:type\" content=\"article\" \/>\n<meta property=\"og:title\" content=\"Stephen Curry : &quot;L&#039;objectif c&#039;est la 6&egrave; place&quot; - The Playoffs FR\" \/>\n<meta property=\"og:url\" content=\"https:\/\/theplayoffs.news\/fr\/actualite-nba\/stephen-curry-lobjectif-cest-la-6e-place\/\" \/>\n<meta property=\"og:site_name\" content=\"The Playoffs FR\" \/>\n<meta property=\"article:publisher\" content=\"https:\/\/www.facebook.com\/TheFreeAgentFR\/\" \/>\n<meta property=\"article:modified_time\" content=\"2024-02-26T13:57:55+01:00\" \/>\n<meta property=\"og:image\" content=\"https:\/\/theplayoffs.news\/fr\/wp-content\/uploads\/2024\/02\/USATSI_22620278.jpg\" \/>\n\t<meta property=\"og:image:width\" content=\"1920\" \/>\n\t<meta property=\"og:image:height\" content=\"1280\" \/>\n\t<meta property=\"og:image:type\" content=\"image\/jpeg\" \/>\n<meta name=\"author\" content=\"Charles Taudin\" \/>\n<meta name=\"twitter:card\" content=\"summary_large_image\" \/>\n<meta name=\"twitter:creator\" content=\"@TheFreeAgentFR\" \/>\n<meta name=\"twitter:site\" content=\"@TheFreeAgentFR\" \/>\n<meta name=\"twitter:label1\" content=\"\u00c9crit par\" \/>\n\t<meta name=\"twitter:data1\" content=\"Charles Taudin\" \/>\n\t<meta name=\"twitter:label2\" content=\"Dur\u00e9e de lecture estim\u00e9e\" \/>\n\t<meta name=\"twitter:data2\" content=\"1 minute\" \/>\n<script type=\"application\/ld+json\" class=\"yoast-schema-graph\">{\"@context\":\"https:\/\/schema.org\",\"@graph\":[{\"@type\":\"WebPage\",\"@id\":\"https:\/\/theplayoffs.news\/fr\/actualite-nba\/stephen-curry-lobjectif-cest-la-6e-place\/\",\"url\":\"https:\/\/theplayoffs.news\/fr\/actualite-nba\/stephen-curry-lobjectif-cest-la-6e-place\/\",\"name\":\"Stephen Curry : \\\\\\\"L\\\\'objectif c\\\\'est la 6\u00e8 place\\\\\\\" - The Playoffs FR\",\"isPartOf\":{\"@id\":\"https:\/\/theplayoffs.news\/fr\/#website\"},\"primaryImageOfPage\":{\"@id\":\"https:\/\/theplayoffs.news\/fr\/actualite-nba\/stephen-curry-lobjectif-cest-la-6e-place\/#primaryimage\"},\"image\":{\"@id\":\"https:\/\/theplayoffs.news\/fr\/actualite-nba\/stephen-curry-lobjectif-cest-la-6e-place\/#primaryimage\"},\"thumbnailUrl\":\"https:\/\/theplayoffs.news\/fr\/wp-content\/uploads\/2024\/02\/USATSI_22620278.jpg\",\"datePublished\":\"2024-02-26T12:57:55+00:00\",\"dateModified\":\"2024-02-26T12:57:55+00:00\",\"author\":{\"@id\":\"https:\/\/theplayoffs.news\/fr\/#\/schema\/person\/eee5b69ad5d3c51cabe881c839dbe133\"},\"breadcrumb\":{\"@id\":\"https:\/\/theplayoffs.news\/fr\/actualite-nba\/stephen-curry-lobjectif-cest-la-6e-place\/#breadcrumb\"},\"inLanguage\":\"fr-FR\",\"potentialAction\":[{\"@type\":\"ReadAction\",\"target\":[\"https:\/\/theplayoffs.news\/fr\/actualite-nba\/stephen-curry-lobjectif-cest-la-6e-place\/\"]}]},{\"@type\":\"ImageObject\",\"inLanguage\":\"fr-FR\",\"@id\":\"https:\/\/theplayoffs.news\/fr\/actualite-nba\/stephen-curry-lobjectif-cest-la-6e-place\/#primaryimage\",\"url\":\"https:\/\/theplayoffs.news\/fr\/wp-content\/uploads\/2024\/02\/USATSI_22620278.jpg\",\"contentUrl\":\"https:\/\/theplayoffs.news\/fr\/wp-content\/uploads\/2024\/02\/USATSI_22620278.jpg\",\"width\":1920,\"height\":1280,\"caption\":\"Feb 25, 2024; San Francisco, California, USA; Golden State Warriors guard Stephen Curry (30) drives around Denver Nuggets forward Aaron Gordon (50) during the first quarter at Chase Center. Mandatory Credit: D. Ross Cameron-USA TODAY Sports\"},{\"@type\":\"BreadcrumbList\",\"@id\":\"https:\/\/theplayoffs.news\/fr\/actualite-nba\/stephen-curry-lobjectif-cest-la-6e-place\/#breadcrumb\",\"itemListElement\":[{\"@type\":\"ListItem\",\"position\":1,\"name\":\"Accueil\",\"item\":\"https:\/\/theplayoffs.news\/fr\/\"},{\"@type\":\"ListItem\",\"position\":2,\"name\":\"Stephen Curry : \u00ab\u00a0L&rsquo;objectif c&rsquo;est la 6\u00e8 place\u00a0\u00bb\"}]},{\"@type\":\"WebSite\",\"@id\":\"https:\/\/theplayoffs.news\/fr\/#website\",\"url\":\"https:\/\/theplayoffs.news\/fr\/\",\"name\":\"The Playoffs FR\",\"description\":\"NBA-NFL-NHL-MLB\",\"potentialAction\":[{\"@type\":\"SearchAction\",\"target\":{\"@type\":\"EntryPoint\",\"urlTemplate\":\"https:\/\/theplayoffs.news\/fr\/?s={search_term_string}\"},\"query-input\":{\"@type\":\"PropertyValueSpecification\",\"valueRequired\":true,\"valueName\":\"search_term_string\"}}],\"inLanguage\":\"fr-FR\"},{\"@type\":\"Person\",\"@id\":\"https:\/\/theplayoffs.news\/fr\/#\/schema\/person\/eee5b69ad5d3c51cabe881c839dbe133\",\"name\":\"Charles Taudin\",\"image\":{\"@type\":\"ImageObject\",\"inLanguage\":\"fr-FR\",\"@id\":\"https:\/\/theplayoffs.news\/fr\/#\/schema\/person\/image\/\",\"url\":\"https:\/\/secure.gravatar.com\/avatar\/59a1e772205ce9fd255edfcafc93013736822e20261f294c5753b20c41ede9f2?s=96&d=mm&r=g\",\"contentUrl\":\"https:\/\/secure.gravatar.com\/avatar\/59a1e772205ce9fd255edfcafc93013736822e20261f294c5753b20c41ede9f2?s=96&d=mm&r=g\",\"caption\":\"Charles Taudin\"},\"description\":\"R\u00e9dacteur en chef global de The Playoffs, j\u2019ai cr\u00e9\u00e9 The Free Agent, devenu The Playoffs FR, en 2020 durant la pand\u00e9mie. Amoureux depuis des ann\u00e9es des 4 sports majeurs am\u00e9ricains, j\u2019organise maintenant la strat\u00e9gie \u00e9ditoriale et les r\u00e9seaux sociaux de l\u2019ensemble des versions de The Playoffs. Il m\u2019arrive encore d\u2019\u00e9crire sur certains sports que j\u2019affectionne particuli\u00e8rement comme la NFL ou la MLB. Si vous devez retenir qu\u2019une chose : Eli Manning est le vrai GOAT pour avoir battu deux fois Tom Brady.\",\"sameAs\":[\"https:\/\/www.instagram.com\/ctaudin_\/\"],\"url\":\"https:\/\/theplayoffs.news\/fr\/author\/charles-taudin\/\"}]}<\/script>\n<!-- \/ Yoast SEO plugin. -->","yoast_head_json":{"title":"Stephen Curry : &quot;L&#039;objectif c&#039;est la 6&egrave; place&quot; - The Playoffs FR","robots":{"index":"index","follow":"follow","max-snippet":"max-snippet:-1","max-image-preview":"max-image-preview:large","max-video-preview":"max-video-preview:-1"},"canonical":"https:\/\/theplayoffs.news\/fr\/actualite-nba\/stephen-curry-lobjectif-cest-la-6e-place\/","og_locale":"fr_FR","og_type":"article","og_title":"Stephen Curry : &quot;L&#039;objectif c&#039;est la 6&egrave; place&quot; - The Playoffs FR","og_url":"https:\/\/theplayoffs.news\/fr\/actualite-nba\/stephen-curry-lobjectif-cest-la-6e-place\/","og_site_name":"The Playoffs FR","article_publisher":"https:\/\/www.facebook.com\/TheFreeAgentFR\/","og_image":[{"width":1920,"height":1280,"url":"https:\/\/theplayoffs.news\/fr\/wp-content\/uploads\/2024\/02\/USATSI_22620278.jpg","type":"image\/jpeg"}],"author":"Charles Taudin","twitter_card":"summary_large_image","twitter_creator":"@TheFreeAgentFR","twitter_site":"@TheFreeAgentFR","twitter_misc":{"\u00c9crit par":"Charles Taudin","Dur\u00e9e de lecture estim\u00e9e":"1 minute"},"schema":{"@context":"https:\/\/schema.org","@graph":[{"@type":"WebPage","@id":"https:\/\/theplayoffs.news\/fr\/actualite-nba\/stephen-curry-lobjectif-cest-la-6e-place\/","url":"https:\/\/theplayoffs.news\/fr\/actualite-nba\/stephen-curry-lobjectif-cest-la-6e-place\/","name":"Stephen Curry : \\\"L\\'objectif c\\'est la 6\u00e8 place\\\" - The Playoffs FR","isPartOf":{"@id":"https:\/\/theplayoffs.news\/fr\/#website"},"primaryImageOfPage":{"@id":"https:\/\/theplayoffs.news\/fr\/actualite-nba\/stephen-curry-lobjectif-cest-la-6e-place\/#primaryimage"},"image":{"@id":"https:\/\/theplayoffs.news\/fr\/actualite-nba\/stephen-curry-lobjectif-cest-la-6e-place\/#primaryimage"},"thumbnailUrl":"https:\/\/theplayoffs.news\/fr\/wp-content\/uploads\/2024\/02\/USATSI_22620278.jpg","datePublished":"2024-02-26T12:57:55+00:00","dateModified":"2024-02-26T12:57:55+00:00","author":{"@id":"https:\/\/theplayoffs.news\/fr\/#\/schema\/person\/eee5b69ad5d3c51cabe881c839dbe133"},"breadcrumb":{"@id":"https:\/\/theplayoffs.news\/fr\/actualite-nba\/stephen-curry-lobjectif-cest-la-6e-place\/#breadcrumb"},"inLanguage":"fr-FR","potentialAction":[{"@type":"ReadAction","target":["https:\/\/theplayoffs.news\/fr\/actualite-nba\/stephen-curry-lobjectif-cest-la-6e-place\/"]}]},{"@type":"ImageObject","inLanguage":"fr-FR","@id":"https:\/\/theplayoffs.news\/fr\/actualite-nba\/stephen-curry-lobjectif-cest-la-6e-place\/#primaryimage","url":"https:\/\/theplayoffs.news\/fr\/wp-content\/uploads\/2024\/02\/USATSI_22620278.jpg","contentUrl":"https:\/\/theplayoffs.news\/fr\/wp-content\/uploads\/2024\/02\/USATSI_22620278.jpg","width":1920,"height":1280,"caption":"Feb 25, 2024; San Francisco, California, USA; Golden State Warriors guard Stephen Curry (30) drives around Denver Nuggets forward Aaron Gordon (50) during the first quarter at Chase Center. Mandatory Credit: D. Ross Cameron-USA TODAY Sports"},{"@type":"BreadcrumbList","@id":"https:\/\/theplayoffs.news\/fr\/actualite-nba\/stephen-curry-lobjectif-cest-la-6e-place\/#breadcrumb","itemListElement":[{"@type":"ListItem","position":1,"name":"Accueil","item":"https:\/\/theplayoffs.news\/fr\/"},{"@type":"ListItem","position":2,"name":"Stephen Curry : \u00ab\u00a0L&rsquo;objectif c&rsquo;est la 6\u00e8 place\u00a0\u00bb"}]},{"@type":"WebSite","@id":"https:\/\/theplayoffs.news\/fr\/#website","url":"https:\/\/theplayoffs.news\/fr\/","name":"The Playoffs FR","description":"NBA-NFL-NHL-MLB","potentialAction":[{"@type":"SearchAction","target":{"@type":"EntryPoint","urlTemplate":"https:\/\/theplayoffs.news\/fr\/?s={search_term_string}"},"query-input":{"@type":"PropertyValueSpecification","valueRequired":true,"valueName":"search_term_string"}}],"inLanguage":"fr-FR"},{"@type":"Person","@id":"https:\/\/theplayoffs.news\/fr\/#\/schema\/person\/eee5b69ad5d3c51cabe881c839dbe133","name":"Charles Taudin","image":{"@type":"ImageObject","inLanguage":"fr-FR","@id":"https:\/\/theplayoffs.news\/fr\/#\/schema\/person\/image\/","url":"https:\/\/secure.gravatar.com\/avatar\/59a1e772205ce9fd255edfcafc93013736822e20261f294c5753b20c41ede9f2?s=96&d=mm&r=g","contentUrl":"https:\/\/secure.gravatar.com\/avatar\/59a1e772205ce9fd255edfcafc93013736822e20261f294c5753b20c41ede9f2?s=96&d=mm&r=g","caption":"Charles Taudin"},"description":"R\u00e9dacteur en chef global de The Playoffs, j\u2019ai cr\u00e9\u00e9 The Free Agent, devenu The Playoffs FR, en 2020 durant la pand\u00e9mie. Amoureux depuis des ann\u00e9es des 4 sports majeurs am\u00e9ricains, j\u2019organise maintenant la strat\u00e9gie \u00e9ditoriale et les r\u00e9seaux sociaux de l\u2019ensemble des versions de The Playoffs. Il m\u2019arrive encore d\u2019\u00e9crire sur certains sports que j\u2019affectionne particuli\u00e8rement comme la NFL ou la MLB. Si vous devez retenir qu\u2019une chose : Eli Manning est le vrai GOAT pour avoir battu deux fois Tom Brady.","sameAs":["https:\/\/www.instagram.com\/ctaudin_\/"],"url":"https:\/\/theplayoffs.news\/fr\/author\/charles-taudin\/"}]}},"_links":{"self":[{"href":"https:\/\/theplayoffs.news\/fr\/wp-json\/wp\/v2\/posts\/1372437","targetHints":{"allow":["GET"]}}],"collection":[{"href":"https:\/\/theplayoffs.news\/fr\/wp-json\/wp\/v2\/posts"}],"about":[{"href":"https:\/\/theplayoffs.news\/fr\/wp-json\/wp\/v2\/types\/post"}],"author":[{"embeddable":true,"href":"https:\/\/theplayoffs.news\/fr\/wp-json\/wp\/v2\/users\/13"}],"replies":[{"embeddable":true,"href":"https:\/\/theplayoffs.news\/fr\/wp-json\/wp\/v2\/comments?post=1372437"}],"version-history":[{"count":2,"href":"https:\/\/theplayoffs.news\/fr\/wp-json\/wp\/v2\/posts\/1372437\/revisions"}],"predecessor-version":[{"id":1372440,"href":"https:\/\/theplayoffs.news\/fr\/wp-json\/wp\/v2\/posts\/1372437\/revisions\/1372440"}],"wp:featuredmedia":[{"embeddable":true,"href":"https:\/\/theplayoffs.news\/fr\/wp-json\/wp\/v2\/media\/1372438"}],"wp:attachment":[{"href":"https:\/\/theplayoffs.news\/fr\/wp-json\/wp\/v2\/media?parent=1372437"}],"wp:term":[{"taxonomy":"category","embeddable":true,"href":"https:\/\/theplayoffs.news\/fr\/wp-json\/wp\/v2\/categories?post=1372437"},{"taxonomy":"post_tag","embeddable":true,"href":"https:\/\/theplayoffs.news\/fr\/wp-json\/wp\/v2\/tags?post=1372437"},{"taxonomy":"sport","embeddable":true,"href":"https:\/\/theplayoffs.news\/fr\/wp-json\/wp\/v2\/sport?post=1372437"},{"taxonomy":"saison","embeddable":true,"href":"https:\/\/theplayoffs.news\/fr\/wp-json\/wp\/v2\/saison?post=1372437"}],"curies":[{"name":"wp","href":"https:\/\/api.w.org\/{rel}","templated":true}]}}