{"id":1372408,"date":"2024-02-26T11:55:24","date_gmt":"2024-02-26T10:55:24","guid":{"rendered":"https:\/\/theplayoffs.news\/fr\/?p=1372408"},"modified":"2024-02-26T11:55:24","modified_gmt":"2024-02-26T10:55:24","slug":"bilal-coulibaly-sorti-sur-blessure","status":"publish","type":"post","link":"https:\/\/theplayoffs.news\/fr\/actualite-nba\/bilal-coulibaly-sorti-sur-blessure\/","title":{"rendered":"Bilal Coulibaly sorti sur blessure"},"content":{"rendered":"<h2><strong>Alors que les <a href=\"https:\/\/theplayoffs.news\/fr\/equipe\/washington-wizards-nba\/\" class=\"trk-cta-link\" data-cta-trk='{\"ctaType\":\"Link\",\"ctaSubType\":\"main\"}'>Wizards<\/a> encha&icirc;nent leur 11e d&eacute;faite de suite face aux Cavaliers, l&rsquo;&eacute;quipe a &eacute;galement perdu <a href=\"https:\/\/theplayoffs.news\/fr\/joueur\/bilal-coulibaly-nba-10208310\/\" class=\"trk-cta-link\" data-cta-trk='{\"ctaType\":\"Link\",\"ctaSubType\":\"main\"}'>Bilal Coulibaly<\/a>, qui a du &ecirc;tre sorti au bout de 6 minutes de jeu suite &agrave; une mauvaise chute.<\/strong><\/h2><p>Lors du premier quart-temps, alors que Bilal Coulibaly s&rsquo;&eacute;lan&ccedil;ait &agrave; pleine vitesse pour dunker, Max Strus a provoqu&eacute; un passage en force, faisant ainsi chuter Bilal et les images ne sont pas rassurantes :<\/p><blockquote class=\"twitter-tweet\" data-width=\"500\" data-dnt=\"true\">\n<p lang=\"fr\" dir=\"ltr\">Hier Bilal Coulibaly s&rsquo;est bless&eacute; sur cette action. <br>C&rsquo;est super impressionnant, vas falloir arr&ecirc;ter de vouloir provoquer le passage en force quand la situation est dangereuse comme &ccedil;a, vous trouvez pas ?<br> <a href=\"https:\/\/t.co\/UWYXGoH1Ff\" class=\"trk-cta-link\" data-cta-trk='{\"ctaType\":\"Link\",\"ctaSubType\":\"main\"}'>pic.twitter.com\/UWYXGoH1Ff<\/a><\/p>\n<p>&mdash; The Playoffs FR (@ThePlayoffsFR) <a href=\"https:\/\/twitter.com\/ThePlayoffsFR\/status\/1762037690545918158?ref_src=twsrc%5Etfw\" class=\"trk-cta-link\" data-cta-trk='{\"ctaType\":\"Link\",\"ctaSubType\":\"main\"}'>February 26, 2024<\/a><\/p><\/blockquote><p><script async src=\"https:\/\/platform.twitter.com\/widgets.js\" charset=\"utf-8\"><\/script><\/p><p>On s&rsquo;inqui&egrave;te forc&eacute;ment pour l&rsquo;&eacute;tat de la blessure de Bilal Coulibaly mais pour le moment, tout ce que l&rsquo;on sait c&rsquo;est qu&rsquo;il semblerait souffrir d&rsquo;une contusion du bassin droit. Plus d&rsquo;informations devraient nous parvenir dans la journ&eacute;e.<\/p><p>Cette action relance forcement la question de la r&eacute;glementation du passage en force, faut-il vraiment s&rsquo;interposer alors qu&rsquo;un joueur est lanc&eacute; en l&rsquo;air ? Ce qui est s&ucirc;r, c&rsquo;est que Bilal Coulibaly est sorti sonn&eacute; du terrain et qu&rsquo;il n&rsquo;a pas pu rejouer derri&egrave;re.<\/p><p>C&rsquo;est vraiment un coup dur pour le rookie qui venait d&rsquo;int&eacute;grer le 5 majeur de Washington depuis quelques matchs.<\/p><div class=\"mceTemp\"><\/div><p>\n<div id=\"attachment_1372423\" style=\"width: 1930px\" class=\"wp-caption alignnone\"><img loading=\"lazy\" decoding=\"async\" aria-describedby=\"caption-attachment-1372423\" class=\"wp-image-1372423 size-full\" src=\"https:\/\/theplayoffs.news\/fr\/wp-content\/uploads\/2024\/02\/USATSI_22620363.jpg\" alt=\"Bilal Coulibaly\" width=\"1920\" height=\"1277\" srcset=\"https:\/\/theplayoffs.news\/fr\/wp-content\/uploads\/2024\/02\/USATSI_22620363.jpg 1920w, https:\/\/theplayoffs.news\/fr\/wp-content\/uploads\/2024\/02\/USATSI_22620363-300x200.jpg 300w, https:\/\/theplayoffs.news\/fr\/wp-content\/uploads\/2024\/02\/USATSI_22620363-1030x685.jpg 1030w, https:\/\/theplayoffs.news\/fr\/wp-content\/uploads\/2024\/02\/USATSI_22620363-768x511.jpg 768w, https:\/\/theplayoffs.news\/fr\/wp-content\/uploads\/2024\/02\/USATSI_22620363-1536x1022.jpg 1536w, https:\/\/theplayoffs.news\/fr\/wp-content\/uploads\/2024\/02\/USATSI_22620363-1500x998.jpg 1500w, https:\/\/theplayoffs.news\/fr\/wp-content\/uploads\/2024\/02\/USATSI_22620363-705x469.jpg 705w, https:\/\/theplayoffs.news\/fr\/wp-content\/uploads\/2024\/02\/USATSI_22620363-1320x878.jpg 1320w\" sizes=\"auto, (max-width: 1920px) 100vw, 1920px\" \/><p id=\"caption-attachment-1372423\" class=\"wp-caption-text\">Credit: Tommy Gilligan-USA TODAY Sports<\/p><\/div>\n<\/p>\n","protected":false},"excerpt":{"rendered":"","protected":false},"author":180310238,"featured_media":1372429,"comment_status":"open","ping_status":"closed","sticky":false,"template":"","format":"standard","meta":{"inline_featured_image":false,"kia_subtitle":"","_mux_skip_reasons":[],"proofreadBy":0,"footnotes":""},"categories":[110,10],"tags":[6021,554],"sport":[],"saison":[],"class_list":["post-1372408","post","type-post","status-publish","format-standard","has-post-thumbnail","hentry","category-actualite-nba","category-nba","tag-bilal-coulibaly","tag-washington-wizards"],"acf":[],"yoast_head":"<!-- This site is optimized with the Yoast SEO plugin v24.2 - https:\/\/yoast.com\/wordpress\/plugins\/seo\/ -->\n<title>Bilal Coulibaly sorti sur blessure - The Playoffs FR<\/title>\n<meta name=\"robots\" content=\"index, follow, max-snippet:-1, max-image-preview:large, max-video-preview:-1\" \/>\n<link rel=\"canonical\" href=\"https:\/\/theplayoffs.news\/fr\/actualite-nba\/bilal-coulibaly-sorti-sur-blessure\/\" \/>\n<meta property=\"og:locale\" content=\"fr_FR\" \/>\n<meta property=\"og:type\" content=\"article\" \/>\n<meta property=\"og:title\" content=\"Bilal Coulibaly sorti sur blessure - The Playoffs FR\" \/>\n<meta property=\"og:url\" content=\"https:\/\/theplayoffs.news\/fr\/actualite-nba\/bilal-coulibaly-sorti-sur-blessure\/\" \/>\n<meta property=\"og:site_name\" content=\"The Playoffs FR\" \/>\n<meta property=\"article:publisher\" content=\"https:\/\/www.facebook.com\/TheFreeAgentFR\/\" \/>\n<meta property=\"article:modified_time\" content=\"2024-02-26T11:55:24+01:00\" \/>\n<meta property=\"og:image\" content=\"https:\/\/theplayoffs.news\/fr\/wp-content\/uploads\/2024\/02\/USATSI_22619874.jpg\" \/>\n\t<meta property=\"og:image:width\" content=\"1920\" \/>\n\t<meta property=\"og:image:height\" content=\"1277\" \/>\n\t<meta property=\"og:image:type\" content=\"image\/jpeg\" \/>\n<meta name=\"author\" content=\"Keryan Revailler\" \/>\n<meta name=\"twitter:card\" content=\"summary_large_image\" \/>\n<meta name=\"twitter:creator\" content=\"@TheFreeAgentFR\" \/>\n<meta name=\"twitter:site\" content=\"@TheFreeAgentFR\" \/>\n<meta name=\"twitter:label1\" content=\"\u00c9crit par\" \/>\n\t<meta name=\"twitter:data1\" content=\"Keryan Revailler\" \/>\n\t<meta name=\"twitter:label2\" content=\"Dur\u00e9e de lecture estim\u00e9e\" \/>\n\t<meta name=\"twitter:data2\" content=\"1 minute\" \/>\n<script type=\"application\/ld+json\" class=\"yoast-schema-graph\">{\"@context\":\"https:\/\/schema.org\",\"@graph\":[{\"@type\":\"WebPage\",\"@id\":\"https:\/\/theplayoffs.news\/fr\/actualite-nba\/bilal-coulibaly-sorti-sur-blessure\/\",\"url\":\"https:\/\/theplayoffs.news\/fr\/actualite-nba\/bilal-coulibaly-sorti-sur-blessure\/\",\"name\":\"Bilal Coulibaly sorti sur blessure - The Playoffs FR\",\"isPartOf\":{\"@id\":\"https:\/\/theplayoffs.news\/fr\/#website\"},\"primaryImageOfPage\":{\"@id\":\"https:\/\/theplayoffs.news\/fr\/actualite-nba\/bilal-coulibaly-sorti-sur-blessure\/#primaryimage\"},\"image\":{\"@id\":\"https:\/\/theplayoffs.news\/fr\/actualite-nba\/bilal-coulibaly-sorti-sur-blessure\/#primaryimage\"},\"thumbnailUrl\":\"https:\/\/theplayoffs.news\/fr\/wp-content\/uploads\/2024\/02\/USATSI_22619874.jpg\",\"datePublished\":\"2024-02-26T10:55:24+00:00\",\"dateModified\":\"2024-02-26T10:55:24+00:00\",\"author\":{\"@id\":\"https:\/\/theplayoffs.news\/fr\/#\/schema\/person\/930b24290f2902709043cfabfe882533\"},\"breadcrumb\":{\"@id\":\"https:\/\/theplayoffs.news\/fr\/actualite-nba\/bilal-coulibaly-sorti-sur-blessure\/#breadcrumb\"},\"inLanguage\":\"fr-FR\",\"potentialAction\":[{\"@type\":\"ReadAction\",\"target\":[\"https:\/\/theplayoffs.news\/fr\/actualite-nba\/bilal-coulibaly-sorti-sur-blessure\/\"]}]},{\"@type\":\"ImageObject\",\"inLanguage\":\"fr-FR\",\"@id\":\"https:\/\/theplayoffs.news\/fr\/actualite-nba\/bilal-coulibaly-sorti-sur-blessure\/#primaryimage\",\"url\":\"https:\/\/theplayoffs.news\/fr\/wp-content\/uploads\/2024\/02\/USATSI_22619874.jpg\",\"contentUrl\":\"https:\/\/theplayoffs.news\/fr\/wp-content\/uploads\/2024\/02\/USATSI_22619874.jpg\",\"width\":1920,\"height\":1277,\"caption\":\"Credit: Tommy Gilligan-USA TODAY Sports\"},{\"@type\":\"BreadcrumbList\",\"@id\":\"https:\/\/theplayoffs.news\/fr\/actualite-nba\/bilal-coulibaly-sorti-sur-blessure\/#breadcrumb\",\"itemListElement\":[{\"@type\":\"ListItem\",\"position\":1,\"name\":\"Accueil\",\"item\":\"https:\/\/theplayoffs.news\/fr\/\"},{\"@type\":\"ListItem\",\"position\":2,\"name\":\"Bilal Coulibaly sorti sur blessure\"}]},{\"@type\":\"WebSite\",\"@id\":\"https:\/\/theplayoffs.news\/fr\/#website\",\"url\":\"https:\/\/theplayoffs.news\/fr\/\",\"name\":\"The Playoffs FR\",\"description\":\"NBA-NFL-NHL-MLB\",\"potentialAction\":[{\"@type\":\"SearchAction\",\"target\":{\"@type\":\"EntryPoint\",\"urlTemplate\":\"https:\/\/theplayoffs.news\/fr\/?s={search_term_string}\"},\"query-input\":{\"@type\":\"PropertyValueSpecification\",\"valueRequired\":true,\"valueName\":\"search_term_string\"}}],\"inLanguage\":\"fr-FR\"},{\"@type\":\"Person\",\"@id\":\"https:\/\/theplayoffs.news\/fr\/#\/schema\/person\/930b24290f2902709043cfabfe882533\",\"name\":\"Keryan Revailler\",\"image\":{\"@type\":\"ImageObject\",\"inLanguage\":\"fr-FR\",\"@id\":\"https:\/\/theplayoffs.news\/fr\/#\/schema\/person\/image\/\",\"url\":\"https:\/\/secure.gravatar.com\/avatar\/758a3786c45a5a75affae59d55f4971484dfec79f20217f4e17139c7d40424d3?s=96&d=mm&r=g\",\"contentUrl\":\"https:\/\/secure.gravatar.com\/avatar\/758a3786c45a5a75affae59d55f4971484dfec79f20217f4e17139c7d40424d3?s=96&d=mm&r=g\",\"caption\":\"Keryan Revailler\"},\"url\":\"https:\/\/theplayoffs.news\/fr\/author\/keryan-revaillerlaposte-net\/\"}]}<\/script>\n<!-- \/ Yoast SEO plugin. -->","yoast_head_json":{"title":"Bilal Coulibaly sorti sur blessure - The Playoffs FR","robots":{"index":"index","follow":"follow","max-snippet":"max-snippet:-1","max-image-preview":"max-image-preview:large","max-video-preview":"max-video-preview:-1"},"canonical":"https:\/\/theplayoffs.news\/fr\/actualite-nba\/bilal-coulibaly-sorti-sur-blessure\/","og_locale":"fr_FR","og_type":"article","og_title":"Bilal Coulibaly sorti sur blessure - The Playoffs FR","og_url":"https:\/\/theplayoffs.news\/fr\/actualite-nba\/bilal-coulibaly-sorti-sur-blessure\/","og_site_name":"The Playoffs FR","article_publisher":"https:\/\/www.facebook.com\/TheFreeAgentFR\/","og_image":[{"width":1920,"height":1277,"url":"https:\/\/theplayoffs.news\/fr\/wp-content\/uploads\/2024\/02\/USATSI_22619874.jpg","type":"image\/jpeg"}],"author":"Keryan Revailler","twitter_card":"summary_large_image","twitter_creator":"@TheFreeAgentFR","twitter_site":"@TheFreeAgentFR","twitter_misc":{"\u00c9crit par":"Keryan Revailler","Dur\u00e9e de lecture estim\u00e9e":"1 minute"},"schema":{"@context":"https:\/\/schema.org","@graph":[{"@type":"WebPage","@id":"https:\/\/theplayoffs.news\/fr\/actualite-nba\/bilal-coulibaly-sorti-sur-blessure\/","url":"https:\/\/theplayoffs.news\/fr\/actualite-nba\/bilal-coulibaly-sorti-sur-blessure\/","name":"Bilal Coulibaly sorti sur blessure - The Playoffs FR","isPartOf":{"@id":"https:\/\/theplayoffs.news\/fr\/#website"},"primaryImageOfPage":{"@id":"https:\/\/theplayoffs.news\/fr\/actualite-nba\/bilal-coulibaly-sorti-sur-blessure\/#primaryimage"},"image":{"@id":"https:\/\/theplayoffs.news\/fr\/actualite-nba\/bilal-coulibaly-sorti-sur-blessure\/#primaryimage"},"thumbnailUrl":"https:\/\/theplayoffs.news\/fr\/wp-content\/uploads\/2024\/02\/USATSI_22619874.jpg","datePublished":"2024-02-26T10:55:24+00:00","dateModified":"2024-02-26T10:55:24+00:00","author":{"@id":"https:\/\/theplayoffs.news\/fr\/#\/schema\/person\/930b24290f2902709043cfabfe882533"},"breadcrumb":{"@id":"https:\/\/theplayoffs.news\/fr\/actualite-nba\/bilal-coulibaly-sorti-sur-blessure\/#breadcrumb"},"inLanguage":"fr-FR","potentialAction":[{"@type":"ReadAction","target":["https:\/\/theplayoffs.news\/fr\/actualite-nba\/bilal-coulibaly-sorti-sur-blessure\/"]}]},{"@type":"ImageObject","inLanguage":"fr-FR","@id":"https:\/\/theplayoffs.news\/fr\/actualite-nba\/bilal-coulibaly-sorti-sur-blessure\/#primaryimage","url":"https:\/\/theplayoffs.news\/fr\/wp-content\/uploads\/2024\/02\/USATSI_22619874.jpg","contentUrl":"https:\/\/theplayoffs.news\/fr\/wp-content\/uploads\/2024\/02\/USATSI_22619874.jpg","width":1920,"height":1277,"caption":"Credit: Tommy Gilligan-USA TODAY Sports"},{"@type":"BreadcrumbList","@id":"https:\/\/theplayoffs.news\/fr\/actualite-nba\/bilal-coulibaly-sorti-sur-blessure\/#breadcrumb","itemListElement":[{"@type":"ListItem","position":1,"name":"Accueil","item":"https:\/\/theplayoffs.news\/fr\/"},{"@type":"ListItem","position":2,"name":"Bilal Coulibaly sorti sur blessure"}]},{"@type":"WebSite","@id":"https:\/\/theplayoffs.news\/fr\/#website","url":"https:\/\/theplayoffs.news\/fr\/","name":"The Playoffs FR","description":"NBA-NFL-NHL-MLB","potentialAction":[{"@type":"SearchAction","target":{"@type":"EntryPoint","urlTemplate":"https:\/\/theplayoffs.news\/fr\/?s={search_term_string}"},"query-input":{"@type":"PropertyValueSpecification","valueRequired":true,"valueName":"search_term_string"}}],"inLanguage":"fr-FR"},{"@type":"Person","@id":"https:\/\/theplayoffs.news\/fr\/#\/schema\/person\/930b24290f2902709043cfabfe882533","name":"Keryan Revailler","image":{"@type":"ImageObject","inLanguage":"fr-FR","@id":"https:\/\/theplayoffs.news\/fr\/#\/schema\/person\/image\/","url":"https:\/\/secure.gravatar.com\/avatar\/758a3786c45a5a75affae59d55f4971484dfec79f20217f4e17139c7d40424d3?s=96&d=mm&r=g","contentUrl":"https:\/\/secure.gravatar.com\/avatar\/758a3786c45a5a75affae59d55f4971484dfec79f20217f4e17139c7d40424d3?s=96&d=mm&r=g","caption":"Keryan Revailler"},"url":"https:\/\/theplayoffs.news\/fr\/author\/keryan-revaillerlaposte-net\/"}]}},"_links":{"self":[{"href":"https:\/\/theplayoffs.news\/fr\/wp-json\/wp\/v2\/posts\/1372408","targetHints":{"allow":["GET"]}}],"collection":[{"href":"https:\/\/theplayoffs.news\/fr\/wp-json\/wp\/v2\/posts"}],"about":[{"href":"https:\/\/theplayoffs.news\/fr\/wp-json\/wp\/v2\/types\/post"}],"author":[{"embeddable":true,"href":"https:\/\/theplayoffs.news\/fr\/wp-json\/wp\/v2\/users\/180310238"}],"replies":[{"embeddable":true,"href":"https:\/\/theplayoffs.news\/fr\/wp-json\/wp\/v2\/comments?post=1372408"}],"version-history":[{"count":5,"href":"https:\/\/theplayoffs.news\/fr\/wp-json\/wp\/v2\/posts\/1372408\/revisions"}],"predecessor-version":[{"id":1372434,"href":"https:\/\/theplayoffs.news\/fr\/wp-json\/wp\/v2\/posts\/1372408\/revisions\/1372434"}],"wp:featuredmedia":[{"embeddable":true,"href":"https:\/\/theplayoffs.news\/fr\/wp-json\/wp\/v2\/media\/1372429"}],"wp:attachment":[{"href":"https:\/\/theplayoffs.news\/fr\/wp-json\/wp\/v2\/media?parent=1372408"}],"wp:term":[{"taxonomy":"category","embeddable":true,"href":"https:\/\/theplayoffs.news\/fr\/wp-json\/wp\/v2\/categories?post=1372408"},{"taxonomy":"post_tag","embeddable":true,"href":"https:\/\/theplayoffs.news\/fr\/wp-json\/wp\/v2\/tags?post=1372408"},{"taxonomy":"sport","embeddable":true,"href":"https:\/\/theplayoffs.news\/fr\/wp-json\/wp\/v2\/sport?post=1372408"},{"taxonomy":"saison","embeddable":true,"href":"https:\/\/theplayoffs.news\/fr\/wp-json\/wp\/v2\/saison?post=1372408"}],"curies":[{"name":"wp","href":"https:\/\/api.w.org\/{rel}","templated":true}]}}