{"id":1372393,"date":"2024-02-26T11:11:35","date_gmt":"2024-02-26T10:11:35","guid":{"rendered":"https:\/\/theplayoffs.news\/fr\/?p=1372393"},"modified":"2024-02-26T11:11:35","modified_gmt":"2024-02-26T10:11:35","slug":"les-lakers-a-lepreuve-du-calendrier","status":"publish","type":"post","link":"https:\/\/theplayoffs.news\/fr\/actualite-nba\/les-lakers-a-lepreuve-du-calendrier\/","title":{"rendered":"Les Lakers \u00e0 l&rsquo;\u00e9preuve du calendrier."},"content":{"rendered":"<h2>NBA &ndash; Alors que les Lakers de Los Angeles nous propose une saison en dent de scie, c&rsquo;est un calendrier coriace qui attend LeBron James et ces camarades&hellip;<\/h2><p>Actuellement neuvi&egrave;me de la conf&eacute;rence Ouest, en pleine bataille pour la qualification en play-offs (et &agrave; minima une place pour le play-in), les Lakers vont devoir affronter de nombreux cadors pour cette premi&egrave;re quinzaine du mois de Mars qui se profile.<\/p><p>Dans le d&eacute;tail, sur les dix prochaines rencontres, les Lakers vont rencontrer :<\/p><ul>\n<li>Les Clippers pour le derby de L.A<\/li>\n<li>le champion en titre, les Nuggets de Denver<\/li>\n<li>le Thunder et les Wolves, TOP 1 et 2 de la conf&eacute;rence Ouest<\/li>\n<li>les Kings &agrave; deux reprises, en lutte avec eux pour le TOP 8<\/li>\n<li>Milwaukee qui semble retrouver des couleurs autour de son duo Lillard \/ Giannis<\/li>\n<li>Les Warriors de Stephen Curry, actuellement dixi&egrave;me &agrave; un demi match des Lakers<\/li>\n<\/ul><p>Tout un programme &hellip;<\/p><p>Oui ce calendrier semble de premier abord ardu, <strong>il fait m&ecirc;me partie des 10 calendriers les plus difficiles de cette fin de saison r&eacute;guli&egrave;re<\/strong> (selon le site <a href=\"https:\/\/www.tankathon.com\/remaining_schedule_strength\" class=\"trk-cta-link\" data-cta-trk='{\"ctaType\":\"Link\",\"ctaSubType\":\"main\"}'>tankathon.com<\/a>)<\/p><p>Dans une conf&eacute;rence Ouest qui est ann&eacute;e apr&egrave;s ann&eacute;e de plus en plus complexe &agrave; lire, &agrave; pronostiquer, l&rsquo;effectif de Darvin Ham va devoir se mobiliser avec toute l&rsquo;&eacute;nergie n&eacute;cessaire, afin de s&rsquo;assurer la meilleure place possible pour l&rsquo;&eacute;ch&eacute;ance des play-offs (ou d&rsquo;abord du play-in).<\/p><p>Cela passera d&rsquo;abord &eacute;videmment par la pr&eacute;sence de son duo de superstars : <strong>Anthony Davis et LeBron James<\/strong> vont devoir continuer d&rsquo;accumuler les minutes de temps de jeu sur les parquets, tout en devant g&eacute;rer des physiques vieillissants et (trop) souvent sujet aux blessures. D&eacute;j&agrave; plus de 35 minutes pour AD, avec 55 rencontres jou&eacute;s; c&rsquo;est l&eacute;g&egrave;rement moins pour le &laquo;&nbsp;King&nbsp;&raquo; (34,9 minutes en 51 rencontres).<\/p><p>\n<div id=\"attachment_1372397\" style=\"width: 1930px\" class=\"wp-caption alignnone\"><img loading=\"lazy\" decoding=\"async\" aria-describedby=\"caption-attachment-1372397\" class=\"size-full wp-image-1372397\" src=\"https:\/\/theplayoffs.news\/fr\/wp-content\/uploads\/2024\/02\/USATSI_22075921_168402440_lowres.jpg\" alt=\"\" width=\"1920\" height=\"1280\" srcset=\"https:\/\/theplayoffs.news\/fr\/wp-content\/uploads\/2024\/02\/USATSI_22075921_168402440_lowres.jpg 1920w, https:\/\/theplayoffs.news\/fr\/wp-content\/uploads\/2024\/02\/USATSI_22075921_168402440_lowres-300x200.jpg 300w, https:\/\/theplayoffs.news\/fr\/wp-content\/uploads\/2024\/02\/USATSI_22075921_168402440_lowres-1030x687.jpg 1030w, https:\/\/theplayoffs.news\/fr\/wp-content\/uploads\/2024\/02\/USATSI_22075921_168402440_lowres-768x512.jpg 768w, https:\/\/theplayoffs.news\/fr\/wp-content\/uploads\/2024\/02\/USATSI_22075921_168402440_lowres-1536x1024.jpg 1536w, https:\/\/theplayoffs.news\/fr\/wp-content\/uploads\/2024\/02\/USATSI_22075921_168402440_lowres-1500x1000.jpg 1500w, https:\/\/theplayoffs.news\/fr\/wp-content\/uploads\/2024\/02\/USATSI_22075921_168402440_lowres-705x470.jpg 705w, https:\/\/theplayoffs.news\/fr\/wp-content\/uploads\/2024\/02\/USATSI_22075921_168402440_lowres-1320x880.jpg 1320w\" sizes=\"auto, (max-width: 1920px) 100vw, 1920px\" \/><p id=\"caption-attachment-1372397\" class=\"wp-caption-text\">Credit: Kyle Terada-USA TODAY Sports<\/p><\/div>\n<\/p><p>Ensuite, les joueurs cl&eacute;s de l&rsquo;effectif vont devoir poursuivre leur dynamique positive depuis quelques semaines (<strong>D&rsquo;Angelo Russell<\/strong> semble retrouver quelques couleurs) ou montrer que leur arriv&eacute;e au sein de l&rsquo;effectif peut apporter un r&eacute;el avantage &agrave; L.A dans cette course de fin de saison (la venue &agrave; la trade deadline de <strong>Spencer Dinwiddie<\/strong> par exemple).<\/p><p><iframe loading=\"lazy\" title=\"D'Angelo Russell 20 pts 7 ast 3 reb vs Suns | February 25, 2024 |\" width=\"500\" height=\"281\" src=\"https:\/\/www.youtube.com\/embed\/cJQ-1zlabxU?feature=oembed\" frameborder=\"0\" allow=\"accelerometer; autoplay; clipboard-write; encrypted-media; gyroscope; picture-in-picture; web-share\" referrerpolicy=\"strict-origin-when-cross-origin\" allowfullscreen><\/iframe><\/p><p>Alors quelle place pour <a href=\"https:\/\/theplayoffs.news\/fr\/equipe\/los-angeles-lakers-nba\/\" class=\"trk-cta-link\" data-cta-trk='{\"ctaType\":\"Link\",\"ctaSubType\":\"main\"}'>les Angelinos<\/a> &agrave; l&rsquo;issue de la saison r&eacute;guli&egrave;re ? TOP 8 ? Avantage pour le play-in ? En dehors de tout ces consid&eacute;rations ? &hellip;<\/p>\n","protected":false},"excerpt":{"rendered":"","protected":false},"author":180310001,"featured_media":1372403,"comment_status":"open","ping_status":"closed","sticky":false,"template":"","format":"standard","meta":{"inline_featured_image":false,"kia_subtitle":"","_mux_skip_reasons":[],"proofreadBy":0,"footnotes":""},"categories":[110,10],"tags":[763,43,116],"sport":[2783],"saison":[6111],"class_list":["post-1372393","post","type-post","status-publish","format-standard","has-post-thumbnail","hentry","category-actualite-nba","category-nba","tag-anthony-davis","tag-lakers","tag-lebron-james","sport-nba","saison-6111"],"acf":[],"yoast_head":"<!-- This site is optimized with the Yoast SEO plugin v24.2 - https:\/\/yoast.com\/wordpress\/plugins\/seo\/ -->\n<title>Les Lakers &agrave; l&#039;&eacute;preuve du calendrier. - The Playoffs FR<\/title>\n<meta name=\"robots\" content=\"index, follow, max-snippet:-1, max-image-preview:large, max-video-preview:-1\" \/>\n<link rel=\"canonical\" href=\"https:\/\/theplayoffs.news\/fr\/actualite-nba\/les-lakers-a-lepreuve-du-calendrier\/\" \/>\n<meta property=\"og:locale\" content=\"fr_FR\" \/>\n<meta property=\"og:type\" content=\"article\" \/>\n<meta property=\"og:title\" content=\"Les Lakers &agrave; l&#039;&eacute;preuve du calendrier. - The Playoffs FR\" \/>\n<meta property=\"og:url\" content=\"https:\/\/theplayoffs.news\/fr\/actualite-nba\/les-lakers-a-lepreuve-du-calendrier\/\" \/>\n<meta property=\"og:site_name\" content=\"The Playoffs FR\" \/>\n<meta property=\"article:publisher\" content=\"https:\/\/www.facebook.com\/TheFreeAgentFR\/\" \/>\n<meta property=\"article:modified_time\" content=\"2024-02-26T11:11:35+01:00\" \/>\n<meta property=\"og:image\" content=\"https:\/\/theplayoffs.news\/fr\/wp-content\/uploads\/2024\/02\/USATSI_22124796_168402440_lowres.jpg\" \/>\n\t<meta property=\"og:image:width\" content=\"1516\" \/>\n\t<meta property=\"og:image:height\" content=\"1011\" \/>\n\t<meta property=\"og:image:type\" content=\"image\/jpeg\" \/>\n<meta name=\"author\" content=\"Christopher Marrec-Top\" \/>\n<meta name=\"twitter:card\" content=\"summary_large_image\" \/>\n<meta name=\"twitter:creator\" content=\"@TheFreeAgentFR\" \/>\n<meta name=\"twitter:site\" content=\"@TheFreeAgentFR\" \/>\n<meta name=\"twitter:label1\" content=\"\u00c9crit par\" \/>\n\t<meta name=\"twitter:data1\" content=\"Christopher Marrec-Top\" \/>\n\t<meta name=\"twitter:label2\" content=\"Dur\u00e9e de lecture estim\u00e9e\" \/>\n\t<meta name=\"twitter:data2\" content=\"2 minutes\" \/>\n<script type=\"application\/ld+json\" class=\"yoast-schema-graph\">{\"@context\":\"https:\/\/schema.org\",\"@graph\":[{\"@type\":\"WebPage\",\"@id\":\"https:\/\/theplayoffs.news\/fr\/actualite-nba\/les-lakers-a-lepreuve-du-calendrier\/\",\"url\":\"https:\/\/theplayoffs.news\/fr\/actualite-nba\/les-lakers-a-lepreuve-du-calendrier\/\",\"name\":\"Les Lakers \u00e0 l\\\\'\u00e9preuve du calendrier. - The Playoffs FR\",\"isPartOf\":{\"@id\":\"https:\/\/theplayoffs.news\/fr\/#website\"},\"primaryImageOfPage\":{\"@id\":\"https:\/\/theplayoffs.news\/fr\/actualite-nba\/les-lakers-a-lepreuve-du-calendrier\/#primaryimage\"},\"image\":{\"@id\":\"https:\/\/theplayoffs.news\/fr\/actualite-nba\/les-lakers-a-lepreuve-du-calendrier\/#primaryimage\"},\"thumbnailUrl\":\"https:\/\/theplayoffs.news\/fr\/wp-content\/uploads\/2024\/02\/USATSI_22124796_168402440_lowres.jpg\",\"datePublished\":\"2024-02-26T10:11:35+00:00\",\"dateModified\":\"2024-02-26T10:11:35+00:00\",\"author\":{\"@id\":\"https:\/\/theplayoffs.news\/fr\/#\/schema\/person\/863ce84969b07bfc09ef81750720e42a\"},\"breadcrumb\":{\"@id\":\"https:\/\/theplayoffs.news\/fr\/actualite-nba\/les-lakers-a-lepreuve-du-calendrier\/#breadcrumb\"},\"inLanguage\":\"fr-FR\",\"potentialAction\":[{\"@type\":\"ReadAction\",\"target\":[\"https:\/\/theplayoffs.news\/fr\/actualite-nba\/les-lakers-a-lepreuve-du-calendrier\/\"]}]},{\"@type\":\"ImageObject\",\"inLanguage\":\"fr-FR\",\"@id\":\"https:\/\/theplayoffs.news\/fr\/actualite-nba\/les-lakers-a-lepreuve-du-calendrier\/#primaryimage\",\"url\":\"https:\/\/theplayoffs.news\/fr\/wp-content\/uploads\/2024\/02\/USATSI_22124796_168402440_lowres.jpg\",\"contentUrl\":\"https:\/\/theplayoffs.news\/fr\/wp-content\/uploads\/2024\/02\/USATSI_22124796_168402440_lowres.jpg\",\"width\":1516,\"height\":1011,\"caption\":\"Dec 12, 2023; Dallas, Texas, USA; A view of the Los Angeles Lakers logo on the shorts of forward LeBron James (23) during the game between the Dallas Mavericks and the Los Angeles Lakers at the American Airlines Center. Mandatory Credit: Jerome Miron-USA TODAY Sports\"},{\"@type\":\"BreadcrumbList\",\"@id\":\"https:\/\/theplayoffs.news\/fr\/actualite-nba\/les-lakers-a-lepreuve-du-calendrier\/#breadcrumb\",\"itemListElement\":[{\"@type\":\"ListItem\",\"position\":1,\"name\":\"Accueil\",\"item\":\"https:\/\/theplayoffs.news\/fr\/\"},{\"@type\":\"ListItem\",\"position\":2,\"name\":\"Les Lakers \u00e0 l&rsquo;\u00e9preuve du calendrier.\"}]},{\"@type\":\"WebSite\",\"@id\":\"https:\/\/theplayoffs.news\/fr\/#website\",\"url\":\"https:\/\/theplayoffs.news\/fr\/\",\"name\":\"The Playoffs FR\",\"description\":\"NBA-NFL-NHL-MLB\",\"potentialAction\":[{\"@type\":\"SearchAction\",\"target\":{\"@type\":\"EntryPoint\",\"urlTemplate\":\"https:\/\/theplayoffs.news\/fr\/?s={search_term_string}\"},\"query-input\":{\"@type\":\"PropertyValueSpecification\",\"valueRequired\":true,\"valueName\":\"search_term_string\"}}],\"inLanguage\":\"fr-FR\"},{\"@type\":\"Person\",\"@id\":\"https:\/\/theplayoffs.news\/fr\/#\/schema\/person\/863ce84969b07bfc09ef81750720e42a\",\"name\":\"Christopher Marrec-Top\",\"image\":{\"@type\":\"ImageObject\",\"inLanguage\":\"fr-FR\",\"@id\":\"https:\/\/theplayoffs.news\/fr\/#\/schema\/person\/image\/\",\"url\":\"https:\/\/secure.gravatar.com\/avatar\/3102192a417211661aecac9ec415c973058438e49145f224d4e3273853f80021?s=96&d=mm&r=g\",\"contentUrl\":\"https:\/\/secure.gravatar.com\/avatar\/3102192a417211661aecac9ec415c973058438e49145f224d4e3273853f80021?s=96&d=mm&r=g\",\"caption\":\"Christopher Marrec-Top\"},\"description\":\"Christopher, 37 ans et biberonn\u00e9 au cidre et aux cr\u00eapes (rien de plus normal pour un breton). Animateur du podcast \\\\\\\"And One\\\\\\\", d\u00e9di\u00e9 \u00e0 l\u2019univers du basket (NBA, WNBA, Draft), et r\u00e9dacteur pour le site ThePlayoffs. Je suis entr\u00e9 dans le monde des m\u00e9dias il y a quelques ann\u00e9es en tant que novice, mais ma passion pour le sport m\u2019anime au quotidien. Admirateur inconditionnel d\\\\'un certain \\\\\\\"Chosen One\\\\\\\", je l\\\\'ai particuli\u00e8rement suivi avec un maillot noir orn\u00e9 d\\\\'un grand C (avec le maillot \\\\\\\"purple and gold\\\\\\\" il se d\u00e9brouille toujours pas trop mal). Amoureux du sport am\u00e9ricain dans son ensemble, je reste fid\u00e8le \u00e0 la discipline fond\u00e9e par James Naismith. ENJOY !! Et longue vie \u00e0 ThePlayoffs !\",\"url\":\"https:\/\/theplayoffs.news\/fr\/author\/christophertop\/\"}]}<\/script>\n<!-- \/ Yoast SEO plugin. -->","yoast_head_json":{"title":"Les Lakers &agrave; l&#039;&eacute;preuve du calendrier. - The Playoffs FR","robots":{"index":"index","follow":"follow","max-snippet":"max-snippet:-1","max-image-preview":"max-image-preview:large","max-video-preview":"max-video-preview:-1"},"canonical":"https:\/\/theplayoffs.news\/fr\/actualite-nba\/les-lakers-a-lepreuve-du-calendrier\/","og_locale":"fr_FR","og_type":"article","og_title":"Les Lakers &agrave; l&#039;&eacute;preuve du calendrier. - The Playoffs FR","og_url":"https:\/\/theplayoffs.news\/fr\/actualite-nba\/les-lakers-a-lepreuve-du-calendrier\/","og_site_name":"The Playoffs FR","article_publisher":"https:\/\/www.facebook.com\/TheFreeAgentFR\/","og_image":[{"width":1516,"height":1011,"url":"https:\/\/theplayoffs.news\/fr\/wp-content\/uploads\/2024\/02\/USATSI_22124796_168402440_lowres.jpg","type":"image\/jpeg"}],"author":"Christopher Marrec-Top","twitter_card":"summary_large_image","twitter_creator":"@TheFreeAgentFR","twitter_site":"@TheFreeAgentFR","twitter_misc":{"\u00c9crit par":"Christopher Marrec-Top","Dur\u00e9e de lecture estim\u00e9e":"2 minutes"},"schema":{"@context":"https:\/\/schema.org","@graph":[{"@type":"WebPage","@id":"https:\/\/theplayoffs.news\/fr\/actualite-nba\/les-lakers-a-lepreuve-du-calendrier\/","url":"https:\/\/theplayoffs.news\/fr\/actualite-nba\/les-lakers-a-lepreuve-du-calendrier\/","name":"Les Lakers \u00e0 l\\'\u00e9preuve du calendrier. - The Playoffs FR","isPartOf":{"@id":"https:\/\/theplayoffs.news\/fr\/#website"},"primaryImageOfPage":{"@id":"https:\/\/theplayoffs.news\/fr\/actualite-nba\/les-lakers-a-lepreuve-du-calendrier\/#primaryimage"},"image":{"@id":"https:\/\/theplayoffs.news\/fr\/actualite-nba\/les-lakers-a-lepreuve-du-calendrier\/#primaryimage"},"thumbnailUrl":"https:\/\/theplayoffs.news\/fr\/wp-content\/uploads\/2024\/02\/USATSI_22124796_168402440_lowres.jpg","datePublished":"2024-02-26T10:11:35+00:00","dateModified":"2024-02-26T10:11:35+00:00","author":{"@id":"https:\/\/theplayoffs.news\/fr\/#\/schema\/person\/863ce84969b07bfc09ef81750720e42a"},"breadcrumb":{"@id":"https:\/\/theplayoffs.news\/fr\/actualite-nba\/les-lakers-a-lepreuve-du-calendrier\/#breadcrumb"},"inLanguage":"fr-FR","potentialAction":[{"@type":"ReadAction","target":["https:\/\/theplayoffs.news\/fr\/actualite-nba\/les-lakers-a-lepreuve-du-calendrier\/"]}]},{"@type":"ImageObject","inLanguage":"fr-FR","@id":"https:\/\/theplayoffs.news\/fr\/actualite-nba\/les-lakers-a-lepreuve-du-calendrier\/#primaryimage","url":"https:\/\/theplayoffs.news\/fr\/wp-content\/uploads\/2024\/02\/USATSI_22124796_168402440_lowres.jpg","contentUrl":"https:\/\/theplayoffs.news\/fr\/wp-content\/uploads\/2024\/02\/USATSI_22124796_168402440_lowres.jpg","width":1516,"height":1011,"caption":"Dec 12, 2023; Dallas, Texas, USA; A view of the Los Angeles Lakers logo on the shorts of forward LeBron James (23) during the game between the Dallas Mavericks and the Los Angeles Lakers at the American Airlines Center. Mandatory Credit: Jerome Miron-USA TODAY Sports"},{"@type":"BreadcrumbList","@id":"https:\/\/theplayoffs.news\/fr\/actualite-nba\/les-lakers-a-lepreuve-du-calendrier\/#breadcrumb","itemListElement":[{"@type":"ListItem","position":1,"name":"Accueil","item":"https:\/\/theplayoffs.news\/fr\/"},{"@type":"ListItem","position":2,"name":"Les Lakers \u00e0 l&rsquo;\u00e9preuve du calendrier."}]},{"@type":"WebSite","@id":"https:\/\/theplayoffs.news\/fr\/#website","url":"https:\/\/theplayoffs.news\/fr\/","name":"The Playoffs FR","description":"NBA-NFL-NHL-MLB","potentialAction":[{"@type":"SearchAction","target":{"@type":"EntryPoint","urlTemplate":"https:\/\/theplayoffs.news\/fr\/?s={search_term_string}"},"query-input":{"@type":"PropertyValueSpecification","valueRequired":true,"valueName":"search_term_string"}}],"inLanguage":"fr-FR"},{"@type":"Person","@id":"https:\/\/theplayoffs.news\/fr\/#\/schema\/person\/863ce84969b07bfc09ef81750720e42a","name":"Christopher Marrec-Top","image":{"@type":"ImageObject","inLanguage":"fr-FR","@id":"https:\/\/theplayoffs.news\/fr\/#\/schema\/person\/image\/","url":"https:\/\/secure.gravatar.com\/avatar\/3102192a417211661aecac9ec415c973058438e49145f224d4e3273853f80021?s=96&d=mm&r=g","contentUrl":"https:\/\/secure.gravatar.com\/avatar\/3102192a417211661aecac9ec415c973058438e49145f224d4e3273853f80021?s=96&d=mm&r=g","caption":"Christopher Marrec-Top"},"description":"Christopher, 37 ans et biberonn\u00e9 au cidre et aux cr\u00eapes (rien de plus normal pour un breton). Animateur du podcast \\\"And One\\\", d\u00e9di\u00e9 \u00e0 l\u2019univers du basket (NBA, WNBA, Draft), et r\u00e9dacteur pour le site ThePlayoffs. Je suis entr\u00e9 dans le monde des m\u00e9dias il y a quelques ann\u00e9es en tant que novice, mais ma passion pour le sport m\u2019anime au quotidien. Admirateur inconditionnel d\\'un certain \\\"Chosen One\\\", je l\\'ai particuli\u00e8rement suivi avec un maillot noir orn\u00e9 d\\'un grand C (avec le maillot \\\"purple and gold\\\" il se d\u00e9brouille toujours pas trop mal). Amoureux du sport am\u00e9ricain dans son ensemble, je reste fid\u00e8le \u00e0 la discipline fond\u00e9e par James Naismith. ENJOY !! Et longue vie \u00e0 ThePlayoffs !","url":"https:\/\/theplayoffs.news\/fr\/author\/christophertop\/"}]}},"_links":{"self":[{"href":"https:\/\/theplayoffs.news\/fr\/wp-json\/wp\/v2\/posts\/1372393","targetHints":{"allow":["GET"]}}],"collection":[{"href":"https:\/\/theplayoffs.news\/fr\/wp-json\/wp\/v2\/posts"}],"about":[{"href":"https:\/\/theplayoffs.news\/fr\/wp-json\/wp\/v2\/types\/post"}],"author":[{"embeddable":true,"href":"https:\/\/theplayoffs.news\/fr\/wp-json\/wp\/v2\/users\/180310001"}],"replies":[{"embeddable":true,"href":"https:\/\/theplayoffs.news\/fr\/wp-json\/wp\/v2\/comments?post=1372393"}],"version-history":[{"count":6,"href":"https:\/\/theplayoffs.news\/fr\/wp-json\/wp\/v2\/posts\/1372393\/revisions"}],"predecessor-version":[{"id":1372415,"href":"https:\/\/theplayoffs.news\/fr\/wp-json\/wp\/v2\/posts\/1372393\/revisions\/1372415"}],"wp:featuredmedia":[{"embeddable":true,"href":"https:\/\/theplayoffs.news\/fr\/wp-json\/wp\/v2\/media\/1372403"}],"wp:attachment":[{"href":"https:\/\/theplayoffs.news\/fr\/wp-json\/wp\/v2\/media?parent=1372393"}],"wp:term":[{"taxonomy":"category","embeddable":true,"href":"https:\/\/theplayoffs.news\/fr\/wp-json\/wp\/v2\/categories?post=1372393"},{"taxonomy":"post_tag","embeddable":true,"href":"https:\/\/theplayoffs.news\/fr\/wp-json\/wp\/v2\/tags?post=1372393"},{"taxonomy":"sport","embeddable":true,"href":"https:\/\/theplayoffs.news\/fr\/wp-json\/wp\/v2\/sport?post=1372393"},{"taxonomy":"saison","embeddable":true,"href":"https:\/\/theplayoffs.news\/fr\/wp-json\/wp\/v2\/saison?post=1372393"}],"curies":[{"name":"wp","href":"https:\/\/api.w.org\/{rel}","templated":true}]}}