{"id":1372219,"date":"2024-02-25T21:08:17","date_gmt":"2024-02-25T20:08:17","guid":{"rendered":"https:\/\/theplayoffs.news\/fr\/?p=1372219"},"modified":"2024-02-25T21:08:17","modified_gmt":"2024-02-25T20:08:17","slug":"trae-young-absent-au-moins-4-semaines","status":"publish","type":"post","link":"https:\/\/theplayoffs.news\/fr\/actualite-nba\/trae-young-absent-au-moins-4-semaines\/","title":{"rendered":"Trae Young absent au moins 4 semaines"},"content":{"rendered":"<h2>Alors que la saison des Hawks est d&eacute;j&agrave; assez compliqu&eacute;e, c&rsquo;est un nouveau coup dur pour la franchise d&rsquo;Atlanta, avec l&rsquo;annonce concernant Trae Young.<\/h2><p>&nbsp;<\/p><p>En effet, le meneur et figure de proue de la franchise va devoir se faire op&eacute;rer dans les prochains jours, suite &agrave; une blessure &agrave; la main qu&rsquo;il a subit lors du match contre Toronto.<\/p><p>&nbsp;<\/p><blockquote class=\"twitter-tweet\" data-width=\"500\" data-dnt=\"true\">\n<p lang=\"en\" dir=\"ltr\">Atlanta Hawks say All-Star Trae Young will undergo surgery to repair a ligament tear in fifth finger of left hand and will be re-evaluated in four weeks. <a href=\"https:\/\/t.co\/jb5vIaZoe3\" class=\"trk-cta-link\" data-cta-trk='{\"ctaType\":\"Link\",\"ctaSubType\":\"main\"}'>pic.twitter.com\/jb5vIaZoe3<\/a><\/p>\n<p>&mdash; Shams Charania (@ShamsCharania) <a href=\"https:\/\/twitter.com\/ShamsCharania\/status\/1761823725521867096?ref_src=twsrc%5Etfw\" class=\"trk-cta-link\" data-cta-trk='{\"ctaType\":\"Link\",\"ctaSubType\":\"main\"}'>February 25, 2024<\/a><\/p><\/blockquote><p><script async src=\"https:\/\/platform.twitter.com\/widgets.js\" charset=\"utf-8\"><\/script><\/p><p><a href=\"https:\/\/twitter.com\/ShamsCharania\/status\/1761823725521867096\" class=\"trk-cta-link\" data-cta-trk='{\"ctaType\":\"Link\",\"ctaSubType\":\"main\"}'>Shams Charania<\/a> annonce une r&eacute;&eacute;valuation de la situation au bout des quatre prochaines semaines, un vrai coup dur pour Atlanta, qui vit une saison plut&ocirc;t chaotique (actuellement dixi&egrave;me &agrave; l&rsquo;Est pour un bilan de 24 victoires pour 32 revers).<\/p><p>A la lutte pour le play-in, les Hawks peuvent ils encore ambitionner de se qualifier pour les playoffs ? Math&eacute;matiquement, les Nets et les Raptors peuvent encore esp&eacute;rer cette derni&egrave;re place &laquo;&nbsp;joker&nbsp;&raquo; pour esp&eacute;rer se qualifier pour le play-in, et seront des concurrents coriaces pour ATL apr&egrave;s cette information concernant Trae Young.<\/p><p>On en sera rapidement plus sur les mouvements dans le classement, Brooklyn et Atlanta se retrouvant &agrave; deux reprises au tout d&eacute;but du mois de Mars &hellip;<\/p>\n","protected":false},"excerpt":{"rendered":"","protected":false},"author":180310001,"featured_media":1372226,"comment_status":"open","ping_status":"closed","sticky":false,"template":"","format":"standard","meta":{"inline_featured_image":false,"kia_subtitle":"","_mux_skip_reasons":[],"proofreadBy":0,"footnotes":""},"categories":[110,10],"tags":[107,500,32],"sport":[2783],"saison":[6111],"class_list":["post-1372219","post","type-post","status-publish","format-standard","has-post-thumbnail","hentry","category-actualite-nba","category-nba","tag-atlanta","tag-hawks","tag-trae-young","sport-nba","saison-6111"],"acf":[],"yoast_head":"<!-- This site is optimized with the Yoast SEO plugin v24.2 - https:\/\/yoast.com\/wordpress\/plugins\/seo\/ -->\n<title>Trae Young absent au moins 4 semaines - The Playoffs FR<\/title>\n<meta name=\"robots\" content=\"index, follow, max-snippet:-1, max-image-preview:large, max-video-preview:-1\" \/>\n<link rel=\"canonical\" href=\"https:\/\/theplayoffs.news\/fr\/actualite-nba\/trae-young-absent-au-moins-4-semaines\/\" \/>\n<meta property=\"og:locale\" content=\"fr_FR\" \/>\n<meta property=\"og:type\" content=\"article\" \/>\n<meta property=\"og:title\" content=\"Trae Young absent au moins 4 semaines - The Playoffs FR\" \/>\n<meta property=\"og:url\" content=\"https:\/\/theplayoffs.news\/fr\/actualite-nba\/trae-young-absent-au-moins-4-semaines\/\" \/>\n<meta property=\"og:site_name\" content=\"The Playoffs FR\" \/>\n<meta property=\"article:publisher\" content=\"https:\/\/www.facebook.com\/TheFreeAgentFR\/\" \/>\n<meta property=\"article:modified_time\" content=\"2024-02-25T21:08:17+01:00\" \/>\n<meta property=\"og:image\" content=\"https:\/\/theplayoffs.news\/fr\/wp-content\/uploads\/2024\/02\/USATSI_22136163_168402440_lowres.jpg\" \/>\n\t<meta property=\"og:image:width\" content=\"1250\" \/>\n\t<meta property=\"og:image:height\" content=\"833\" \/>\n\t<meta property=\"og:image:type\" content=\"image\/jpeg\" \/>\n<meta name=\"author\" content=\"Christopher Marrec-Top\" \/>\n<meta name=\"twitter:card\" content=\"summary_large_image\" \/>\n<meta name=\"twitter:creator\" content=\"@TheFreeAgentFR\" \/>\n<meta name=\"twitter:site\" content=\"@TheFreeAgentFR\" \/>\n<meta name=\"twitter:label1\" content=\"\u00c9crit par\" \/>\n\t<meta name=\"twitter:data1\" content=\"Christopher Marrec-Top\" \/>\n\t<meta name=\"twitter:label2\" content=\"Dur\u00e9e de lecture estim\u00e9e\" \/>\n\t<meta name=\"twitter:data2\" content=\"1 minute\" \/>\n<script type=\"application\/ld+json\" class=\"yoast-schema-graph\">{\"@context\":\"https:\/\/schema.org\",\"@graph\":[{\"@type\":\"WebPage\",\"@id\":\"https:\/\/theplayoffs.news\/fr\/actualite-nba\/trae-young-absent-au-moins-4-semaines\/\",\"url\":\"https:\/\/theplayoffs.news\/fr\/actualite-nba\/trae-young-absent-au-moins-4-semaines\/\",\"name\":\"Trae Young absent au moins 4 semaines - The Playoffs FR\",\"isPartOf\":{\"@id\":\"https:\/\/theplayoffs.news\/fr\/#website\"},\"primaryImageOfPage\":{\"@id\":\"https:\/\/theplayoffs.news\/fr\/actualite-nba\/trae-young-absent-au-moins-4-semaines\/#primaryimage\"},\"image\":{\"@id\":\"https:\/\/theplayoffs.news\/fr\/actualite-nba\/trae-young-absent-au-moins-4-semaines\/#primaryimage\"},\"thumbnailUrl\":\"https:\/\/theplayoffs.news\/fr\/wp-content\/uploads\/2024\/02\/USATSI_22136163_168402440_lowres.jpg\",\"datePublished\":\"2024-02-25T20:08:17+00:00\",\"dateModified\":\"2024-02-25T20:08:17+00:00\",\"author\":{\"@id\":\"https:\/\/theplayoffs.news\/fr\/#\/schema\/person\/863ce84969b07bfc09ef81750720e42a\"},\"breadcrumb\":{\"@id\":\"https:\/\/theplayoffs.news\/fr\/actualite-nba\/trae-young-absent-au-moins-4-semaines\/#breadcrumb\"},\"inLanguage\":\"fr-FR\",\"potentialAction\":[{\"@type\":\"ReadAction\",\"target\":[\"https:\/\/theplayoffs.news\/fr\/actualite-nba\/trae-young-absent-au-moins-4-semaines\/\"]}]},{\"@type\":\"ImageObject\",\"inLanguage\":\"fr-FR\",\"@id\":\"https:\/\/theplayoffs.news\/fr\/actualite-nba\/trae-young-absent-au-moins-4-semaines\/#primaryimage\",\"url\":\"https:\/\/theplayoffs.news\/fr\/wp-content\/uploads\/2024\/02\/USATSI_22136163_168402440_lowres.jpg\",\"contentUrl\":\"https:\/\/theplayoffs.news\/fr\/wp-content\/uploads\/2024\/02\/USATSI_22136163_168402440_lowres.jpg\",\"width\":1250,\"height\":833,\"caption\":\"Dec 18, 2023; Atlanta, Georgia, USA; Atlanta Hawks guard Trae Young (11) walks off the court after a victory against the Detroit Pistons at State Farm Arena. Mandatory Credit: Brett Davis-USA TODAY Sports\"},{\"@type\":\"BreadcrumbList\",\"@id\":\"https:\/\/theplayoffs.news\/fr\/actualite-nba\/trae-young-absent-au-moins-4-semaines\/#breadcrumb\",\"itemListElement\":[{\"@type\":\"ListItem\",\"position\":1,\"name\":\"Accueil\",\"item\":\"https:\/\/theplayoffs.news\/fr\/\"},{\"@type\":\"ListItem\",\"position\":2,\"name\":\"Trae Young absent au moins 4 semaines\"}]},{\"@type\":\"WebSite\",\"@id\":\"https:\/\/theplayoffs.news\/fr\/#website\",\"url\":\"https:\/\/theplayoffs.news\/fr\/\",\"name\":\"The Playoffs FR\",\"description\":\"NBA-NFL-NHL-MLB\",\"potentialAction\":[{\"@type\":\"SearchAction\",\"target\":{\"@type\":\"EntryPoint\",\"urlTemplate\":\"https:\/\/theplayoffs.news\/fr\/?s={search_term_string}\"},\"query-input\":{\"@type\":\"PropertyValueSpecification\",\"valueRequired\":true,\"valueName\":\"search_term_string\"}}],\"inLanguage\":\"fr-FR\"},{\"@type\":\"Person\",\"@id\":\"https:\/\/theplayoffs.news\/fr\/#\/schema\/person\/863ce84969b07bfc09ef81750720e42a\",\"name\":\"Christopher Marrec-Top\",\"image\":{\"@type\":\"ImageObject\",\"inLanguage\":\"fr-FR\",\"@id\":\"https:\/\/theplayoffs.news\/fr\/#\/schema\/person\/image\/\",\"url\":\"https:\/\/secure.gravatar.com\/avatar\/3102192a417211661aecac9ec415c973058438e49145f224d4e3273853f80021?s=96&d=mm&r=g\",\"contentUrl\":\"https:\/\/secure.gravatar.com\/avatar\/3102192a417211661aecac9ec415c973058438e49145f224d4e3273853f80021?s=96&d=mm&r=g\",\"caption\":\"Christopher Marrec-Top\"},\"description\":\"Christopher, 37 ans et biberonn\u00e9 au cidre et aux cr\u00eapes (rien de plus normal pour un breton). Animateur du podcast \\\\\\\"And One\\\\\\\", d\u00e9di\u00e9 \u00e0 l\u2019univers du basket (NBA, WNBA, Draft), et r\u00e9dacteur pour le site ThePlayoffs. Je suis entr\u00e9 dans le monde des m\u00e9dias il y a quelques ann\u00e9es en tant que novice, mais ma passion pour le sport m\u2019anime au quotidien. Admirateur inconditionnel d\\\\'un certain \\\\\\\"Chosen One\\\\\\\", je l\\\\'ai particuli\u00e8rement suivi avec un maillot noir orn\u00e9 d\\\\'un grand C (avec le maillot \\\\\\\"purple and gold\\\\\\\" il se d\u00e9brouille toujours pas trop mal). Amoureux du sport am\u00e9ricain dans son ensemble, je reste fid\u00e8le \u00e0 la discipline fond\u00e9e par James Naismith. ENJOY !! Et longue vie \u00e0 ThePlayoffs !\",\"url\":\"https:\/\/theplayoffs.news\/fr\/author\/christophertop\/\"}]}<\/script>\n<!-- \/ Yoast SEO plugin. -->","yoast_head_json":{"title":"Trae Young absent au moins 4 semaines - The Playoffs FR","robots":{"index":"index","follow":"follow","max-snippet":"max-snippet:-1","max-image-preview":"max-image-preview:large","max-video-preview":"max-video-preview:-1"},"canonical":"https:\/\/theplayoffs.news\/fr\/actualite-nba\/trae-young-absent-au-moins-4-semaines\/","og_locale":"fr_FR","og_type":"article","og_title":"Trae Young absent au moins 4 semaines - The Playoffs FR","og_url":"https:\/\/theplayoffs.news\/fr\/actualite-nba\/trae-young-absent-au-moins-4-semaines\/","og_site_name":"The Playoffs FR","article_publisher":"https:\/\/www.facebook.com\/TheFreeAgentFR\/","og_image":[{"width":1250,"height":833,"url":"https:\/\/theplayoffs.news\/fr\/wp-content\/uploads\/2024\/02\/USATSI_22136163_168402440_lowres.jpg","type":"image\/jpeg"}],"author":"Christopher Marrec-Top","twitter_card":"summary_large_image","twitter_creator":"@TheFreeAgentFR","twitter_site":"@TheFreeAgentFR","twitter_misc":{"\u00c9crit par":"Christopher Marrec-Top","Dur\u00e9e de lecture estim\u00e9e":"1 minute"},"schema":{"@context":"https:\/\/schema.org","@graph":[{"@type":"WebPage","@id":"https:\/\/theplayoffs.news\/fr\/actualite-nba\/trae-young-absent-au-moins-4-semaines\/","url":"https:\/\/theplayoffs.news\/fr\/actualite-nba\/trae-young-absent-au-moins-4-semaines\/","name":"Trae Young absent au moins 4 semaines - The Playoffs FR","isPartOf":{"@id":"https:\/\/theplayoffs.news\/fr\/#website"},"primaryImageOfPage":{"@id":"https:\/\/theplayoffs.news\/fr\/actualite-nba\/trae-young-absent-au-moins-4-semaines\/#primaryimage"},"image":{"@id":"https:\/\/theplayoffs.news\/fr\/actualite-nba\/trae-young-absent-au-moins-4-semaines\/#primaryimage"},"thumbnailUrl":"https:\/\/theplayoffs.news\/fr\/wp-content\/uploads\/2024\/02\/USATSI_22136163_168402440_lowres.jpg","datePublished":"2024-02-25T20:08:17+00:00","dateModified":"2024-02-25T20:08:17+00:00","author":{"@id":"https:\/\/theplayoffs.news\/fr\/#\/schema\/person\/863ce84969b07bfc09ef81750720e42a"},"breadcrumb":{"@id":"https:\/\/theplayoffs.news\/fr\/actualite-nba\/trae-young-absent-au-moins-4-semaines\/#breadcrumb"},"inLanguage":"fr-FR","potentialAction":[{"@type":"ReadAction","target":["https:\/\/theplayoffs.news\/fr\/actualite-nba\/trae-young-absent-au-moins-4-semaines\/"]}]},{"@type":"ImageObject","inLanguage":"fr-FR","@id":"https:\/\/theplayoffs.news\/fr\/actualite-nba\/trae-young-absent-au-moins-4-semaines\/#primaryimage","url":"https:\/\/theplayoffs.news\/fr\/wp-content\/uploads\/2024\/02\/USATSI_22136163_168402440_lowres.jpg","contentUrl":"https:\/\/theplayoffs.news\/fr\/wp-content\/uploads\/2024\/02\/USATSI_22136163_168402440_lowres.jpg","width":1250,"height":833,"caption":"Dec 18, 2023; Atlanta, Georgia, USA; Atlanta Hawks guard Trae Young (11) walks off the court after a victory against the Detroit Pistons at State Farm Arena. Mandatory Credit: Brett Davis-USA TODAY Sports"},{"@type":"BreadcrumbList","@id":"https:\/\/theplayoffs.news\/fr\/actualite-nba\/trae-young-absent-au-moins-4-semaines\/#breadcrumb","itemListElement":[{"@type":"ListItem","position":1,"name":"Accueil","item":"https:\/\/theplayoffs.news\/fr\/"},{"@type":"ListItem","position":2,"name":"Trae Young absent au moins 4 semaines"}]},{"@type":"WebSite","@id":"https:\/\/theplayoffs.news\/fr\/#website","url":"https:\/\/theplayoffs.news\/fr\/","name":"The Playoffs FR","description":"NBA-NFL-NHL-MLB","potentialAction":[{"@type":"SearchAction","target":{"@type":"EntryPoint","urlTemplate":"https:\/\/theplayoffs.news\/fr\/?s={search_term_string}"},"query-input":{"@type":"PropertyValueSpecification","valueRequired":true,"valueName":"search_term_string"}}],"inLanguage":"fr-FR"},{"@type":"Person","@id":"https:\/\/theplayoffs.news\/fr\/#\/schema\/person\/863ce84969b07bfc09ef81750720e42a","name":"Christopher Marrec-Top","image":{"@type":"ImageObject","inLanguage":"fr-FR","@id":"https:\/\/theplayoffs.news\/fr\/#\/schema\/person\/image\/","url":"https:\/\/secure.gravatar.com\/avatar\/3102192a417211661aecac9ec415c973058438e49145f224d4e3273853f80021?s=96&d=mm&r=g","contentUrl":"https:\/\/secure.gravatar.com\/avatar\/3102192a417211661aecac9ec415c973058438e49145f224d4e3273853f80021?s=96&d=mm&r=g","caption":"Christopher Marrec-Top"},"description":"Christopher, 37 ans et biberonn\u00e9 au cidre et aux cr\u00eapes (rien de plus normal pour un breton). Animateur du podcast \\\"And One\\\", d\u00e9di\u00e9 \u00e0 l\u2019univers du basket (NBA, WNBA, Draft), et r\u00e9dacteur pour le site ThePlayoffs. Je suis entr\u00e9 dans le monde des m\u00e9dias il y a quelques ann\u00e9es en tant que novice, mais ma passion pour le sport m\u2019anime au quotidien. Admirateur inconditionnel d\\'un certain \\\"Chosen One\\\", je l\\'ai particuli\u00e8rement suivi avec un maillot noir orn\u00e9 d\\'un grand C (avec le maillot \\\"purple and gold\\\" il se d\u00e9brouille toujours pas trop mal). Amoureux du sport am\u00e9ricain dans son ensemble, je reste fid\u00e8le \u00e0 la discipline fond\u00e9e par James Naismith. ENJOY !! Et longue vie \u00e0 ThePlayoffs !","url":"https:\/\/theplayoffs.news\/fr\/author\/christophertop\/"}]}},"_links":{"self":[{"href":"https:\/\/theplayoffs.news\/fr\/wp-json\/wp\/v2\/posts\/1372219","targetHints":{"allow":["GET"]}}],"collection":[{"href":"https:\/\/theplayoffs.news\/fr\/wp-json\/wp\/v2\/posts"}],"about":[{"href":"https:\/\/theplayoffs.news\/fr\/wp-json\/wp\/v2\/types\/post"}],"author":[{"embeddable":true,"href":"https:\/\/theplayoffs.news\/fr\/wp-json\/wp\/v2\/users\/180310001"}],"replies":[{"embeddable":true,"href":"https:\/\/theplayoffs.news\/fr\/wp-json\/wp\/v2\/comments?post=1372219"}],"version-history":[{"count":3,"href":"https:\/\/theplayoffs.news\/fr\/wp-json\/wp\/v2\/posts\/1372219\/revisions"}],"predecessor-version":[{"id":1372230,"href":"https:\/\/theplayoffs.news\/fr\/wp-json\/wp\/v2\/posts\/1372219\/revisions\/1372230"}],"wp:featuredmedia":[{"embeddable":true,"href":"https:\/\/theplayoffs.news\/fr\/wp-json\/wp\/v2\/media\/1372226"}],"wp:attachment":[{"href":"https:\/\/theplayoffs.news\/fr\/wp-json\/wp\/v2\/media?parent=1372219"}],"wp:term":[{"taxonomy":"category","embeddable":true,"href":"https:\/\/theplayoffs.news\/fr\/wp-json\/wp\/v2\/categories?post=1372219"},{"taxonomy":"post_tag","embeddable":true,"href":"https:\/\/theplayoffs.news\/fr\/wp-json\/wp\/v2\/tags?post=1372219"},{"taxonomy":"sport","embeddable":true,"href":"https:\/\/theplayoffs.news\/fr\/wp-json\/wp\/v2\/sport?post=1372219"},{"taxonomy":"saison","embeddable":true,"href":"https:\/\/theplayoffs.news\/fr\/wp-json\/wp\/v2\/saison?post=1372219"}],"curies":[{"name":"wp","href":"https:\/\/api.w.org\/{rel}","templated":true}]}}