{"id":1372157,"date":"2024-02-25T10:38:02","date_gmt":"2024-02-25T09:38:02","guid":{"rendered":"https:\/\/theplayoffs.news\/fr\/?p=1372157"},"modified":"2024-02-25T10:17:36","modified_gmt":"2024-02-25T09:17:36","slug":"cody-bellinger-prolonge-3-ans-chez-les-cubs","status":"publish","type":"post","link":"https:\/\/theplayoffs.news\/fr\/actualite-mlb\/cody-bellinger-prolonge-3-ans-chez-les-cubs\/","title":{"rendered":"Cody Bellinger prolonge 3 ans chez les Cubs"},"content":{"rendered":"<h2>Cody Bellinger et les Chicago Cubs ont conclu un accord sur un contrat de trois ans d&rsquo;une valeur de 80 millions de dollars.<\/h2><p>Cet accord, <a href=\"https:\/\/twitter.com\/JeffPassan\/status\/1761650923070271625\" class=\"trk-cta-link\" data-cta-trk='{\"ctaType\":\"Link\",\"ctaSubType\":\"main\"}'>rapport&eacute; par Jeff Passan<\/a>, marque non seulement la fin de la p&eacute;riode de free agency prolong&eacute;e de Cody Bellinger mais souligne &eacute;galement sa remarquable saison 2023 avec les Cubs, qui a manifestement port&eacute; ses fruits.<\/p><blockquote class=\"twitter-tweet\" data-width=\"500\" data-dnt=\"true\">\n<p lang=\"en\" dir=\"ltr\">BREAKING: Centerfielder Cody Bellinger and the Chicago Cubs are in agreement on a three-year, $80 million contract, sources tell ESPN. Bellinger will receive opt-outs after each of the first two years of the deal. Bellinger, 28, returns to the Cubs after a prolonged free agency.<\/p>\n<p>&mdash; Jeff Passan (@JeffPassan) <a href=\"https:\/\/twitter.com\/JeffPassan\/status\/1761650923070271625?ref_src=twsrc%5Etfw\" class=\"trk-cta-link\" data-cta-trk='{\"ctaType\":\"Link\",\"ctaSubType\":\"main\"}'>February 25, 2024<\/a><\/p><\/blockquote><p><script async src=\"https:\/\/platform.twitter.com\/widgets.js\" charset=\"utf-8\"><\/script><\/p><p>&Agrave; 28 ans, Bellinger est pr&ecirc;t &agrave; gagner un salaire de 30 millions de dollars pour la saison &agrave; venir, avec des gains similaires en 2025, et une somme r&eacute;duite de 20 millions de dollars en 2026, s&rsquo;il reste avec l&rsquo;&eacute;quipe. Ce<\/p><p>La saison 2023 a &eacute;t&eacute; rien de moins qu&rsquo;une r&eacute;surgence pour Cody Bellinger, qui a affich&eacute; une ligne oblique de .307\/.356\/.525, avec 26 home runs et 97 points produits. Cette performance a &eacute;t&eacute; un contraste frappant avec les ann&eacute;es pr&eacute;c&eacute;dentes, marqu&eacute;es par des blessures et un jeu incoh&eacute;rent.<\/p><p>La capacit&eacute; de Bellinger &agrave; rebondir lui a non seulement valu le titre de Comeback Player of the Year de la National League mais l&rsquo;a &eacute;galement plac&eacute; 10&egrave;me dans le vote du MVP de la NL.<\/p><p>Le retour de Cody Bellinger aux Cubs est bien plus qu&rsquo;une signature de haut profil ; c&rsquo;est une acquisition <a href=\"https:\/\/theplayoffs.news\/fr\/mlb\/preview-mlb-2024-national-league-central\/\" class=\"trk-cta-link\" data-cta-trk='{\"ctaType\":\"Link\",\"ctaSubType\":\"main\"}'>strat&eacute;gique qui en dit long sur la direction et l&rsquo;ambition de l&rsquo;&eacute;quipe<\/a>. La capacit&eacute; de Bellinger &agrave; jouer dans un double r&ocirc;le, ayant &eacute;t&eacute; utilis&eacute; &agrave; la fois dans le champ ext&eacute;rieur et l&rsquo;infield, est un vrai plus pour les Cubs.<\/p><p>&nbsp;<\/p><p>Credit photo : Joe Camporeale-USA TODAY Sports<\/p>\n","protected":false},"excerpt":{"rendered":"","protected":false},"author":13,"featured_media":1372158,"comment_status":"open","ping_status":"closed","sticky":false,"template":"","format":"standard","meta":{"inline_featured_image":false,"kia_subtitle":"","_mux_skip_reasons":[],"proofreadBy":0,"footnotes":""},"categories":[188,9],"tags":[451,593],"sport":[],"saison":[],"class_list":["post-1372157","post","type-post","status-publish","format-standard","has-post-thumbnail","hentry","category-actualite-mlb","category-mlb","tag-chicago-cubs","tag-cody-bellinger"],"acf":[],"yoast_head":"<!-- This site is optimized with the Yoast SEO plugin v24.2 - https:\/\/yoast.com\/wordpress\/plugins\/seo\/ -->\n<title>Cody Bellinger prolonge 3 ans chez les Cubs - The Playoffs FR<\/title>\n<meta name=\"robots\" content=\"index, follow, max-snippet:-1, max-image-preview:large, max-video-preview:-1\" \/>\n<link rel=\"canonical\" href=\"https:\/\/theplayoffs.news\/fr\/actualite-mlb\/cody-bellinger-prolonge-3-ans-chez-les-cubs\/\" \/>\n<meta property=\"og:locale\" content=\"fr_FR\" \/>\n<meta property=\"og:type\" content=\"article\" \/>\n<meta property=\"og:title\" content=\"Cody Bellinger prolonge 3 ans chez les Cubs - The Playoffs FR\" \/>\n<meta property=\"og:url\" content=\"https:\/\/theplayoffs.news\/fr\/actualite-mlb\/cody-bellinger-prolonge-3-ans-chez-les-cubs\/\" \/>\n<meta property=\"og:site_name\" content=\"The Playoffs FR\" \/>\n<meta property=\"article:publisher\" content=\"https:\/\/www.facebook.com\/TheFreeAgentFR\/\" \/>\n<meta property=\"article:modified_time\" content=\"2024-02-25T10:38:02+01:00\" \/>\n<meta property=\"og:image\" content=\"https:\/\/theplayoffs.news\/fr\/wp-content\/uploads\/2024\/02\/USATSI_21438084.jpg\" \/>\n\t<meta property=\"og:image:width\" content=\"1920\" \/>\n\t<meta property=\"og:image:height\" content=\"1389\" \/>\n\t<meta property=\"og:image:type\" content=\"image\/jpeg\" \/>\n<meta name=\"author\" content=\"Charles Taudin\" \/>\n<meta name=\"twitter:card\" content=\"summary_large_image\" \/>\n<meta name=\"twitter:creator\" content=\"@TheFreeAgentFR\" \/>\n<meta name=\"twitter:site\" content=\"@TheFreeAgentFR\" \/>\n<meta name=\"twitter:label1\" content=\"\u00c9crit par\" \/>\n\t<meta name=\"twitter:data1\" content=\"Charles Taudin\" \/>\n\t<meta name=\"twitter:label2\" content=\"Dur\u00e9e de lecture estim\u00e9e\" \/>\n\t<meta name=\"twitter:data2\" content=\"1 minute\" \/>\n<script type=\"application\/ld+json\" class=\"yoast-schema-graph\">{\"@context\":\"https:\/\/schema.org\",\"@graph\":[{\"@type\":\"WebPage\",\"@id\":\"https:\/\/theplayoffs.news\/fr\/actualite-mlb\/cody-bellinger-prolonge-3-ans-chez-les-cubs\/\",\"url\":\"https:\/\/theplayoffs.news\/fr\/actualite-mlb\/cody-bellinger-prolonge-3-ans-chez-les-cubs\/\",\"name\":\"Cody Bellinger prolonge 3 ans chez les Cubs - The Playoffs FR\",\"isPartOf\":{\"@id\":\"https:\/\/theplayoffs.news\/fr\/#website\"},\"primaryImageOfPage\":{\"@id\":\"https:\/\/theplayoffs.news\/fr\/actualite-mlb\/cody-bellinger-prolonge-3-ans-chez-les-cubs\/#primaryimage\"},\"image\":{\"@id\":\"https:\/\/theplayoffs.news\/fr\/actualite-mlb\/cody-bellinger-prolonge-3-ans-chez-les-cubs\/#primaryimage\"},\"thumbnailUrl\":\"https:\/\/theplayoffs.news\/fr\/wp-content\/uploads\/2024\/02\/USATSI_21438084.jpg\",\"datePublished\":\"2024-02-25T09:38:02+00:00\",\"dateModified\":\"2024-02-25T10:38:02+01:00\",\"author\":{\"@id\":\"https:\/\/theplayoffs.news\/fr\/#\/schema\/person\/eee5b69ad5d3c51cabe881c839dbe133\"},\"breadcrumb\":{\"@id\":\"https:\/\/theplayoffs.news\/fr\/actualite-mlb\/cody-bellinger-prolonge-3-ans-chez-les-cubs\/#breadcrumb\"},\"inLanguage\":\"fr-FR\",\"potentialAction\":[{\"@type\":\"ReadAction\",\"target\":[\"https:\/\/theplayoffs.news\/fr\/actualite-mlb\/cody-bellinger-prolonge-3-ans-chez-les-cubs\/\"]}]},{\"@type\":\"ImageObject\",\"inLanguage\":\"fr-FR\",\"@id\":\"https:\/\/theplayoffs.news\/fr\/actualite-mlb\/cody-bellinger-prolonge-3-ans-chez-les-cubs\/#primaryimage\",\"url\":\"https:\/\/theplayoffs.news\/fr\/wp-content\/uploads\/2024\/02\/USATSI_21438084.jpg\",\"contentUrl\":\"https:\/\/theplayoffs.news\/fr\/wp-content\/uploads\/2024\/02\/USATSI_21438084.jpg\",\"width\":1920,\"height\":1389,\"caption\":\"Sep 16, 2023; Phoenix, Arizona, USA; Chicago Cubs first baseman Cody Bellinger (24) reacts after striking out against the Arizona Diamondbacks during the fourth inning at Chase Field. Mandatory Credit: Joe Camporeale-USA TODAY Sports\"},{\"@type\":\"BreadcrumbList\",\"@id\":\"https:\/\/theplayoffs.news\/fr\/actualite-mlb\/cody-bellinger-prolonge-3-ans-chez-les-cubs\/#breadcrumb\",\"itemListElement\":[{\"@type\":\"ListItem\",\"position\":1,\"name\":\"Accueil\",\"item\":\"https:\/\/theplayoffs.news\/fr\/\"},{\"@type\":\"ListItem\",\"position\":2,\"name\":\"Cody Bellinger prolonge 3 ans chez les Cubs\"}]},{\"@type\":\"WebSite\",\"@id\":\"https:\/\/theplayoffs.news\/fr\/#website\",\"url\":\"https:\/\/theplayoffs.news\/fr\/\",\"name\":\"The Playoffs FR\",\"description\":\"NBA-NFL-NHL-MLB\",\"potentialAction\":[{\"@type\":\"SearchAction\",\"target\":{\"@type\":\"EntryPoint\",\"urlTemplate\":\"https:\/\/theplayoffs.news\/fr\/?s={search_term_string}\"},\"query-input\":{\"@type\":\"PropertyValueSpecification\",\"valueRequired\":true,\"valueName\":\"search_term_string\"}}],\"inLanguage\":\"fr-FR\"},{\"@type\":\"Person\",\"@id\":\"https:\/\/theplayoffs.news\/fr\/#\/schema\/person\/eee5b69ad5d3c51cabe881c839dbe133\",\"name\":\"Charles Taudin\",\"image\":{\"@type\":\"ImageObject\",\"inLanguage\":\"fr-FR\",\"@id\":\"https:\/\/theplayoffs.news\/fr\/#\/schema\/person\/image\/\",\"url\":\"https:\/\/secure.gravatar.com\/avatar\/59a1e772205ce9fd255edfcafc93013736822e20261f294c5753b20c41ede9f2?s=96&d=mm&r=g\",\"contentUrl\":\"https:\/\/secure.gravatar.com\/avatar\/59a1e772205ce9fd255edfcafc93013736822e20261f294c5753b20c41ede9f2?s=96&d=mm&r=g\",\"caption\":\"Charles Taudin\"},\"description\":\"R\u00e9dacteur en chef global de The Playoffs, j\u2019ai cr\u00e9\u00e9 The Free Agent, devenu The Playoffs FR, en 2020 durant la pand\u00e9mie. Amoureux depuis des ann\u00e9es des 4 sports majeurs am\u00e9ricains, j\u2019organise maintenant la strat\u00e9gie \u00e9ditoriale et les r\u00e9seaux sociaux de l\u2019ensemble des versions de The Playoffs. Il m\u2019arrive encore d\u2019\u00e9crire sur certains sports que j\u2019affectionne particuli\u00e8rement comme la NFL ou la MLB. Si vous devez retenir qu\u2019une chose : Eli Manning est le vrai GOAT pour avoir battu deux fois Tom Brady.\",\"sameAs\":[\"https:\/\/www.instagram.com\/ctaudin_\/\"],\"url\":\"https:\/\/theplayoffs.news\/fr\/author\/charles-taudin\/\"}]}<\/script>\n<!-- \/ Yoast SEO plugin. -->","yoast_head_json":{"title":"Cody Bellinger prolonge 3 ans chez les Cubs - The Playoffs FR","robots":{"index":"index","follow":"follow","max-snippet":"max-snippet:-1","max-image-preview":"max-image-preview:large","max-video-preview":"max-video-preview:-1"},"canonical":"https:\/\/theplayoffs.news\/fr\/actualite-mlb\/cody-bellinger-prolonge-3-ans-chez-les-cubs\/","og_locale":"fr_FR","og_type":"article","og_title":"Cody Bellinger prolonge 3 ans chez les Cubs - The Playoffs FR","og_url":"https:\/\/theplayoffs.news\/fr\/actualite-mlb\/cody-bellinger-prolonge-3-ans-chez-les-cubs\/","og_site_name":"The Playoffs FR","article_publisher":"https:\/\/www.facebook.com\/TheFreeAgentFR\/","article_modified_time":"2024-02-25T09:17:36+00:00","og_image":[{"width":1920,"height":1389,"url":"https:\/\/theplayoffs.news\/fr\/wp-content\/uploads\/2024\/02\/USATSI_21438084.jpg","type":"image\/jpeg"}],"author":"Charles Taudin","twitter_card":"summary_large_image","twitter_creator":"@TheFreeAgentFR","twitter_site":"@TheFreeAgentFR","twitter_misc":{"\u00c9crit par":"Charles Taudin","Dur\u00e9e de lecture estim\u00e9e":"1 minute"},"schema":{"@context":"https:\/\/schema.org","@graph":[{"@type":"WebPage","@id":"https:\/\/theplayoffs.news\/fr\/actualite-mlb\/cody-bellinger-prolonge-3-ans-chez-les-cubs\/","url":"https:\/\/theplayoffs.news\/fr\/actualite-mlb\/cody-bellinger-prolonge-3-ans-chez-les-cubs\/","name":"Cody Bellinger prolonge 3 ans chez les Cubs - The Playoffs FR","isPartOf":{"@id":"https:\/\/theplayoffs.news\/fr\/#website"},"primaryImageOfPage":{"@id":"https:\/\/theplayoffs.news\/fr\/actualite-mlb\/cody-bellinger-prolonge-3-ans-chez-les-cubs\/#primaryimage"},"image":{"@id":"https:\/\/theplayoffs.news\/fr\/actualite-mlb\/cody-bellinger-prolonge-3-ans-chez-les-cubs\/#primaryimage"},"thumbnailUrl":"https:\/\/theplayoffs.news\/fr\/wp-content\/uploads\/2024\/02\/USATSI_21438084.jpg","datePublished":"2024-02-25T09:38:02+00:00","dateModified":"2024-02-25T10:38:02+01:00","author":{"@id":"https:\/\/theplayoffs.news\/fr\/#\/schema\/person\/eee5b69ad5d3c51cabe881c839dbe133"},"breadcrumb":{"@id":"https:\/\/theplayoffs.news\/fr\/actualite-mlb\/cody-bellinger-prolonge-3-ans-chez-les-cubs\/#breadcrumb"},"inLanguage":"fr-FR","potentialAction":[{"@type":"ReadAction","target":["https:\/\/theplayoffs.news\/fr\/actualite-mlb\/cody-bellinger-prolonge-3-ans-chez-les-cubs\/"]}]},{"@type":"ImageObject","inLanguage":"fr-FR","@id":"https:\/\/theplayoffs.news\/fr\/actualite-mlb\/cody-bellinger-prolonge-3-ans-chez-les-cubs\/#primaryimage","url":"https:\/\/theplayoffs.news\/fr\/wp-content\/uploads\/2024\/02\/USATSI_21438084.jpg","contentUrl":"https:\/\/theplayoffs.news\/fr\/wp-content\/uploads\/2024\/02\/USATSI_21438084.jpg","width":1920,"height":1389,"caption":"Sep 16, 2023; Phoenix, Arizona, USA; Chicago Cubs first baseman Cody Bellinger (24) reacts after striking out against the Arizona Diamondbacks during the fourth inning at Chase Field. Mandatory Credit: Joe Camporeale-USA TODAY Sports"},{"@type":"BreadcrumbList","@id":"https:\/\/theplayoffs.news\/fr\/actualite-mlb\/cody-bellinger-prolonge-3-ans-chez-les-cubs\/#breadcrumb","itemListElement":[{"@type":"ListItem","position":1,"name":"Accueil","item":"https:\/\/theplayoffs.news\/fr\/"},{"@type":"ListItem","position":2,"name":"Cody Bellinger prolonge 3 ans chez les Cubs"}]},{"@type":"WebSite","@id":"https:\/\/theplayoffs.news\/fr\/#website","url":"https:\/\/theplayoffs.news\/fr\/","name":"The Playoffs FR","description":"NBA-NFL-NHL-MLB","potentialAction":[{"@type":"SearchAction","target":{"@type":"EntryPoint","urlTemplate":"https:\/\/theplayoffs.news\/fr\/?s={search_term_string}"},"query-input":{"@type":"PropertyValueSpecification","valueRequired":true,"valueName":"search_term_string"}}],"inLanguage":"fr-FR"},{"@type":"Person","@id":"https:\/\/theplayoffs.news\/fr\/#\/schema\/person\/eee5b69ad5d3c51cabe881c839dbe133","name":"Charles Taudin","image":{"@type":"ImageObject","inLanguage":"fr-FR","@id":"https:\/\/theplayoffs.news\/fr\/#\/schema\/person\/image\/","url":"https:\/\/secure.gravatar.com\/avatar\/59a1e772205ce9fd255edfcafc93013736822e20261f294c5753b20c41ede9f2?s=96&d=mm&r=g","contentUrl":"https:\/\/secure.gravatar.com\/avatar\/59a1e772205ce9fd255edfcafc93013736822e20261f294c5753b20c41ede9f2?s=96&d=mm&r=g","caption":"Charles Taudin"},"description":"R\u00e9dacteur en chef global de The Playoffs, j\u2019ai cr\u00e9\u00e9 The Free Agent, devenu The Playoffs FR, en 2020 durant la pand\u00e9mie. Amoureux depuis des ann\u00e9es des 4 sports majeurs am\u00e9ricains, j\u2019organise maintenant la strat\u00e9gie \u00e9ditoriale et les r\u00e9seaux sociaux de l\u2019ensemble des versions de The Playoffs. Il m\u2019arrive encore d\u2019\u00e9crire sur certains sports que j\u2019affectionne particuli\u00e8rement comme la NFL ou la MLB. Si vous devez retenir qu\u2019une chose : Eli Manning est le vrai GOAT pour avoir battu deux fois Tom Brady.","sameAs":["https:\/\/www.instagram.com\/ctaudin_\/"],"url":"https:\/\/theplayoffs.news\/fr\/author\/charles-taudin\/"}]}},"_links":{"self":[{"href":"https:\/\/theplayoffs.news\/fr\/wp-json\/wp\/v2\/posts\/1372157","targetHints":{"allow":["GET"]}}],"collection":[{"href":"https:\/\/theplayoffs.news\/fr\/wp-json\/wp\/v2\/posts"}],"about":[{"href":"https:\/\/theplayoffs.news\/fr\/wp-json\/wp\/v2\/types\/post"}],"author":[{"embeddable":true,"href":"https:\/\/theplayoffs.news\/fr\/wp-json\/wp\/v2\/users\/13"}],"replies":[{"embeddable":true,"href":"https:\/\/theplayoffs.news\/fr\/wp-json\/wp\/v2\/comments?post=1372157"}],"version-history":[{"count":3,"href":"https:\/\/theplayoffs.news\/fr\/wp-json\/wp\/v2\/posts\/1372157\/revisions"}],"predecessor-version":[{"id":1372162,"href":"https:\/\/theplayoffs.news\/fr\/wp-json\/wp\/v2\/posts\/1372157\/revisions\/1372162"}],"wp:featuredmedia":[{"embeddable":true,"href":"https:\/\/theplayoffs.news\/fr\/wp-json\/wp\/v2\/media\/1372158"}],"wp:attachment":[{"href":"https:\/\/theplayoffs.news\/fr\/wp-json\/wp\/v2\/media?parent=1372157"}],"wp:term":[{"taxonomy":"category","embeddable":true,"href":"https:\/\/theplayoffs.news\/fr\/wp-json\/wp\/v2\/categories?post=1372157"},{"taxonomy":"post_tag","embeddable":true,"href":"https:\/\/theplayoffs.news\/fr\/wp-json\/wp\/v2\/tags?post=1372157"},{"taxonomy":"sport","embeddable":true,"href":"https:\/\/theplayoffs.news\/fr\/wp-json\/wp\/v2\/sport?post=1372157"},{"taxonomy":"saison","embeddable":true,"href":"https:\/\/theplayoffs.news\/fr\/wp-json\/wp\/v2\/saison?post=1372157"}],"curies":[{"name":"wp","href":"https:\/\/api.w.org\/{rel}","templated":true}]}}