{"id":1371461,"date":"2024-02-21T10:29:06","date_gmt":"2024-02-21T09:29:06","guid":{"rendered":"https:\/\/theplayoffs.news\/fr\/?p=1371461"},"modified":"2024-02-21T10:29:06","modified_gmt":"2024-02-21T09:29:06","slug":"klint-kubiak-prend-les-renes-en-tant-que-coordinateur-offensif-des-saints","status":"publish","type":"post","link":"https:\/\/theplayoffs.news\/fr\/actualite-nfl\/klint-kubiak-prend-les-renes-en-tant-que-coordinateur-offensif-des-saints\/","title":{"rendered":"Klint Kubiak prend les r\u00eanes en tant que coordinateur offensif des Saints"},"content":{"rendered":"<h2>NFL &ndash; Les New Orleans Saints ont officiellement annonc&eacute; Klint Kubiak comme leur nouveau coordinateur offensif.<\/h2><p>Les Saints se sont lanc&eacute;s dans une recherche approfondie pour leur nouveau coordinateur offensif, interviewant entre 11 &agrave; 12 candidats, soulignant l&rsquo;engagement de l&rsquo;&eacute;quipe &agrave; revitaliser leur attaque.<\/p><p>Ce processus exhaustif n&rsquo;&eacute;tait pas seulement &agrave; propos de trouver un nouvel entra&icirc;neur, mais de identifier une vision qui s&rsquo;aligne avec les aspirations des Saints et le talent &agrave; leur disposition.<\/p><blockquote><p>&laquo;&nbsp;Il y a beaucoup de personnes tr&egrave;s qualifi&eacute;es&nbsp;&raquo;, a d&eacute;clar&eacute; Allen &agrave; <a href=\"https:\/\/twitter.com\/Matthew_Paras\/status\/1760110553287049218\" class=\"trk-cta-link\" data-cta-trk='{\"ctaType\":\"Link\",\"ctaSubType\":\"main\"}'>NFL Media<\/a>,&nbsp; &laquo;&nbsp;J&rsquo;ai eu l&rsquo;impression que nous avions vraiment besoin de nous plonger dans un grand nombre de sch&eacute;mas diff&eacute;rents et de personnalit&eacute;s diff&eacute;rentes. Je voulais vraiment voir ce qui serait le mieux adapt&eacute; aux Saints de la Nouvelle-Orl&eacute;ans, aux joueurs que nous avons ici et aux choses que nous devons accomplir.&nbsp;&raquo;<\/p><\/blockquote><p>La s&eacute;lection de Klint Kubiak est un signe de reconnaissance tant pour ses capacit&eacute;s individuelles que pour son h&eacute;ritage footballistique profond&eacute;ment. Ayant servi comme sp&eacute;cialiste du jeu de passe pour les 49ers, Klint Kubiak a d&eacute;montr&eacute; son aptitude &agrave; &eacute;laborer des attaques performantes, un ensemble de comp&eacute;tences qu&rsquo;il est pr&ecirc;t &agrave; apporter aux Saints.<\/p><p>Son mandat avec les Vikings en tant que coordinateur offensif, o&ugrave; il a aid&eacute; l&rsquo;&eacute;quipe &agrave; atteindre des classements notables en attaque totale et en points, t&eacute;moigne davantage de son expertise.<\/p><p>&nbsp;<\/p><p>Credit photo : Jeffrey Becker-USA TODAY Sports<\/p>\n","protected":false},"excerpt":{"rendered":"","protected":false},"author":13,"featured_media":1371463,"comment_status":"open","ping_status":"closed","sticky":false,"template":"","format":"standard","meta":{"inline_featured_image":false,"kia_subtitle":"","_mux_skip_reasons":[],"proofreadBy":0,"footnotes":""},"categories":[118,40],"tags":[6982,994],"sport":[],"saison":[],"class_list":["post-1371461","post","type-post","status-publish","format-standard","has-post-thumbnail","hentry","category-actualite-nfl","category-nfl","tag-klint-kubiak","tag-new-orleans-saints"],"acf":[],"yoast_head":"<!-- This site is optimized with the Yoast SEO plugin v24.2 - https:\/\/yoast.com\/wordpress\/plugins\/seo\/ -->\n<title>Klint Kubiak prend les r&ecirc;nes en tant que coordinateur offensif des Saints - The Playoffs FR<\/title>\n<meta name=\"robots\" content=\"index, follow, max-snippet:-1, max-image-preview:large, max-video-preview:-1\" \/>\n<link rel=\"canonical\" href=\"https:\/\/theplayoffs.news\/fr\/actualite-nfl\/klint-kubiak-prend-les-renes-en-tant-que-coordinateur-offensif-des-saints\/\" \/>\n<meta property=\"og:locale\" content=\"fr_FR\" \/>\n<meta property=\"og:type\" content=\"article\" \/>\n<meta property=\"og:title\" content=\"Klint Kubiak prend les r&ecirc;nes en tant que coordinateur offensif des Saints - The Playoffs FR\" \/>\n<meta property=\"og:url\" content=\"https:\/\/theplayoffs.news\/fr\/actualite-nfl\/klint-kubiak-prend-les-renes-en-tant-que-coordinateur-offensif-des-saints\/\" \/>\n<meta property=\"og:site_name\" content=\"The Playoffs FR\" \/>\n<meta property=\"article:publisher\" content=\"https:\/\/www.facebook.com\/TheFreeAgentFR\/\" \/>\n<meta property=\"article:modified_time\" content=\"2024-02-21T10:29:06+01:00\" \/>\n<meta property=\"og:image\" content=\"https:\/\/theplayoffs.news\/fr\/wp-content\/uploads\/2024\/02\/USATSI_21986188.jpg\" \/>\n\t<meta property=\"og:image:width\" content=\"1920\" \/>\n\t<meta property=\"og:image:height\" content=\"1281\" \/>\n\t<meta property=\"og:image:type\" content=\"image\/jpeg\" \/>\n<meta name=\"author\" content=\"Charles Taudin\" \/>\n<meta name=\"twitter:card\" content=\"summary_large_image\" \/>\n<meta name=\"twitter:creator\" content=\"@TheFreeAgentFR\" \/>\n<meta name=\"twitter:site\" content=\"@TheFreeAgentFR\" \/>\n<meta name=\"twitter:label1\" content=\"\u00c9crit par\" \/>\n\t<meta name=\"twitter:data1\" content=\"Charles Taudin\" \/>\n\t<meta name=\"twitter:label2\" content=\"Dur\u00e9e de lecture estim\u00e9e\" \/>\n\t<meta name=\"twitter:data2\" content=\"1 minute\" \/>\n<script type=\"application\/ld+json\" class=\"yoast-schema-graph\">{\"@context\":\"https:\/\/schema.org\",\"@graph\":[{\"@type\":\"WebPage\",\"@id\":\"https:\/\/theplayoffs.news\/fr\/actualite-nfl\/klint-kubiak-prend-les-renes-en-tant-que-coordinateur-offensif-des-saints\/\",\"url\":\"https:\/\/theplayoffs.news\/fr\/actualite-nfl\/klint-kubiak-prend-les-renes-en-tant-que-coordinateur-offensif-des-saints\/\",\"name\":\"Klint Kubiak prend les r\u00eanes en tant que coordinateur offensif des Saints - The Playoffs FR\",\"isPartOf\":{\"@id\":\"https:\/\/theplayoffs.news\/fr\/#website\"},\"primaryImageOfPage\":{\"@id\":\"https:\/\/theplayoffs.news\/fr\/actualite-nfl\/klint-kubiak-prend-les-renes-en-tant-que-coordinateur-offensif-des-saints\/#primaryimage\"},\"image\":{\"@id\":\"https:\/\/theplayoffs.news\/fr\/actualite-nfl\/klint-kubiak-prend-les-renes-en-tant-que-coordinateur-offensif-des-saints\/#primaryimage\"},\"thumbnailUrl\":\"https:\/\/theplayoffs.news\/fr\/wp-content\/uploads\/2024\/02\/USATSI_21986188.jpg\",\"datePublished\":\"2024-02-21T09:29:06+00:00\",\"dateModified\":\"2024-02-21T09:29:06+00:00\",\"author\":{\"@id\":\"https:\/\/theplayoffs.news\/fr\/#\/schema\/person\/eee5b69ad5d3c51cabe881c839dbe133\"},\"breadcrumb\":{\"@id\":\"https:\/\/theplayoffs.news\/fr\/actualite-nfl\/klint-kubiak-prend-les-renes-en-tant-que-coordinateur-offensif-des-saints\/#breadcrumb\"},\"inLanguage\":\"fr-FR\",\"potentialAction\":[{\"@type\":\"ReadAction\",\"target\":[\"https:\/\/theplayoffs.news\/fr\/actualite-nfl\/klint-kubiak-prend-les-renes-en-tant-que-coordinateur-offensif-des-saints\/\"]}]},{\"@type\":\"ImageObject\",\"inLanguage\":\"fr-FR\",\"@id\":\"https:\/\/theplayoffs.news\/fr\/actualite-nfl\/klint-kubiak-prend-les-renes-en-tant-que-coordinateur-offensif-des-saints\/#primaryimage\",\"url\":\"https:\/\/theplayoffs.news\/fr\/wp-content\/uploads\/2024\/02\/USATSI_21986188.jpg\",\"contentUrl\":\"https:\/\/theplayoffs.news\/fr\/wp-content\/uploads\/2024\/02\/USATSI_21986188.jpg\",\"width\":1920,\"height\":1281,\"caption\":\"Nov 12, 2023; Minneapolis, Minnesota, USA; A New Orleans Saints helmet during the game between the Minnesota Vikings and the New Orleans Saints at U.S. Bank Stadium. Mandatory Credit: Jeffrey Becker-USA TODAY Sports\"},{\"@type\":\"BreadcrumbList\",\"@id\":\"https:\/\/theplayoffs.news\/fr\/actualite-nfl\/klint-kubiak-prend-les-renes-en-tant-que-coordinateur-offensif-des-saints\/#breadcrumb\",\"itemListElement\":[{\"@type\":\"ListItem\",\"position\":1,\"name\":\"Accueil\",\"item\":\"https:\/\/theplayoffs.news\/fr\/\"},{\"@type\":\"ListItem\",\"position\":2,\"name\":\"Klint Kubiak prend les r\u00eanes en tant que coordinateur offensif des Saints\"}]},{\"@type\":\"WebSite\",\"@id\":\"https:\/\/theplayoffs.news\/fr\/#website\",\"url\":\"https:\/\/theplayoffs.news\/fr\/\",\"name\":\"The Playoffs FR\",\"description\":\"NBA-NFL-NHL-MLB\",\"potentialAction\":[{\"@type\":\"SearchAction\",\"target\":{\"@type\":\"EntryPoint\",\"urlTemplate\":\"https:\/\/theplayoffs.news\/fr\/?s={search_term_string}\"},\"query-input\":{\"@type\":\"PropertyValueSpecification\",\"valueRequired\":true,\"valueName\":\"search_term_string\"}}],\"inLanguage\":\"fr-FR\"},{\"@type\":\"Person\",\"@id\":\"https:\/\/theplayoffs.news\/fr\/#\/schema\/person\/eee5b69ad5d3c51cabe881c839dbe133\",\"name\":\"Charles Taudin\",\"image\":{\"@type\":\"ImageObject\",\"inLanguage\":\"fr-FR\",\"@id\":\"https:\/\/theplayoffs.news\/fr\/#\/schema\/person\/image\/\",\"url\":\"https:\/\/secure.gravatar.com\/avatar\/59a1e772205ce9fd255edfcafc93013736822e20261f294c5753b20c41ede9f2?s=96&d=mm&r=g\",\"contentUrl\":\"https:\/\/secure.gravatar.com\/avatar\/59a1e772205ce9fd255edfcafc93013736822e20261f294c5753b20c41ede9f2?s=96&d=mm&r=g\",\"caption\":\"Charles Taudin\"},\"description\":\"R\u00e9dacteur en chef global de The Playoffs, j\u2019ai cr\u00e9\u00e9 The Free Agent, devenu The Playoffs FR, en 2020 durant la pand\u00e9mie. Amoureux depuis des ann\u00e9es des 4 sports majeurs am\u00e9ricains, j\u2019organise maintenant la strat\u00e9gie \u00e9ditoriale et les r\u00e9seaux sociaux de l\u2019ensemble des versions de The Playoffs. Il m\u2019arrive encore d\u2019\u00e9crire sur certains sports que j\u2019affectionne particuli\u00e8rement comme la NFL ou la MLB. Si vous devez retenir qu\u2019une chose : Eli Manning est le vrai GOAT pour avoir battu deux fois Tom Brady.\",\"sameAs\":[\"https:\/\/www.instagram.com\/ctaudin_\/\"],\"url\":\"https:\/\/theplayoffs.news\/fr\/author\/charles-taudin\/\"}]}<\/script>\n<!-- \/ Yoast SEO plugin. -->","yoast_head_json":{"title":"Klint Kubiak prend les r&ecirc;nes en tant que coordinateur offensif des Saints - The Playoffs FR","robots":{"index":"index","follow":"follow","max-snippet":"max-snippet:-1","max-image-preview":"max-image-preview:large","max-video-preview":"max-video-preview:-1"},"canonical":"https:\/\/theplayoffs.news\/fr\/actualite-nfl\/klint-kubiak-prend-les-renes-en-tant-que-coordinateur-offensif-des-saints\/","og_locale":"fr_FR","og_type":"article","og_title":"Klint Kubiak prend les r&ecirc;nes en tant que coordinateur offensif des Saints - The Playoffs FR","og_url":"https:\/\/theplayoffs.news\/fr\/actualite-nfl\/klint-kubiak-prend-les-renes-en-tant-que-coordinateur-offensif-des-saints\/","og_site_name":"The Playoffs FR","article_publisher":"https:\/\/www.facebook.com\/TheFreeAgentFR\/","og_image":[{"width":1920,"height":1281,"url":"https:\/\/theplayoffs.news\/fr\/wp-content\/uploads\/2024\/02\/USATSI_21986188.jpg","type":"image\/jpeg"}],"author":"Charles Taudin","twitter_card":"summary_large_image","twitter_creator":"@TheFreeAgentFR","twitter_site":"@TheFreeAgentFR","twitter_misc":{"\u00c9crit par":"Charles Taudin","Dur\u00e9e de lecture estim\u00e9e":"1 minute"},"schema":{"@context":"https:\/\/schema.org","@graph":[{"@type":"WebPage","@id":"https:\/\/theplayoffs.news\/fr\/actualite-nfl\/klint-kubiak-prend-les-renes-en-tant-que-coordinateur-offensif-des-saints\/","url":"https:\/\/theplayoffs.news\/fr\/actualite-nfl\/klint-kubiak-prend-les-renes-en-tant-que-coordinateur-offensif-des-saints\/","name":"Klint Kubiak prend les r\u00eanes en tant que coordinateur offensif des Saints - The Playoffs FR","isPartOf":{"@id":"https:\/\/theplayoffs.news\/fr\/#website"},"primaryImageOfPage":{"@id":"https:\/\/theplayoffs.news\/fr\/actualite-nfl\/klint-kubiak-prend-les-renes-en-tant-que-coordinateur-offensif-des-saints\/#primaryimage"},"image":{"@id":"https:\/\/theplayoffs.news\/fr\/actualite-nfl\/klint-kubiak-prend-les-renes-en-tant-que-coordinateur-offensif-des-saints\/#primaryimage"},"thumbnailUrl":"https:\/\/theplayoffs.news\/fr\/wp-content\/uploads\/2024\/02\/USATSI_21986188.jpg","datePublished":"2024-02-21T09:29:06+00:00","dateModified":"2024-02-21T09:29:06+00:00","author":{"@id":"https:\/\/theplayoffs.news\/fr\/#\/schema\/person\/eee5b69ad5d3c51cabe881c839dbe133"},"breadcrumb":{"@id":"https:\/\/theplayoffs.news\/fr\/actualite-nfl\/klint-kubiak-prend-les-renes-en-tant-que-coordinateur-offensif-des-saints\/#breadcrumb"},"inLanguage":"fr-FR","potentialAction":[{"@type":"ReadAction","target":["https:\/\/theplayoffs.news\/fr\/actualite-nfl\/klint-kubiak-prend-les-renes-en-tant-que-coordinateur-offensif-des-saints\/"]}]},{"@type":"ImageObject","inLanguage":"fr-FR","@id":"https:\/\/theplayoffs.news\/fr\/actualite-nfl\/klint-kubiak-prend-les-renes-en-tant-que-coordinateur-offensif-des-saints\/#primaryimage","url":"https:\/\/theplayoffs.news\/fr\/wp-content\/uploads\/2024\/02\/USATSI_21986188.jpg","contentUrl":"https:\/\/theplayoffs.news\/fr\/wp-content\/uploads\/2024\/02\/USATSI_21986188.jpg","width":1920,"height":1281,"caption":"Nov 12, 2023; Minneapolis, Minnesota, USA; A New Orleans Saints helmet during the game between the Minnesota Vikings and the New Orleans Saints at U.S. Bank Stadium. Mandatory Credit: Jeffrey Becker-USA TODAY Sports"},{"@type":"BreadcrumbList","@id":"https:\/\/theplayoffs.news\/fr\/actualite-nfl\/klint-kubiak-prend-les-renes-en-tant-que-coordinateur-offensif-des-saints\/#breadcrumb","itemListElement":[{"@type":"ListItem","position":1,"name":"Accueil","item":"https:\/\/theplayoffs.news\/fr\/"},{"@type":"ListItem","position":2,"name":"Klint Kubiak prend les r\u00eanes en tant que coordinateur offensif des Saints"}]},{"@type":"WebSite","@id":"https:\/\/theplayoffs.news\/fr\/#website","url":"https:\/\/theplayoffs.news\/fr\/","name":"The Playoffs FR","description":"NBA-NFL-NHL-MLB","potentialAction":[{"@type":"SearchAction","target":{"@type":"EntryPoint","urlTemplate":"https:\/\/theplayoffs.news\/fr\/?s={search_term_string}"},"query-input":{"@type":"PropertyValueSpecification","valueRequired":true,"valueName":"search_term_string"}}],"inLanguage":"fr-FR"},{"@type":"Person","@id":"https:\/\/theplayoffs.news\/fr\/#\/schema\/person\/eee5b69ad5d3c51cabe881c839dbe133","name":"Charles Taudin","image":{"@type":"ImageObject","inLanguage":"fr-FR","@id":"https:\/\/theplayoffs.news\/fr\/#\/schema\/person\/image\/","url":"https:\/\/secure.gravatar.com\/avatar\/59a1e772205ce9fd255edfcafc93013736822e20261f294c5753b20c41ede9f2?s=96&d=mm&r=g","contentUrl":"https:\/\/secure.gravatar.com\/avatar\/59a1e772205ce9fd255edfcafc93013736822e20261f294c5753b20c41ede9f2?s=96&d=mm&r=g","caption":"Charles Taudin"},"description":"R\u00e9dacteur en chef global de The Playoffs, j\u2019ai cr\u00e9\u00e9 The Free Agent, devenu The Playoffs FR, en 2020 durant la pand\u00e9mie. Amoureux depuis des ann\u00e9es des 4 sports majeurs am\u00e9ricains, j\u2019organise maintenant la strat\u00e9gie \u00e9ditoriale et les r\u00e9seaux sociaux de l\u2019ensemble des versions de The Playoffs. Il m\u2019arrive encore d\u2019\u00e9crire sur certains sports que j\u2019affectionne particuli\u00e8rement comme la NFL ou la MLB. Si vous devez retenir qu\u2019une chose : Eli Manning est le vrai GOAT pour avoir battu deux fois Tom Brady.","sameAs":["https:\/\/www.instagram.com\/ctaudin_\/"],"url":"https:\/\/theplayoffs.news\/fr\/author\/charles-taudin\/"}]}},"_links":{"self":[{"href":"https:\/\/theplayoffs.news\/fr\/wp-json\/wp\/v2\/posts\/1371461","targetHints":{"allow":["GET"]}}],"collection":[{"href":"https:\/\/theplayoffs.news\/fr\/wp-json\/wp\/v2\/posts"}],"about":[{"href":"https:\/\/theplayoffs.news\/fr\/wp-json\/wp\/v2\/types\/post"}],"author":[{"embeddable":true,"href":"https:\/\/theplayoffs.news\/fr\/wp-json\/wp\/v2\/users\/13"}],"replies":[{"embeddable":true,"href":"https:\/\/theplayoffs.news\/fr\/wp-json\/wp\/v2\/comments?post=1371461"}],"version-history":[{"count":2,"href":"https:\/\/theplayoffs.news\/fr\/wp-json\/wp\/v2\/posts\/1371461\/revisions"}],"predecessor-version":[{"id":1371465,"href":"https:\/\/theplayoffs.news\/fr\/wp-json\/wp\/v2\/posts\/1371461\/revisions\/1371465"}],"wp:featuredmedia":[{"embeddable":true,"href":"https:\/\/theplayoffs.news\/fr\/wp-json\/wp\/v2\/media\/1371463"}],"wp:attachment":[{"href":"https:\/\/theplayoffs.news\/fr\/wp-json\/wp\/v2\/media?parent=1371461"}],"wp:term":[{"taxonomy":"category","embeddable":true,"href":"https:\/\/theplayoffs.news\/fr\/wp-json\/wp\/v2\/categories?post=1371461"},{"taxonomy":"post_tag","embeddable":true,"href":"https:\/\/theplayoffs.news\/fr\/wp-json\/wp\/v2\/tags?post=1371461"},{"taxonomy":"sport","embeddable":true,"href":"https:\/\/theplayoffs.news\/fr\/wp-json\/wp\/v2\/sport?post=1371461"},{"taxonomy":"saison","embeddable":true,"href":"https:\/\/theplayoffs.news\/fr\/wp-json\/wp\/v2\/saison?post=1371461"}],"curies":[{"name":"wp","href":"https:\/\/api.w.org\/{rel}","templated":true}]}}