{"id":1370678,"date":"2024-02-20T19:10:07","date_gmt":"2024-02-20T18:10:07","guid":{"rendered":"https:\/\/theplayoffs.news\/fr\/?p=1370678"},"modified":"2024-02-20T19:10:07","modified_gmt":"2024-02-20T18:10:07","slug":"victor-wembanyama-ambassadeur-louis-vuitton","status":"publish","type":"post","link":"https:\/\/theplayoffs.news\/fr\/actualite-nba\/victor-wembanyama-ambassadeur-louis-vuitton\/","title":{"rendered":"Victor Wembanyama nomm\u00e9 ambassadeur de Louis Vuitton"},"content":{"rendered":"<h2>Le rookie Victor Wembanyama est d&eacute;j&agrave; une star dans le monde du sport, avant m&ecirc;me la fin de sa premi&egrave;re saison en NBA.<\/h2><p>Victor Wembanyama, choisis premier lors de la draft 2023 en NBA par les San Antonio Spurs, excelle sur les terrains de basketball, au point d&rsquo;&ecirc;tre favori au titre de rookie de l&rsquo;ann&eacute;e, avec &eacute;galement plusieurs records &agrave; son actif.<\/p><p>Le jeune fran&ccedil;ais est un &eacute;l&eacute;ment commercial important pour le diff&eacute;rentes marques. Nike en a d&eacute;j&agrave; fait l&rsquo;exp&eacute;rience avec un partenariat intitul&eacute; &laquo;&nbsp;l&rsquo;extraterrestre&nbsp;&raquo;, en r&eacute;f&eacute;rence &agrave; sa taille incroyable de 2.24 m&egrave;tres.<\/p><p>\n<div id=\"attachment_1370722\" style=\"width: 310px\" class=\"wp-caption alignnone\"><img loading=\"lazy\" decoding=\"async\" aria-describedby=\"caption-attachment-1370722\" class=\"size-medium wp-image-1370722\" src=\"https:\/\/theplayoffs.news\/fr\/wp-content\/uploads\/2024\/02\/USATSI_22523747-300x200.jpg\" alt=\"Victor Wembanyama\" width=\"300\" height=\"200\" srcset=\"https:\/\/theplayoffs.news\/fr\/wp-content\/uploads\/2024\/02\/USATSI_22523747-300x200.jpg 300w, https:\/\/theplayoffs.news\/fr\/wp-content\/uploads\/2024\/02\/USATSI_22523747-1030x687.jpg 1030w, https:\/\/theplayoffs.news\/fr\/wp-content\/uploads\/2024\/02\/USATSI_22523747-768x512.jpg 768w, https:\/\/theplayoffs.news\/fr\/wp-content\/uploads\/2024\/02\/USATSI_22523747-1536x1024.jpg 1536w, https:\/\/theplayoffs.news\/fr\/wp-content\/uploads\/2024\/02\/USATSI_22523747-1500x1000.jpg 1500w, https:\/\/theplayoffs.news\/fr\/wp-content\/uploads\/2024\/02\/USATSI_22523747-705x470.jpg 705w, https:\/\/theplayoffs.news\/fr\/wp-content\/uploads\/2024\/02\/USATSI_22523747-1320x880.jpg 1320w, https:\/\/theplayoffs.news\/fr\/wp-content\/uploads\/2024\/02\/USATSI_22523747.jpg 1920w\" sizes=\"auto, (max-width: 300px) 100vw, 300px\" \/><p id=\"caption-attachment-1370722\" class=\"wp-caption-text\">Cr&eacute;dit: Jerome Miron-USA TODAY Sports<\/p><\/div>\n<\/p><blockquote><p>&laquo;&nbsp;En qu&ecirc;te d&rsquo;excellence et en perp&eacute;tuel perfectionnement, Victor rejoint Louis Vuitton pour un voyage de valeurs partag&eacute;es et d&rsquo;ambitions align&eacute;es. Comme Louis Vuitton lui-m&ecirc;me, le jeune athl&egrave;te a ouvert la voie, excellant dans une carri&egrave;re qui ne fait que commencer&nbsp;&raquo;, a <a href=\"https:\/\/www.sportico.com\/\" class=\"trk-cta-link\" data-cta-trk='{\"ctaType\":\"Link\",\"ctaSubType\":\"main\"}'>d&eacute;clar&eacute;<\/a> la maison de luxe fran&ccedil;aise, suite au partenariat avec Wembanyama.<\/p><\/blockquote><p>Du haut de ses 2.24m et ses 20 ans, <a href=\"https:\/\/theplayoffs.news\/fr\/joueur\/victor-wembanyama-nba-10208314\/\" class=\"trk-cta-link\" data-cta-trk='{\"ctaType\":\"Link\",\"ctaSubType\":\"main\"}'>Wembanyama<\/a> ne cesse de grandir en popularit&eacute; avec d&eacute;j&agrave; plus de 3.4 millions de followers sur Instagram. Wembanyama est &eacute;galement tr&egrave;s vendeur du c&ocirc;t&eacute; de la NBA, avec une quatri&egrave;me place au classement de maillots les plus vendus, derri&egrave;re Stephen Curry, LeBron James et Jayson Tatum, trois grandes stars de la ligue.<\/p><p>Victor Wembanyama rejoint ainsi d&rsquo;autres figures incontournables du monde du sport, &eacute;tant elles aussi en partenariat avec Louis Vuitton. On peut notamment citer Carlos Alcaraz et Naomi Osaka, deux figures incontournables du tennis, la skieuse Eileen Gu, ainsi que le nageur fran&ccedil;ais, L&eacute;on Marchand et l&rsquo;escrimeur Enzo Lefort.<\/p><p>Victor Wembanyama est devenu en quelques mois une star incontournable du monde du sport.<\/p><p>\n<div id=\"attachment_1370733\" style=\"width: 310px\" class=\"wp-caption alignnone\"><img loading=\"lazy\" decoding=\"async\" aria-describedby=\"caption-attachment-1370733\" class=\"size-medium wp-image-1370733\" src=\"https:\/\/theplayoffs.news\/fr\/wp-content\/uploads\/2024\/02\/USATSI_20933794-300x200.jpg\" alt=\"\" width=\"300\" height=\"200\" srcset=\"https:\/\/theplayoffs.news\/fr\/wp-content\/uploads\/2024\/02\/USATSI_20933794-300x200.jpg 300w, https:\/\/theplayoffs.news\/fr\/wp-content\/uploads\/2024\/02\/USATSI_20933794-1030x687.jpg 1030w, https:\/\/theplayoffs.news\/fr\/wp-content\/uploads\/2024\/02\/USATSI_20933794-768x512.jpg 768w, https:\/\/theplayoffs.news\/fr\/wp-content\/uploads\/2024\/02\/USATSI_20933794-1536x1024.jpg 1536w, https:\/\/theplayoffs.news\/fr\/wp-content\/uploads\/2024\/02\/USATSI_20933794-1500x1000.jpg 1500w, https:\/\/theplayoffs.news\/fr\/wp-content\/uploads\/2024\/02\/USATSI_20933794-705x470.jpg 705w, https:\/\/theplayoffs.news\/fr\/wp-content\/uploads\/2024\/02\/USATSI_20933794-1320x880.jpg 1320w, https:\/\/theplayoffs.news\/fr\/wp-content\/uploads\/2024\/02\/USATSI_20933794.jpg 1920w\" sizes=\"auto, (max-width: 300px) 100vw, 300px\" \/><p id=\"caption-attachment-1370733\" class=\"wp-caption-text\">Cr&eacute;dit: Wendell Cruz-USA TODAY Sports<\/p><\/div>\n<\/p><p>&nbsp;<\/p>\n","protected":false},"excerpt":{"rendered":"","protected":false},"author":180310178,"featured_media":1370729,"comment_status":"open","ping_status":"closed","sticky":false,"template":"","format":"standard","meta":{"inline_featured_image":false,"kia_subtitle":"","_mux_skip_reasons":[],"proofreadBy":0,"footnotes":""},"categories":[110,10],"tags":[23,1194],"sport":[2783],"saison":[3453],"class_list":["post-1370678","post","type-post","status-publish","format-standard","has-post-thumbnail","hentry","category-actualite-nba","category-nba","tag-nba-tag","tag-victor-wembanyama","sport-nba","saison-3453"],"acf":[],"yoast_head":"<!-- This site is optimized with the Yoast SEO plugin v24.2 - https:\/\/yoast.com\/wordpress\/plugins\/seo\/ -->\n<title>Victor Wembanyama nomm&eacute; ambassadeur de Louis Vuitton - The Playoffs FR<\/title>\n<meta name=\"robots\" content=\"index, follow, max-snippet:-1, max-image-preview:large, max-video-preview:-1\" \/>\n<link rel=\"canonical\" href=\"https:\/\/theplayoffs.news\/fr\/actualite-nba\/victor-wembanyama-ambassadeur-louis-vuitton\/\" \/>\n<meta property=\"og:locale\" content=\"fr_FR\" \/>\n<meta property=\"og:type\" content=\"article\" \/>\n<meta property=\"og:title\" content=\"Victor Wembanyama nomm&eacute; ambassadeur de Louis Vuitton - The Playoffs FR\" \/>\n<meta property=\"og:url\" content=\"https:\/\/theplayoffs.news\/fr\/actualite-nba\/victor-wembanyama-ambassadeur-louis-vuitton\/\" \/>\n<meta property=\"og:site_name\" content=\"The Playoffs FR\" \/>\n<meta property=\"article:publisher\" content=\"https:\/\/www.facebook.com\/TheFreeAgentFR\/\" \/>\n<meta property=\"article:modified_time\" content=\"2024-02-20T19:10:07+01:00\" \/>\n<meta property=\"og:image\" content=\"https:\/\/theplayoffs.news\/fr\/wp-content\/uploads\/2024\/02\/USATSI_20933089.jpg\" \/>\n\t<meta property=\"og:image:width\" content=\"1920\" \/>\n\t<meta property=\"og:image:height\" content=\"1280\" \/>\n\t<meta property=\"og:image:type\" content=\"image\/jpeg\" \/>\n<meta name=\"author\" content=\"Arthur Berlemont\" \/>\n<meta name=\"twitter:card\" content=\"summary_large_image\" \/>\n<meta name=\"twitter:creator\" content=\"@TheFreeAgentFR\" \/>\n<meta name=\"twitter:site\" content=\"@TheFreeAgentFR\" \/>\n<meta name=\"twitter:label1\" content=\"\u00c9crit par\" \/>\n\t<meta name=\"twitter:data1\" content=\"Arthur Berlemont\" \/>\n\t<meta name=\"twitter:label2\" content=\"Dur\u00e9e de lecture estim\u00e9e\" \/>\n\t<meta name=\"twitter:data2\" content=\"2 minutes\" \/>\n<script type=\"application\/ld+json\" class=\"yoast-schema-graph\">{\"@context\":\"https:\/\/schema.org\",\"@graph\":[{\"@type\":\"WebPage\",\"@id\":\"https:\/\/theplayoffs.news\/fr\/actualite-nba\/victor-wembanyama-ambassadeur-louis-vuitton\/\",\"url\":\"https:\/\/theplayoffs.news\/fr\/actualite-nba\/victor-wembanyama-ambassadeur-louis-vuitton\/\",\"name\":\"Victor Wembanyama nomm\u00e9 ambassadeur de Louis Vuitton - The Playoffs FR\",\"isPartOf\":{\"@id\":\"https:\/\/theplayoffs.news\/fr\/#website\"},\"primaryImageOfPage\":{\"@id\":\"https:\/\/theplayoffs.news\/fr\/actualite-nba\/victor-wembanyama-ambassadeur-louis-vuitton\/#primaryimage\"},\"image\":{\"@id\":\"https:\/\/theplayoffs.news\/fr\/actualite-nba\/victor-wembanyama-ambassadeur-louis-vuitton\/#primaryimage\"},\"thumbnailUrl\":\"https:\/\/theplayoffs.news\/fr\/wp-content\/uploads\/2024\/02\/USATSI_20933089.jpg\",\"datePublished\":\"2024-02-20T18:10:07+00:00\",\"dateModified\":\"2024-02-20T18:10:07+00:00\",\"author\":{\"@id\":\"https:\/\/theplayoffs.news\/fr\/#\/schema\/person\/b6b04a451dab03a5ab75cec8912e8942\"},\"breadcrumb\":{\"@id\":\"https:\/\/theplayoffs.news\/fr\/actualite-nba\/victor-wembanyama-ambassadeur-louis-vuitton\/#breadcrumb\"},\"inLanguage\":\"fr-FR\",\"potentialAction\":[{\"@type\":\"ReadAction\",\"target\":[\"https:\/\/theplayoffs.news\/fr\/actualite-nba\/victor-wembanyama-ambassadeur-louis-vuitton\/\"]}]},{\"@type\":\"ImageObject\",\"inLanguage\":\"fr-FR\",\"@id\":\"https:\/\/theplayoffs.news\/fr\/actualite-nba\/victor-wembanyama-ambassadeur-louis-vuitton\/#primaryimage\",\"url\":\"https:\/\/theplayoffs.news\/fr\/wp-content\/uploads\/2024\/02\/USATSI_20933089.jpg\",\"contentUrl\":\"https:\/\/theplayoffs.news\/fr\/wp-content\/uploads\/2024\/02\/USATSI_20933089.jpg\",\"width\":1920,\"height\":1280,\"caption\":\"Jun 22, 2023; Brooklyn, NY, USA; Victor Wembanyama arrives for the first round of the 2023 NBA Draft at Barclays Arena. Mandatory Credit: Wendell Cruz-USA TODAY Sports\"},{\"@type\":\"BreadcrumbList\",\"@id\":\"https:\/\/theplayoffs.news\/fr\/actualite-nba\/victor-wembanyama-ambassadeur-louis-vuitton\/#breadcrumb\",\"itemListElement\":[{\"@type\":\"ListItem\",\"position\":1,\"name\":\"Accueil\",\"item\":\"https:\/\/theplayoffs.news\/fr\/\"},{\"@type\":\"ListItem\",\"position\":2,\"name\":\"Victor Wembanyama nomm\u00e9 ambassadeur de Louis Vuitton\"}]},{\"@type\":\"WebSite\",\"@id\":\"https:\/\/theplayoffs.news\/fr\/#website\",\"url\":\"https:\/\/theplayoffs.news\/fr\/\",\"name\":\"The Playoffs FR\",\"description\":\"NBA-NFL-NHL-MLB\",\"potentialAction\":[{\"@type\":\"SearchAction\",\"target\":{\"@type\":\"EntryPoint\",\"urlTemplate\":\"https:\/\/theplayoffs.news\/fr\/?s={search_term_string}\"},\"query-input\":{\"@type\":\"PropertyValueSpecification\",\"valueRequired\":true,\"valueName\":\"search_term_string\"}}],\"inLanguage\":\"fr-FR\"},{\"@type\":\"Person\",\"@id\":\"https:\/\/theplayoffs.news\/fr\/#\/schema\/person\/b6b04a451dab03a5ab75cec8912e8942\",\"name\":\"Arthur Berlemont\",\"image\":{\"@type\":\"ImageObject\",\"inLanguage\":\"fr-FR\",\"@id\":\"https:\/\/theplayoffs.news\/fr\/#\/schema\/person\/image\/\",\"url\":\"https:\/\/secure.gravatar.com\/avatar\/19ddab1d62ab0a19b186b86cee130432b120dd6f085625a6a6757dd1aa90a5f3?s=96&d=mm&r=g\",\"contentUrl\":\"https:\/\/secure.gravatar.com\/avatar\/19ddab1d62ab0a19b186b86cee130432b120dd6f085625a6a6757dd1aa90a5f3?s=96&d=mm&r=g\",\"caption\":\"Arthur Berlemont\"},\"description\":\"Etudiant passionn\u00e9 de sport, avant tout m\u00e9caniques, j\\\\'ai d\u00e9couvert les sports US il y a quelques ann\u00e9es. J\\\\'ai tout de suite accroch\u00e9 pour la ville de Cincinnati et ses franchises de NFL et MLB. Aujourd\\\\'hui, je suis l\u00e0 par passion dans la r\u00e9daction d\\\\'articles sur divers sports que j\\\\'affectionne.\",\"url\":\"https:\/\/theplayoffs.news\/fr\/author\/arthur-berlemontgmail-com\/\"}]}<\/script>\n<!-- \/ Yoast SEO plugin. -->","yoast_head_json":{"title":"Victor Wembanyama nomm&eacute; ambassadeur de Louis Vuitton - The Playoffs FR","robots":{"index":"index","follow":"follow","max-snippet":"max-snippet:-1","max-image-preview":"max-image-preview:large","max-video-preview":"max-video-preview:-1"},"canonical":"https:\/\/theplayoffs.news\/fr\/actualite-nba\/victor-wembanyama-ambassadeur-louis-vuitton\/","og_locale":"fr_FR","og_type":"article","og_title":"Victor Wembanyama nomm&eacute; ambassadeur de Louis Vuitton - The Playoffs FR","og_url":"https:\/\/theplayoffs.news\/fr\/actualite-nba\/victor-wembanyama-ambassadeur-louis-vuitton\/","og_site_name":"The Playoffs FR","article_publisher":"https:\/\/www.facebook.com\/TheFreeAgentFR\/","og_image":[{"width":1920,"height":1280,"url":"https:\/\/theplayoffs.news\/fr\/wp-content\/uploads\/2024\/02\/USATSI_20933089.jpg","type":"image\/jpeg"}],"author":"Arthur Berlemont","twitter_card":"summary_large_image","twitter_creator":"@TheFreeAgentFR","twitter_site":"@TheFreeAgentFR","twitter_misc":{"\u00c9crit par":"Arthur Berlemont","Dur\u00e9e de lecture estim\u00e9e":"2 minutes"},"schema":{"@context":"https:\/\/schema.org","@graph":[{"@type":"WebPage","@id":"https:\/\/theplayoffs.news\/fr\/actualite-nba\/victor-wembanyama-ambassadeur-louis-vuitton\/","url":"https:\/\/theplayoffs.news\/fr\/actualite-nba\/victor-wembanyama-ambassadeur-louis-vuitton\/","name":"Victor Wembanyama nomm\u00e9 ambassadeur de Louis Vuitton - The Playoffs FR","isPartOf":{"@id":"https:\/\/theplayoffs.news\/fr\/#website"},"primaryImageOfPage":{"@id":"https:\/\/theplayoffs.news\/fr\/actualite-nba\/victor-wembanyama-ambassadeur-louis-vuitton\/#primaryimage"},"image":{"@id":"https:\/\/theplayoffs.news\/fr\/actualite-nba\/victor-wembanyama-ambassadeur-louis-vuitton\/#primaryimage"},"thumbnailUrl":"https:\/\/theplayoffs.news\/fr\/wp-content\/uploads\/2024\/02\/USATSI_20933089.jpg","datePublished":"2024-02-20T18:10:07+00:00","dateModified":"2024-02-20T18:10:07+00:00","author":{"@id":"https:\/\/theplayoffs.news\/fr\/#\/schema\/person\/b6b04a451dab03a5ab75cec8912e8942"},"breadcrumb":{"@id":"https:\/\/theplayoffs.news\/fr\/actualite-nba\/victor-wembanyama-ambassadeur-louis-vuitton\/#breadcrumb"},"inLanguage":"fr-FR","potentialAction":[{"@type":"ReadAction","target":["https:\/\/theplayoffs.news\/fr\/actualite-nba\/victor-wembanyama-ambassadeur-louis-vuitton\/"]}]},{"@type":"ImageObject","inLanguage":"fr-FR","@id":"https:\/\/theplayoffs.news\/fr\/actualite-nba\/victor-wembanyama-ambassadeur-louis-vuitton\/#primaryimage","url":"https:\/\/theplayoffs.news\/fr\/wp-content\/uploads\/2024\/02\/USATSI_20933089.jpg","contentUrl":"https:\/\/theplayoffs.news\/fr\/wp-content\/uploads\/2024\/02\/USATSI_20933089.jpg","width":1920,"height":1280,"caption":"Jun 22, 2023; Brooklyn, NY, USA; Victor Wembanyama arrives for the first round of the 2023 NBA Draft at Barclays Arena. Mandatory Credit: Wendell Cruz-USA TODAY Sports"},{"@type":"BreadcrumbList","@id":"https:\/\/theplayoffs.news\/fr\/actualite-nba\/victor-wembanyama-ambassadeur-louis-vuitton\/#breadcrumb","itemListElement":[{"@type":"ListItem","position":1,"name":"Accueil","item":"https:\/\/theplayoffs.news\/fr\/"},{"@type":"ListItem","position":2,"name":"Victor Wembanyama nomm\u00e9 ambassadeur de Louis Vuitton"}]},{"@type":"WebSite","@id":"https:\/\/theplayoffs.news\/fr\/#website","url":"https:\/\/theplayoffs.news\/fr\/","name":"The Playoffs FR","description":"NBA-NFL-NHL-MLB","potentialAction":[{"@type":"SearchAction","target":{"@type":"EntryPoint","urlTemplate":"https:\/\/theplayoffs.news\/fr\/?s={search_term_string}"},"query-input":{"@type":"PropertyValueSpecification","valueRequired":true,"valueName":"search_term_string"}}],"inLanguage":"fr-FR"},{"@type":"Person","@id":"https:\/\/theplayoffs.news\/fr\/#\/schema\/person\/b6b04a451dab03a5ab75cec8912e8942","name":"Arthur Berlemont","image":{"@type":"ImageObject","inLanguage":"fr-FR","@id":"https:\/\/theplayoffs.news\/fr\/#\/schema\/person\/image\/","url":"https:\/\/secure.gravatar.com\/avatar\/19ddab1d62ab0a19b186b86cee130432b120dd6f085625a6a6757dd1aa90a5f3?s=96&d=mm&r=g","contentUrl":"https:\/\/secure.gravatar.com\/avatar\/19ddab1d62ab0a19b186b86cee130432b120dd6f085625a6a6757dd1aa90a5f3?s=96&d=mm&r=g","caption":"Arthur Berlemont"},"description":"Etudiant passionn\u00e9 de sport, avant tout m\u00e9caniques, j\\'ai d\u00e9couvert les sports US il y a quelques ann\u00e9es. J\\'ai tout de suite accroch\u00e9 pour la ville de Cincinnati et ses franchises de NFL et MLB. Aujourd\\'hui, je suis l\u00e0 par passion dans la r\u00e9daction d\\'articles sur divers sports que j\\'affectionne.","url":"https:\/\/theplayoffs.news\/fr\/author\/arthur-berlemontgmail-com\/"}]}},"_links":{"self":[{"href":"https:\/\/theplayoffs.news\/fr\/wp-json\/wp\/v2\/posts\/1370678","targetHints":{"allow":["GET"]}}],"collection":[{"href":"https:\/\/theplayoffs.news\/fr\/wp-json\/wp\/v2\/posts"}],"about":[{"href":"https:\/\/theplayoffs.news\/fr\/wp-json\/wp\/v2\/types\/post"}],"author":[{"embeddable":true,"href":"https:\/\/theplayoffs.news\/fr\/wp-json\/wp\/v2\/users\/180310178"}],"replies":[{"embeddable":true,"href":"https:\/\/theplayoffs.news\/fr\/wp-json\/wp\/v2\/comments?post=1370678"}],"version-history":[{"count":3,"href":"https:\/\/theplayoffs.news\/fr\/wp-json\/wp\/v2\/posts\/1370678\/revisions"}],"predecessor-version":[{"id":1370740,"href":"https:\/\/theplayoffs.news\/fr\/wp-json\/wp\/v2\/posts\/1370678\/revisions\/1370740"}],"wp:featuredmedia":[{"embeddable":true,"href":"https:\/\/theplayoffs.news\/fr\/wp-json\/wp\/v2\/media\/1370729"}],"wp:attachment":[{"href":"https:\/\/theplayoffs.news\/fr\/wp-json\/wp\/v2\/media?parent=1370678"}],"wp:term":[{"taxonomy":"category","embeddable":true,"href":"https:\/\/theplayoffs.news\/fr\/wp-json\/wp\/v2\/categories?post=1370678"},{"taxonomy":"post_tag","embeddable":true,"href":"https:\/\/theplayoffs.news\/fr\/wp-json\/wp\/v2\/tags?post=1370678"},{"taxonomy":"sport","embeddable":true,"href":"https:\/\/theplayoffs.news\/fr\/wp-json\/wp\/v2\/sport?post=1370678"},{"taxonomy":"saison","embeddable":true,"href":"https:\/\/theplayoffs.news\/fr\/wp-json\/wp\/v2\/saison?post=1370678"}],"curies":[{"name":"wp","href":"https:\/\/api.w.org\/{rel}","templated":true}]}}