{"id":1367356,"date":"2024-02-19T18:41:12","date_gmt":"2024-02-19T17:41:12","guid":{"rendered":"https:\/\/theplayoffs.news\/fr\/?p=1367356"},"modified":"2024-02-19T18:42:37","modified_gmt":"2024-02-19T17:42:37","slug":"brewers-prolongation-de-2-ans-pour-woodruff","status":"publish","type":"post","link":"https:\/\/theplayoffs.news\/fr\/actualite-mlb\/brewers-prolongation-de-2-ans-pour-woodruff\/","title":{"rendered":"Brewers : prolongation de 2 ans pour Woodruff"},"content":{"rendered":"<h2>Les Milwaukee Brewers ont d&eacute;cid&eacute; de prolonger Brandon Woodruff pour deux ann&eacute;es suppl&eacute;mentaires.<\/h2><p>Les <a href=\"https:\/\/theplayoffs.news\/fr\/equipe\/milwaukee-brewers-mlb\/\" class=\"trk-cta-link\" data-cta-trk='{\"ctaType\":\"Link\",\"ctaSubType\":\"main\"}'>Milwaukee Brewers<\/a> ont d&eacute;cid&eacute; d&rsquo;agir dans la prudence avec Brandon Woodruff. Apr&egrave;s une campagne 2023 marqu&eacute;e par de nombreuses blessures, Woodruff s&rsquo;est fait op&eacute;r&eacute; de l&rsquo;&eacute;paule ce qui devrait lui faire manquer la majeure partie de la saison 2024 de <a href=\"https:\/\/www.mlb.com\/\" class=\"trk-cta-link\" data-cta-trk='{\"ctaType\":\"Link\",\"ctaSubType\":\"main\"}'>MLB<\/a> avec la franchise du Wisconsin.<\/p><p>Le joueur de 31 ans est vu comme un plan pour la saison 2025 du c&ocirc;t&eacute; des Brewers, apr&egrave;s cette prolongation de deux saisons avec la franchise.<\/p><p>La saison derni&egrave;re, en seulement 11 matchs, Woodruff totalise un bilan de 5-1 pour une moyenne de 2.28 points et 74 retraits de prises.<\/p><p>En carri&egrave;re, le lanceur droitier de Milwaukee totalise un bilan de 46-26 pour une moyenne de 3.10 points.<\/p><p>\n<div id=\"attachment_1367385\" style=\"width: 310px\" class=\"wp-caption alignnone\"><img loading=\"lazy\" decoding=\"async\" aria-describedby=\"caption-attachment-1367385\" class=\"size-medium wp-image-1367385\" src=\"https:\/\/theplayoffs.news\/fr\/wp-content\/uploads\/2024\/02\/USATSI_21398104-300x200.jpg\" alt=\"Brewers\" width=\"300\" height=\"200\" srcset=\"https:\/\/theplayoffs.news\/fr\/wp-content\/uploads\/2024\/02\/USATSI_21398104-300x200.jpg 300w, https:\/\/theplayoffs.news\/fr\/wp-content\/uploads\/2024\/02\/USATSI_21398104-1030x687.jpg 1030w, https:\/\/theplayoffs.news\/fr\/wp-content\/uploads\/2024\/02\/USATSI_21398104-768x512.jpg 768w, https:\/\/theplayoffs.news\/fr\/wp-content\/uploads\/2024\/02\/USATSI_21398104-1536x1024.jpg 1536w, https:\/\/theplayoffs.news\/fr\/wp-content\/uploads\/2024\/02\/USATSI_21398104-1500x1000.jpg 1500w, https:\/\/theplayoffs.news\/fr\/wp-content\/uploads\/2024\/02\/USATSI_21398104-705x470.jpg 705w, https:\/\/theplayoffs.news\/fr\/wp-content\/uploads\/2024\/02\/USATSI_21398104-1320x880.jpg 1320w, https:\/\/theplayoffs.news\/fr\/wp-content\/uploads\/2024\/02\/USATSI_21398104.jpg 1920w\" sizes=\"auto, (max-width: 300px) 100vw, 300px\" \/><p id=\"caption-attachment-1367385\" class=\"wp-caption-text\">Cr&eacute;dit: Jeff Hanisch-USA TODAY Sports<\/p><\/div>\n<\/p>\n","protected":false},"excerpt":{"rendered":"","protected":false},"author":180310178,"featured_media":1367403,"comment_status":"open","ping_status":"closed","sticky":false,"template":"","format":"standard","meta":{"inline_featured_image":false,"kia_subtitle":"","_mux_skip_reasons":[],"proofreadBy":0,"footnotes":""},"categories":[188,9],"tags":[4671,454,29],"sport":[2786],"saison":[6111],"class_list":["post-1367356","post","type-post","status-publish","format-standard","has-post-thumbnail","hentry","category-actualite-mlb","category-mlb","tag-brandon-woodruff","tag-milwaukee-brewers","tag-mlb","sport-mlb","saison-6111"],"acf":[],"yoast_head":"<!-- This site is optimized with the Yoast SEO plugin v24.2 - https:\/\/yoast.com\/wordpress\/plugins\/seo\/ -->\n<title>Brewers : prolongation de 2 ans pour Woodruff - The Playoffs FR<\/title>\n<meta name=\"robots\" content=\"index, follow, max-snippet:-1, max-image-preview:large, max-video-preview:-1\" \/>\n<link rel=\"canonical\" href=\"https:\/\/theplayoffs.news\/fr\/actualite-mlb\/brewers-prolongation-de-2-ans-pour-woodruff\/\" \/>\n<meta property=\"og:locale\" content=\"fr_FR\" \/>\n<meta property=\"og:type\" content=\"article\" \/>\n<meta property=\"og:title\" content=\"Brewers : prolongation de 2 ans pour Woodruff - The Playoffs FR\" \/>\n<meta property=\"og:url\" content=\"https:\/\/theplayoffs.news\/fr\/actualite-mlb\/brewers-prolongation-de-2-ans-pour-woodruff\/\" \/>\n<meta property=\"og:site_name\" content=\"The Playoffs FR\" \/>\n<meta property=\"article:publisher\" content=\"https:\/\/www.facebook.com\/TheFreeAgentFR\/\" \/>\n<meta property=\"article:modified_time\" content=\"2024-02-19T18:42:37+01:00\" \/>\n<meta property=\"og:image\" content=\"https:\/\/theplayoffs.news\/fr\/wp-content\/uploads\/2024\/02\/USATSI_21487959.jpg\" \/>\n\t<meta property=\"og:image:width\" content=\"1920\" \/>\n\t<meta property=\"og:image:height\" content=\"1280\" \/>\n\t<meta property=\"og:image:type\" content=\"image\/jpeg\" \/>\n<meta name=\"author\" content=\"Arthur Berlemont\" \/>\n<meta name=\"twitter:card\" content=\"summary_large_image\" \/>\n<meta name=\"twitter:creator\" content=\"@TheFreeAgentFR\" \/>\n<meta name=\"twitter:site\" content=\"@TheFreeAgentFR\" \/>\n<meta name=\"twitter:label1\" content=\"\u00c9crit par\" \/>\n\t<meta name=\"twitter:data1\" content=\"Arthur Berlemont\" \/>\n\t<meta name=\"twitter:label2\" content=\"Dur\u00e9e de lecture estim\u00e9e\" \/>\n\t<meta name=\"twitter:data2\" content=\"1 minute\" \/>\n<script type=\"application\/ld+json\" class=\"yoast-schema-graph\">{\"@context\":\"https:\/\/schema.org\",\"@graph\":[{\"@type\":\"WebPage\",\"@id\":\"https:\/\/theplayoffs.news\/fr\/actualite-mlb\/brewers-prolongation-de-2-ans-pour-woodruff\/\",\"url\":\"https:\/\/theplayoffs.news\/fr\/actualite-mlb\/brewers-prolongation-de-2-ans-pour-woodruff\/\",\"name\":\"Brewers : prolongation de 2 ans pour Woodruff - The Playoffs FR\",\"isPartOf\":{\"@id\":\"https:\/\/theplayoffs.news\/fr\/#website\"},\"primaryImageOfPage\":{\"@id\":\"https:\/\/theplayoffs.news\/fr\/actualite-mlb\/brewers-prolongation-de-2-ans-pour-woodruff\/#primaryimage\"},\"image\":{\"@id\":\"https:\/\/theplayoffs.news\/fr\/actualite-mlb\/brewers-prolongation-de-2-ans-pour-woodruff\/#primaryimage\"},\"thumbnailUrl\":\"https:\/\/theplayoffs.news\/fr\/wp-content\/uploads\/2024\/02\/USATSI_21487959.jpg\",\"datePublished\":\"2024-02-19T17:41:12+00:00\",\"dateModified\":\"2024-02-19T17:42:37+00:00\",\"author\":{\"@id\":\"https:\/\/theplayoffs.news\/fr\/#\/schema\/person\/b6b04a451dab03a5ab75cec8912e8942\"},\"breadcrumb\":{\"@id\":\"https:\/\/theplayoffs.news\/fr\/actualite-mlb\/brewers-prolongation-de-2-ans-pour-woodruff\/#breadcrumb\"},\"inLanguage\":\"fr-FR\",\"potentialAction\":[{\"@type\":\"ReadAction\",\"target\":[\"https:\/\/theplayoffs.news\/fr\/actualite-mlb\/brewers-prolongation-de-2-ans-pour-woodruff\/\"]}]},{\"@type\":\"ImageObject\",\"inLanguage\":\"fr-FR\",\"@id\":\"https:\/\/theplayoffs.news\/fr\/actualite-mlb\/brewers-prolongation-de-2-ans-pour-woodruff\/#primaryimage\",\"url\":\"https:\/\/theplayoffs.news\/fr\/wp-content\/uploads\/2024\/02\/USATSI_21487959.jpg\",\"contentUrl\":\"https:\/\/theplayoffs.news\/fr\/wp-content\/uploads\/2024\/02\/USATSI_21487959.jpg\",\"width\":1920,\"height\":1280,\"caption\":\"Sep 23, 2023; Miami, Florida, USA; Milwaukee Brewers starting pitcher Brandon Woodruff (53) throws a pitch against the Miami Marlins during the first inning at loanDepot Park. Mandatory Credit: Rich Storry-USA TODAY Sports\"},{\"@type\":\"BreadcrumbList\",\"@id\":\"https:\/\/theplayoffs.news\/fr\/actualite-mlb\/brewers-prolongation-de-2-ans-pour-woodruff\/#breadcrumb\",\"itemListElement\":[{\"@type\":\"ListItem\",\"position\":1,\"name\":\"Accueil\",\"item\":\"https:\/\/theplayoffs.news\/fr\/\"},{\"@type\":\"ListItem\",\"position\":2,\"name\":\"Brewers : prolongation de 2 ans pour Woodruff\"}]},{\"@type\":\"WebSite\",\"@id\":\"https:\/\/theplayoffs.news\/fr\/#website\",\"url\":\"https:\/\/theplayoffs.news\/fr\/\",\"name\":\"The Playoffs FR\",\"description\":\"NBA-NFL-NHL-MLB\",\"potentialAction\":[{\"@type\":\"SearchAction\",\"target\":{\"@type\":\"EntryPoint\",\"urlTemplate\":\"https:\/\/theplayoffs.news\/fr\/?s={search_term_string}\"},\"query-input\":{\"@type\":\"PropertyValueSpecification\",\"valueRequired\":true,\"valueName\":\"search_term_string\"}}],\"inLanguage\":\"fr-FR\"},{\"@type\":\"Person\",\"@id\":\"https:\/\/theplayoffs.news\/fr\/#\/schema\/person\/b6b04a451dab03a5ab75cec8912e8942\",\"name\":\"Arthur Berlemont\",\"image\":{\"@type\":\"ImageObject\",\"inLanguage\":\"fr-FR\",\"@id\":\"https:\/\/theplayoffs.news\/fr\/#\/schema\/person\/image\/\",\"url\":\"https:\/\/secure.gravatar.com\/avatar\/19ddab1d62ab0a19b186b86cee130432b120dd6f085625a6a6757dd1aa90a5f3?s=96&d=mm&r=g\",\"contentUrl\":\"https:\/\/secure.gravatar.com\/avatar\/19ddab1d62ab0a19b186b86cee130432b120dd6f085625a6a6757dd1aa90a5f3?s=96&d=mm&r=g\",\"caption\":\"Arthur Berlemont\"},\"description\":\"Etudiant passionn\u00e9 de sport, avant tout m\u00e9caniques, j\\\\'ai d\u00e9couvert les sports US il y a quelques ann\u00e9es. J\\\\'ai tout de suite accroch\u00e9 pour la ville de Cincinnati et ses franchises de NFL et MLB. Aujourd\\\\'hui, je suis l\u00e0 par passion dans la r\u00e9daction d\\\\'articles sur divers sports que j\\\\'affectionne.\",\"url\":\"https:\/\/theplayoffs.news\/fr\/author\/arthur-berlemontgmail-com\/\"}]}<\/script>\n<!-- \/ Yoast SEO plugin. -->","yoast_head_json":{"title":"Brewers : prolongation de 2 ans pour Woodruff - The Playoffs FR","robots":{"index":"index","follow":"follow","max-snippet":"max-snippet:-1","max-image-preview":"max-image-preview:large","max-video-preview":"max-video-preview:-1"},"canonical":"https:\/\/theplayoffs.news\/fr\/actualite-mlb\/brewers-prolongation-de-2-ans-pour-woodruff\/","og_locale":"fr_FR","og_type":"article","og_title":"Brewers : prolongation de 2 ans pour Woodruff - The Playoffs FR","og_url":"https:\/\/theplayoffs.news\/fr\/actualite-mlb\/brewers-prolongation-de-2-ans-pour-woodruff\/","og_site_name":"The Playoffs FR","article_publisher":"https:\/\/www.facebook.com\/TheFreeAgentFR\/","article_modified_time":"2024-02-19T17:42:37+00:00","og_image":[{"width":1920,"height":1280,"url":"https:\/\/theplayoffs.news\/fr\/wp-content\/uploads\/2024\/02\/USATSI_21487959.jpg","type":"image\/jpeg"}],"author":"Arthur Berlemont","twitter_card":"summary_large_image","twitter_creator":"@TheFreeAgentFR","twitter_site":"@TheFreeAgentFR","twitter_misc":{"\u00c9crit par":"Arthur Berlemont","Dur\u00e9e de lecture estim\u00e9e":"1 minute"},"schema":{"@context":"https:\/\/schema.org","@graph":[{"@type":"WebPage","@id":"https:\/\/theplayoffs.news\/fr\/actualite-mlb\/brewers-prolongation-de-2-ans-pour-woodruff\/","url":"https:\/\/theplayoffs.news\/fr\/actualite-mlb\/brewers-prolongation-de-2-ans-pour-woodruff\/","name":"Brewers : prolongation de 2 ans pour Woodruff - The Playoffs FR","isPartOf":{"@id":"https:\/\/theplayoffs.news\/fr\/#website"},"primaryImageOfPage":{"@id":"https:\/\/theplayoffs.news\/fr\/actualite-mlb\/brewers-prolongation-de-2-ans-pour-woodruff\/#primaryimage"},"image":{"@id":"https:\/\/theplayoffs.news\/fr\/actualite-mlb\/brewers-prolongation-de-2-ans-pour-woodruff\/#primaryimage"},"thumbnailUrl":"https:\/\/theplayoffs.news\/fr\/wp-content\/uploads\/2024\/02\/USATSI_21487959.jpg","datePublished":"2024-02-19T17:41:12+00:00","dateModified":"2024-02-19T17:42:37+00:00","author":{"@id":"https:\/\/theplayoffs.news\/fr\/#\/schema\/person\/b6b04a451dab03a5ab75cec8912e8942"},"breadcrumb":{"@id":"https:\/\/theplayoffs.news\/fr\/actualite-mlb\/brewers-prolongation-de-2-ans-pour-woodruff\/#breadcrumb"},"inLanguage":"fr-FR","potentialAction":[{"@type":"ReadAction","target":["https:\/\/theplayoffs.news\/fr\/actualite-mlb\/brewers-prolongation-de-2-ans-pour-woodruff\/"]}]},{"@type":"ImageObject","inLanguage":"fr-FR","@id":"https:\/\/theplayoffs.news\/fr\/actualite-mlb\/brewers-prolongation-de-2-ans-pour-woodruff\/#primaryimage","url":"https:\/\/theplayoffs.news\/fr\/wp-content\/uploads\/2024\/02\/USATSI_21487959.jpg","contentUrl":"https:\/\/theplayoffs.news\/fr\/wp-content\/uploads\/2024\/02\/USATSI_21487959.jpg","width":1920,"height":1280,"caption":"Sep 23, 2023; Miami, Florida, USA; Milwaukee Brewers starting pitcher Brandon Woodruff (53) throws a pitch against the Miami Marlins during the first inning at loanDepot Park. Mandatory Credit: Rich Storry-USA TODAY Sports"},{"@type":"BreadcrumbList","@id":"https:\/\/theplayoffs.news\/fr\/actualite-mlb\/brewers-prolongation-de-2-ans-pour-woodruff\/#breadcrumb","itemListElement":[{"@type":"ListItem","position":1,"name":"Accueil","item":"https:\/\/theplayoffs.news\/fr\/"},{"@type":"ListItem","position":2,"name":"Brewers : prolongation de 2 ans pour Woodruff"}]},{"@type":"WebSite","@id":"https:\/\/theplayoffs.news\/fr\/#website","url":"https:\/\/theplayoffs.news\/fr\/","name":"The Playoffs FR","description":"NBA-NFL-NHL-MLB","potentialAction":[{"@type":"SearchAction","target":{"@type":"EntryPoint","urlTemplate":"https:\/\/theplayoffs.news\/fr\/?s={search_term_string}"},"query-input":{"@type":"PropertyValueSpecification","valueRequired":true,"valueName":"search_term_string"}}],"inLanguage":"fr-FR"},{"@type":"Person","@id":"https:\/\/theplayoffs.news\/fr\/#\/schema\/person\/b6b04a451dab03a5ab75cec8912e8942","name":"Arthur Berlemont","image":{"@type":"ImageObject","inLanguage":"fr-FR","@id":"https:\/\/theplayoffs.news\/fr\/#\/schema\/person\/image\/","url":"https:\/\/secure.gravatar.com\/avatar\/19ddab1d62ab0a19b186b86cee130432b120dd6f085625a6a6757dd1aa90a5f3?s=96&d=mm&r=g","contentUrl":"https:\/\/secure.gravatar.com\/avatar\/19ddab1d62ab0a19b186b86cee130432b120dd6f085625a6a6757dd1aa90a5f3?s=96&d=mm&r=g","caption":"Arthur Berlemont"},"description":"Etudiant passionn\u00e9 de sport, avant tout m\u00e9caniques, j\\'ai d\u00e9couvert les sports US il y a quelques ann\u00e9es. J\\'ai tout de suite accroch\u00e9 pour la ville de Cincinnati et ses franchises de NFL et MLB. Aujourd\\'hui, je suis l\u00e0 par passion dans la r\u00e9daction d\\'articles sur divers sports que j\\'affectionne.","url":"https:\/\/theplayoffs.news\/fr\/author\/arthur-berlemontgmail-com\/"}]}},"_links":{"self":[{"href":"https:\/\/theplayoffs.news\/fr\/wp-json\/wp\/v2\/posts\/1367356","targetHints":{"allow":["GET"]}}],"collection":[{"href":"https:\/\/theplayoffs.news\/fr\/wp-json\/wp\/v2\/posts"}],"about":[{"href":"https:\/\/theplayoffs.news\/fr\/wp-json\/wp\/v2\/types\/post"}],"author":[{"embeddable":true,"href":"https:\/\/theplayoffs.news\/fr\/wp-json\/wp\/v2\/users\/180310178"}],"replies":[{"embeddable":true,"href":"https:\/\/theplayoffs.news\/fr\/wp-json\/wp\/v2\/comments?post=1367356"}],"version-history":[{"count":3,"href":"https:\/\/theplayoffs.news\/fr\/wp-json\/wp\/v2\/posts\/1367356\/revisions"}],"predecessor-version":[{"id":1367401,"href":"https:\/\/theplayoffs.news\/fr\/wp-json\/wp\/v2\/posts\/1367356\/revisions\/1367401"}],"wp:featuredmedia":[{"embeddable":true,"href":"https:\/\/theplayoffs.news\/fr\/wp-json\/wp\/v2\/media\/1367403"}],"wp:attachment":[{"href":"https:\/\/theplayoffs.news\/fr\/wp-json\/wp\/v2\/media?parent=1367356"}],"wp:term":[{"taxonomy":"category","embeddable":true,"href":"https:\/\/theplayoffs.news\/fr\/wp-json\/wp\/v2\/categories?post=1367356"},{"taxonomy":"post_tag","embeddable":true,"href":"https:\/\/theplayoffs.news\/fr\/wp-json\/wp\/v2\/tags?post=1367356"},{"taxonomy":"sport","embeddable":true,"href":"https:\/\/theplayoffs.news\/fr\/wp-json\/wp\/v2\/sport?post=1367356"},{"taxonomy":"saison","embeddable":true,"href":"https:\/\/theplayoffs.news\/fr\/wp-json\/wp\/v2\/saison?post=1367356"}],"curies":[{"name":"wp","href":"https:\/\/api.w.org\/{rel}","templated":true}]}}