{"id":1356125,"date":"2024-02-16T08:49:25","date_gmt":"2024-02-16T07:49:25","guid":{"rendered":"https:\/\/theplayoffs.news\/fr\/?p=1356125"},"modified":"2024-02-16T08:32:42","modified_gmt":"2024-02-16T07:32:42","slug":"rob-manfred-annonce-sa-retraite-en-tant-que-commissaire-de-la-mlb-en-2029","status":"publish","type":"post","link":"https:\/\/theplayoffs.news\/fr\/actualite-mlb\/rob-manfred-annonce-sa-retraite-en-tant-que-commissaire-de-la-mlb-en-2029\/","title":{"rendered":"Rob Manfred annonce sa retraite en tant que commissaire de la MLB en 2029"},"content":{"rendered":"<h2>MLB &ndash; Le commissaire Rob Manfred a d&eacute;clar&eacute; son intention de prendre sa retraite &agrave; la conclusion de son mandat actuel en janvier 2029.<\/h2><p>Depuis qu&rsquo;il a pris les r&ecirc;nes de Bud Selig en janvier 2015, le mandat de Manfred a vu une &eacute;volution consid&eacute;rable du sport, en plus de naviguer &agrave; travers certaines de ses p&eacute;riodes les plus difficiles.<\/p><blockquote><p>&laquo;&nbsp;On ne peut pas s&rsquo;amuser autant dans une vie&nbsp;&raquo;, <a href=\"https:\/\/www.espn.com\/mlb\/story\/_\/id\/39533514\/rob-manfred-says-retire-mlb-commissioner-2029\" class=\"trk-cta-link\" data-cta-trk='{\"ctaType\":\"Link\",\"ctaSubType\":\"main\"}'>a d&eacute;clar&eacute; Manfred<\/a> aux journalistes lors de la journ&eacute;e des m&eacute;dias de la Grapefruit League &agrave; Tampa, en Floride. &laquo;&nbsp;J&rsquo;ai &eacute;t&eacute; franc avec les propri&eacute;taires sur le fait que ce sera mon dernier mandat.&nbsp;&raquo;<\/p><\/blockquote><p>Rob Manfred, &agrave; l&rsquo;&acirc;ge de 65 ans, a &eacute;t&eacute; &agrave; l&rsquo;avant-garde des changements transformateurs visant &agrave; am&eacute;liorer l&rsquo;attrait et l&rsquo;accessibilit&eacute; du jeu. Parmi ces changements figure l&rsquo;introduction d&rsquo;un chronom&egrave;tre de lancer, un mouvement qui a co&iuml;ncid&eacute; avec une augmentation de pr&egrave;s de 10 % des chiffres de fr&eacute;quentation l&rsquo;ann&eacute;e derni&egrave;re. De plus, sous sa direction, les playoffs se sont &eacute;largis pour inclure 12 &eacute;quipes, &eacute;largissant le paysage comp&eacute;titif de la ligue.<\/p><p>Cependant, le mandat de Manfred n&rsquo;a pas &eacute;t&eacute; sans ses controverses. Sa gestion du scandale de tricherie des Astros de Houston, o&ugrave; il a choisi d&rsquo;accorder l&rsquo;immunit&eacute; aux joueurs en &eacute;change de leur t&eacute;moignage, a &eacute;t&eacute; une question polarisante. R&eacute;fl&eacute;chissant &agrave; la d&eacute;cision, Manfred a admis au magazine Time que cela n&rsquo;aurait peut-&ecirc;tre pas &eacute;t&eacute; sa meilleure d&eacute;cision. De plus, le lock-out des joueurs en 2021-22 a amen&eacute; la ligue au bord d&rsquo;un arr&ecirc;t de travail significatif, testant la r&eacute;silience de la gouvernance du sport.<\/p><p>Alors que Manfred se pr&eacute;pare &agrave; d&eacute;missionner, il ne cherche pas simplement &agrave; mettre fin &agrave; son mandat mais met &eacute;galement en place le cadre pour l&rsquo;expansion future de la ligue. Son ambition de voir la ligue grandir pour inclure 32 &eacute;quipes souligne une vision tourn&eacute;e vers l&rsquo;avenir qui vise &agrave; laisser une empreinte durable sur le sport.<\/p><p>&nbsp;<\/p><p>Credit Photo : Kim Klement Neitzel-USA TODAY Sports<\/p>\n","protected":false},"excerpt":{"rendered":"","protected":false},"author":13,"featured_media":1356132,"comment_status":"open","ping_status":"closed","sticky":false,"template":"","format":"standard","meta":{"inline_featured_image":false,"kia_subtitle":"","_mux_skip_reasons":[],"proofreadBy":0,"footnotes":""},"categories":[188,9],"tags":[473],"sport":[],"saison":[],"class_list":["post-1356125","post","type-post","status-publish","format-standard","has-post-thumbnail","hentry","category-actualite-mlb","category-mlb","tag-rob-manfred"],"acf":[],"yoast_head":"<!-- This site is optimized with the Yoast SEO plugin v24.2 - https:\/\/yoast.com\/wordpress\/plugins\/seo\/ -->\n<title>Rob Manfred annonce sa retraite en tant que commissaire de la MLB en 2029 - The Playoffs FR<\/title>\n<meta name=\"robots\" content=\"index, follow, max-snippet:-1, max-image-preview:large, max-video-preview:-1\" \/>\n<link rel=\"canonical\" href=\"https:\/\/theplayoffs.news\/fr\/actualite-mlb\/rob-manfred-annonce-sa-retraite-en-tant-que-commissaire-de-la-mlb-en-2029\/\" \/>\n<meta property=\"og:locale\" content=\"fr_FR\" \/>\n<meta property=\"og:type\" content=\"article\" \/>\n<meta property=\"og:title\" content=\"Rob Manfred annonce sa retraite en tant que commissaire de la MLB en 2029 - The Playoffs FR\" \/>\n<meta property=\"og:url\" content=\"https:\/\/theplayoffs.news\/fr\/actualite-mlb\/rob-manfred-annonce-sa-retraite-en-tant-que-commissaire-de-la-mlb-en-2029\/\" \/>\n<meta property=\"og:site_name\" content=\"The Playoffs FR\" \/>\n<meta property=\"article:publisher\" content=\"https:\/\/www.facebook.com\/TheFreeAgentFR\/\" \/>\n<meta property=\"article:modified_time\" content=\"2024-02-16T08:49:25+01:00\" \/>\n<meta property=\"og:image\" content=\"https:\/\/theplayoffs.news\/fr\/wp-content\/uploads\/2024\/02\/USATSI_22531139.jpg\" \/>\n\t<meta property=\"og:image:width\" content=\"1920\" \/>\n\t<meta property=\"og:image:height\" content=\"1280\" \/>\n\t<meta property=\"og:image:type\" content=\"image\/jpeg\" \/>\n<meta name=\"author\" content=\"Charles Taudin\" \/>\n<meta name=\"twitter:card\" content=\"summary_large_image\" \/>\n<meta name=\"twitter:creator\" content=\"@TheFreeAgentFR\" \/>\n<meta name=\"twitter:site\" content=\"@TheFreeAgentFR\" \/>\n<meta name=\"twitter:label1\" content=\"\u00c9crit par\" \/>\n\t<meta name=\"twitter:data1\" content=\"Charles Taudin\" \/>\n\t<meta name=\"twitter:label2\" content=\"Dur\u00e9e de lecture estim\u00e9e\" \/>\n\t<meta name=\"twitter:data2\" content=\"2 minutes\" \/>\n<script type=\"application\/ld+json\" class=\"yoast-schema-graph\">{\"@context\":\"https:\/\/schema.org\",\"@graph\":[{\"@type\":\"WebPage\",\"@id\":\"https:\/\/theplayoffs.news\/fr\/actualite-mlb\/rob-manfred-annonce-sa-retraite-en-tant-que-commissaire-de-la-mlb-en-2029\/\",\"url\":\"https:\/\/theplayoffs.news\/fr\/actualite-mlb\/rob-manfred-annonce-sa-retraite-en-tant-que-commissaire-de-la-mlb-en-2029\/\",\"name\":\"Rob Manfred annonce sa retraite en tant que commissaire de la MLB en 2029 - The Playoffs FR\",\"isPartOf\":{\"@id\":\"https:\/\/theplayoffs.news\/fr\/#website\"},\"primaryImageOfPage\":{\"@id\":\"https:\/\/theplayoffs.news\/fr\/actualite-mlb\/rob-manfred-annonce-sa-retraite-en-tant-que-commissaire-de-la-mlb-en-2029\/#primaryimage\"},\"image\":{\"@id\":\"https:\/\/theplayoffs.news\/fr\/actualite-mlb\/rob-manfred-annonce-sa-retraite-en-tant-que-commissaire-de-la-mlb-en-2029\/#primaryimage\"},\"thumbnailUrl\":\"https:\/\/theplayoffs.news\/fr\/wp-content\/uploads\/2024\/02\/USATSI_22531139.jpg\",\"datePublished\":\"2024-02-16T07:49:25+00:00\",\"dateModified\":\"2024-02-16T08:49:25+01:00\",\"author\":{\"@id\":\"https:\/\/theplayoffs.news\/fr\/#\/schema\/person\/eee5b69ad5d3c51cabe881c839dbe133\"},\"breadcrumb\":{\"@id\":\"https:\/\/theplayoffs.news\/fr\/actualite-mlb\/rob-manfred-annonce-sa-retraite-en-tant-que-commissaire-de-la-mlb-en-2029\/#breadcrumb\"},\"inLanguage\":\"fr-FR\",\"potentialAction\":[{\"@type\":\"ReadAction\",\"target\":[\"https:\/\/theplayoffs.news\/fr\/actualite-mlb\/rob-manfred-annonce-sa-retraite-en-tant-que-commissaire-de-la-mlb-en-2029\/\"]}]},{\"@type\":\"ImageObject\",\"inLanguage\":\"fr-FR\",\"@id\":\"https:\/\/theplayoffs.news\/fr\/actualite-mlb\/rob-manfred-annonce-sa-retraite-en-tant-que-commissaire-de-la-mlb-en-2029\/#primaryimage\",\"url\":\"https:\/\/theplayoffs.news\/fr\/wp-content\/uploads\/2024\/02\/USATSI_22531139.jpg\",\"contentUrl\":\"https:\/\/theplayoffs.news\/fr\/wp-content\/uploads\/2024\/02\/USATSI_22531139.jpg\",\"width\":1920,\"height\":1280,\"caption\":\"Feb 15, 2024; Tampa, FL, USA; MLB commissioner Rob Manfred talks with media at George M. Steinbrenner Field. Mandatory Credit: Kim Klement Neitzel-USA TODAY Sports\"},{\"@type\":\"BreadcrumbList\",\"@id\":\"https:\/\/theplayoffs.news\/fr\/actualite-mlb\/rob-manfred-annonce-sa-retraite-en-tant-que-commissaire-de-la-mlb-en-2029\/#breadcrumb\",\"itemListElement\":[{\"@type\":\"ListItem\",\"position\":1,\"name\":\"Accueil\",\"item\":\"https:\/\/theplayoffs.news\/fr\/\"},{\"@type\":\"ListItem\",\"position\":2,\"name\":\"Rob Manfred annonce sa retraite en tant que commissaire de la MLB en 2029\"}]},{\"@type\":\"WebSite\",\"@id\":\"https:\/\/theplayoffs.news\/fr\/#website\",\"url\":\"https:\/\/theplayoffs.news\/fr\/\",\"name\":\"The Playoffs FR\",\"description\":\"NBA-NFL-NHL-MLB\",\"potentialAction\":[{\"@type\":\"SearchAction\",\"target\":{\"@type\":\"EntryPoint\",\"urlTemplate\":\"https:\/\/theplayoffs.news\/fr\/?s={search_term_string}\"},\"query-input\":{\"@type\":\"PropertyValueSpecification\",\"valueRequired\":true,\"valueName\":\"search_term_string\"}}],\"inLanguage\":\"fr-FR\"},{\"@type\":\"Person\",\"@id\":\"https:\/\/theplayoffs.news\/fr\/#\/schema\/person\/eee5b69ad5d3c51cabe881c839dbe133\",\"name\":\"Charles Taudin\",\"image\":{\"@type\":\"ImageObject\",\"inLanguage\":\"fr-FR\",\"@id\":\"https:\/\/theplayoffs.news\/fr\/#\/schema\/person\/image\/\",\"url\":\"https:\/\/secure.gravatar.com\/avatar\/59a1e772205ce9fd255edfcafc93013736822e20261f294c5753b20c41ede9f2?s=96&d=mm&r=g\",\"contentUrl\":\"https:\/\/secure.gravatar.com\/avatar\/59a1e772205ce9fd255edfcafc93013736822e20261f294c5753b20c41ede9f2?s=96&d=mm&r=g\",\"caption\":\"Charles Taudin\"},\"description\":\"R\u00e9dacteur en chef global de The Playoffs, j\u2019ai cr\u00e9\u00e9 The Free Agent, devenu The Playoffs FR, en 2020 durant la pand\u00e9mie. Amoureux depuis des ann\u00e9es des 4 sports majeurs am\u00e9ricains, j\u2019organise maintenant la strat\u00e9gie \u00e9ditoriale et les r\u00e9seaux sociaux de l\u2019ensemble des versions de The Playoffs. Il m\u2019arrive encore d\u2019\u00e9crire sur certains sports que j\u2019affectionne particuli\u00e8rement comme la NFL ou la MLB. Si vous devez retenir qu\u2019une chose : Eli Manning est le vrai GOAT pour avoir battu deux fois Tom Brady.\",\"sameAs\":[\"https:\/\/www.instagram.com\/ctaudin_\/\"],\"url\":\"https:\/\/theplayoffs.news\/fr\/author\/charles-taudin\/\"}]}<\/script>\n<!-- \/ Yoast SEO plugin. -->","yoast_head_json":{"title":"Rob Manfred annonce sa retraite en tant que commissaire de la MLB en 2029 - The Playoffs FR","robots":{"index":"index","follow":"follow","max-snippet":"max-snippet:-1","max-image-preview":"max-image-preview:large","max-video-preview":"max-video-preview:-1"},"canonical":"https:\/\/theplayoffs.news\/fr\/actualite-mlb\/rob-manfred-annonce-sa-retraite-en-tant-que-commissaire-de-la-mlb-en-2029\/","og_locale":"fr_FR","og_type":"article","og_title":"Rob Manfred annonce sa retraite en tant que commissaire de la MLB en 2029 - The Playoffs FR","og_url":"https:\/\/theplayoffs.news\/fr\/actualite-mlb\/rob-manfred-annonce-sa-retraite-en-tant-que-commissaire-de-la-mlb-en-2029\/","og_site_name":"The Playoffs FR","article_publisher":"https:\/\/www.facebook.com\/TheFreeAgentFR\/","article_modified_time":"2024-02-16T07:32:42+00:00","og_image":[{"width":1920,"height":1280,"url":"https:\/\/theplayoffs.news\/fr\/wp-content\/uploads\/2024\/02\/USATSI_22531139.jpg","type":"image\/jpeg"}],"author":"Charles Taudin","twitter_card":"summary_large_image","twitter_creator":"@TheFreeAgentFR","twitter_site":"@TheFreeAgentFR","twitter_misc":{"\u00c9crit par":"Charles Taudin","Dur\u00e9e de lecture estim\u00e9e":"2 minutes"},"schema":{"@context":"https:\/\/schema.org","@graph":[{"@type":"WebPage","@id":"https:\/\/theplayoffs.news\/fr\/actualite-mlb\/rob-manfred-annonce-sa-retraite-en-tant-que-commissaire-de-la-mlb-en-2029\/","url":"https:\/\/theplayoffs.news\/fr\/actualite-mlb\/rob-manfred-annonce-sa-retraite-en-tant-que-commissaire-de-la-mlb-en-2029\/","name":"Rob Manfred annonce sa retraite en tant que commissaire de la MLB en 2029 - The Playoffs FR","isPartOf":{"@id":"https:\/\/theplayoffs.news\/fr\/#website"},"primaryImageOfPage":{"@id":"https:\/\/theplayoffs.news\/fr\/actualite-mlb\/rob-manfred-annonce-sa-retraite-en-tant-que-commissaire-de-la-mlb-en-2029\/#primaryimage"},"image":{"@id":"https:\/\/theplayoffs.news\/fr\/actualite-mlb\/rob-manfred-annonce-sa-retraite-en-tant-que-commissaire-de-la-mlb-en-2029\/#primaryimage"},"thumbnailUrl":"https:\/\/theplayoffs.news\/fr\/wp-content\/uploads\/2024\/02\/USATSI_22531139.jpg","datePublished":"2024-02-16T07:49:25+00:00","dateModified":"2024-02-16T08:49:25+01:00","author":{"@id":"https:\/\/theplayoffs.news\/fr\/#\/schema\/person\/eee5b69ad5d3c51cabe881c839dbe133"},"breadcrumb":{"@id":"https:\/\/theplayoffs.news\/fr\/actualite-mlb\/rob-manfred-annonce-sa-retraite-en-tant-que-commissaire-de-la-mlb-en-2029\/#breadcrumb"},"inLanguage":"fr-FR","potentialAction":[{"@type":"ReadAction","target":["https:\/\/theplayoffs.news\/fr\/actualite-mlb\/rob-manfred-annonce-sa-retraite-en-tant-que-commissaire-de-la-mlb-en-2029\/"]}]},{"@type":"ImageObject","inLanguage":"fr-FR","@id":"https:\/\/theplayoffs.news\/fr\/actualite-mlb\/rob-manfred-annonce-sa-retraite-en-tant-que-commissaire-de-la-mlb-en-2029\/#primaryimage","url":"https:\/\/theplayoffs.news\/fr\/wp-content\/uploads\/2024\/02\/USATSI_22531139.jpg","contentUrl":"https:\/\/theplayoffs.news\/fr\/wp-content\/uploads\/2024\/02\/USATSI_22531139.jpg","width":1920,"height":1280,"caption":"Feb 15, 2024; Tampa, FL, USA; MLB commissioner Rob Manfred talks with media at George M. Steinbrenner Field. Mandatory Credit: Kim Klement Neitzel-USA TODAY Sports"},{"@type":"BreadcrumbList","@id":"https:\/\/theplayoffs.news\/fr\/actualite-mlb\/rob-manfred-annonce-sa-retraite-en-tant-que-commissaire-de-la-mlb-en-2029\/#breadcrumb","itemListElement":[{"@type":"ListItem","position":1,"name":"Accueil","item":"https:\/\/theplayoffs.news\/fr\/"},{"@type":"ListItem","position":2,"name":"Rob Manfred annonce sa retraite en tant que commissaire de la MLB en 2029"}]},{"@type":"WebSite","@id":"https:\/\/theplayoffs.news\/fr\/#website","url":"https:\/\/theplayoffs.news\/fr\/","name":"The Playoffs FR","description":"NBA-NFL-NHL-MLB","potentialAction":[{"@type":"SearchAction","target":{"@type":"EntryPoint","urlTemplate":"https:\/\/theplayoffs.news\/fr\/?s={search_term_string}"},"query-input":{"@type":"PropertyValueSpecification","valueRequired":true,"valueName":"search_term_string"}}],"inLanguage":"fr-FR"},{"@type":"Person","@id":"https:\/\/theplayoffs.news\/fr\/#\/schema\/person\/eee5b69ad5d3c51cabe881c839dbe133","name":"Charles Taudin","image":{"@type":"ImageObject","inLanguage":"fr-FR","@id":"https:\/\/theplayoffs.news\/fr\/#\/schema\/person\/image\/","url":"https:\/\/secure.gravatar.com\/avatar\/59a1e772205ce9fd255edfcafc93013736822e20261f294c5753b20c41ede9f2?s=96&d=mm&r=g","contentUrl":"https:\/\/secure.gravatar.com\/avatar\/59a1e772205ce9fd255edfcafc93013736822e20261f294c5753b20c41ede9f2?s=96&d=mm&r=g","caption":"Charles Taudin"},"description":"R\u00e9dacteur en chef global de The Playoffs, j\u2019ai cr\u00e9\u00e9 The Free Agent, devenu The Playoffs FR, en 2020 durant la pand\u00e9mie. Amoureux depuis des ann\u00e9es des 4 sports majeurs am\u00e9ricains, j\u2019organise maintenant la strat\u00e9gie \u00e9ditoriale et les r\u00e9seaux sociaux de l\u2019ensemble des versions de The Playoffs. Il m\u2019arrive encore d\u2019\u00e9crire sur certains sports que j\u2019affectionne particuli\u00e8rement comme la NFL ou la MLB. Si vous devez retenir qu\u2019une chose : Eli Manning est le vrai GOAT pour avoir battu deux fois Tom Brady.","sameAs":["https:\/\/www.instagram.com\/ctaudin_\/"],"url":"https:\/\/theplayoffs.news\/fr\/author\/charles-taudin\/"}]}},"_links":{"self":[{"href":"https:\/\/theplayoffs.news\/fr\/wp-json\/wp\/v2\/posts\/1356125","targetHints":{"allow":["GET"]}}],"collection":[{"href":"https:\/\/theplayoffs.news\/fr\/wp-json\/wp\/v2\/posts"}],"about":[{"href":"https:\/\/theplayoffs.news\/fr\/wp-json\/wp\/v2\/types\/post"}],"author":[{"embeddable":true,"href":"https:\/\/theplayoffs.news\/fr\/wp-json\/wp\/v2\/users\/13"}],"replies":[{"embeddable":true,"href":"https:\/\/theplayoffs.news\/fr\/wp-json\/wp\/v2\/comments?post=1356125"}],"version-history":[{"count":3,"href":"https:\/\/theplayoffs.news\/fr\/wp-json\/wp\/v2\/posts\/1356125\/revisions"}],"predecessor-version":[{"id":1356140,"href":"https:\/\/theplayoffs.news\/fr\/wp-json\/wp\/v2\/posts\/1356125\/revisions\/1356140"}],"wp:featuredmedia":[{"embeddable":true,"href":"https:\/\/theplayoffs.news\/fr\/wp-json\/wp\/v2\/media\/1356132"}],"wp:attachment":[{"href":"https:\/\/theplayoffs.news\/fr\/wp-json\/wp\/v2\/media?parent=1356125"}],"wp:term":[{"taxonomy":"category","embeddable":true,"href":"https:\/\/theplayoffs.news\/fr\/wp-json\/wp\/v2\/categories?post=1356125"},{"taxonomy":"post_tag","embeddable":true,"href":"https:\/\/theplayoffs.news\/fr\/wp-json\/wp\/v2\/tags?post=1356125"},{"taxonomy":"sport","embeddable":true,"href":"https:\/\/theplayoffs.news\/fr\/wp-json\/wp\/v2\/sport?post=1356125"},{"taxonomy":"saison","embeddable":true,"href":"https:\/\/theplayoffs.news\/fr\/wp-json\/wp\/v2\/saison?post=1356125"}],"curies":[{"name":"wp","href":"https:\/\/api.w.org\/{rel}","templated":true}]}}