{"id":1353306,"date":"2024-02-15T11:01:31","date_gmt":"2024-02-15T10:01:31","guid":{"rendered":"https:\/\/theplayoffs.news\/fr\/?p=1353306"},"modified":"2024-02-15T11:01:31","modified_gmt":"2024-02-15T10:01:31","slug":"chris-jones-chiefs-je-ne-vais-nulle-part","status":"publish","type":"post","link":"https:\/\/theplayoffs.news\/fr\/actualite-nfl\/chris-jones-chiefs-je-ne-vais-nulle-part\/","title":{"rendered":"Chris Jones (Chiefs): \u00ab\u00a0Je serai l\u00e0 l&rsquo;an prochain, je ne vais nulle part\u00a0\u00bb"},"content":{"rendered":"<h2>NFL &ndash; Les fans des Chiefs de Kansas City peuvent souffler un peu: Chris Jones semble d&eacute;cider &agrave; rester chez les champions en titre.<\/h2><p>Visiblement, <a href=\"https:\/\/theplayoffs.news\/fr\/joueur\/chris-jones-nfl-6089718\/\" class=\"trk-cta-link\" data-cta-trk='{\"ctaType\":\"Link\",\"ctaSubType\":\"main\"}'>Chris Jones<\/a> n&rsquo;a aucune intention de revivre le m&ecirc;me &eacute;t&eacute; qu&rsquo;en 2023. Lors de l&rsquo;intersaison 2023, le d&eacute;fenseur des Chiefs de Kansas City qui souhaitait obtenir un nouveau contrat avait menac&eacute; la franchise de faire gr&egrave;ve pendant la saison. Une menace mise a &eacute;xecution lors de la premi&egrave;re journ&eacute;e de la saison r&eacute;guli&egrave;re pendant laquelle le joueur n&rsquo;avait pas pris part &agrave; la rencontre face aux Lions de D&eacute;troit. Au lendemain de la d&eacute;faite face aux Lions, Chris Jones obtenait un nouveau contrat d&rsquo;un an ce qui implique que le joueur sera donc agent libre &agrave; la fin de la saison 2023.<\/p><p>Mais que les fans des Kansas City Chiefs se rassurent: Chris Jones ne semble pas d&eacute;cider &agrave; faire ses valises! Dans la parade de champions qui c&eacute;l&eacute;brait le titre des Chiefs de Kansas City acquis ce dimanche lors du Super Bowl LVIII, Jones a &eacute;t&eacute; plus que<a href=\"https:\/\/twitter.com\/jasrifootball\/status\/1757853366636437818\" class=\"trk-cta-link\" data-cta-trk='{\"ctaType\":\"Link\",\"ctaSubType\":\"main\"}'> clair sur ses intentions pour son avenir<\/a>:<\/p><blockquote><p>&laquo;&nbsp;Je n&rsquo;ai pas fini ce que j&rsquo;avais &agrave; faire ici. Kansas City, je serai de retour l&rsquo;ann&eacute;e prochaine. Et pour ceux qui voudraient voir Chris Jones ailleurs, je ne vais aller nulle part. Je serai l&agrave; l&rsquo;an prochain, et l&rsquo;ann&eacute;e d&rsquo;apr&egrave;s et l&rsquo;ann&eacute;e d&rsquo;encore apr&egrave;s.&nbsp;&raquo;<\/p><\/blockquote><p>Tr&egrave;s important dans le dispositif d&eacute;fensif des Chiefs de Kansas City, Jones devrait donc prolonger son aventure avec la franchise double championne en titre pour tenter d&rsquo;aller chercher un tripl&eacute;! Reste maintenant &agrave; s&rsquo;entendre sur le montant du contrat. Le plus difficile commence&hellip;<\/p><p><em>Cr&eacute;dit photo: Kirby Lee-USA TODAY Sports<\/em><\/p>\n","protected":false},"excerpt":{"rendered":"","protected":false},"author":180309964,"featured_media":1353365,"comment_status":"open","ping_status":"closed","sticky":false,"template":"","format":"standard","meta":{"inline_featured_image":false,"kia_subtitle":"","_mux_skip_reasons":[],"proofreadBy":0,"footnotes":""},"categories":[118,40],"tags":[624,487],"sport":[2785],"saison":[6111],"class_list":["post-1353306","post","type-post","status-publish","format-standard","has-post-thumbnail","hentry","category-actualite-nfl","category-nfl","tag-chris-jones","tag-kansas-city-chiefs","sport-nfl","saison-6111"],"acf":[],"yoast_head":"<!-- This site is optimized with the Yoast SEO plugin v24.2 - https:\/\/yoast.com\/wordpress\/plugins\/seo\/ -->\n<title>Chris Jones (Chiefs): &quot;Je serai l&agrave; l&#039;an prochain, je ne vais nulle part&quot; - The Playoffs FR<\/title>\n<meta name=\"robots\" content=\"index, follow, max-snippet:-1, max-image-preview:large, max-video-preview:-1\" \/>\n<link rel=\"canonical\" href=\"https:\/\/theplayoffs.news\/fr\/actualite-nfl\/chris-jones-chiefs-je-ne-vais-nulle-part\/\" \/>\n<meta property=\"og:locale\" content=\"fr_FR\" \/>\n<meta property=\"og:type\" content=\"article\" \/>\n<meta property=\"og:title\" content=\"Chris Jones (Chiefs): &quot;Je serai l&agrave; l&#039;an prochain, je ne vais nulle part&quot; - The Playoffs FR\" \/>\n<meta property=\"og:url\" content=\"https:\/\/theplayoffs.news\/fr\/actualite-nfl\/chris-jones-chiefs-je-ne-vais-nulle-part\/\" \/>\n<meta property=\"og:site_name\" content=\"The Playoffs FR\" \/>\n<meta property=\"article:publisher\" content=\"https:\/\/www.facebook.com\/TheFreeAgentFR\/\" \/>\n<meta property=\"article:modified_time\" content=\"2024-02-15T11:01:31+01:00\" \/>\n<meta property=\"og:image\" content=\"https:\/\/theplayoffs.news\/fr\/wp-content\/uploads\/2024\/02\/USATSI_22521488.jpg\" \/>\n\t<meta property=\"og:image:width\" content=\"1920\" \/>\n\t<meta property=\"og:image:height\" content=\"1280\" \/>\n\t<meta property=\"og:image:type\" content=\"image\/jpeg\" \/>\n<meta name=\"author\" content=\"Flavien Jumeau\" \/>\n<meta name=\"twitter:card\" content=\"summary_large_image\" \/>\n<meta name=\"twitter:creator\" content=\"@TheFreeAgentFR\" \/>\n<meta name=\"twitter:site\" content=\"@TheFreeAgentFR\" \/>\n<meta name=\"twitter:label1\" content=\"\u00c9crit par\" \/>\n\t<meta name=\"twitter:data1\" content=\"Flavien Jumeau\" \/>\n\t<meta name=\"twitter:label2\" content=\"Dur\u00e9e de lecture estim\u00e9e\" \/>\n\t<meta name=\"twitter:data2\" content=\"1 minute\" \/>\n<script type=\"application\/ld+json\" class=\"yoast-schema-graph\">{\"@context\":\"https:\/\/schema.org\",\"@graph\":[{\"@type\":\"WebPage\",\"@id\":\"https:\/\/theplayoffs.news\/fr\/actualite-nfl\/chris-jones-chiefs-je-ne-vais-nulle-part\/\",\"url\":\"https:\/\/theplayoffs.news\/fr\/actualite-nfl\/chris-jones-chiefs-je-ne-vais-nulle-part\/\",\"name\":\"Chris Jones (Chiefs): \\\\\\\"Je serai l\u00e0 l\\\\'an prochain, je ne vais nulle part\\\\\\\" - The Playoffs FR\",\"isPartOf\":{\"@id\":\"https:\/\/theplayoffs.news\/fr\/#website\"},\"primaryImageOfPage\":{\"@id\":\"https:\/\/theplayoffs.news\/fr\/actualite-nfl\/chris-jones-chiefs-je-ne-vais-nulle-part\/#primaryimage\"},\"image\":{\"@id\":\"https:\/\/theplayoffs.news\/fr\/actualite-nfl\/chris-jones-chiefs-je-ne-vais-nulle-part\/#primaryimage\"},\"thumbnailUrl\":\"https:\/\/theplayoffs.news\/fr\/wp-content\/uploads\/2024\/02\/USATSI_22521488.jpg\",\"datePublished\":\"2024-02-15T10:01:31+00:00\",\"dateModified\":\"2024-02-15T10:01:31+00:00\",\"author\":{\"@id\":\"https:\/\/theplayoffs.news\/fr\/#\/schema\/person\/def63bc6746dc5957469b75feb99e66d\"},\"breadcrumb\":{\"@id\":\"https:\/\/theplayoffs.news\/fr\/actualite-nfl\/chris-jones-chiefs-je-ne-vais-nulle-part\/#breadcrumb\"},\"inLanguage\":\"fr-FR\",\"potentialAction\":[{\"@type\":\"ReadAction\",\"target\":[\"https:\/\/theplayoffs.news\/fr\/actualite-nfl\/chris-jones-chiefs-je-ne-vais-nulle-part\/\"]}]},{\"@type\":\"ImageObject\",\"inLanguage\":\"fr-FR\",\"@id\":\"https:\/\/theplayoffs.news\/fr\/actualite-nfl\/chris-jones-chiefs-je-ne-vais-nulle-part\/#primaryimage\",\"url\":\"https:\/\/theplayoffs.news\/fr\/wp-content\/uploads\/2024\/02\/USATSI_22521488.jpg\",\"contentUrl\":\"https:\/\/theplayoffs.news\/fr\/wp-content\/uploads\/2024\/02\/USATSI_22521488.jpg\",\"width\":1920,\"height\":1280,\"caption\":\"Feb 14, 2024; Kansas City, MO, USA; Kansas City Chiefs defensive tackle Chris Jones (95) addresses the crowd on stage with quarterback Patrick Mahomes (15) during the celebration of the Kansas City Chiefs winning Super Bowl LVIII. Mandatory Credit: Kirby Lee-USA TODAY Sports\"},{\"@type\":\"BreadcrumbList\",\"@id\":\"https:\/\/theplayoffs.news\/fr\/actualite-nfl\/chris-jones-chiefs-je-ne-vais-nulle-part\/#breadcrumb\",\"itemListElement\":[{\"@type\":\"ListItem\",\"position\":1,\"name\":\"Accueil\",\"item\":\"https:\/\/theplayoffs.news\/fr\/\"},{\"@type\":\"ListItem\",\"position\":2,\"name\":\"Chris Jones (Chiefs): \u00ab\u00a0Je serai l\u00e0 l&rsquo;an prochain, je ne vais nulle part\u00a0\u00bb\"}]},{\"@type\":\"WebSite\",\"@id\":\"https:\/\/theplayoffs.news\/fr\/#website\",\"url\":\"https:\/\/theplayoffs.news\/fr\/\",\"name\":\"The Playoffs FR\",\"description\":\"NBA-NFL-NHL-MLB\",\"potentialAction\":[{\"@type\":\"SearchAction\",\"target\":{\"@type\":\"EntryPoint\",\"urlTemplate\":\"https:\/\/theplayoffs.news\/fr\/?s={search_term_string}\"},\"query-input\":{\"@type\":\"PropertyValueSpecification\",\"valueRequired\":true,\"valueName\":\"search_term_string\"}}],\"inLanguage\":\"fr-FR\"},{\"@type\":\"Person\",\"@id\":\"https:\/\/theplayoffs.news\/fr\/#\/schema\/person\/def63bc6746dc5957469b75feb99e66d\",\"name\":\"Flavien Jumeau\",\"image\":{\"@type\":\"ImageObject\",\"inLanguage\":\"fr-FR\",\"@id\":\"https:\/\/theplayoffs.news\/fr\/#\/schema\/person\/image\/\",\"url\":\"https:\/\/secure.gravatar.com\/avatar\/e7fa8ba5a4b7e4ce35fe152f083f352db28ad0acce692004ed88a7a7d78893f7?s=96&d=mm&r=g\",\"contentUrl\":\"https:\/\/secure.gravatar.com\/avatar\/e7fa8ba5a4b7e4ce35fe152f083f352db28ad0acce692004ed88a7a7d78893f7?s=96&d=mm&r=g\",\"caption\":\"Flavien Jumeau\"},\"description\":\"Amoureux du sport (et de vraiment tous les sports) depuis mon plus jeune \u00e2ge, j\u2019ai longtemps h\u00e9site entre le snooker et le curling. Finalement c\u2019est le foot US que j\u2019ai d\u00e9cid\u00e9 de choisir! Responsable foot US sur TPO et animateur du podcast Tailgate j\u2019ai pour mission de vous faire d\u00e9couvrir ce sport passionnant si ce n\u2019est pas encore fait et de vous donner les derni\u00e8res actus. Le tout dans la bonne humeur et avec toujours un jeu de mots ou deux savamment distill\u00e9s! Fan des Saints, pour moi Drew Brees est le vrai GOAT!\",\"url\":\"https:\/\/theplayoffs.news\/fr\/author\/flavien-jumeaugmail-com\/\"}]}<\/script>\n<!-- \/ Yoast SEO plugin. -->","yoast_head_json":{"title":"Chris Jones (Chiefs): &quot;Je serai l&agrave; l&#039;an prochain, je ne vais nulle part&quot; - The Playoffs FR","robots":{"index":"index","follow":"follow","max-snippet":"max-snippet:-1","max-image-preview":"max-image-preview:large","max-video-preview":"max-video-preview:-1"},"canonical":"https:\/\/theplayoffs.news\/fr\/actualite-nfl\/chris-jones-chiefs-je-ne-vais-nulle-part\/","og_locale":"fr_FR","og_type":"article","og_title":"Chris Jones (Chiefs): &quot;Je serai l&agrave; l&#039;an prochain, je ne vais nulle part&quot; - The Playoffs FR","og_url":"https:\/\/theplayoffs.news\/fr\/actualite-nfl\/chris-jones-chiefs-je-ne-vais-nulle-part\/","og_site_name":"The Playoffs FR","article_publisher":"https:\/\/www.facebook.com\/TheFreeAgentFR\/","og_image":[{"width":1920,"height":1280,"url":"https:\/\/theplayoffs.news\/fr\/wp-content\/uploads\/2024\/02\/USATSI_22521488.jpg","type":"image\/jpeg"}],"author":"Flavien Jumeau","twitter_card":"summary_large_image","twitter_creator":"@TheFreeAgentFR","twitter_site":"@TheFreeAgentFR","twitter_misc":{"\u00c9crit par":"Flavien Jumeau","Dur\u00e9e de lecture estim\u00e9e":"1 minute"},"schema":{"@context":"https:\/\/schema.org","@graph":[{"@type":"WebPage","@id":"https:\/\/theplayoffs.news\/fr\/actualite-nfl\/chris-jones-chiefs-je-ne-vais-nulle-part\/","url":"https:\/\/theplayoffs.news\/fr\/actualite-nfl\/chris-jones-chiefs-je-ne-vais-nulle-part\/","name":"Chris Jones (Chiefs): \\\"Je serai l\u00e0 l\\'an prochain, je ne vais nulle part\\\" - The Playoffs FR","isPartOf":{"@id":"https:\/\/theplayoffs.news\/fr\/#website"},"primaryImageOfPage":{"@id":"https:\/\/theplayoffs.news\/fr\/actualite-nfl\/chris-jones-chiefs-je-ne-vais-nulle-part\/#primaryimage"},"image":{"@id":"https:\/\/theplayoffs.news\/fr\/actualite-nfl\/chris-jones-chiefs-je-ne-vais-nulle-part\/#primaryimage"},"thumbnailUrl":"https:\/\/theplayoffs.news\/fr\/wp-content\/uploads\/2024\/02\/USATSI_22521488.jpg","datePublished":"2024-02-15T10:01:31+00:00","dateModified":"2024-02-15T10:01:31+00:00","author":{"@id":"https:\/\/theplayoffs.news\/fr\/#\/schema\/person\/def63bc6746dc5957469b75feb99e66d"},"breadcrumb":{"@id":"https:\/\/theplayoffs.news\/fr\/actualite-nfl\/chris-jones-chiefs-je-ne-vais-nulle-part\/#breadcrumb"},"inLanguage":"fr-FR","potentialAction":[{"@type":"ReadAction","target":["https:\/\/theplayoffs.news\/fr\/actualite-nfl\/chris-jones-chiefs-je-ne-vais-nulle-part\/"]}]},{"@type":"ImageObject","inLanguage":"fr-FR","@id":"https:\/\/theplayoffs.news\/fr\/actualite-nfl\/chris-jones-chiefs-je-ne-vais-nulle-part\/#primaryimage","url":"https:\/\/theplayoffs.news\/fr\/wp-content\/uploads\/2024\/02\/USATSI_22521488.jpg","contentUrl":"https:\/\/theplayoffs.news\/fr\/wp-content\/uploads\/2024\/02\/USATSI_22521488.jpg","width":1920,"height":1280,"caption":"Feb 14, 2024; Kansas City, MO, USA; Kansas City Chiefs defensive tackle Chris Jones (95) addresses the crowd on stage with quarterback Patrick Mahomes (15) during the celebration of the Kansas City Chiefs winning Super Bowl LVIII. Mandatory Credit: Kirby Lee-USA TODAY Sports"},{"@type":"BreadcrumbList","@id":"https:\/\/theplayoffs.news\/fr\/actualite-nfl\/chris-jones-chiefs-je-ne-vais-nulle-part\/#breadcrumb","itemListElement":[{"@type":"ListItem","position":1,"name":"Accueil","item":"https:\/\/theplayoffs.news\/fr\/"},{"@type":"ListItem","position":2,"name":"Chris Jones (Chiefs): \u00ab\u00a0Je serai l\u00e0 l&rsquo;an prochain, je ne vais nulle part\u00a0\u00bb"}]},{"@type":"WebSite","@id":"https:\/\/theplayoffs.news\/fr\/#website","url":"https:\/\/theplayoffs.news\/fr\/","name":"The Playoffs FR","description":"NBA-NFL-NHL-MLB","potentialAction":[{"@type":"SearchAction","target":{"@type":"EntryPoint","urlTemplate":"https:\/\/theplayoffs.news\/fr\/?s={search_term_string}"},"query-input":{"@type":"PropertyValueSpecification","valueRequired":true,"valueName":"search_term_string"}}],"inLanguage":"fr-FR"},{"@type":"Person","@id":"https:\/\/theplayoffs.news\/fr\/#\/schema\/person\/def63bc6746dc5957469b75feb99e66d","name":"Flavien Jumeau","image":{"@type":"ImageObject","inLanguage":"fr-FR","@id":"https:\/\/theplayoffs.news\/fr\/#\/schema\/person\/image\/","url":"https:\/\/secure.gravatar.com\/avatar\/e7fa8ba5a4b7e4ce35fe152f083f352db28ad0acce692004ed88a7a7d78893f7?s=96&d=mm&r=g","contentUrl":"https:\/\/secure.gravatar.com\/avatar\/e7fa8ba5a4b7e4ce35fe152f083f352db28ad0acce692004ed88a7a7d78893f7?s=96&d=mm&r=g","caption":"Flavien Jumeau"},"description":"Amoureux du sport (et de vraiment tous les sports) depuis mon plus jeune \u00e2ge, j\u2019ai longtemps h\u00e9site entre le snooker et le curling. Finalement c\u2019est le foot US que j\u2019ai d\u00e9cid\u00e9 de choisir! Responsable foot US sur TPO et animateur du podcast Tailgate j\u2019ai pour mission de vous faire d\u00e9couvrir ce sport passionnant si ce n\u2019est pas encore fait et de vous donner les derni\u00e8res actus. Le tout dans la bonne humeur et avec toujours un jeu de mots ou deux savamment distill\u00e9s! Fan des Saints, pour moi Drew Brees est le vrai GOAT!","url":"https:\/\/theplayoffs.news\/fr\/author\/flavien-jumeaugmail-com\/"}]}},"_links":{"self":[{"href":"https:\/\/theplayoffs.news\/fr\/wp-json\/wp\/v2\/posts\/1353306","targetHints":{"allow":["GET"]}}],"collection":[{"href":"https:\/\/theplayoffs.news\/fr\/wp-json\/wp\/v2\/posts"}],"about":[{"href":"https:\/\/theplayoffs.news\/fr\/wp-json\/wp\/v2\/types\/post"}],"author":[{"embeddable":true,"href":"https:\/\/theplayoffs.news\/fr\/wp-json\/wp\/v2\/users\/180309964"}],"replies":[{"embeddable":true,"href":"https:\/\/theplayoffs.news\/fr\/wp-json\/wp\/v2\/comments?post=1353306"}],"version-history":[{"count":3,"href":"https:\/\/theplayoffs.news\/fr\/wp-json\/wp\/v2\/posts\/1353306\/revisions"}],"predecessor-version":[{"id":1353372,"href":"https:\/\/theplayoffs.news\/fr\/wp-json\/wp\/v2\/posts\/1353306\/revisions\/1353372"}],"wp:featuredmedia":[{"embeddable":true,"href":"https:\/\/theplayoffs.news\/fr\/wp-json\/wp\/v2\/media\/1353365"}],"wp:attachment":[{"href":"https:\/\/theplayoffs.news\/fr\/wp-json\/wp\/v2\/media?parent=1353306"}],"wp:term":[{"taxonomy":"category","embeddable":true,"href":"https:\/\/theplayoffs.news\/fr\/wp-json\/wp\/v2\/categories?post=1353306"},{"taxonomy":"post_tag","embeddable":true,"href":"https:\/\/theplayoffs.news\/fr\/wp-json\/wp\/v2\/tags?post=1353306"},{"taxonomy":"sport","embeddable":true,"href":"https:\/\/theplayoffs.news\/fr\/wp-json\/wp\/v2\/sport?post=1353306"},{"taxonomy":"saison","embeddable":true,"href":"https:\/\/theplayoffs.news\/fr\/wp-json\/wp\/v2\/saison?post=1353306"}],"curies":[{"name":"wp","href":"https:\/\/api.w.org\/{rel}","templated":true}]}}