{"id":1351136,"date":"2024-02-13T18:03:07","date_gmt":"2024-02-13T17:03:07","guid":{"rendered":"https:\/\/theplayoffs.news\/fr\/?p=1351136"},"modified":"2024-02-13T18:04:05","modified_gmt":"2024-02-13T17:04:05","slug":"nikola-jokic-en-tete-du-sondage-espn-pour-le-mvp","status":"publish","type":"post","link":"https:\/\/theplayoffs.news\/fr\/actualite-nba\/nikola-jokic-en-tete-du-sondage-espn-pour-le-mvp\/","title":{"rendered":"Nikola Jokic en t\u00eate du sondage ESPN pour le MVP"},"content":{"rendered":"<h2>NBA &ndash; Avec Joel Embiid hors course pour le titre de MVP, la bataille a pris une nouvelle tournure et Nikola Jokic semble bien parti pour en profiter.<\/h2><p>Dans le dernier <a href=\"https:\/\/www.espn.com\/nba\/insider\/story\/_\/id\/39513557\/nba-mvp-straw-poll-where-100-league-insiders-see-race-including-where-jokic-giannis-sga-land\" class=\"trk-cta-link\" data-cta-trk='{\"ctaType\":\"Link\",\"ctaSubType\":\"main\"}'>sondage ESPN<\/a> pour savoir qui pourrait remporter le titre de MVP cette saison, c&rsquo;est <a href=\"https:\/\/theplayoffs.news\/fr\/joueur\/nikola-jokic-nba-6224670\/\" class=\"trk-cta-link\" data-cta-trk='{\"ctaType\":\"Link\",\"ctaSubType\":\"main\"}'><strong>Nikola Jokic<\/strong><\/a> qui sort en t&ecirc;te des sondage devant Shai Gilgeous-Alexander et Giannis Antetokounmpo.<\/p><p>\n<div id=\"attachment_1351147\" style=\"width: 718px\" class=\"wp-caption alignnone\"><img loading=\"lazy\" decoding=\"async\" aria-describedby=\"caption-attachment-1351147\" class=\"size-full wp-image-1351147\" src=\"https:\/\/theplayoffs.news\/fr\/wp-content\/uploads\/2024\/02\/Capture-decran-2024-02-13-a-17.37.20.png\" alt=\"\" width=\"708\" height=\"442\" srcset=\"https:\/\/theplayoffs.news\/fr\/wp-content\/uploads\/2024\/02\/Capture-decran-2024-02-13-a-17.37.20.png 708w, https:\/\/theplayoffs.news\/fr\/wp-content\/uploads\/2024\/02\/Capture-decran-2024-02-13-a-17.37.20-300x187.png 300w, https:\/\/theplayoffs.news\/fr\/wp-content\/uploads\/2024\/02\/Capture-decran-2024-02-13-a-17.37.20-705x440.png 705w\" sizes=\"auto, (max-width: 708px) 100vw, 708px\" \/><p id=\"caption-attachment-1351147\" class=\"wp-caption-text\">Source : ESPN<\/p><\/div>\n<\/p><p>Rien ne semble vraiment scandaleux dans ce classements tant les 5 premiers joueurs cit&eacute;s sont excellents cette saison. Nikola Jokic pourrait bien remporter un 3&egrave; titre de MVP en 4 ans avec des performances toujours aussi monstrueuses du c&ocirc;t&eacute; de Denver.<\/p><p>Shai Gilgeous-Alexander est peut-&ecirc;tre la vraie menace pour Jokic pour ce titre de MVP. les performances du Thunder cette saison combin&eacute;e &agrave; celles de SGA le placent obligatoirement dans cette conversation.<\/p><p>Du c&ocirc;t&eacute; de Milwaukee, Giannis essaye tant bien que mal de porter son &eacute;quipe et doit chaque nuit s&rsquo;employer pour sortir vainqueur, ce qu&rsquo;il a fait de tr&egrave;s belle mani&egrave;re la nuit derni&egrave;re face &agrave; Jokic.<\/p><p>&nbsp;<\/p><p>Credit Photo: Benny Sieu-USA TODAY Sports<\/p><p>&nbsp;<\/p>\n","protected":false},"excerpt":{"rendered":"","protected":false},"author":13,"featured_media":1351178,"comment_status":"open","ping_status":"closed","sticky":false,"template":"","format":"standard","meta":{"inline_featured_image":false,"kia_subtitle":"","_mux_skip_reasons":[],"proofreadBy":0,"footnotes":""},"categories":[110,10],"tags":[407,561],"sport":[],"saison":[],"class_list":["post-1351136","post","type-post","status-publish","format-standard","has-post-thumbnail","hentry","category-actualite-nba","category-nba","tag-mvp","tag-nikola-jokic"],"acf":[],"yoast_head":"<!-- This site is optimized with the Yoast SEO plugin v24.2 - https:\/\/yoast.com\/wordpress\/plugins\/seo\/ -->\n<title>Nikola Jokic en t&ecirc;te du sondage ESPN pour le MVP - The Playoffs FR<\/title>\n<meta name=\"robots\" content=\"index, follow, max-snippet:-1, max-image-preview:large, max-video-preview:-1\" \/>\n<link rel=\"canonical\" href=\"https:\/\/theplayoffs.news\/fr\/actualite-nba\/nikola-jokic-en-tete-du-sondage-espn-pour-le-mvp\/\" \/>\n<meta property=\"og:locale\" content=\"fr_FR\" \/>\n<meta property=\"og:type\" content=\"article\" \/>\n<meta property=\"og:title\" content=\"Nikola Jokic en t&ecirc;te du sondage ESPN pour le MVP - The Playoffs FR\" \/>\n<meta property=\"og:url\" content=\"https:\/\/theplayoffs.news\/fr\/actualite-nba\/nikola-jokic-en-tete-du-sondage-espn-pour-le-mvp\/\" \/>\n<meta property=\"og:site_name\" content=\"The Playoffs FR\" \/>\n<meta property=\"article:publisher\" content=\"https:\/\/www.facebook.com\/TheFreeAgentFR\/\" \/>\n<meta property=\"article:modified_time\" content=\"2024-02-13T18:04:05+01:00\" \/>\n<meta property=\"og:image\" content=\"https:\/\/theplayoffs.news\/fr\/wp-content\/uploads\/2024\/02\/USATSI_22506963.jpg\" \/>\n\t<meta property=\"og:image:width\" content=\"1920\" \/>\n\t<meta property=\"og:image:height\" content=\"1279\" \/>\n\t<meta property=\"og:image:type\" content=\"image\/jpeg\" \/>\n<meta name=\"author\" content=\"Charles Taudin\" \/>\n<meta name=\"twitter:card\" content=\"summary_large_image\" \/>\n<meta name=\"twitter:creator\" content=\"@TheFreeAgentFR\" \/>\n<meta name=\"twitter:site\" content=\"@TheFreeAgentFR\" \/>\n<meta name=\"twitter:label1\" content=\"\u00c9crit par\" \/>\n\t<meta name=\"twitter:data1\" content=\"Charles Taudin\" \/>\n\t<meta name=\"twitter:label2\" content=\"Dur\u00e9e de lecture estim\u00e9e\" \/>\n\t<meta name=\"twitter:data2\" content=\"1 minute\" \/>\n<script type=\"application\/ld+json\" class=\"yoast-schema-graph\">{\"@context\":\"https:\/\/schema.org\",\"@graph\":[{\"@type\":\"WebPage\",\"@id\":\"https:\/\/theplayoffs.news\/fr\/actualite-nba\/nikola-jokic-en-tete-du-sondage-espn-pour-le-mvp\/\",\"url\":\"https:\/\/theplayoffs.news\/fr\/actualite-nba\/nikola-jokic-en-tete-du-sondage-espn-pour-le-mvp\/\",\"name\":\"Nikola Jokic en t\u00eate du sondage ESPN pour le MVP - The Playoffs FR\",\"isPartOf\":{\"@id\":\"https:\/\/theplayoffs.news\/fr\/#website\"},\"primaryImageOfPage\":{\"@id\":\"https:\/\/theplayoffs.news\/fr\/actualite-nba\/nikola-jokic-en-tete-du-sondage-espn-pour-le-mvp\/#primaryimage\"},\"image\":{\"@id\":\"https:\/\/theplayoffs.news\/fr\/actualite-nba\/nikola-jokic-en-tete-du-sondage-espn-pour-le-mvp\/#primaryimage\"},\"thumbnailUrl\":\"https:\/\/theplayoffs.news\/fr\/wp-content\/uploads\/2024\/02\/USATSI_22506963.jpg\",\"datePublished\":\"2024-02-13T17:03:07+00:00\",\"dateModified\":\"2024-02-13T17:04:05+00:00\",\"author\":{\"@id\":\"https:\/\/theplayoffs.news\/fr\/#\/schema\/person\/eee5b69ad5d3c51cabe881c839dbe133\"},\"breadcrumb\":{\"@id\":\"https:\/\/theplayoffs.news\/fr\/actualite-nba\/nikola-jokic-en-tete-du-sondage-espn-pour-le-mvp\/#breadcrumb\"},\"inLanguage\":\"fr-FR\",\"potentialAction\":[{\"@type\":\"ReadAction\",\"target\":[\"https:\/\/theplayoffs.news\/fr\/actualite-nba\/nikola-jokic-en-tete-du-sondage-espn-pour-le-mvp\/\"]}]},{\"@type\":\"ImageObject\",\"inLanguage\":\"fr-FR\",\"@id\":\"https:\/\/theplayoffs.news\/fr\/actualite-nba\/nikola-jokic-en-tete-du-sondage-espn-pour-le-mvp\/#primaryimage\",\"url\":\"https:\/\/theplayoffs.news\/fr\/wp-content\/uploads\/2024\/02\/USATSI_22506963.jpg\",\"contentUrl\":\"https:\/\/theplayoffs.news\/fr\/wp-content\/uploads\/2024\/02\/USATSI_22506963.jpg\",\"width\":1920,\"height\":1279,\"caption\":\"Feb 12, 2024; Milwaukee, Wisconsin, USA; Denver Nuggets center Nikola Jokic (15) warms up before a game against the Milwaukee Bucks at Fiserv Forum. Mandatory Credit: Benny Sieu-USA TODAY Sports\"},{\"@type\":\"BreadcrumbList\",\"@id\":\"https:\/\/theplayoffs.news\/fr\/actualite-nba\/nikola-jokic-en-tete-du-sondage-espn-pour-le-mvp\/#breadcrumb\",\"itemListElement\":[{\"@type\":\"ListItem\",\"position\":1,\"name\":\"Accueil\",\"item\":\"https:\/\/theplayoffs.news\/fr\/\"},{\"@type\":\"ListItem\",\"position\":2,\"name\":\"Nikola Jokic en t\u00eate du sondage ESPN pour le MVP\"}]},{\"@type\":\"WebSite\",\"@id\":\"https:\/\/theplayoffs.news\/fr\/#website\",\"url\":\"https:\/\/theplayoffs.news\/fr\/\",\"name\":\"The Playoffs FR\",\"description\":\"NBA-NFL-NHL-MLB\",\"potentialAction\":[{\"@type\":\"SearchAction\",\"target\":{\"@type\":\"EntryPoint\",\"urlTemplate\":\"https:\/\/theplayoffs.news\/fr\/?s={search_term_string}\"},\"query-input\":{\"@type\":\"PropertyValueSpecification\",\"valueRequired\":true,\"valueName\":\"search_term_string\"}}],\"inLanguage\":\"fr-FR\"},{\"@type\":\"Person\",\"@id\":\"https:\/\/theplayoffs.news\/fr\/#\/schema\/person\/eee5b69ad5d3c51cabe881c839dbe133\",\"name\":\"Charles Taudin\",\"image\":{\"@type\":\"ImageObject\",\"inLanguage\":\"fr-FR\",\"@id\":\"https:\/\/theplayoffs.news\/fr\/#\/schema\/person\/image\/\",\"url\":\"https:\/\/secure.gravatar.com\/avatar\/59a1e772205ce9fd255edfcafc93013736822e20261f294c5753b20c41ede9f2?s=96&d=mm&r=g\",\"contentUrl\":\"https:\/\/secure.gravatar.com\/avatar\/59a1e772205ce9fd255edfcafc93013736822e20261f294c5753b20c41ede9f2?s=96&d=mm&r=g\",\"caption\":\"Charles Taudin\"},\"description\":\"R\u00e9dacteur en chef global de The Playoffs, j\u2019ai cr\u00e9\u00e9 The Free Agent, devenu The Playoffs FR, en 2020 durant la pand\u00e9mie. Amoureux depuis des ann\u00e9es des 4 sports majeurs am\u00e9ricains, j\u2019organise maintenant la strat\u00e9gie \u00e9ditoriale et les r\u00e9seaux sociaux de l\u2019ensemble des versions de The Playoffs. Il m\u2019arrive encore d\u2019\u00e9crire sur certains sports que j\u2019affectionne particuli\u00e8rement comme la NFL ou la MLB. Si vous devez retenir qu\u2019une chose : Eli Manning est le vrai GOAT pour avoir battu deux fois Tom Brady.\",\"sameAs\":[\"https:\/\/www.instagram.com\/ctaudin_\/\"],\"url\":\"https:\/\/theplayoffs.news\/fr\/author\/charles-taudin\/\"}]}<\/script>\n<!-- \/ Yoast SEO plugin. -->","yoast_head_json":{"title":"Nikola Jokic en t&ecirc;te du sondage ESPN pour le MVP - The Playoffs FR","robots":{"index":"index","follow":"follow","max-snippet":"max-snippet:-1","max-image-preview":"max-image-preview:large","max-video-preview":"max-video-preview:-1"},"canonical":"https:\/\/theplayoffs.news\/fr\/actualite-nba\/nikola-jokic-en-tete-du-sondage-espn-pour-le-mvp\/","og_locale":"fr_FR","og_type":"article","og_title":"Nikola Jokic en t&ecirc;te du sondage ESPN pour le MVP - The Playoffs FR","og_url":"https:\/\/theplayoffs.news\/fr\/actualite-nba\/nikola-jokic-en-tete-du-sondage-espn-pour-le-mvp\/","og_site_name":"The Playoffs FR","article_publisher":"https:\/\/www.facebook.com\/TheFreeAgentFR\/","article_modified_time":"2024-02-13T17:04:05+00:00","og_image":[{"width":1920,"height":1279,"url":"https:\/\/theplayoffs.news\/fr\/wp-content\/uploads\/2024\/02\/USATSI_22506963.jpg","type":"image\/jpeg"}],"author":"Charles Taudin","twitter_card":"summary_large_image","twitter_creator":"@TheFreeAgentFR","twitter_site":"@TheFreeAgentFR","twitter_misc":{"\u00c9crit par":"Charles Taudin","Dur\u00e9e de lecture estim\u00e9e":"1 minute"},"schema":{"@context":"https:\/\/schema.org","@graph":[{"@type":"WebPage","@id":"https:\/\/theplayoffs.news\/fr\/actualite-nba\/nikola-jokic-en-tete-du-sondage-espn-pour-le-mvp\/","url":"https:\/\/theplayoffs.news\/fr\/actualite-nba\/nikola-jokic-en-tete-du-sondage-espn-pour-le-mvp\/","name":"Nikola Jokic en t\u00eate du sondage ESPN pour le MVP - The Playoffs FR","isPartOf":{"@id":"https:\/\/theplayoffs.news\/fr\/#website"},"primaryImageOfPage":{"@id":"https:\/\/theplayoffs.news\/fr\/actualite-nba\/nikola-jokic-en-tete-du-sondage-espn-pour-le-mvp\/#primaryimage"},"image":{"@id":"https:\/\/theplayoffs.news\/fr\/actualite-nba\/nikola-jokic-en-tete-du-sondage-espn-pour-le-mvp\/#primaryimage"},"thumbnailUrl":"https:\/\/theplayoffs.news\/fr\/wp-content\/uploads\/2024\/02\/USATSI_22506963.jpg","datePublished":"2024-02-13T17:03:07+00:00","dateModified":"2024-02-13T17:04:05+00:00","author":{"@id":"https:\/\/theplayoffs.news\/fr\/#\/schema\/person\/eee5b69ad5d3c51cabe881c839dbe133"},"breadcrumb":{"@id":"https:\/\/theplayoffs.news\/fr\/actualite-nba\/nikola-jokic-en-tete-du-sondage-espn-pour-le-mvp\/#breadcrumb"},"inLanguage":"fr-FR","potentialAction":[{"@type":"ReadAction","target":["https:\/\/theplayoffs.news\/fr\/actualite-nba\/nikola-jokic-en-tete-du-sondage-espn-pour-le-mvp\/"]}]},{"@type":"ImageObject","inLanguage":"fr-FR","@id":"https:\/\/theplayoffs.news\/fr\/actualite-nba\/nikola-jokic-en-tete-du-sondage-espn-pour-le-mvp\/#primaryimage","url":"https:\/\/theplayoffs.news\/fr\/wp-content\/uploads\/2024\/02\/USATSI_22506963.jpg","contentUrl":"https:\/\/theplayoffs.news\/fr\/wp-content\/uploads\/2024\/02\/USATSI_22506963.jpg","width":1920,"height":1279,"caption":"Feb 12, 2024; Milwaukee, Wisconsin, USA; Denver Nuggets center Nikola Jokic (15) warms up before a game against the Milwaukee Bucks at Fiserv Forum. Mandatory Credit: Benny Sieu-USA TODAY Sports"},{"@type":"BreadcrumbList","@id":"https:\/\/theplayoffs.news\/fr\/actualite-nba\/nikola-jokic-en-tete-du-sondage-espn-pour-le-mvp\/#breadcrumb","itemListElement":[{"@type":"ListItem","position":1,"name":"Accueil","item":"https:\/\/theplayoffs.news\/fr\/"},{"@type":"ListItem","position":2,"name":"Nikola Jokic en t\u00eate du sondage ESPN pour le MVP"}]},{"@type":"WebSite","@id":"https:\/\/theplayoffs.news\/fr\/#website","url":"https:\/\/theplayoffs.news\/fr\/","name":"The Playoffs FR","description":"NBA-NFL-NHL-MLB","potentialAction":[{"@type":"SearchAction","target":{"@type":"EntryPoint","urlTemplate":"https:\/\/theplayoffs.news\/fr\/?s={search_term_string}"},"query-input":{"@type":"PropertyValueSpecification","valueRequired":true,"valueName":"search_term_string"}}],"inLanguage":"fr-FR"},{"@type":"Person","@id":"https:\/\/theplayoffs.news\/fr\/#\/schema\/person\/eee5b69ad5d3c51cabe881c839dbe133","name":"Charles Taudin","image":{"@type":"ImageObject","inLanguage":"fr-FR","@id":"https:\/\/theplayoffs.news\/fr\/#\/schema\/person\/image\/","url":"https:\/\/secure.gravatar.com\/avatar\/59a1e772205ce9fd255edfcafc93013736822e20261f294c5753b20c41ede9f2?s=96&d=mm&r=g","contentUrl":"https:\/\/secure.gravatar.com\/avatar\/59a1e772205ce9fd255edfcafc93013736822e20261f294c5753b20c41ede9f2?s=96&d=mm&r=g","caption":"Charles Taudin"},"description":"R\u00e9dacteur en chef global de The Playoffs, j\u2019ai cr\u00e9\u00e9 The Free Agent, devenu The Playoffs FR, en 2020 durant la pand\u00e9mie. Amoureux depuis des ann\u00e9es des 4 sports majeurs am\u00e9ricains, j\u2019organise maintenant la strat\u00e9gie \u00e9ditoriale et les r\u00e9seaux sociaux de l\u2019ensemble des versions de The Playoffs. Il m\u2019arrive encore d\u2019\u00e9crire sur certains sports que j\u2019affectionne particuli\u00e8rement comme la NFL ou la MLB. Si vous devez retenir qu\u2019une chose : Eli Manning est le vrai GOAT pour avoir battu deux fois Tom Brady.","sameAs":["https:\/\/www.instagram.com\/ctaudin_\/"],"url":"https:\/\/theplayoffs.news\/fr\/author\/charles-taudin\/"}]}},"_links":{"self":[{"href":"https:\/\/theplayoffs.news\/fr\/wp-json\/wp\/v2\/posts\/1351136","targetHints":{"allow":["GET"]}}],"collection":[{"href":"https:\/\/theplayoffs.news\/fr\/wp-json\/wp\/v2\/posts"}],"about":[{"href":"https:\/\/theplayoffs.news\/fr\/wp-json\/wp\/v2\/types\/post"}],"author":[{"embeddable":true,"href":"https:\/\/theplayoffs.news\/fr\/wp-json\/wp\/v2\/users\/13"}],"replies":[{"embeddable":true,"href":"https:\/\/theplayoffs.news\/fr\/wp-json\/wp\/v2\/comments?post=1351136"}],"version-history":[{"count":2,"href":"https:\/\/theplayoffs.news\/fr\/wp-json\/wp\/v2\/posts\/1351136\/revisions"}],"predecessor-version":[{"id":1351192,"href":"https:\/\/theplayoffs.news\/fr\/wp-json\/wp\/v2\/posts\/1351136\/revisions\/1351192"}],"wp:featuredmedia":[{"embeddable":true,"href":"https:\/\/theplayoffs.news\/fr\/wp-json\/wp\/v2\/media\/1351178"}],"wp:attachment":[{"href":"https:\/\/theplayoffs.news\/fr\/wp-json\/wp\/v2\/media?parent=1351136"}],"wp:term":[{"taxonomy":"category","embeddable":true,"href":"https:\/\/theplayoffs.news\/fr\/wp-json\/wp\/v2\/categories?post=1351136"},{"taxonomy":"post_tag","embeddable":true,"href":"https:\/\/theplayoffs.news\/fr\/wp-json\/wp\/v2\/tags?post=1351136"},{"taxonomy":"sport","embeddable":true,"href":"https:\/\/theplayoffs.news\/fr\/wp-json\/wp\/v2\/sport?post=1351136"},{"taxonomy":"saison","embeddable":true,"href":"https:\/\/theplayoffs.news\/fr\/wp-json\/wp\/v2\/saison?post=1351136"}],"curies":[{"name":"wp","href":"https:\/\/api.w.org\/{rel}","templated":true}]}}