{"id":1350386,"date":"2024-02-13T14:23:19","date_gmt":"2024-02-13T13:23:19","guid":{"rendered":"https:\/\/theplayoffs.news\/fr\/?p=1350386"},"modified":"2024-02-13T14:23:21","modified_gmt":"2024-02-13T13:23:21","slug":"jorge-soler-sengage-3-ans-avec-les-giants","status":"publish","type":"post","link":"https:\/\/theplayoffs.news\/fr\/actualite-mlb\/jorge-soler-sengage-3-ans-avec-les-giants\/","title":{"rendered":"Jorge Soler s&rsquo;engage 3 ans avec les Giants"},"content":{"rendered":"<h2>MLB &ndash; Les San Francisco Giants ont s&eacute;curis&eacute; les services du frappeur cubain Jorge Soler dans un contrat de trois ans d&rsquo;une valeur de 42 millions de dollars.<\/h2><p>Cette acquisition, rapport&eacute;e par <a href=\"https:\/\/twitter.com\/JonHeyman\/status\/1757378138344960172?ref_src=twsrc%5Etfw%7Ctwcamp%5Etweetembed%7Ctwterm%5E1757378138344960172%7Ctwgr%5E4f399e26a3a9d53d5ea6daa35cc034db45ef52d1%7Ctwcon%5Es1_c10&amp;ref_url=https%3A%2F%2Fthefreeagent.fr%2Fwp-admin%2Fpost-new.php\" class=\"trk-cta-link\" data-cta-trk='{\"ctaType\":\"Link\",\"ctaSubType\":\"main\"}'>Jon Heyman<\/a>, marque un moment pivot pour les Giants alors qu&rsquo;ils cherchent &agrave; injecter une puissance s&eacute;rieuse dans leur alignement de frappeurs. Soler, qui f&ecirc;tera son 32e anniversaire le 25 f&eacute;vrier, apporte avec lui de solides comp&eacute;tences acquises lors de son r&eacute;cent passage chez les Miami Marlins, soulign&eacute; par une saison exceptionnelle qui lui a valu sa premi&egrave;re s&eacute;lection au All-Star en 2023.<\/p><blockquote class=\"twitter-tweet\" data-width=\"500\" data-dnt=\"true\">\n<p lang=\"en\" dir=\"ltr\">Jorge Soler agrees to Giants deal. 3 years. <a href=\"https:\/\/twitter.com\/susanslusser?ref_src=twsrc%5Etfw\" class=\"trk-cta-link\" data-cta-trk='{\"ctaType\":\"Link\",\"ctaSubType\":\"main\"}'>@susanslusser<\/a> 1st <a href=\"https:\/\/twitter.com\/mikedeportes?ref_src=twsrc%5Etfw\" class=\"trk-cta-link\" data-cta-trk='{\"ctaType\":\"Link\",\"ctaSubType\":\"main\"}'>@mikedeportes<\/a> reports $42M<\/p>\n<p>&mdash; Jon Heyman (@JonHeyman) <a href=\"https:\/\/twitter.com\/JonHeyman\/status\/1757378138344960172?ref_src=twsrc%5Etfw\" class=\"trk-cta-link\" data-cta-trk='{\"ctaType\":\"Link\",\"ctaSubType\":\"main\"}'>February 13, 2024<\/a><\/p><\/blockquote><p><script async src=\"https:\/\/platform.twitter.com\/widgets.js\" charset=\"utf-8\"><\/script><\/p><p>La campagne 2023 de Soler a &eacute;t&eacute; spectaculaire, le frappeur menant les Marlins avec 36 home runs, une performance qui a contribu&eacute; de mani&egrave;re significative &agrave; la place inattendue de Miami en playoffs. Avec une moyenne au b&acirc;ton de .250, un pourcentage de base de .341, et slugging de .512, Soler a affich&eacute; un OPS+ de 128 sur 137 matchs, d&eacute;montrant sa capacit&eacute; &agrave; contribuer tant en termes de puissance qu&rsquo;en atteignant les bases.<\/p><p>L&rsquo;acquisition de <a href=\"https:\/\/theplayoffs.news\/fr\/joueur\/jorge-soler-mlb-65116\/\" class=\"trk-cta-link\" data-cta-trk='{\"ctaType\":\"Link\",\"ctaSubType\":\"main\"}'><strong>Jorge Soler<\/strong><\/a> par les Giants est vue comme un mouvement strat&eacute;gique pour combler le vide laiss&eacute; par le d&eacute;part de Mitch Haniger vers les Mariners, pour lequel ils ont re&ccedil;u le lanceur gaucher Robbie Ray en retour.<\/p><p>Soler devrait principalement servir de frappeur d&eacute;sign&eacute; pour les Giants en 2024, fournissant un b&acirc;ton de puissance droitier tant n&eacute;cessaire au milieu de leur alignement. Ce mouvement compl&egrave;te la signature ant&eacute;rieure par les Giants du voltigeur de centre cor&eacute;en Jung Hoo Lee.<\/p><p>&nbsp;<\/p><p>Credit photo: Sam Navarro-USA TODAY Sports<\/p>\n","protected":false},"excerpt":{"rendered":"","protected":false},"author":13,"featured_media":1350395,"comment_status":"open","ping_status":"closed","sticky":false,"template":"","format":"standard","meta":{"inline_featured_image":false,"kia_subtitle":"","_mux_skip_reasons":[],"proofreadBy":0,"footnotes":""},"categories":[188,9],"tags":[6723,466],"sport":[],"saison":[],"class_list":["post-1350386","post","type-post","status-publish","format-standard","has-post-thumbnail","hentry","category-actualite-mlb","category-mlb","tag-jorge-soler","tag-san-francisco-giants"],"acf":[],"yoast_head":"<!-- This site is optimized with the Yoast SEO plugin v24.2 - https:\/\/yoast.com\/wordpress\/plugins\/seo\/ -->\n<title>Jorge Soler s&#039;engage 3 ans avec les Giants - The Playoffs FR<\/title>\n<meta name=\"robots\" content=\"index, follow, max-snippet:-1, max-image-preview:large, max-video-preview:-1\" \/>\n<link rel=\"canonical\" href=\"https:\/\/theplayoffs.news\/fr\/actualite-mlb\/jorge-soler-sengage-3-ans-avec-les-giants\/\" \/>\n<meta property=\"og:locale\" content=\"fr_FR\" \/>\n<meta property=\"og:type\" content=\"article\" \/>\n<meta property=\"og:title\" content=\"Jorge Soler s&#039;engage 3 ans avec les Giants - The Playoffs FR\" \/>\n<meta property=\"og:url\" content=\"https:\/\/theplayoffs.news\/fr\/actualite-mlb\/jorge-soler-sengage-3-ans-avec-les-giants\/\" \/>\n<meta property=\"og:site_name\" content=\"The Playoffs FR\" \/>\n<meta property=\"article:publisher\" content=\"https:\/\/www.facebook.com\/TheFreeAgentFR\/\" \/>\n<meta property=\"article:modified_time\" content=\"2024-02-13T14:23:21+01:00\" \/>\n<meta property=\"og:image\" content=\"https:\/\/theplayoffs.news\/fr\/wp-content\/uploads\/2024\/02\/USATSI_21496259-1.jpg\" \/>\n\t<meta property=\"og:image:width\" content=\"1920\" \/>\n\t<meta property=\"og:image:height\" content=\"1280\" \/>\n\t<meta property=\"og:image:type\" content=\"image\/jpeg\" \/>\n<meta name=\"author\" content=\"Charles Taudin\" \/>\n<meta name=\"twitter:card\" content=\"summary_large_image\" \/>\n<meta name=\"twitter:creator\" content=\"@TheFreeAgentFR\" \/>\n<meta name=\"twitter:site\" content=\"@TheFreeAgentFR\" \/>\n<meta name=\"twitter:label1\" content=\"\u00c9crit par\" \/>\n\t<meta name=\"twitter:data1\" content=\"Charles Taudin\" \/>\n\t<meta name=\"twitter:label2\" content=\"Dur\u00e9e de lecture estim\u00e9e\" \/>\n\t<meta name=\"twitter:data2\" content=\"1 minute\" \/>\n<script type=\"application\/ld+json\" class=\"yoast-schema-graph\">{\"@context\":\"https:\/\/schema.org\",\"@graph\":[{\"@type\":\"WebPage\",\"@id\":\"https:\/\/theplayoffs.news\/fr\/actualite-mlb\/jorge-soler-sengage-3-ans-avec-les-giants\/\",\"url\":\"https:\/\/theplayoffs.news\/fr\/actualite-mlb\/jorge-soler-sengage-3-ans-avec-les-giants\/\",\"name\":\"Jorge Soler s\\\\'engage 3 ans avec les Giants - The Playoffs FR\",\"isPartOf\":{\"@id\":\"https:\/\/theplayoffs.news\/fr\/#website\"},\"primaryImageOfPage\":{\"@id\":\"https:\/\/theplayoffs.news\/fr\/actualite-mlb\/jorge-soler-sengage-3-ans-avec-les-giants\/#primaryimage\"},\"image\":{\"@id\":\"https:\/\/theplayoffs.news\/fr\/actualite-mlb\/jorge-soler-sengage-3-ans-avec-les-giants\/#primaryimage\"},\"thumbnailUrl\":\"https:\/\/theplayoffs.news\/fr\/wp-content\/uploads\/2024\/02\/USATSI_21496259-1.jpg\",\"datePublished\":\"2024-02-13T13:23:19+00:00\",\"dateModified\":\"2024-02-13T13:23:21+00:00\",\"author\":{\"@id\":\"https:\/\/theplayoffs.news\/fr\/#\/schema\/person\/eee5b69ad5d3c51cabe881c839dbe133\"},\"breadcrumb\":{\"@id\":\"https:\/\/theplayoffs.news\/fr\/actualite-mlb\/jorge-soler-sengage-3-ans-avec-les-giants\/#breadcrumb\"},\"inLanguage\":\"fr-FR\",\"potentialAction\":[{\"@type\":\"ReadAction\",\"target\":[\"https:\/\/theplayoffs.news\/fr\/actualite-mlb\/jorge-soler-sengage-3-ans-avec-les-giants\/\"]}]},{\"@type\":\"ImageObject\",\"inLanguage\":\"fr-FR\",\"@id\":\"https:\/\/theplayoffs.news\/fr\/actualite-mlb\/jorge-soler-sengage-3-ans-avec-les-giants\/#primaryimage\",\"url\":\"https:\/\/theplayoffs.news\/fr\/wp-content\/uploads\/2024\/02\/USATSI_21496259-1.jpg\",\"contentUrl\":\"https:\/\/theplayoffs.news\/fr\/wp-content\/uploads\/2024\/02\/USATSI_21496259-1.jpg\",\"width\":1920,\"height\":1280,\"caption\":\"Sep 24, 2023; Miami, Florida, USA; Miami Marlins designated hitter Jorge Soler (12) watches after hitting a single against the Milwaukee Brewers during the sixth inning at loanDepot Park. Mandatory Credit: Sam Navarro-USA TODAY Sports\"},{\"@type\":\"BreadcrumbList\",\"@id\":\"https:\/\/theplayoffs.news\/fr\/actualite-mlb\/jorge-soler-sengage-3-ans-avec-les-giants\/#breadcrumb\",\"itemListElement\":[{\"@type\":\"ListItem\",\"position\":1,\"name\":\"Accueil\",\"item\":\"https:\/\/theplayoffs.news\/fr\/\"},{\"@type\":\"ListItem\",\"position\":2,\"name\":\"Jorge Soler s&rsquo;engage 3 ans avec les Giants\"}]},{\"@type\":\"WebSite\",\"@id\":\"https:\/\/theplayoffs.news\/fr\/#website\",\"url\":\"https:\/\/theplayoffs.news\/fr\/\",\"name\":\"The Playoffs FR\",\"description\":\"NBA-NFL-NHL-MLB\",\"potentialAction\":[{\"@type\":\"SearchAction\",\"target\":{\"@type\":\"EntryPoint\",\"urlTemplate\":\"https:\/\/theplayoffs.news\/fr\/?s={search_term_string}\"},\"query-input\":{\"@type\":\"PropertyValueSpecification\",\"valueRequired\":true,\"valueName\":\"search_term_string\"}}],\"inLanguage\":\"fr-FR\"},{\"@type\":\"Person\",\"@id\":\"https:\/\/theplayoffs.news\/fr\/#\/schema\/person\/eee5b69ad5d3c51cabe881c839dbe133\",\"name\":\"Charles Taudin\",\"image\":{\"@type\":\"ImageObject\",\"inLanguage\":\"fr-FR\",\"@id\":\"https:\/\/theplayoffs.news\/fr\/#\/schema\/person\/image\/\",\"url\":\"https:\/\/secure.gravatar.com\/avatar\/59a1e772205ce9fd255edfcafc93013736822e20261f294c5753b20c41ede9f2?s=96&d=mm&r=g\",\"contentUrl\":\"https:\/\/secure.gravatar.com\/avatar\/59a1e772205ce9fd255edfcafc93013736822e20261f294c5753b20c41ede9f2?s=96&d=mm&r=g\",\"caption\":\"Charles Taudin\"},\"description\":\"R\u00e9dacteur en chef global de The Playoffs, j\u2019ai cr\u00e9\u00e9 The Free Agent, devenu The Playoffs FR, en 2020 durant la pand\u00e9mie. Amoureux depuis des ann\u00e9es des 4 sports majeurs am\u00e9ricains, j\u2019organise maintenant la strat\u00e9gie \u00e9ditoriale et les r\u00e9seaux sociaux de l\u2019ensemble des versions de The Playoffs. Il m\u2019arrive encore d\u2019\u00e9crire sur certains sports que j\u2019affectionne particuli\u00e8rement comme la NFL ou la MLB. Si vous devez retenir qu\u2019une chose : Eli Manning est le vrai GOAT pour avoir battu deux fois Tom Brady.\",\"sameAs\":[\"https:\/\/www.instagram.com\/ctaudin_\/\"],\"url\":\"https:\/\/theplayoffs.news\/fr\/author\/charles-taudin\/\"}]}<\/script>\n<!-- \/ Yoast SEO plugin. -->","yoast_head_json":{"title":"Jorge Soler s&#039;engage 3 ans avec les Giants - The Playoffs FR","robots":{"index":"index","follow":"follow","max-snippet":"max-snippet:-1","max-image-preview":"max-image-preview:large","max-video-preview":"max-video-preview:-1"},"canonical":"https:\/\/theplayoffs.news\/fr\/actualite-mlb\/jorge-soler-sengage-3-ans-avec-les-giants\/","og_locale":"fr_FR","og_type":"article","og_title":"Jorge Soler s&#039;engage 3 ans avec les Giants - The Playoffs FR","og_url":"https:\/\/theplayoffs.news\/fr\/actualite-mlb\/jorge-soler-sengage-3-ans-avec-les-giants\/","og_site_name":"The Playoffs FR","article_publisher":"https:\/\/www.facebook.com\/TheFreeAgentFR\/","article_modified_time":"2024-02-13T13:23:21+00:00","og_image":[{"width":1920,"height":1280,"url":"https:\/\/theplayoffs.news\/fr\/wp-content\/uploads\/2024\/02\/USATSI_21496259-1.jpg","type":"image\/jpeg"}],"author":"Charles Taudin","twitter_card":"summary_large_image","twitter_creator":"@TheFreeAgentFR","twitter_site":"@TheFreeAgentFR","twitter_misc":{"\u00c9crit par":"Charles Taudin","Dur\u00e9e de lecture estim\u00e9e":"1 minute"},"schema":{"@context":"https:\/\/schema.org","@graph":[{"@type":"WebPage","@id":"https:\/\/theplayoffs.news\/fr\/actualite-mlb\/jorge-soler-sengage-3-ans-avec-les-giants\/","url":"https:\/\/theplayoffs.news\/fr\/actualite-mlb\/jorge-soler-sengage-3-ans-avec-les-giants\/","name":"Jorge Soler s\\'engage 3 ans avec les Giants - The Playoffs FR","isPartOf":{"@id":"https:\/\/theplayoffs.news\/fr\/#website"},"primaryImageOfPage":{"@id":"https:\/\/theplayoffs.news\/fr\/actualite-mlb\/jorge-soler-sengage-3-ans-avec-les-giants\/#primaryimage"},"image":{"@id":"https:\/\/theplayoffs.news\/fr\/actualite-mlb\/jorge-soler-sengage-3-ans-avec-les-giants\/#primaryimage"},"thumbnailUrl":"https:\/\/theplayoffs.news\/fr\/wp-content\/uploads\/2024\/02\/USATSI_21496259-1.jpg","datePublished":"2024-02-13T13:23:19+00:00","dateModified":"2024-02-13T13:23:21+00:00","author":{"@id":"https:\/\/theplayoffs.news\/fr\/#\/schema\/person\/eee5b69ad5d3c51cabe881c839dbe133"},"breadcrumb":{"@id":"https:\/\/theplayoffs.news\/fr\/actualite-mlb\/jorge-soler-sengage-3-ans-avec-les-giants\/#breadcrumb"},"inLanguage":"fr-FR","potentialAction":[{"@type":"ReadAction","target":["https:\/\/theplayoffs.news\/fr\/actualite-mlb\/jorge-soler-sengage-3-ans-avec-les-giants\/"]}]},{"@type":"ImageObject","inLanguage":"fr-FR","@id":"https:\/\/theplayoffs.news\/fr\/actualite-mlb\/jorge-soler-sengage-3-ans-avec-les-giants\/#primaryimage","url":"https:\/\/theplayoffs.news\/fr\/wp-content\/uploads\/2024\/02\/USATSI_21496259-1.jpg","contentUrl":"https:\/\/theplayoffs.news\/fr\/wp-content\/uploads\/2024\/02\/USATSI_21496259-1.jpg","width":1920,"height":1280,"caption":"Sep 24, 2023; Miami, Florida, USA; Miami Marlins designated hitter Jorge Soler (12) watches after hitting a single against the Milwaukee Brewers during the sixth inning at loanDepot Park. Mandatory Credit: Sam Navarro-USA TODAY Sports"},{"@type":"BreadcrumbList","@id":"https:\/\/theplayoffs.news\/fr\/actualite-mlb\/jorge-soler-sengage-3-ans-avec-les-giants\/#breadcrumb","itemListElement":[{"@type":"ListItem","position":1,"name":"Accueil","item":"https:\/\/theplayoffs.news\/fr\/"},{"@type":"ListItem","position":2,"name":"Jorge Soler s&rsquo;engage 3 ans avec les Giants"}]},{"@type":"WebSite","@id":"https:\/\/theplayoffs.news\/fr\/#website","url":"https:\/\/theplayoffs.news\/fr\/","name":"The Playoffs FR","description":"NBA-NFL-NHL-MLB","potentialAction":[{"@type":"SearchAction","target":{"@type":"EntryPoint","urlTemplate":"https:\/\/theplayoffs.news\/fr\/?s={search_term_string}"},"query-input":{"@type":"PropertyValueSpecification","valueRequired":true,"valueName":"search_term_string"}}],"inLanguage":"fr-FR"},{"@type":"Person","@id":"https:\/\/theplayoffs.news\/fr\/#\/schema\/person\/eee5b69ad5d3c51cabe881c839dbe133","name":"Charles Taudin","image":{"@type":"ImageObject","inLanguage":"fr-FR","@id":"https:\/\/theplayoffs.news\/fr\/#\/schema\/person\/image\/","url":"https:\/\/secure.gravatar.com\/avatar\/59a1e772205ce9fd255edfcafc93013736822e20261f294c5753b20c41ede9f2?s=96&d=mm&r=g","contentUrl":"https:\/\/secure.gravatar.com\/avatar\/59a1e772205ce9fd255edfcafc93013736822e20261f294c5753b20c41ede9f2?s=96&d=mm&r=g","caption":"Charles Taudin"},"description":"R\u00e9dacteur en chef global de The Playoffs, j\u2019ai cr\u00e9\u00e9 The Free Agent, devenu The Playoffs FR, en 2020 durant la pand\u00e9mie. Amoureux depuis des ann\u00e9es des 4 sports majeurs am\u00e9ricains, j\u2019organise maintenant la strat\u00e9gie \u00e9ditoriale et les r\u00e9seaux sociaux de l\u2019ensemble des versions de The Playoffs. Il m\u2019arrive encore d\u2019\u00e9crire sur certains sports que j\u2019affectionne particuli\u00e8rement comme la NFL ou la MLB. Si vous devez retenir qu\u2019une chose : Eli Manning est le vrai GOAT pour avoir battu deux fois Tom Brady.","sameAs":["https:\/\/www.instagram.com\/ctaudin_\/"],"url":"https:\/\/theplayoffs.news\/fr\/author\/charles-taudin\/"}]}},"_links":{"self":[{"href":"https:\/\/theplayoffs.news\/fr\/wp-json\/wp\/v2\/posts\/1350386","targetHints":{"allow":["GET"]}}],"collection":[{"href":"https:\/\/theplayoffs.news\/fr\/wp-json\/wp\/v2\/posts"}],"about":[{"href":"https:\/\/theplayoffs.news\/fr\/wp-json\/wp\/v2\/types\/post"}],"author":[{"embeddable":true,"href":"https:\/\/theplayoffs.news\/fr\/wp-json\/wp\/v2\/users\/13"}],"replies":[{"embeddable":true,"href":"https:\/\/theplayoffs.news\/fr\/wp-json\/wp\/v2\/comments?post=1350386"}],"version-history":[{"count":3,"href":"https:\/\/theplayoffs.news\/fr\/wp-json\/wp\/v2\/posts\/1350386\/revisions"}],"predecessor-version":[{"id":1350414,"href":"https:\/\/theplayoffs.news\/fr\/wp-json\/wp\/v2\/posts\/1350386\/revisions\/1350414"}],"wp:featuredmedia":[{"embeddable":true,"href":"https:\/\/theplayoffs.news\/fr\/wp-json\/wp\/v2\/media\/1350395"}],"wp:attachment":[{"href":"https:\/\/theplayoffs.news\/fr\/wp-json\/wp\/v2\/media?parent=1350386"}],"wp:term":[{"taxonomy":"category","embeddable":true,"href":"https:\/\/theplayoffs.news\/fr\/wp-json\/wp\/v2\/categories?post=1350386"},{"taxonomy":"post_tag","embeddable":true,"href":"https:\/\/theplayoffs.news\/fr\/wp-json\/wp\/v2\/tags?post=1350386"},{"taxonomy":"sport","embeddable":true,"href":"https:\/\/theplayoffs.news\/fr\/wp-json\/wp\/v2\/sport?post=1350386"},{"taxonomy":"saison","embeddable":true,"href":"https:\/\/theplayoffs.news\/fr\/wp-json\/wp\/v2\/saison?post=1350386"}],"curies":[{"name":"wp","href":"https:\/\/api.w.org\/{rel}","templated":true}]}}