{"id":1349958,"date":"2024-02-13T12:57:45","date_gmt":"2024-02-13T11:57:45","guid":{"rendered":"https:\/\/theplayoffs.news\/fr\/?p=1349958"},"modified":"2024-02-13T13:00:12","modified_gmt":"2024-02-13T12:00:12","slug":"des-nouvelles-de-tomas-hertl","status":"publish","type":"post","link":"https:\/\/theplayoffs.news\/fr\/actualite-nhl\/des-nouvelles-de-tomas-hertl\/","title":{"rendered":"Des nouvelles de Tomas Hertl"},"content":{"rendered":"<h2>NHL &ndash; Les Sharks de San Jose ont annonc&eacute; que le centre Tomas Hertl serait &eacute;cart&eacute; des terrains pendant plusieurs semaines en raison d&rsquo;une op&eacute;ration du genou.<\/h2><p>Cette intervention vise &agrave; traiter du cartilage libre dans le genou gauche de Hertl.<\/p><p>Le <a href=\"https:\/\/x.com\/SanJoseSharksPR\/status\/1757106502085877944?s=20\" class=\"trk-cta-link\" data-cta-trk='{\"ctaType\":\"Link\",\"ctaSubType\":\"main\"}'>directeur g&eacute;n&eacute;ral Mike Grier<\/a> a r&eacute;v&eacute;l&eacute; ce d&eacute;veloppement lundi, pla&ccedil;ant Tomas Hertl sur la liste des bless&eacute;s.<\/p><p>Malgr&eacute; des douleurs intermittentes, il a choisi de participer au Match des &Eacute;toiles de la LNH, une d&eacute;cision aliment&eacute;e par des conseils m&eacute;dicaux sugg&eacute;rant que la blessure ne s&rsquo;aggraverait pas. Cependant, la persistance de l&rsquo;inconfort a conduit &agrave; une d&eacute;cision cruciale apr&egrave;s le week-end des &eacute;toiles, donnant la priorit&eacute; &agrave; la sant&eacute; &agrave; long terme sur la comp&eacute;tition imm&eacute;diate.<\/p><blockquote><p>&laquo;&nbsp;Apr&egrave;s &ecirc;tre revenu de Toronto et avoir eu des conversations suppl&eacute;mentaires avec ma famille et notre &eacute;quipe m&eacute;dicale au cours de la derni&egrave;re semaine, j&rsquo;ai pris la d&eacute;cision de subir cette proc&eacute;dure maintenant afin de pouvoir revenir &agrave; 100% d&egrave;s que possible,&nbsp;&raquo; a d&eacute;clar&eacute; <a href=\"https:\/\/theplayoffs.news\/fr\/joueur\/tomas-hertl-nhl-5953688\/\" class=\"trk-cta-link\" data-cta-trk='{\"ctaType\":\"Link\",\"ctaSubType\":\"main\"}'><strong>Tomas Hertl<\/strong><\/a>, soulignant son empressement &agrave; rejoindre ses co&eacute;quipiers sur la glace.<\/p><\/blockquote><h3>Les implications<\/h3><p>Cette op&eacute;ration, survenant &agrave; un peu plus de deux mois de la fin de la saison r&eacute;guli&egrave;re, pourrait potentiellement marquer la fin de la campagne de Hertl avec les Sharks, une &eacute;quipe actuellement plus en lice pour un choix &eacute;lev&eacute; au rep&ecirc;chage que pour une place en s&eacute;ries &eacute;liminatoires.<\/p><p>Ce sc&eacute;nario est devenu trop familier pour San Jose, qui a vu ses centres principaux, Hertl et Logan Couture, en action de mani&egrave;re limit&eacute;e cette saison.<\/p><p>Avec une moyenne de pr&egrave;s de 21 minutes sur la glace par match et en t&ecirc;te de l&rsquo;&eacute;quipe en buts et en points, la contribution de Tomas Hertl est important pour cette &eacute;quipe. Son excellence lors des mises en jeu et sa capacit&eacute; &agrave; maintenir la possession dans des conditions difficiles ont &eacute;t&eacute; cruciales, soulignant sa valeur pour l&rsquo;&eacute;quipe et justifiant son extension de huit ans &agrave; 65,1 millions de dollars sign&eacute;e en 2022.<\/p><p>&nbsp;<\/p><p>Credit Photo : Stan Szeto-USA TODAY Sports<\/p>\n","protected":false},"excerpt":{"rendered":"","protected":false},"author":13,"featured_media":1349972,"comment_status":"open","ping_status":"closed","sticky":false,"template":"","format":"standard","meta":{"inline_featured_image":false,"kia_subtitle":"","_mux_skip_reasons":[],"proofreadBy":0,"footnotes":""},"categories":[187,26],"tags":[354,6950],"sport":[],"saison":[],"class_list":["post-1349958","post","type-post","status-publish","format-standard","has-post-thumbnail","hentry","category-actualite-nhl","category-nhl","tag-san-jose-sharks","tag-tomas-hertl"],"acf":[],"yoast_head":"<!-- This site is optimized with the Yoast SEO plugin v24.2 - https:\/\/yoast.com\/wordpress\/plugins\/seo\/ -->\n<title>Des nouvelles de Tomas Hertl - The Playoffs FR<\/title>\n<meta name=\"robots\" content=\"index, follow, max-snippet:-1, max-image-preview:large, max-video-preview:-1\" \/>\n<link rel=\"canonical\" href=\"https:\/\/theplayoffs.news\/fr\/actualite-nhl\/des-nouvelles-de-tomas-hertl\/\" \/>\n<meta property=\"og:locale\" content=\"fr_FR\" \/>\n<meta property=\"og:type\" content=\"article\" \/>\n<meta property=\"og:title\" content=\"Des nouvelles de Tomas Hertl - The Playoffs FR\" \/>\n<meta property=\"og:url\" content=\"https:\/\/theplayoffs.news\/fr\/actualite-nhl\/des-nouvelles-de-tomas-hertl\/\" \/>\n<meta property=\"og:site_name\" content=\"The Playoffs FR\" \/>\n<meta property=\"article:publisher\" content=\"https:\/\/www.facebook.com\/TheFreeAgentFR\/\" \/>\n<meta property=\"article:modified_time\" content=\"2024-02-13T13:00:12+01:00\" \/>\n<meta property=\"og:image\" content=\"https:\/\/theplayoffs.news\/fr\/wp-content\/uploads\/2024\/02\/USATSI_22360119.jpg\" \/>\n\t<meta property=\"og:image:width\" content=\"1920\" \/>\n\t<meta property=\"og:image:height\" content=\"1280\" \/>\n\t<meta property=\"og:image:type\" content=\"image\/jpeg\" \/>\n<meta name=\"author\" content=\"Charles Taudin\" \/>\n<meta name=\"twitter:card\" content=\"summary_large_image\" \/>\n<meta name=\"twitter:creator\" content=\"@TheFreeAgentFR\" \/>\n<meta name=\"twitter:site\" content=\"@TheFreeAgentFR\" \/>\n<meta name=\"twitter:label1\" content=\"\u00c9crit par\" \/>\n\t<meta name=\"twitter:data1\" content=\"Charles Taudin\" \/>\n\t<meta name=\"twitter:label2\" content=\"Dur\u00e9e de lecture estim\u00e9e\" \/>\n\t<meta name=\"twitter:data2\" content=\"2 minutes\" \/>\n<script type=\"application\/ld+json\" class=\"yoast-schema-graph\">{\"@context\":\"https:\/\/schema.org\",\"@graph\":[{\"@type\":\"WebPage\",\"@id\":\"https:\/\/theplayoffs.news\/fr\/actualite-nhl\/des-nouvelles-de-tomas-hertl\/\",\"url\":\"https:\/\/theplayoffs.news\/fr\/actualite-nhl\/des-nouvelles-de-tomas-hertl\/\",\"name\":\"Des nouvelles de Tomas Hertl - The Playoffs FR\",\"isPartOf\":{\"@id\":\"https:\/\/theplayoffs.news\/fr\/#website\"},\"primaryImageOfPage\":{\"@id\":\"https:\/\/theplayoffs.news\/fr\/actualite-nhl\/des-nouvelles-de-tomas-hertl\/#primaryimage\"},\"image\":{\"@id\":\"https:\/\/theplayoffs.news\/fr\/actualite-nhl\/des-nouvelles-de-tomas-hertl\/#primaryimage\"},\"thumbnailUrl\":\"https:\/\/theplayoffs.news\/fr\/wp-content\/uploads\/2024\/02\/USATSI_22360119.jpg\",\"datePublished\":\"2024-02-13T11:57:45+00:00\",\"dateModified\":\"2024-02-13T12:00:12+00:00\",\"author\":{\"@id\":\"https:\/\/theplayoffs.news\/fr\/#\/schema\/person\/eee5b69ad5d3c51cabe881c839dbe133\"},\"breadcrumb\":{\"@id\":\"https:\/\/theplayoffs.news\/fr\/actualite-nhl\/des-nouvelles-de-tomas-hertl\/#breadcrumb\"},\"inLanguage\":\"fr-FR\",\"potentialAction\":[{\"@type\":\"ReadAction\",\"target\":[\"https:\/\/theplayoffs.news\/fr\/actualite-nhl\/des-nouvelles-de-tomas-hertl\/\"]}]},{\"@type\":\"ImageObject\",\"inLanguage\":\"fr-FR\",\"@id\":\"https:\/\/theplayoffs.news\/fr\/actualite-nhl\/des-nouvelles-de-tomas-hertl\/#primaryimage\",\"url\":\"https:\/\/theplayoffs.news\/fr\/wp-content\/uploads\/2024\/02\/USATSI_22360119.jpg\",\"contentUrl\":\"https:\/\/theplayoffs.news\/fr\/wp-content\/uploads\/2024\/02\/USATSI_22360119.jpg\",\"width\":1920,\"height\":1280,\"caption\":\"Jan 23, 2024; San Jose, California, USA; San Jose Sharks center Tomas Hertl (48) reacts after defeating the New York Rangers in overtime at SAP Center at San Jose. Mandatory Credit: Stan Szeto-USA TODAY Sports\"},{\"@type\":\"BreadcrumbList\",\"@id\":\"https:\/\/theplayoffs.news\/fr\/actualite-nhl\/des-nouvelles-de-tomas-hertl\/#breadcrumb\",\"itemListElement\":[{\"@type\":\"ListItem\",\"position\":1,\"name\":\"Accueil\",\"item\":\"https:\/\/theplayoffs.news\/fr\/\"},{\"@type\":\"ListItem\",\"position\":2,\"name\":\"Des nouvelles de Tomas Hertl\"}]},{\"@type\":\"WebSite\",\"@id\":\"https:\/\/theplayoffs.news\/fr\/#website\",\"url\":\"https:\/\/theplayoffs.news\/fr\/\",\"name\":\"The Playoffs FR\",\"description\":\"NBA-NFL-NHL-MLB\",\"potentialAction\":[{\"@type\":\"SearchAction\",\"target\":{\"@type\":\"EntryPoint\",\"urlTemplate\":\"https:\/\/theplayoffs.news\/fr\/?s={search_term_string}\"},\"query-input\":{\"@type\":\"PropertyValueSpecification\",\"valueRequired\":true,\"valueName\":\"search_term_string\"}}],\"inLanguage\":\"fr-FR\"},{\"@type\":\"Person\",\"@id\":\"https:\/\/theplayoffs.news\/fr\/#\/schema\/person\/eee5b69ad5d3c51cabe881c839dbe133\",\"name\":\"Charles Taudin\",\"image\":{\"@type\":\"ImageObject\",\"inLanguage\":\"fr-FR\",\"@id\":\"https:\/\/theplayoffs.news\/fr\/#\/schema\/person\/image\/\",\"url\":\"https:\/\/secure.gravatar.com\/avatar\/59a1e772205ce9fd255edfcafc93013736822e20261f294c5753b20c41ede9f2?s=96&d=mm&r=g\",\"contentUrl\":\"https:\/\/secure.gravatar.com\/avatar\/59a1e772205ce9fd255edfcafc93013736822e20261f294c5753b20c41ede9f2?s=96&d=mm&r=g\",\"caption\":\"Charles Taudin\"},\"description\":\"R\u00e9dacteur en chef global de The Playoffs, j\u2019ai cr\u00e9\u00e9 The Free Agent, devenu The Playoffs FR, en 2020 durant la pand\u00e9mie. Amoureux depuis des ann\u00e9es des 4 sports majeurs am\u00e9ricains, j\u2019organise maintenant la strat\u00e9gie \u00e9ditoriale et les r\u00e9seaux sociaux de l\u2019ensemble des versions de The Playoffs. Il m\u2019arrive encore d\u2019\u00e9crire sur certains sports que j\u2019affectionne particuli\u00e8rement comme la NFL ou la MLB. Si vous devez retenir qu\u2019une chose : Eli Manning est le vrai GOAT pour avoir battu deux fois Tom Brady.\",\"sameAs\":[\"https:\/\/www.instagram.com\/ctaudin_\/\"],\"url\":\"https:\/\/theplayoffs.news\/fr\/author\/charles-taudin\/\"}]}<\/script>\n<!-- \/ Yoast SEO plugin. -->","yoast_head_json":{"title":"Des nouvelles de Tomas Hertl - The Playoffs FR","robots":{"index":"index","follow":"follow","max-snippet":"max-snippet:-1","max-image-preview":"max-image-preview:large","max-video-preview":"max-video-preview:-1"},"canonical":"https:\/\/theplayoffs.news\/fr\/actualite-nhl\/des-nouvelles-de-tomas-hertl\/","og_locale":"fr_FR","og_type":"article","og_title":"Des nouvelles de Tomas Hertl - The Playoffs FR","og_url":"https:\/\/theplayoffs.news\/fr\/actualite-nhl\/des-nouvelles-de-tomas-hertl\/","og_site_name":"The Playoffs FR","article_publisher":"https:\/\/www.facebook.com\/TheFreeAgentFR\/","article_modified_time":"2024-02-13T12:00:12+00:00","og_image":[{"width":1920,"height":1280,"url":"https:\/\/theplayoffs.news\/fr\/wp-content\/uploads\/2024\/02\/USATSI_22360119.jpg","type":"image\/jpeg"}],"author":"Charles Taudin","twitter_card":"summary_large_image","twitter_creator":"@TheFreeAgentFR","twitter_site":"@TheFreeAgentFR","twitter_misc":{"\u00c9crit par":"Charles Taudin","Dur\u00e9e de lecture estim\u00e9e":"2 minutes"},"schema":{"@context":"https:\/\/schema.org","@graph":[{"@type":"WebPage","@id":"https:\/\/theplayoffs.news\/fr\/actualite-nhl\/des-nouvelles-de-tomas-hertl\/","url":"https:\/\/theplayoffs.news\/fr\/actualite-nhl\/des-nouvelles-de-tomas-hertl\/","name":"Des nouvelles de Tomas Hertl - The Playoffs FR","isPartOf":{"@id":"https:\/\/theplayoffs.news\/fr\/#website"},"primaryImageOfPage":{"@id":"https:\/\/theplayoffs.news\/fr\/actualite-nhl\/des-nouvelles-de-tomas-hertl\/#primaryimage"},"image":{"@id":"https:\/\/theplayoffs.news\/fr\/actualite-nhl\/des-nouvelles-de-tomas-hertl\/#primaryimage"},"thumbnailUrl":"https:\/\/theplayoffs.news\/fr\/wp-content\/uploads\/2024\/02\/USATSI_22360119.jpg","datePublished":"2024-02-13T11:57:45+00:00","dateModified":"2024-02-13T12:00:12+00:00","author":{"@id":"https:\/\/theplayoffs.news\/fr\/#\/schema\/person\/eee5b69ad5d3c51cabe881c839dbe133"},"breadcrumb":{"@id":"https:\/\/theplayoffs.news\/fr\/actualite-nhl\/des-nouvelles-de-tomas-hertl\/#breadcrumb"},"inLanguage":"fr-FR","potentialAction":[{"@type":"ReadAction","target":["https:\/\/theplayoffs.news\/fr\/actualite-nhl\/des-nouvelles-de-tomas-hertl\/"]}]},{"@type":"ImageObject","inLanguage":"fr-FR","@id":"https:\/\/theplayoffs.news\/fr\/actualite-nhl\/des-nouvelles-de-tomas-hertl\/#primaryimage","url":"https:\/\/theplayoffs.news\/fr\/wp-content\/uploads\/2024\/02\/USATSI_22360119.jpg","contentUrl":"https:\/\/theplayoffs.news\/fr\/wp-content\/uploads\/2024\/02\/USATSI_22360119.jpg","width":1920,"height":1280,"caption":"Jan 23, 2024; San Jose, California, USA; San Jose Sharks center Tomas Hertl (48) reacts after defeating the New York Rangers in overtime at SAP Center at San Jose. Mandatory Credit: Stan Szeto-USA TODAY Sports"},{"@type":"BreadcrumbList","@id":"https:\/\/theplayoffs.news\/fr\/actualite-nhl\/des-nouvelles-de-tomas-hertl\/#breadcrumb","itemListElement":[{"@type":"ListItem","position":1,"name":"Accueil","item":"https:\/\/theplayoffs.news\/fr\/"},{"@type":"ListItem","position":2,"name":"Des nouvelles de Tomas Hertl"}]},{"@type":"WebSite","@id":"https:\/\/theplayoffs.news\/fr\/#website","url":"https:\/\/theplayoffs.news\/fr\/","name":"The Playoffs FR","description":"NBA-NFL-NHL-MLB","potentialAction":[{"@type":"SearchAction","target":{"@type":"EntryPoint","urlTemplate":"https:\/\/theplayoffs.news\/fr\/?s={search_term_string}"},"query-input":{"@type":"PropertyValueSpecification","valueRequired":true,"valueName":"search_term_string"}}],"inLanguage":"fr-FR"},{"@type":"Person","@id":"https:\/\/theplayoffs.news\/fr\/#\/schema\/person\/eee5b69ad5d3c51cabe881c839dbe133","name":"Charles Taudin","image":{"@type":"ImageObject","inLanguage":"fr-FR","@id":"https:\/\/theplayoffs.news\/fr\/#\/schema\/person\/image\/","url":"https:\/\/secure.gravatar.com\/avatar\/59a1e772205ce9fd255edfcafc93013736822e20261f294c5753b20c41ede9f2?s=96&d=mm&r=g","contentUrl":"https:\/\/secure.gravatar.com\/avatar\/59a1e772205ce9fd255edfcafc93013736822e20261f294c5753b20c41ede9f2?s=96&d=mm&r=g","caption":"Charles Taudin"},"description":"R\u00e9dacteur en chef global de The Playoffs, j\u2019ai cr\u00e9\u00e9 The Free Agent, devenu The Playoffs FR, en 2020 durant la pand\u00e9mie. Amoureux depuis des ann\u00e9es des 4 sports majeurs am\u00e9ricains, j\u2019organise maintenant la strat\u00e9gie \u00e9ditoriale et les r\u00e9seaux sociaux de l\u2019ensemble des versions de The Playoffs. Il m\u2019arrive encore d\u2019\u00e9crire sur certains sports que j\u2019affectionne particuli\u00e8rement comme la NFL ou la MLB. Si vous devez retenir qu\u2019une chose : Eli Manning est le vrai GOAT pour avoir battu deux fois Tom Brady.","sameAs":["https:\/\/www.instagram.com\/ctaudin_\/"],"url":"https:\/\/theplayoffs.news\/fr\/author\/charles-taudin\/"}]}},"_links":{"self":[{"href":"https:\/\/theplayoffs.news\/fr\/wp-json\/wp\/v2\/posts\/1349958","targetHints":{"allow":["GET"]}}],"collection":[{"href":"https:\/\/theplayoffs.news\/fr\/wp-json\/wp\/v2\/posts"}],"about":[{"href":"https:\/\/theplayoffs.news\/fr\/wp-json\/wp\/v2\/types\/post"}],"author":[{"embeddable":true,"href":"https:\/\/theplayoffs.news\/fr\/wp-json\/wp\/v2\/users\/13"}],"replies":[{"embeddable":true,"href":"https:\/\/theplayoffs.news\/fr\/wp-json\/wp\/v2\/comments?post=1349958"}],"version-history":[{"count":3,"href":"https:\/\/theplayoffs.news\/fr\/wp-json\/wp\/v2\/posts\/1349958\/revisions"}],"predecessor-version":[{"id":1349987,"href":"https:\/\/theplayoffs.news\/fr\/wp-json\/wp\/v2\/posts\/1349958\/revisions\/1349987"}],"wp:featuredmedia":[{"embeddable":true,"href":"https:\/\/theplayoffs.news\/fr\/wp-json\/wp\/v2\/media\/1349972"}],"wp:attachment":[{"href":"https:\/\/theplayoffs.news\/fr\/wp-json\/wp\/v2\/media?parent=1349958"}],"wp:term":[{"taxonomy":"category","embeddable":true,"href":"https:\/\/theplayoffs.news\/fr\/wp-json\/wp\/v2\/categories?post=1349958"},{"taxonomy":"post_tag","embeddable":true,"href":"https:\/\/theplayoffs.news\/fr\/wp-json\/wp\/v2\/tags?post=1349958"},{"taxonomy":"sport","embeddable":true,"href":"https:\/\/theplayoffs.news\/fr\/wp-json\/wp\/v2\/sport?post=1349958"},{"taxonomy":"saison","embeddable":true,"href":"https:\/\/theplayoffs.news\/fr\/wp-json\/wp\/v2\/saison?post=1349958"}],"curies":[{"name":"wp","href":"https:\/\/api.w.org\/{rel}","templated":true}]}}