{"id":1344411,"date":"2024-02-11T14:08:31","date_gmt":"2024-02-11T13:08:31","guid":{"rendered":"https:\/\/theplayoffs.news\/fr\/?p=1344411"},"modified":"2024-02-11T14:08:32","modified_gmt":"2024-02-11T13:08:32","slug":"kadarius-toney-absent-du-super-bowl-lviii","status":"publish","type":"post","link":"https:\/\/theplayoffs.news\/fr\/actualite-nfl\/kadarius-toney-absent-du-super-bowl-lviii\/","title":{"rendered":"Kadarius Toney absent du SUper Bowl LVIII"},"content":{"rendered":"<h2>NFL &ndash; Les Chiefs ont annonc&eacute; que Kadarius Toney ne serait pas pr&eacute;sent pour le Super Bowl LVIII.<\/h2><p>Figure cl&eacute; de la victoire au Super Bowl de l&rsquo;ann&eacute;e derni&egrave;re contre les Philadelphia Eagles, sa saison a &eacute;t&eacute; marqu&eacute;e par des blessures et des performances incoh&eacute;rentes.<\/p><p>Les difficult&eacute;s de Toney cette saison, avec une absence depuis la semaine 15, et de nombreux ballons &eacute;chapp&eacute;s ne le pla&ccedil;ait pas dans les meilleures conditions pour aborder le match. Cette semaine, Andy Reid avait gard&eacute; le myst&egrave;re sur sa participation tout en d&eacute;clarant qu&rsquo;il s&rsquo;&eacute;tait entra&icirc;n&eacute; toute la semaine.<\/p><p>La saison de Kadarius Toney a &eacute;t&eacute; aussi mouvement&eacute;e hors du terrain que sur le terrain, avec des controverses d&eacute;coulant d&rsquo;une publication Instagram apr&egrave;s la finale de conf&eacute;rence AFC. Sa d&eacute;claration de ne &laquo;&nbsp;pas &ecirc;tre bless&eacute;&nbsp;&raquo; contredisait les rapports ant&eacute;rieurs sur des blessures &agrave; la hanche et &agrave; la cheville, suscitant l&rsquo;interrogation sur son futur parmi la franchise.<\/p><p>La semaine derni&egrave;re, Kadarius Toney a r&eacute;it&eacute;r&eacute; son ambition dans cette ligue arguant d&rsquo;&ecirc;tre un <a href=\"https:\/\/theplayoffs.news\/fr\/nfl\/kadarius-toney-je-peux-etre-encore-receveur-n1\/\" class=\"trk-cta-link\" data-cta-trk='{\"ctaType\":\"Link\",\"ctaSubType\":\"main\"}'>receveur n&deg;1 si on lui donne le ballon<\/a>.<\/p><p>Attendu pour porter une part significative des efforts offensifs de l&rsquo;&eacute;quipe, sa production limit&eacute;e de 27 r&eacute;ceptions pour 169 yards et un seul touchdown a &eacute;t&eacute; d&eacute;cevante. La p&eacute;nalit&eacute; qui a annul&eacute; un touchdown crucial contre les Buffalo Bills symbolise parfaitement la saison de Kadarius Toney et son passage chez les Chiefs.<\/p><p>&nbsp;<\/p><p>Credit Photo : Eric Canha-USA TODAY Sports<\/p>\n","protected":false},"excerpt":{"rendered":"","protected":false},"author":13,"featured_media":1344449,"comment_status":"open","ping_status":"closed","sticky":false,"template":"","format":"standard","meta":{"inline_featured_image":false,"kia_subtitle":"","_mux_skip_reasons":[],"proofreadBy":0,"footnotes":""},"categories":[118,40],"tags":[5731,2725,5495],"sport":[],"saison":[],"class_list":["post-1344411","post","type-post","status-publish","format-standard","has-post-thumbnail","hentry","category-actualite-nfl","category-nfl","tag-chiefs-de-kansas-city","tag-kadarius-toney","tag-super-bowl-lviii"],"acf":[],"yoast_head":"<!-- This site is optimized with the Yoast SEO plugin v24.2 - https:\/\/yoast.com\/wordpress\/plugins\/seo\/ -->\n<title>Kadarius Toney absent du SUper Bowl LVIII - The Playoffs FR<\/title>\n<meta name=\"robots\" content=\"index, follow, max-snippet:-1, max-image-preview:large, max-video-preview:-1\" \/>\n<link rel=\"canonical\" href=\"https:\/\/theplayoffs.news\/fr\/actualite-nfl\/kadarius-toney-absent-du-super-bowl-lviii\/\" \/>\n<meta property=\"og:locale\" content=\"fr_FR\" \/>\n<meta property=\"og:type\" content=\"article\" \/>\n<meta property=\"og:title\" content=\"Kadarius Toney absent du SUper Bowl LVIII - The Playoffs FR\" \/>\n<meta property=\"og:url\" content=\"https:\/\/theplayoffs.news\/fr\/actualite-nfl\/kadarius-toney-absent-du-super-bowl-lviii\/\" \/>\n<meta property=\"og:site_name\" content=\"The Playoffs FR\" \/>\n<meta property=\"article:publisher\" content=\"https:\/\/www.facebook.com\/TheFreeAgentFR\/\" \/>\n<meta property=\"article:modified_time\" content=\"2024-02-11T14:08:32+01:00\" \/>\n<meta property=\"og:image\" content=\"https:\/\/theplayoffs.news\/fr\/wp-content\/uploads\/2024\/02\/USATSI_22160111.jpg\" \/>\n\t<meta property=\"og:image:width\" content=\"1920\" \/>\n\t<meta property=\"og:image:height\" content=\"1280\" \/>\n\t<meta property=\"og:image:type\" content=\"image\/jpeg\" \/>\n<meta name=\"author\" content=\"Charles Taudin\" \/>\n<meta name=\"twitter:card\" content=\"summary_large_image\" \/>\n<meta name=\"twitter:creator\" content=\"@TheFreeAgentFR\" \/>\n<meta name=\"twitter:site\" content=\"@TheFreeAgentFR\" \/>\n<meta name=\"twitter:label1\" content=\"\u00c9crit par\" \/>\n\t<meta name=\"twitter:data1\" content=\"Charles Taudin\" \/>\n\t<meta name=\"twitter:label2\" content=\"Dur\u00e9e de lecture estim\u00e9e\" \/>\n\t<meta name=\"twitter:data2\" content=\"1 minute\" \/>\n<script type=\"application\/ld+json\" class=\"yoast-schema-graph\">{\"@context\":\"https:\/\/schema.org\",\"@graph\":[{\"@type\":\"WebPage\",\"@id\":\"https:\/\/theplayoffs.news\/fr\/actualite-nfl\/kadarius-toney-absent-du-super-bowl-lviii\/\",\"url\":\"https:\/\/theplayoffs.news\/fr\/actualite-nfl\/kadarius-toney-absent-du-super-bowl-lviii\/\",\"name\":\"Kadarius Toney absent du SUper Bowl LVIII - The Playoffs FR\",\"isPartOf\":{\"@id\":\"https:\/\/theplayoffs.news\/fr\/#website\"},\"primaryImageOfPage\":{\"@id\":\"https:\/\/theplayoffs.news\/fr\/actualite-nfl\/kadarius-toney-absent-du-super-bowl-lviii\/#primaryimage\"},\"image\":{\"@id\":\"https:\/\/theplayoffs.news\/fr\/actualite-nfl\/kadarius-toney-absent-du-super-bowl-lviii\/#primaryimage\"},\"thumbnailUrl\":\"https:\/\/theplayoffs.news\/fr\/wp-content\/uploads\/2024\/02\/USATSI_22160111.jpg\",\"datePublished\":\"2024-02-11T13:08:31+00:00\",\"dateModified\":\"2024-02-11T13:08:32+00:00\",\"author\":{\"@id\":\"https:\/\/theplayoffs.news\/fr\/#\/schema\/person\/eee5b69ad5d3c51cabe881c839dbe133\"},\"breadcrumb\":{\"@id\":\"https:\/\/theplayoffs.news\/fr\/actualite-nfl\/kadarius-toney-absent-du-super-bowl-lviii\/#breadcrumb\"},\"inLanguage\":\"fr-FR\",\"potentialAction\":[{\"@type\":\"ReadAction\",\"target\":[\"https:\/\/theplayoffs.news\/fr\/actualite-nfl\/kadarius-toney-absent-du-super-bowl-lviii\/\"]}]},{\"@type\":\"ImageObject\",\"inLanguage\":\"fr-FR\",\"@id\":\"https:\/\/theplayoffs.news\/fr\/actualite-nfl\/kadarius-toney-absent-du-super-bowl-lviii\/#primaryimage\",\"url\":\"https:\/\/theplayoffs.news\/fr\/wp-content\/uploads\/2024\/02\/USATSI_22160111.jpg\",\"contentUrl\":\"https:\/\/theplayoffs.news\/fr\/wp-content\/uploads\/2024\/02\/USATSI_22160111.jpg\",\"width\":1920,\"height\":1280,\"caption\":\"Dec 17, 2023; Foxborough, Massachusetts, USA; Kansas City Chiefs wide receiver Kadarius Toney (19) warms up before a game against the New England Patriots at Gillette Stadium. Mandatory Credit: Eric Canha-USA TODAY Sports\"},{\"@type\":\"BreadcrumbList\",\"@id\":\"https:\/\/theplayoffs.news\/fr\/actualite-nfl\/kadarius-toney-absent-du-super-bowl-lviii\/#breadcrumb\",\"itemListElement\":[{\"@type\":\"ListItem\",\"position\":1,\"name\":\"Accueil\",\"item\":\"https:\/\/theplayoffs.news\/fr\/\"},{\"@type\":\"ListItem\",\"position\":2,\"name\":\"Kadarius Toney absent du SUper Bowl LVIII\"}]},{\"@type\":\"WebSite\",\"@id\":\"https:\/\/theplayoffs.news\/fr\/#website\",\"url\":\"https:\/\/theplayoffs.news\/fr\/\",\"name\":\"The Playoffs FR\",\"description\":\"NBA-NFL-NHL-MLB\",\"potentialAction\":[{\"@type\":\"SearchAction\",\"target\":{\"@type\":\"EntryPoint\",\"urlTemplate\":\"https:\/\/theplayoffs.news\/fr\/?s={search_term_string}\"},\"query-input\":{\"@type\":\"PropertyValueSpecification\",\"valueRequired\":true,\"valueName\":\"search_term_string\"}}],\"inLanguage\":\"fr-FR\"},{\"@type\":\"Person\",\"@id\":\"https:\/\/theplayoffs.news\/fr\/#\/schema\/person\/eee5b69ad5d3c51cabe881c839dbe133\",\"name\":\"Charles Taudin\",\"image\":{\"@type\":\"ImageObject\",\"inLanguage\":\"fr-FR\",\"@id\":\"https:\/\/theplayoffs.news\/fr\/#\/schema\/person\/image\/\",\"url\":\"https:\/\/secure.gravatar.com\/avatar\/59a1e772205ce9fd255edfcafc93013736822e20261f294c5753b20c41ede9f2?s=96&d=mm&r=g\",\"contentUrl\":\"https:\/\/secure.gravatar.com\/avatar\/59a1e772205ce9fd255edfcafc93013736822e20261f294c5753b20c41ede9f2?s=96&d=mm&r=g\",\"caption\":\"Charles Taudin\"},\"description\":\"R\u00e9dacteur en chef global de The Playoffs, j\u2019ai cr\u00e9\u00e9 The Free Agent, devenu The Playoffs FR, en 2020 durant la pand\u00e9mie. Amoureux depuis des ann\u00e9es des 4 sports majeurs am\u00e9ricains, j\u2019organise maintenant la strat\u00e9gie \u00e9ditoriale et les r\u00e9seaux sociaux de l\u2019ensemble des versions de The Playoffs. Il m\u2019arrive encore d\u2019\u00e9crire sur certains sports que j\u2019affectionne particuli\u00e8rement comme la NFL ou la MLB. Si vous devez retenir qu\u2019une chose : Eli Manning est le vrai GOAT pour avoir battu deux fois Tom Brady.\",\"sameAs\":[\"https:\/\/www.instagram.com\/ctaudin_\/\"],\"url\":\"https:\/\/theplayoffs.news\/fr\/author\/charles-taudin\/\"}]}<\/script>\n<!-- \/ Yoast SEO plugin. -->","yoast_head_json":{"title":"Kadarius Toney absent du SUper Bowl LVIII - The Playoffs FR","robots":{"index":"index","follow":"follow","max-snippet":"max-snippet:-1","max-image-preview":"max-image-preview:large","max-video-preview":"max-video-preview:-1"},"canonical":"https:\/\/theplayoffs.news\/fr\/actualite-nfl\/kadarius-toney-absent-du-super-bowl-lviii\/","og_locale":"fr_FR","og_type":"article","og_title":"Kadarius Toney absent du SUper Bowl LVIII - The Playoffs FR","og_url":"https:\/\/theplayoffs.news\/fr\/actualite-nfl\/kadarius-toney-absent-du-super-bowl-lviii\/","og_site_name":"The Playoffs FR","article_publisher":"https:\/\/www.facebook.com\/TheFreeAgentFR\/","article_modified_time":"2024-02-11T13:08:32+00:00","og_image":[{"width":1920,"height":1280,"url":"https:\/\/theplayoffs.news\/fr\/wp-content\/uploads\/2024\/02\/USATSI_22160111.jpg","type":"image\/jpeg"}],"author":"Charles Taudin","twitter_card":"summary_large_image","twitter_creator":"@TheFreeAgentFR","twitter_site":"@TheFreeAgentFR","twitter_misc":{"\u00c9crit par":"Charles Taudin","Dur\u00e9e de lecture estim\u00e9e":"1 minute"},"schema":{"@context":"https:\/\/schema.org","@graph":[{"@type":"WebPage","@id":"https:\/\/theplayoffs.news\/fr\/actualite-nfl\/kadarius-toney-absent-du-super-bowl-lviii\/","url":"https:\/\/theplayoffs.news\/fr\/actualite-nfl\/kadarius-toney-absent-du-super-bowl-lviii\/","name":"Kadarius Toney absent du SUper Bowl LVIII - The Playoffs FR","isPartOf":{"@id":"https:\/\/theplayoffs.news\/fr\/#website"},"primaryImageOfPage":{"@id":"https:\/\/theplayoffs.news\/fr\/actualite-nfl\/kadarius-toney-absent-du-super-bowl-lviii\/#primaryimage"},"image":{"@id":"https:\/\/theplayoffs.news\/fr\/actualite-nfl\/kadarius-toney-absent-du-super-bowl-lviii\/#primaryimage"},"thumbnailUrl":"https:\/\/theplayoffs.news\/fr\/wp-content\/uploads\/2024\/02\/USATSI_22160111.jpg","datePublished":"2024-02-11T13:08:31+00:00","dateModified":"2024-02-11T13:08:32+00:00","author":{"@id":"https:\/\/theplayoffs.news\/fr\/#\/schema\/person\/eee5b69ad5d3c51cabe881c839dbe133"},"breadcrumb":{"@id":"https:\/\/theplayoffs.news\/fr\/actualite-nfl\/kadarius-toney-absent-du-super-bowl-lviii\/#breadcrumb"},"inLanguage":"fr-FR","potentialAction":[{"@type":"ReadAction","target":["https:\/\/theplayoffs.news\/fr\/actualite-nfl\/kadarius-toney-absent-du-super-bowl-lviii\/"]}]},{"@type":"ImageObject","inLanguage":"fr-FR","@id":"https:\/\/theplayoffs.news\/fr\/actualite-nfl\/kadarius-toney-absent-du-super-bowl-lviii\/#primaryimage","url":"https:\/\/theplayoffs.news\/fr\/wp-content\/uploads\/2024\/02\/USATSI_22160111.jpg","contentUrl":"https:\/\/theplayoffs.news\/fr\/wp-content\/uploads\/2024\/02\/USATSI_22160111.jpg","width":1920,"height":1280,"caption":"Dec 17, 2023; Foxborough, Massachusetts, USA; Kansas City Chiefs wide receiver Kadarius Toney (19) warms up before a game against the New England Patriots at Gillette Stadium. Mandatory Credit: Eric Canha-USA TODAY Sports"},{"@type":"BreadcrumbList","@id":"https:\/\/theplayoffs.news\/fr\/actualite-nfl\/kadarius-toney-absent-du-super-bowl-lviii\/#breadcrumb","itemListElement":[{"@type":"ListItem","position":1,"name":"Accueil","item":"https:\/\/theplayoffs.news\/fr\/"},{"@type":"ListItem","position":2,"name":"Kadarius Toney absent du SUper Bowl LVIII"}]},{"@type":"WebSite","@id":"https:\/\/theplayoffs.news\/fr\/#website","url":"https:\/\/theplayoffs.news\/fr\/","name":"The Playoffs FR","description":"NBA-NFL-NHL-MLB","potentialAction":[{"@type":"SearchAction","target":{"@type":"EntryPoint","urlTemplate":"https:\/\/theplayoffs.news\/fr\/?s={search_term_string}"},"query-input":{"@type":"PropertyValueSpecification","valueRequired":true,"valueName":"search_term_string"}}],"inLanguage":"fr-FR"},{"@type":"Person","@id":"https:\/\/theplayoffs.news\/fr\/#\/schema\/person\/eee5b69ad5d3c51cabe881c839dbe133","name":"Charles Taudin","image":{"@type":"ImageObject","inLanguage":"fr-FR","@id":"https:\/\/theplayoffs.news\/fr\/#\/schema\/person\/image\/","url":"https:\/\/secure.gravatar.com\/avatar\/59a1e772205ce9fd255edfcafc93013736822e20261f294c5753b20c41ede9f2?s=96&d=mm&r=g","contentUrl":"https:\/\/secure.gravatar.com\/avatar\/59a1e772205ce9fd255edfcafc93013736822e20261f294c5753b20c41ede9f2?s=96&d=mm&r=g","caption":"Charles Taudin"},"description":"R\u00e9dacteur en chef global de The Playoffs, j\u2019ai cr\u00e9\u00e9 The Free Agent, devenu The Playoffs FR, en 2020 durant la pand\u00e9mie. Amoureux depuis des ann\u00e9es des 4 sports majeurs am\u00e9ricains, j\u2019organise maintenant la strat\u00e9gie \u00e9ditoriale et les r\u00e9seaux sociaux de l\u2019ensemble des versions de The Playoffs. Il m\u2019arrive encore d\u2019\u00e9crire sur certains sports que j\u2019affectionne particuli\u00e8rement comme la NFL ou la MLB. Si vous devez retenir qu\u2019une chose : Eli Manning est le vrai GOAT pour avoir battu deux fois Tom Brady.","sameAs":["https:\/\/www.instagram.com\/ctaudin_\/"],"url":"https:\/\/theplayoffs.news\/fr\/author\/charles-taudin\/"}]}},"_links":{"self":[{"href":"https:\/\/theplayoffs.news\/fr\/wp-json\/wp\/v2\/posts\/1344411","targetHints":{"allow":["GET"]}}],"collection":[{"href":"https:\/\/theplayoffs.news\/fr\/wp-json\/wp\/v2\/posts"}],"about":[{"href":"https:\/\/theplayoffs.news\/fr\/wp-json\/wp\/v2\/types\/post"}],"author":[{"embeddable":true,"href":"https:\/\/theplayoffs.news\/fr\/wp-json\/wp\/v2\/users\/13"}],"replies":[{"embeddable":true,"href":"https:\/\/theplayoffs.news\/fr\/wp-json\/wp\/v2\/comments?post=1344411"}],"version-history":[{"count":3,"href":"https:\/\/theplayoffs.news\/fr\/wp-json\/wp\/v2\/posts\/1344411\/revisions"}],"predecessor-version":[{"id":1344457,"href":"https:\/\/theplayoffs.news\/fr\/wp-json\/wp\/v2\/posts\/1344411\/revisions\/1344457"}],"wp:featuredmedia":[{"embeddable":true,"href":"https:\/\/theplayoffs.news\/fr\/wp-json\/wp\/v2\/media\/1344449"}],"wp:attachment":[{"href":"https:\/\/theplayoffs.news\/fr\/wp-json\/wp\/v2\/media?parent=1344411"}],"wp:term":[{"taxonomy":"category","embeddable":true,"href":"https:\/\/theplayoffs.news\/fr\/wp-json\/wp\/v2\/categories?post=1344411"},{"taxonomy":"post_tag","embeddable":true,"href":"https:\/\/theplayoffs.news\/fr\/wp-json\/wp\/v2\/tags?post=1344411"},{"taxonomy":"sport","embeddable":true,"href":"https:\/\/theplayoffs.news\/fr\/wp-json\/wp\/v2\/sport?post=1344411"},{"taxonomy":"saison","embeddable":true,"href":"https:\/\/theplayoffs.news\/fr\/wp-json\/wp\/v2\/saison?post=1344411"}],"curies":[{"name":"wp","href":"https:\/\/api.w.org\/{rel}","templated":true}]}}