{"id":1341376,"date":"2024-02-10T18:36:53","date_gmt":"2024-02-10T17:36:53","guid":{"rendered":"https:\/\/theplayoffs.news\/fr\/?p=1341376"},"modified":"2024-02-10T18:36:54","modified_gmt":"2024-02-10T17:36:54","slug":"spencer-dinwiddie-va-sengager-avec-les-lakers","status":"publish","type":"post","link":"https:\/\/theplayoffs.news\/fr\/actualite-nba\/spencer-dinwiddie-va-sengager-avec-les-lakers\/","title":{"rendered":"Spencer Dinwiddie va s&rsquo;engager avec les Lakers"},"content":{"rendered":"<h2>NBA &ndash; Spencer Dinwiddie devrait rejoindre les Lakers, selon <a href=\"https:\/\/theathletic.com\/5265496\/2024\/02\/10\/lakers-spencer-dinwiddie-signing\/\" class=\"trk-cta-link\" data-cta-trk='{\"ctaType\":\"Link\",\"ctaSubType\":\"main\"}'>The Athletic<\/a>.<\/h2><p>La d&eacute;cision du joueur de 30 ans intervient apr&egrave;s un bref passage chez les Raptors de Toronto, qui l&rsquo;ont acquis puis rapidement lib&eacute;r&eacute;.<\/p><p>Le mouvement intervient apr&egrave;s que les Lakers ont observ&eacute; une date limite d&rsquo;&eacute;change calme, avec le directeur g&eacute;n&eacute;ral Rob Pelinka soulignant l&rsquo;intention d&rsquo;&ecirc;tre &laquo;&nbsp;agressif&nbsp;&raquo; sur le march&eacute; des rachats. Le choix de Dinwiddie de signer avec les Lakers plut&ocirc;t qu&rsquo;avec d&rsquo;autres pr&eacute;tendants, y compris une r&eacute;union avec les Mavericks de Dallas, en dit long sur son d&eacute;sir de contribuer &agrave; une &eacute;quipe avec un h&eacute;ritage historique et sa croyance dans leurs aspirations au championnat.<\/p><p>L&rsquo;arriv&eacute;e de <a href=\"https:\/\/theplayoffs.news\/fr\/joueur\/spencer-dinwiddie-nba-5161564\/\" class=\"trk-cta-link\" data-cta-trk='{\"ctaType\":\"Link\",\"ctaSubType\":\"main\"}'><strong>Spencer Dinwiddie<\/strong><\/a> &agrave; Los Angeles est opportune.<\/p><p>Les Lakers ont &eacute;t&eacute; aux prises avec des blessures, et l&rsquo;ajout d&rsquo;un joueur du calibre de Dinwiddie peut all&eacute;ger certaines des pressions sur les principaux meneurs de jeu de l&rsquo;&eacute;quipe notamment dans la deuxi&egrave;me unit&eacute;. LeBron James et Anthony Davis ont accueilli l&rsquo;inclusion imminente de Spencer Dinwiddie, citant sa cr&eacute;ation de jeu, sa cr&eacute;ation de tirs et sa pr&eacute;sence de v&eacute;t&eacute;ran comme des facteurs cl&eacute;s qui pourraient am&eacute;liorer la performance de l&rsquo;&eacute;quipe.<\/p><p>Cette saison, Dinwiddie a affich&eacute; une moyenne de 12,6 points, 6,0 passes d&eacute;cisives et a montr&eacute; une comp&eacute;tence louable au-del&agrave; de l&rsquo;arc. Sa signature n&rsquo;est pas seulement un t&eacute;moignage de ses capacit&eacute;s sur le terrain mais souligne &eacute;galement la man&oelig;uvre strat&eacute;gique des Lakers pour renforcer leur effectif sans perturber le noyau existant.<\/p><p>&nbsp;<\/p><p>Credit Photo : Wendell Cruz-USA TODAY Sports<\/p>\n","protected":false},"excerpt":{"rendered":"","protected":false},"author":13,"featured_media":1341377,"comment_status":"open","ping_status":"closed","sticky":false,"template":"","format":"standard","meta":{"inline_featured_image":false,"kia_subtitle":"","_mux_skip_reasons":[],"proofreadBy":0,"footnotes":""},"categories":[110,10],"tags":[117,2708],"sport":[],"saison":[],"class_list":["post-1341376","post","type-post","status-publish","format-standard","has-post-thumbnail","hentry","category-actualite-nba","category-nba","tag-los-angeles-lakers","tag-spencer-dinwiddie"],"acf":[],"yoast_head":"<!-- This site is optimized with the Yoast SEO plugin v24.2 - https:\/\/yoast.com\/wordpress\/plugins\/seo\/ -->\n<title>Spencer Dinwiddie va s&#039;engager avec les Lakers - The Playoffs FR<\/title>\n<meta name=\"robots\" content=\"index, follow, max-snippet:-1, max-image-preview:large, max-video-preview:-1\" \/>\n<link rel=\"canonical\" href=\"https:\/\/theplayoffs.news\/fr\/actualite-nba\/spencer-dinwiddie-va-sengager-avec-les-lakers\/\" \/>\n<meta property=\"og:locale\" content=\"fr_FR\" \/>\n<meta property=\"og:type\" content=\"article\" \/>\n<meta property=\"og:title\" content=\"Spencer Dinwiddie va s&#039;engager avec les Lakers - The Playoffs FR\" \/>\n<meta property=\"og:url\" content=\"https:\/\/theplayoffs.news\/fr\/actualite-nba\/spencer-dinwiddie-va-sengager-avec-les-lakers\/\" \/>\n<meta property=\"og:site_name\" content=\"The Playoffs FR\" \/>\n<meta property=\"article:publisher\" content=\"https:\/\/www.facebook.com\/TheFreeAgentFR\/\" \/>\n<meta property=\"article:modified_time\" content=\"2024-02-10T18:36:54+01:00\" \/>\n<meta property=\"og:image\" content=\"https:\/\/theplayoffs.news\/fr\/wp-content\/uploads\/2024\/02\/USATSI_22389005.jpg\" \/>\n\t<meta property=\"og:image:width\" content=\"1920\" \/>\n\t<meta property=\"og:image:height\" content=\"1280\" \/>\n\t<meta property=\"og:image:type\" content=\"image\/jpeg\" \/>\n<meta name=\"author\" content=\"Charles Taudin\" \/>\n<meta name=\"twitter:card\" content=\"summary_large_image\" \/>\n<meta name=\"twitter:creator\" content=\"@TheFreeAgentFR\" \/>\n<meta name=\"twitter:site\" content=\"@TheFreeAgentFR\" \/>\n<meta name=\"twitter:label1\" content=\"\u00c9crit par\" \/>\n\t<meta name=\"twitter:data1\" content=\"Charles Taudin\" \/>\n\t<meta name=\"twitter:label2\" content=\"Dur\u00e9e de lecture estim\u00e9e\" \/>\n\t<meta name=\"twitter:data2\" content=\"1 minute\" \/>\n<script type=\"application\/ld+json\" class=\"yoast-schema-graph\">{\"@context\":\"https:\/\/schema.org\",\"@graph\":[{\"@type\":\"WebPage\",\"@id\":\"https:\/\/theplayoffs.news\/fr\/actualite-nba\/spencer-dinwiddie-va-sengager-avec-les-lakers\/\",\"url\":\"https:\/\/theplayoffs.news\/fr\/actualite-nba\/spencer-dinwiddie-va-sengager-avec-les-lakers\/\",\"name\":\"Spencer Dinwiddie va s\\\\'engager avec les Lakers - The Playoffs FR\",\"isPartOf\":{\"@id\":\"https:\/\/theplayoffs.news\/fr\/#website\"},\"primaryImageOfPage\":{\"@id\":\"https:\/\/theplayoffs.news\/fr\/actualite-nba\/spencer-dinwiddie-va-sengager-avec-les-lakers\/#primaryimage\"},\"image\":{\"@id\":\"https:\/\/theplayoffs.news\/fr\/actualite-nba\/spencer-dinwiddie-va-sengager-avec-les-lakers\/#primaryimage\"},\"thumbnailUrl\":\"https:\/\/theplayoffs.news\/fr\/wp-content\/uploads\/2024\/02\/USATSI_22389005.jpg\",\"datePublished\":\"2024-02-10T17:36:53+00:00\",\"dateModified\":\"2024-02-10T17:36:54+00:00\",\"author\":{\"@id\":\"https:\/\/theplayoffs.news\/fr\/#\/schema\/person\/eee5b69ad5d3c51cabe881c839dbe133\"},\"breadcrumb\":{\"@id\":\"https:\/\/theplayoffs.news\/fr\/actualite-nba\/spencer-dinwiddie-va-sengager-avec-les-lakers\/#breadcrumb\"},\"inLanguage\":\"fr-FR\",\"potentialAction\":[{\"@type\":\"ReadAction\",\"target\":[\"https:\/\/theplayoffs.news\/fr\/actualite-nba\/spencer-dinwiddie-va-sengager-avec-les-lakers\/\"]}]},{\"@type\":\"ImageObject\",\"inLanguage\":\"fr-FR\",\"@id\":\"https:\/\/theplayoffs.news\/fr\/actualite-nba\/spencer-dinwiddie-va-sengager-avec-les-lakers\/#primaryimage\",\"url\":\"https:\/\/theplayoffs.news\/fr\/wp-content\/uploads\/2024\/02\/USATSI_22389005.jpg\",\"contentUrl\":\"https:\/\/theplayoffs.news\/fr\/wp-content\/uploads\/2024\/02\/USATSI_22389005.jpg\",\"width\":1920,\"height\":1280,\"caption\":\"Jan 27, 2024; Brooklyn, New York, USA; Brooklyn Nets guard Spencer Dinwiddie (26) reacts after a turnover in the second quarter against the Houston Rockets at Barclays Center. Mandatory Credit: Wendell Cruz-USA TODAY Sports\"},{\"@type\":\"BreadcrumbList\",\"@id\":\"https:\/\/theplayoffs.news\/fr\/actualite-nba\/spencer-dinwiddie-va-sengager-avec-les-lakers\/#breadcrumb\",\"itemListElement\":[{\"@type\":\"ListItem\",\"position\":1,\"name\":\"Accueil\",\"item\":\"https:\/\/theplayoffs.news\/fr\/\"},{\"@type\":\"ListItem\",\"position\":2,\"name\":\"Spencer Dinwiddie va s&rsquo;engager avec les Lakers\"}]},{\"@type\":\"WebSite\",\"@id\":\"https:\/\/theplayoffs.news\/fr\/#website\",\"url\":\"https:\/\/theplayoffs.news\/fr\/\",\"name\":\"The Playoffs FR\",\"description\":\"NBA-NFL-NHL-MLB\",\"potentialAction\":[{\"@type\":\"SearchAction\",\"target\":{\"@type\":\"EntryPoint\",\"urlTemplate\":\"https:\/\/theplayoffs.news\/fr\/?s={search_term_string}\"},\"query-input\":{\"@type\":\"PropertyValueSpecification\",\"valueRequired\":true,\"valueName\":\"search_term_string\"}}],\"inLanguage\":\"fr-FR\"},{\"@type\":\"Person\",\"@id\":\"https:\/\/theplayoffs.news\/fr\/#\/schema\/person\/eee5b69ad5d3c51cabe881c839dbe133\",\"name\":\"Charles Taudin\",\"image\":{\"@type\":\"ImageObject\",\"inLanguage\":\"fr-FR\",\"@id\":\"https:\/\/theplayoffs.news\/fr\/#\/schema\/person\/image\/\",\"url\":\"https:\/\/secure.gravatar.com\/avatar\/59a1e772205ce9fd255edfcafc93013736822e20261f294c5753b20c41ede9f2?s=96&d=mm&r=g\",\"contentUrl\":\"https:\/\/secure.gravatar.com\/avatar\/59a1e772205ce9fd255edfcafc93013736822e20261f294c5753b20c41ede9f2?s=96&d=mm&r=g\",\"caption\":\"Charles Taudin\"},\"description\":\"R\u00e9dacteur en chef global de The Playoffs, j\u2019ai cr\u00e9\u00e9 The Free Agent, devenu The Playoffs FR, en 2020 durant la pand\u00e9mie. Amoureux depuis des ann\u00e9es des 4 sports majeurs am\u00e9ricains, j\u2019organise maintenant la strat\u00e9gie \u00e9ditoriale et les r\u00e9seaux sociaux de l\u2019ensemble des versions de The Playoffs. Il m\u2019arrive encore d\u2019\u00e9crire sur certains sports que j\u2019affectionne particuli\u00e8rement comme la NFL ou la MLB. Si vous devez retenir qu\u2019une chose : Eli Manning est le vrai GOAT pour avoir battu deux fois Tom Brady.\",\"sameAs\":[\"https:\/\/www.instagram.com\/ctaudin_\/\"],\"url\":\"https:\/\/theplayoffs.news\/fr\/author\/charles-taudin\/\"}]}<\/script>\n<!-- \/ Yoast SEO plugin. -->","yoast_head_json":{"title":"Spencer Dinwiddie va s&#039;engager avec les Lakers - The Playoffs FR","robots":{"index":"index","follow":"follow","max-snippet":"max-snippet:-1","max-image-preview":"max-image-preview:large","max-video-preview":"max-video-preview:-1"},"canonical":"https:\/\/theplayoffs.news\/fr\/actualite-nba\/spencer-dinwiddie-va-sengager-avec-les-lakers\/","og_locale":"fr_FR","og_type":"article","og_title":"Spencer Dinwiddie va s&#039;engager avec les Lakers - The Playoffs FR","og_url":"https:\/\/theplayoffs.news\/fr\/actualite-nba\/spencer-dinwiddie-va-sengager-avec-les-lakers\/","og_site_name":"The Playoffs FR","article_publisher":"https:\/\/www.facebook.com\/TheFreeAgentFR\/","article_modified_time":"2024-02-10T17:36:54+00:00","og_image":[{"width":1920,"height":1280,"url":"https:\/\/theplayoffs.news\/fr\/wp-content\/uploads\/2024\/02\/USATSI_22389005.jpg","type":"image\/jpeg"}],"author":"Charles Taudin","twitter_card":"summary_large_image","twitter_creator":"@TheFreeAgentFR","twitter_site":"@TheFreeAgentFR","twitter_misc":{"\u00c9crit par":"Charles Taudin","Dur\u00e9e de lecture estim\u00e9e":"1 minute"},"schema":{"@context":"https:\/\/schema.org","@graph":[{"@type":"WebPage","@id":"https:\/\/theplayoffs.news\/fr\/actualite-nba\/spencer-dinwiddie-va-sengager-avec-les-lakers\/","url":"https:\/\/theplayoffs.news\/fr\/actualite-nba\/spencer-dinwiddie-va-sengager-avec-les-lakers\/","name":"Spencer Dinwiddie va s\\'engager avec les Lakers - The Playoffs FR","isPartOf":{"@id":"https:\/\/theplayoffs.news\/fr\/#website"},"primaryImageOfPage":{"@id":"https:\/\/theplayoffs.news\/fr\/actualite-nba\/spencer-dinwiddie-va-sengager-avec-les-lakers\/#primaryimage"},"image":{"@id":"https:\/\/theplayoffs.news\/fr\/actualite-nba\/spencer-dinwiddie-va-sengager-avec-les-lakers\/#primaryimage"},"thumbnailUrl":"https:\/\/theplayoffs.news\/fr\/wp-content\/uploads\/2024\/02\/USATSI_22389005.jpg","datePublished":"2024-02-10T17:36:53+00:00","dateModified":"2024-02-10T17:36:54+00:00","author":{"@id":"https:\/\/theplayoffs.news\/fr\/#\/schema\/person\/eee5b69ad5d3c51cabe881c839dbe133"},"breadcrumb":{"@id":"https:\/\/theplayoffs.news\/fr\/actualite-nba\/spencer-dinwiddie-va-sengager-avec-les-lakers\/#breadcrumb"},"inLanguage":"fr-FR","potentialAction":[{"@type":"ReadAction","target":["https:\/\/theplayoffs.news\/fr\/actualite-nba\/spencer-dinwiddie-va-sengager-avec-les-lakers\/"]}]},{"@type":"ImageObject","inLanguage":"fr-FR","@id":"https:\/\/theplayoffs.news\/fr\/actualite-nba\/spencer-dinwiddie-va-sengager-avec-les-lakers\/#primaryimage","url":"https:\/\/theplayoffs.news\/fr\/wp-content\/uploads\/2024\/02\/USATSI_22389005.jpg","contentUrl":"https:\/\/theplayoffs.news\/fr\/wp-content\/uploads\/2024\/02\/USATSI_22389005.jpg","width":1920,"height":1280,"caption":"Jan 27, 2024; Brooklyn, New York, USA; Brooklyn Nets guard Spencer Dinwiddie (26) reacts after a turnover in the second quarter against the Houston Rockets at Barclays Center. Mandatory Credit: Wendell Cruz-USA TODAY Sports"},{"@type":"BreadcrumbList","@id":"https:\/\/theplayoffs.news\/fr\/actualite-nba\/spencer-dinwiddie-va-sengager-avec-les-lakers\/#breadcrumb","itemListElement":[{"@type":"ListItem","position":1,"name":"Accueil","item":"https:\/\/theplayoffs.news\/fr\/"},{"@type":"ListItem","position":2,"name":"Spencer Dinwiddie va s&rsquo;engager avec les Lakers"}]},{"@type":"WebSite","@id":"https:\/\/theplayoffs.news\/fr\/#website","url":"https:\/\/theplayoffs.news\/fr\/","name":"The Playoffs FR","description":"NBA-NFL-NHL-MLB","potentialAction":[{"@type":"SearchAction","target":{"@type":"EntryPoint","urlTemplate":"https:\/\/theplayoffs.news\/fr\/?s={search_term_string}"},"query-input":{"@type":"PropertyValueSpecification","valueRequired":true,"valueName":"search_term_string"}}],"inLanguage":"fr-FR"},{"@type":"Person","@id":"https:\/\/theplayoffs.news\/fr\/#\/schema\/person\/eee5b69ad5d3c51cabe881c839dbe133","name":"Charles Taudin","image":{"@type":"ImageObject","inLanguage":"fr-FR","@id":"https:\/\/theplayoffs.news\/fr\/#\/schema\/person\/image\/","url":"https:\/\/secure.gravatar.com\/avatar\/59a1e772205ce9fd255edfcafc93013736822e20261f294c5753b20c41ede9f2?s=96&d=mm&r=g","contentUrl":"https:\/\/secure.gravatar.com\/avatar\/59a1e772205ce9fd255edfcafc93013736822e20261f294c5753b20c41ede9f2?s=96&d=mm&r=g","caption":"Charles Taudin"},"description":"R\u00e9dacteur en chef global de The Playoffs, j\u2019ai cr\u00e9\u00e9 The Free Agent, devenu The Playoffs FR, en 2020 durant la pand\u00e9mie. Amoureux depuis des ann\u00e9es des 4 sports majeurs am\u00e9ricains, j\u2019organise maintenant la strat\u00e9gie \u00e9ditoriale et les r\u00e9seaux sociaux de l\u2019ensemble des versions de The Playoffs. Il m\u2019arrive encore d\u2019\u00e9crire sur certains sports que j\u2019affectionne particuli\u00e8rement comme la NFL ou la MLB. Si vous devez retenir qu\u2019une chose : Eli Manning est le vrai GOAT pour avoir battu deux fois Tom Brady.","sameAs":["https:\/\/www.instagram.com\/ctaudin_\/"],"url":"https:\/\/theplayoffs.news\/fr\/author\/charles-taudin\/"}]}},"_links":{"self":[{"href":"https:\/\/theplayoffs.news\/fr\/wp-json\/wp\/v2\/posts\/1341376","targetHints":{"allow":["GET"]}}],"collection":[{"href":"https:\/\/theplayoffs.news\/fr\/wp-json\/wp\/v2\/posts"}],"about":[{"href":"https:\/\/theplayoffs.news\/fr\/wp-json\/wp\/v2\/types\/post"}],"author":[{"embeddable":true,"href":"https:\/\/theplayoffs.news\/fr\/wp-json\/wp\/v2\/users\/13"}],"replies":[{"embeddable":true,"href":"https:\/\/theplayoffs.news\/fr\/wp-json\/wp\/v2\/comments?post=1341376"}],"version-history":[{"count":3,"href":"https:\/\/theplayoffs.news\/fr\/wp-json\/wp\/v2\/posts\/1341376\/revisions"}],"predecessor-version":[{"id":1341380,"href":"https:\/\/theplayoffs.news\/fr\/wp-json\/wp\/v2\/posts\/1341376\/revisions\/1341380"}],"wp:featuredmedia":[{"embeddable":true,"href":"https:\/\/theplayoffs.news\/fr\/wp-json\/wp\/v2\/media\/1341377"}],"wp:attachment":[{"href":"https:\/\/theplayoffs.news\/fr\/wp-json\/wp\/v2\/media?parent=1341376"}],"wp:term":[{"taxonomy":"category","embeddable":true,"href":"https:\/\/theplayoffs.news\/fr\/wp-json\/wp\/v2\/categories?post=1341376"},{"taxonomy":"post_tag","embeddable":true,"href":"https:\/\/theplayoffs.news\/fr\/wp-json\/wp\/v2\/tags?post=1341376"},{"taxonomy":"sport","embeddable":true,"href":"https:\/\/theplayoffs.news\/fr\/wp-json\/wp\/v2\/sport?post=1341376"},{"taxonomy":"saison","embeddable":true,"href":"https:\/\/theplayoffs.news\/fr\/wp-json\/wp\/v2\/saison?post=1341376"}],"curies":[{"name":"wp","href":"https:\/\/api.w.org\/{rel}","templated":true}]}}