{"id":1337333,"date":"2024-02-09T13:59:17","date_gmt":"2024-02-09T12:59:17","guid":{"rendered":"https:\/\/theplayoffs.news\/fr\/?p=1337333"},"modified":"2024-02-09T13:59:18","modified_gmt":"2024-02-09T12:59:18","slug":"la-classe-dintronisation-au-pro-football-hall-of-fame-de-2024","status":"publish","type":"post","link":"https:\/\/theplayoffs.news\/fr\/actualite-nfl\/la-classe-dintronisation-au-pro-football-hall-of-fame-de-2024\/","title":{"rendered":"La classe d&rsquo;intronisation au Pro Football Hall of Fame de 2024"},"content":{"rendered":"<h2>NFL &ndash; Cette ann&eacute;e, le Hall of Fame honore une classe qui englobe non seulement des l&eacute;gendes d&eacute;fensives mais aussi un joueur qui a red&eacute;fini l&rsquo;art du jeu de retour.<\/h2><p>Parmi les leaders de la classe figurent les colosses d&eacute;fensifs Julius Peppers et Dwight Freeney, aux c&ocirc;t&eacute;s du linebacker Patrick Willis, chacun ayant sculpt&eacute; un h&eacute;ritage de domination sur le terrain. Ils sont rejoints par Devin Hester, salu&eacute; comme le meilleur retourneur de kickoff\/punt de l&rsquo;histoire de la ligue, et le receveur Andre Johnson, dont l&rsquo;excellence constante compl&egrave;te les s&eacute;lections de l&rsquo;&egrave;re moderne.<\/p><p>L&rsquo;inclusion des finalistes seniors Randy Gradishar et Steve McMichael enrichit davantage la classe de cette ann&eacute;e, c&eacute;l&eacute;brant des carri&egrave;res qui ont r&eacute;sist&eacute; &agrave; l&rsquo;&eacute;preuve du temps.<\/p><h3>Les intronis&eacute;s de l&rsquo;&egrave;re moderne<\/h3><p>Julius Peppers, avec une carri&egrave;re qui compte 159,5 sacks, se pr&eacute;sente comme un ma&icirc;tre du pass-rushing. L&rsquo;h&eacute;ritage de Peppers est marqu&eacute; par la polyvalence, la durabilit&eacute; et une capacit&eacute; inn&eacute;e &agrave; perturber les offensives adverses.<\/p><p>Devin Hester, qui sera le premier joueur principalement reconnu comme retourneur &agrave; entrer dans le Hall of fame, a red&eacute;fini la position des &eacute;quipes sp&eacute;ciales. Ses 19 retours de touchdown en carri&egrave;re, un record, restent in&eacute;gal&eacute;s.<\/p><p>L&rsquo;intronisation d&rsquo;Andre Johnson reconna&icirc;t sa carri&egrave;re exceptionnelle en tant que receveur, soulign&eacute;e par sept s&eacute;lections au Pro Bowl et plus de 14 000 yards de r&eacute;ception.<\/p><p>La classe de cette ann&eacute;e souligne la reconnaissance par le Hall of Fame de la ma&icirc;trise d&eacute;fensive, poursuivant une tendance de l&rsquo;ann&eacute;e pr&eacute;c&eacute;dente qui a vu une pr&eacute;sence d&eacute;fensive significative parmi les intronis&eacute;s. L&rsquo;inclusion de joueurs comme Willis, Peppers et Freeney, chacun un titan &agrave; part enti&egrave;re, met en &eacute;vidence un aspect de la NFL, o&ugrave; la d&eacute;fense joue un r&ocirc;le pivot dans le r&eacute;sultat du match.<\/p><p>La classe de 2024, choisie par le conseil des s&eacute;lectionneurs du Hall lors d&rsquo;une r&eacute;union virtuelle, est pr&eacute;vue pour une intronisation officielle le 3 ao&ucirc;t, &agrave; Canton, Ohio.<\/p><p>Credit photo : Kirby Lee-USA TODAY Sports<\/p>\n","protected":false},"excerpt":{"rendered":"","protected":false},"author":13,"featured_media":1337382,"comment_status":"open","ping_status":"closed","sticky":false,"template":"","format":"standard","meta":{"inline_featured_image":false,"kia_subtitle":"","_mux_skip_reasons":[],"proofreadBy":0,"footnotes":""},"categories":[118,40],"tags":[6872,6934],"sport":[],"saison":[],"class_list":["post-1337333","post","type-post","status-publish","format-standard","has-post-thumbnail","hentry","category-actualite-nfl","category-nfl","tag-hall-of-fame-2024","tag-julius-peppers"],"acf":[],"yoast_head":"<!-- This site is optimized with the Yoast SEO plugin v24.2 - https:\/\/yoast.com\/wordpress\/plugins\/seo\/ -->\n<title>La classe d&#039;intronisation au Pro Football Hall of Fame de 2024 - The Playoffs FR<\/title>\n<meta name=\"robots\" content=\"index, follow, max-snippet:-1, max-image-preview:large, max-video-preview:-1\" \/>\n<link rel=\"canonical\" href=\"https:\/\/theplayoffs.news\/fr\/actualite-nfl\/la-classe-dintronisation-au-pro-football-hall-of-fame-de-2024\/\" \/>\n<meta property=\"og:locale\" content=\"fr_FR\" \/>\n<meta property=\"og:type\" content=\"article\" \/>\n<meta property=\"og:title\" content=\"La classe d&#039;intronisation au Pro Football Hall of Fame de 2024 - The Playoffs FR\" \/>\n<meta property=\"og:url\" content=\"https:\/\/theplayoffs.news\/fr\/actualite-nfl\/la-classe-dintronisation-au-pro-football-hall-of-fame-de-2024\/\" \/>\n<meta property=\"og:site_name\" content=\"The Playoffs FR\" \/>\n<meta property=\"article:publisher\" content=\"https:\/\/www.facebook.com\/TheFreeAgentFR\/\" \/>\n<meta property=\"article:modified_time\" content=\"2024-02-09T13:59:18+01:00\" \/>\n<meta property=\"og:image\" content=\"https:\/\/theplayoffs.news\/fr\/wp-content\/uploads\/2024\/02\/USATSI_22478069.jpg\" \/>\n\t<meta property=\"og:image:width\" content=\"1920\" \/>\n\t<meta property=\"og:image:height\" content=\"1280\" \/>\n\t<meta property=\"og:image:type\" content=\"image\/jpeg\" \/>\n<meta name=\"author\" content=\"Charles Taudin\" \/>\n<meta name=\"twitter:card\" content=\"summary_large_image\" \/>\n<meta name=\"twitter:creator\" content=\"@TheFreeAgentFR\" \/>\n<meta name=\"twitter:site\" content=\"@TheFreeAgentFR\" \/>\n<meta name=\"twitter:label1\" content=\"\u00c9crit par\" \/>\n\t<meta name=\"twitter:data1\" content=\"Charles Taudin\" \/>\n\t<meta name=\"twitter:label2\" content=\"Dur\u00e9e de lecture estim\u00e9e\" \/>\n\t<meta name=\"twitter:data2\" content=\"2 minutes\" \/>\n<script type=\"application\/ld+json\" class=\"yoast-schema-graph\">{\"@context\":\"https:\/\/schema.org\",\"@graph\":[{\"@type\":\"WebPage\",\"@id\":\"https:\/\/theplayoffs.news\/fr\/actualite-nfl\/la-classe-dintronisation-au-pro-football-hall-of-fame-de-2024\/\",\"url\":\"https:\/\/theplayoffs.news\/fr\/actualite-nfl\/la-classe-dintronisation-au-pro-football-hall-of-fame-de-2024\/\",\"name\":\"La classe d\\\\'intronisation au Pro Football Hall of Fame de 2024 - The Playoffs FR\",\"isPartOf\":{\"@id\":\"https:\/\/theplayoffs.news\/fr\/#website\"},\"primaryImageOfPage\":{\"@id\":\"https:\/\/theplayoffs.news\/fr\/actualite-nfl\/la-classe-dintronisation-au-pro-football-hall-of-fame-de-2024\/#primaryimage\"},\"image\":{\"@id\":\"https:\/\/theplayoffs.news\/fr\/actualite-nfl\/la-classe-dintronisation-au-pro-football-hall-of-fame-de-2024\/#primaryimage\"},\"thumbnailUrl\":\"https:\/\/theplayoffs.news\/fr\/wp-content\/uploads\/2024\/02\/USATSI_22478069.jpg\",\"datePublished\":\"2024-02-09T12:59:17+00:00\",\"dateModified\":\"2024-02-09T12:59:18+00:00\",\"author\":{\"@id\":\"https:\/\/theplayoffs.news\/fr\/#\/schema\/person\/eee5b69ad5d3c51cabe881c839dbe133\"},\"breadcrumb\":{\"@id\":\"https:\/\/theplayoffs.news\/fr\/actualite-nfl\/la-classe-dintronisation-au-pro-football-hall-of-fame-de-2024\/#breadcrumb\"},\"inLanguage\":\"fr-FR\",\"potentialAction\":[{\"@type\":\"ReadAction\",\"target\":[\"https:\/\/theplayoffs.news\/fr\/actualite-nfl\/la-classe-dintronisation-au-pro-football-hall-of-fame-de-2024\/\"]}]},{\"@type\":\"ImageObject\",\"inLanguage\":\"fr-FR\",\"@id\":\"https:\/\/theplayoffs.news\/fr\/actualite-nfl\/la-classe-dintronisation-au-pro-football-hall-of-fame-de-2024\/#primaryimage\",\"url\":\"https:\/\/theplayoffs.news\/fr\/wp-content\/uploads\/2024\/02\/USATSI_22478069.jpg\",\"contentUrl\":\"https:\/\/theplayoffs.news\/fr\/wp-content\/uploads\/2024\/02\/USATSI_22478069.jpg\",\"width\":1920,\"height\":1280,\"caption\":\"Feb 8, 2024; Las Vegas, NV, USA; Julius Peppers during the NFL Hall of Fame Class of 2024 press conference at Resorts World Theatre. Mandatory Credit: Kirby Lee-USA TODAY Sports\"},{\"@type\":\"BreadcrumbList\",\"@id\":\"https:\/\/theplayoffs.news\/fr\/actualite-nfl\/la-classe-dintronisation-au-pro-football-hall-of-fame-de-2024\/#breadcrumb\",\"itemListElement\":[{\"@type\":\"ListItem\",\"position\":1,\"name\":\"Accueil\",\"item\":\"https:\/\/theplayoffs.news\/fr\/\"},{\"@type\":\"ListItem\",\"position\":2,\"name\":\"La classe d&rsquo;intronisation au Pro Football Hall of Fame de 2024\"}]},{\"@type\":\"WebSite\",\"@id\":\"https:\/\/theplayoffs.news\/fr\/#website\",\"url\":\"https:\/\/theplayoffs.news\/fr\/\",\"name\":\"The Playoffs FR\",\"description\":\"NBA-NFL-NHL-MLB\",\"potentialAction\":[{\"@type\":\"SearchAction\",\"target\":{\"@type\":\"EntryPoint\",\"urlTemplate\":\"https:\/\/theplayoffs.news\/fr\/?s={search_term_string}\"},\"query-input\":{\"@type\":\"PropertyValueSpecification\",\"valueRequired\":true,\"valueName\":\"search_term_string\"}}],\"inLanguage\":\"fr-FR\"},{\"@type\":\"Person\",\"@id\":\"https:\/\/theplayoffs.news\/fr\/#\/schema\/person\/eee5b69ad5d3c51cabe881c839dbe133\",\"name\":\"Charles Taudin\",\"image\":{\"@type\":\"ImageObject\",\"inLanguage\":\"fr-FR\",\"@id\":\"https:\/\/theplayoffs.news\/fr\/#\/schema\/person\/image\/\",\"url\":\"https:\/\/secure.gravatar.com\/avatar\/59a1e772205ce9fd255edfcafc93013736822e20261f294c5753b20c41ede9f2?s=96&d=mm&r=g\",\"contentUrl\":\"https:\/\/secure.gravatar.com\/avatar\/59a1e772205ce9fd255edfcafc93013736822e20261f294c5753b20c41ede9f2?s=96&d=mm&r=g\",\"caption\":\"Charles Taudin\"},\"description\":\"R\u00e9dacteur en chef global de The Playoffs, j\u2019ai cr\u00e9\u00e9 The Free Agent, devenu The Playoffs FR, en 2020 durant la pand\u00e9mie. Amoureux depuis des ann\u00e9es des 4 sports majeurs am\u00e9ricains, j\u2019organise maintenant la strat\u00e9gie \u00e9ditoriale et les r\u00e9seaux sociaux de l\u2019ensemble des versions de The Playoffs. Il m\u2019arrive encore d\u2019\u00e9crire sur certains sports que j\u2019affectionne particuli\u00e8rement comme la NFL ou la MLB. Si vous devez retenir qu\u2019une chose : Eli Manning est le vrai GOAT pour avoir battu deux fois Tom Brady.\",\"sameAs\":[\"https:\/\/www.instagram.com\/ctaudin_\/\"],\"url\":\"https:\/\/theplayoffs.news\/fr\/author\/charles-taudin\/\"}]}<\/script>\n<!-- \/ Yoast SEO plugin. -->","yoast_head_json":{"title":"La classe d&#039;intronisation au Pro Football Hall of Fame de 2024 - The Playoffs FR","robots":{"index":"index","follow":"follow","max-snippet":"max-snippet:-1","max-image-preview":"max-image-preview:large","max-video-preview":"max-video-preview:-1"},"canonical":"https:\/\/theplayoffs.news\/fr\/actualite-nfl\/la-classe-dintronisation-au-pro-football-hall-of-fame-de-2024\/","og_locale":"fr_FR","og_type":"article","og_title":"La classe d&#039;intronisation au Pro Football Hall of Fame de 2024 - The Playoffs FR","og_url":"https:\/\/theplayoffs.news\/fr\/actualite-nfl\/la-classe-dintronisation-au-pro-football-hall-of-fame-de-2024\/","og_site_name":"The Playoffs FR","article_publisher":"https:\/\/www.facebook.com\/TheFreeAgentFR\/","article_modified_time":"2024-02-09T12:59:18+00:00","og_image":[{"width":1920,"height":1280,"url":"https:\/\/theplayoffs.news\/fr\/wp-content\/uploads\/2024\/02\/USATSI_22478069.jpg","type":"image\/jpeg"}],"author":"Charles Taudin","twitter_card":"summary_large_image","twitter_creator":"@TheFreeAgentFR","twitter_site":"@TheFreeAgentFR","twitter_misc":{"\u00c9crit par":"Charles Taudin","Dur\u00e9e de lecture estim\u00e9e":"2 minutes"},"schema":{"@context":"https:\/\/schema.org","@graph":[{"@type":"WebPage","@id":"https:\/\/theplayoffs.news\/fr\/actualite-nfl\/la-classe-dintronisation-au-pro-football-hall-of-fame-de-2024\/","url":"https:\/\/theplayoffs.news\/fr\/actualite-nfl\/la-classe-dintronisation-au-pro-football-hall-of-fame-de-2024\/","name":"La classe d\\'intronisation au Pro Football Hall of Fame de 2024 - The Playoffs FR","isPartOf":{"@id":"https:\/\/theplayoffs.news\/fr\/#website"},"primaryImageOfPage":{"@id":"https:\/\/theplayoffs.news\/fr\/actualite-nfl\/la-classe-dintronisation-au-pro-football-hall-of-fame-de-2024\/#primaryimage"},"image":{"@id":"https:\/\/theplayoffs.news\/fr\/actualite-nfl\/la-classe-dintronisation-au-pro-football-hall-of-fame-de-2024\/#primaryimage"},"thumbnailUrl":"https:\/\/theplayoffs.news\/fr\/wp-content\/uploads\/2024\/02\/USATSI_22478069.jpg","datePublished":"2024-02-09T12:59:17+00:00","dateModified":"2024-02-09T12:59:18+00:00","author":{"@id":"https:\/\/theplayoffs.news\/fr\/#\/schema\/person\/eee5b69ad5d3c51cabe881c839dbe133"},"breadcrumb":{"@id":"https:\/\/theplayoffs.news\/fr\/actualite-nfl\/la-classe-dintronisation-au-pro-football-hall-of-fame-de-2024\/#breadcrumb"},"inLanguage":"fr-FR","potentialAction":[{"@type":"ReadAction","target":["https:\/\/theplayoffs.news\/fr\/actualite-nfl\/la-classe-dintronisation-au-pro-football-hall-of-fame-de-2024\/"]}]},{"@type":"ImageObject","inLanguage":"fr-FR","@id":"https:\/\/theplayoffs.news\/fr\/actualite-nfl\/la-classe-dintronisation-au-pro-football-hall-of-fame-de-2024\/#primaryimage","url":"https:\/\/theplayoffs.news\/fr\/wp-content\/uploads\/2024\/02\/USATSI_22478069.jpg","contentUrl":"https:\/\/theplayoffs.news\/fr\/wp-content\/uploads\/2024\/02\/USATSI_22478069.jpg","width":1920,"height":1280,"caption":"Feb 8, 2024; Las Vegas, NV, USA; Julius Peppers during the NFL Hall of Fame Class of 2024 press conference at Resorts World Theatre. Mandatory Credit: Kirby Lee-USA TODAY Sports"},{"@type":"BreadcrumbList","@id":"https:\/\/theplayoffs.news\/fr\/actualite-nfl\/la-classe-dintronisation-au-pro-football-hall-of-fame-de-2024\/#breadcrumb","itemListElement":[{"@type":"ListItem","position":1,"name":"Accueil","item":"https:\/\/theplayoffs.news\/fr\/"},{"@type":"ListItem","position":2,"name":"La classe d&rsquo;intronisation au Pro Football Hall of Fame de 2024"}]},{"@type":"WebSite","@id":"https:\/\/theplayoffs.news\/fr\/#website","url":"https:\/\/theplayoffs.news\/fr\/","name":"The Playoffs FR","description":"NBA-NFL-NHL-MLB","potentialAction":[{"@type":"SearchAction","target":{"@type":"EntryPoint","urlTemplate":"https:\/\/theplayoffs.news\/fr\/?s={search_term_string}"},"query-input":{"@type":"PropertyValueSpecification","valueRequired":true,"valueName":"search_term_string"}}],"inLanguage":"fr-FR"},{"@type":"Person","@id":"https:\/\/theplayoffs.news\/fr\/#\/schema\/person\/eee5b69ad5d3c51cabe881c839dbe133","name":"Charles Taudin","image":{"@type":"ImageObject","inLanguage":"fr-FR","@id":"https:\/\/theplayoffs.news\/fr\/#\/schema\/person\/image\/","url":"https:\/\/secure.gravatar.com\/avatar\/59a1e772205ce9fd255edfcafc93013736822e20261f294c5753b20c41ede9f2?s=96&d=mm&r=g","contentUrl":"https:\/\/secure.gravatar.com\/avatar\/59a1e772205ce9fd255edfcafc93013736822e20261f294c5753b20c41ede9f2?s=96&d=mm&r=g","caption":"Charles Taudin"},"description":"R\u00e9dacteur en chef global de The Playoffs, j\u2019ai cr\u00e9\u00e9 The Free Agent, devenu The Playoffs FR, en 2020 durant la pand\u00e9mie. Amoureux depuis des ann\u00e9es des 4 sports majeurs am\u00e9ricains, j\u2019organise maintenant la strat\u00e9gie \u00e9ditoriale et les r\u00e9seaux sociaux de l\u2019ensemble des versions de The Playoffs. Il m\u2019arrive encore d\u2019\u00e9crire sur certains sports que j\u2019affectionne particuli\u00e8rement comme la NFL ou la MLB. Si vous devez retenir qu\u2019une chose : Eli Manning est le vrai GOAT pour avoir battu deux fois Tom Brady.","sameAs":["https:\/\/www.instagram.com\/ctaudin_\/"],"url":"https:\/\/theplayoffs.news\/fr\/author\/charles-taudin\/"}]}},"_links":{"self":[{"href":"https:\/\/theplayoffs.news\/fr\/wp-json\/wp\/v2\/posts\/1337333","targetHints":{"allow":["GET"]}}],"collection":[{"href":"https:\/\/theplayoffs.news\/fr\/wp-json\/wp\/v2\/posts"}],"about":[{"href":"https:\/\/theplayoffs.news\/fr\/wp-json\/wp\/v2\/types\/post"}],"author":[{"embeddable":true,"href":"https:\/\/theplayoffs.news\/fr\/wp-json\/wp\/v2\/users\/13"}],"replies":[{"embeddable":true,"href":"https:\/\/theplayoffs.news\/fr\/wp-json\/wp\/v2\/comments?post=1337333"}],"version-history":[{"count":3,"href":"https:\/\/theplayoffs.news\/fr\/wp-json\/wp\/v2\/posts\/1337333\/revisions"}],"predecessor-version":[{"id":1337389,"href":"https:\/\/theplayoffs.news\/fr\/wp-json\/wp\/v2\/posts\/1337333\/revisions\/1337389"}],"wp:featuredmedia":[{"embeddable":true,"href":"https:\/\/theplayoffs.news\/fr\/wp-json\/wp\/v2\/media\/1337382"}],"wp:attachment":[{"href":"https:\/\/theplayoffs.news\/fr\/wp-json\/wp\/v2\/media?parent=1337333"}],"wp:term":[{"taxonomy":"category","embeddable":true,"href":"https:\/\/theplayoffs.news\/fr\/wp-json\/wp\/v2\/categories?post=1337333"},{"taxonomy":"post_tag","embeddable":true,"href":"https:\/\/theplayoffs.news\/fr\/wp-json\/wp\/v2\/tags?post=1337333"},{"taxonomy":"sport","embeddable":true,"href":"https:\/\/theplayoffs.news\/fr\/wp-json\/wp\/v2\/sport?post=1337333"},{"taxonomy":"saison","embeddable":true,"href":"https:\/\/theplayoffs.news\/fr\/wp-json\/wp\/v2\/saison?post=1337333"}],"curies":[{"name":"wp","href":"https:\/\/api.w.org\/{rel}","templated":true}]}}