{"id":1334315,"date":"2024-02-08T18:00:56","date_gmt":"2024-02-08T17:00:56","guid":{"rendered":"https:\/\/theplayoffs.news\/fr\/?p=1334315"},"modified":"2024-02-08T19:20:28","modified_gmt":"2024-02-08T18:20:28","slug":"d1-elite-la-finale-du-casque-de-diamant-a-perpignan-aux-gryzzlis-catalans","status":"publish","type":"post","link":"https:\/\/theplayoffs.news\/fr\/d1\/d1-elite-la-finale-du-casque-de-diamant-a-perpignan-aux-gryzzlis-catalans\/","title":{"rendered":"D1 Elite : La finale du Casque de diamant \u00e0 Perpignan aux Gryzzlis Catalans"},"content":{"rendered":"<h2>D1 Elite &ndash; La FFFA a annonc&eacute; la tenue de la finale du championnat de France de D1 Elite &agrave; Perpignan le 29 juin 2024.<\/h2><p>Apr&egrave;s une &eacute;dition 2023 qui s&rsquo;&eacute;tait tenue &agrave; Thonon-Les-Bains, la D1 Elite met le cap &agrave; l&rsquo;Ouest pour sa finale 2024.<\/p><blockquote><p>&laquo;&nbsp;<em>Le 28&egrave;me Casque de Diamant, sommet de la saison D1 Elite, prendra place cette ann&eacute;e au Stade Gilbert Brutus de Perpignan, gr&acirc;ce &agrave; l&rsquo;engagement des Grizzlys Catalans. Ce choix symbolise la passion et la diversit&eacute; de notre communaut&eacute;. Nous remercions la ville de Perpignan pour son accueil et les Grizzlys Catalans pour leur implication. Rendez-vous le 29 juin 2024 pour c&eacute;l&eacute;brer ensemble la f&ecirc;te du football am&eacute;ricain fran&ccedil;ais !<\/em>&nbsp;&raquo; <strong>Brigitte Schleifer, pr&eacute;sidente de la F&eacute;d&eacute;ration Fran&ccedil;aise de Football Am&eacute;ricain<\/strong><\/p><\/blockquote><p>Le club des Grizzlys Catalans qui organisera l&rsquo;&eacute;v&egrave;nement est fier de pouvoir accueillir ce qui se fait de mieux en France en terme de football am&eacute;ricain.<\/p><blockquote><p>&laquo;&nbsp;<em>Le Club des Grizzlys Catalans remercie la f&eacute;d&eacute;ration pour la confiance accord&eacute;e pour l&rsquo;organisation de la finale du championnat de France D1 Elite &agrave; Perpignan. Le club est heureux et fier, 40 ans apr&egrave;s et &agrave; Gilbert Brutus, d&rsquo;offrir &agrave; nouveau et &agrave; notre ville, d&eacute;partement, r&eacute;gion et &agrave; tous les passionn&eacute;s de football am&eacute;ricain un rayonnement de notre sport en plein essor.<\/em>&nbsp;&raquo; <strong>Laurent Aliu, pr&eacute;sident des Grizzlys Catalans<\/strong><\/p><\/blockquote><p>les infos concernant la billetterie seront donn&eacute;es plus tard dans la saison.<\/p><p>EN attendant, retrouvez toute l&rsquo;actualit&eacute; (r&eacute;sum&eacute; de matchs, preview, interview) de la D1 Elite sur The Free Agent !<\/p>\n","protected":false},"excerpt":{"rendered":"","protected":false},"author":13,"featured_media":1334329,"comment_status":"open","ping_status":"closed","sticky":false,"template":"","format":"standard","meta":{"inline_featured_image":false,"kia_subtitle":"","_mux_skip_reasons":[],"proofreadBy":0,"footnotes":""},"categories":[3324,40],"tags":[5342,6930,4131],"sport":[],"saison":[],"class_list":["post-1334315","post","type-post","status-publish","format-standard","has-post-thumbnail","hentry","category-d1","category-nfl","tag-d1-elite","tag-finale-2024","tag-grizzlys-catalans"],"acf":[],"yoast_head":"<!-- This site is optimized with the Yoast SEO plugin v24.2 - https:\/\/yoast.com\/wordpress\/plugins\/seo\/ -->\n<title>D1 Elite : La finale du Casque de diamant &agrave; Perpignan aux Gryzzlis Catalans - The Playoffs FR<\/title>\n<meta name=\"robots\" content=\"index, follow, max-snippet:-1, max-image-preview:large, max-video-preview:-1\" \/>\n<link rel=\"canonical\" href=\"https:\/\/theplayoffs.news\/fr\/d1\/d1-elite-la-finale-du-casque-de-diamant-a-perpignan-aux-gryzzlis-catalans\/\" \/>\n<meta property=\"og:locale\" content=\"fr_FR\" \/>\n<meta property=\"og:type\" content=\"article\" \/>\n<meta property=\"og:title\" content=\"D1 Elite : La finale du Casque de diamant &agrave; Perpignan aux Gryzzlis Catalans - The Playoffs FR\" \/>\n<meta property=\"og:url\" content=\"https:\/\/theplayoffs.news\/fr\/d1\/d1-elite-la-finale-du-casque-de-diamant-a-perpignan-aux-gryzzlis-catalans\/\" \/>\n<meta property=\"og:site_name\" content=\"The Playoffs FR\" \/>\n<meta property=\"article:publisher\" content=\"https:\/\/www.facebook.com\/TheFreeAgentFR\/\" \/>\n<meta property=\"article:modified_time\" content=\"2024-02-08T19:20:28+01:00\" \/>\n<meta property=\"og:image\" content=\"https:\/\/theplayoffs.news\/fr\/wp-content\/uploads\/2024\/02\/UNE_FINALE_ELITE_2024.jpg\" \/>\n\t<meta property=\"og:image:width\" content=\"1200\" \/>\n\t<meta property=\"og:image:height\" content=\"650\" \/>\n\t<meta property=\"og:image:type\" content=\"image\/jpeg\" \/>\n<meta name=\"author\" content=\"Charles Taudin\" \/>\n<meta name=\"twitter:card\" content=\"summary_large_image\" \/>\n<meta name=\"twitter:creator\" content=\"@TheFreeAgentFR\" \/>\n<meta name=\"twitter:site\" content=\"@TheFreeAgentFR\" \/>\n<meta name=\"twitter:label1\" content=\"\u00c9crit par\" \/>\n\t<meta name=\"twitter:data1\" content=\"Charles Taudin\" \/>\n\t<meta name=\"twitter:label2\" content=\"Dur\u00e9e de lecture estim\u00e9e\" \/>\n\t<meta name=\"twitter:data2\" content=\"1 minute\" \/>\n<script type=\"application\/ld+json\" class=\"yoast-schema-graph\">{\"@context\":\"https:\/\/schema.org\",\"@graph\":[{\"@type\":\"WebPage\",\"@id\":\"https:\/\/theplayoffs.news\/fr\/d1\/d1-elite-la-finale-du-casque-de-diamant-a-perpignan-aux-gryzzlis-catalans\/\",\"url\":\"https:\/\/theplayoffs.news\/fr\/d1\/d1-elite-la-finale-du-casque-de-diamant-a-perpignan-aux-gryzzlis-catalans\/\",\"name\":\"D1 Elite : La finale du Casque de diamant \u00e0 Perpignan aux Gryzzlis Catalans - The Playoffs FR\",\"isPartOf\":{\"@id\":\"https:\/\/theplayoffs.news\/fr\/#website\"},\"primaryImageOfPage\":{\"@id\":\"https:\/\/theplayoffs.news\/fr\/d1\/d1-elite-la-finale-du-casque-de-diamant-a-perpignan-aux-gryzzlis-catalans\/#primaryimage\"},\"image\":{\"@id\":\"https:\/\/theplayoffs.news\/fr\/d1\/d1-elite-la-finale-du-casque-de-diamant-a-perpignan-aux-gryzzlis-catalans\/#primaryimage\"},\"thumbnailUrl\":\"https:\/\/theplayoffs.news\/fr\/wp-content\/uploads\/2024\/02\/UNE_FINALE_ELITE_2024.jpg\",\"datePublished\":\"2024-02-08T17:00:56+00:00\",\"dateModified\":\"2024-02-08T18:20:28+00:00\",\"author\":{\"@id\":\"https:\/\/theplayoffs.news\/fr\/#\/schema\/person\/eee5b69ad5d3c51cabe881c839dbe133\"},\"breadcrumb\":{\"@id\":\"https:\/\/theplayoffs.news\/fr\/d1\/d1-elite-la-finale-du-casque-de-diamant-a-perpignan-aux-gryzzlis-catalans\/#breadcrumb\"},\"inLanguage\":\"fr-FR\",\"potentialAction\":[{\"@type\":\"ReadAction\",\"target\":[\"https:\/\/theplayoffs.news\/fr\/d1\/d1-elite-la-finale-du-casque-de-diamant-a-perpignan-aux-gryzzlis-catalans\/\"]}]},{\"@type\":\"ImageObject\",\"inLanguage\":\"fr-FR\",\"@id\":\"https:\/\/theplayoffs.news\/fr\/d1\/d1-elite-la-finale-du-casque-de-diamant-a-perpignan-aux-gryzzlis-catalans\/#primaryimage\",\"url\":\"https:\/\/theplayoffs.news\/fr\/wp-content\/uploads\/2024\/02\/UNE_FINALE_ELITE_2024.jpg\",\"contentUrl\":\"https:\/\/theplayoffs.news\/fr\/wp-content\/uploads\/2024\/02\/UNE_FINALE_ELITE_2024.jpg\",\"width\":1200,\"height\":650,\"caption\":\"D1 Elite\"},{\"@type\":\"BreadcrumbList\",\"@id\":\"https:\/\/theplayoffs.news\/fr\/d1\/d1-elite-la-finale-du-casque-de-diamant-a-perpignan-aux-gryzzlis-catalans\/#breadcrumb\",\"itemListElement\":[{\"@type\":\"ListItem\",\"position\":1,\"name\":\"Accueil\",\"item\":\"https:\/\/theplayoffs.news\/fr\/\"},{\"@type\":\"ListItem\",\"position\":2,\"name\":\"D1 Elite : La finale du Casque de diamant \u00e0 Perpignan aux Gryzzlis Catalans\"}]},{\"@type\":\"WebSite\",\"@id\":\"https:\/\/theplayoffs.news\/fr\/#website\",\"url\":\"https:\/\/theplayoffs.news\/fr\/\",\"name\":\"The Playoffs FR\",\"description\":\"NBA-NFL-NHL-MLB\",\"potentialAction\":[{\"@type\":\"SearchAction\",\"target\":{\"@type\":\"EntryPoint\",\"urlTemplate\":\"https:\/\/theplayoffs.news\/fr\/?s={search_term_string}\"},\"query-input\":{\"@type\":\"PropertyValueSpecification\",\"valueRequired\":true,\"valueName\":\"search_term_string\"}}],\"inLanguage\":\"fr-FR\"},{\"@type\":\"Person\",\"@id\":\"https:\/\/theplayoffs.news\/fr\/#\/schema\/person\/eee5b69ad5d3c51cabe881c839dbe133\",\"name\":\"Charles Taudin\",\"image\":{\"@type\":\"ImageObject\",\"inLanguage\":\"fr-FR\",\"@id\":\"https:\/\/theplayoffs.news\/fr\/#\/schema\/person\/image\/\",\"url\":\"https:\/\/secure.gravatar.com\/avatar\/59a1e772205ce9fd255edfcafc93013736822e20261f294c5753b20c41ede9f2?s=96&d=mm&r=g\",\"contentUrl\":\"https:\/\/secure.gravatar.com\/avatar\/59a1e772205ce9fd255edfcafc93013736822e20261f294c5753b20c41ede9f2?s=96&d=mm&r=g\",\"caption\":\"Charles Taudin\"},\"description\":\"R\u00e9dacteur en chef global de The Playoffs, j\u2019ai cr\u00e9\u00e9 The Free Agent, devenu The Playoffs FR, en 2020 durant la pand\u00e9mie. Amoureux depuis des ann\u00e9es des 4 sports majeurs am\u00e9ricains, j\u2019organise maintenant la strat\u00e9gie \u00e9ditoriale et les r\u00e9seaux sociaux de l\u2019ensemble des versions de The Playoffs. Il m\u2019arrive encore d\u2019\u00e9crire sur certains sports que j\u2019affectionne particuli\u00e8rement comme la NFL ou la MLB. Si vous devez retenir qu\u2019une chose : Eli Manning est le vrai GOAT pour avoir battu deux fois Tom Brady.\",\"sameAs\":[\"https:\/\/www.instagram.com\/ctaudin_\/\"],\"url\":\"https:\/\/theplayoffs.news\/fr\/author\/charles-taudin\/\"}]}<\/script>\n<!-- \/ Yoast SEO plugin. -->","yoast_head_json":{"title":"D1 Elite : La finale du Casque de diamant &agrave; Perpignan aux Gryzzlis Catalans - The Playoffs FR","robots":{"index":"index","follow":"follow","max-snippet":"max-snippet:-1","max-image-preview":"max-image-preview:large","max-video-preview":"max-video-preview:-1"},"canonical":"https:\/\/theplayoffs.news\/fr\/d1\/d1-elite-la-finale-du-casque-de-diamant-a-perpignan-aux-gryzzlis-catalans\/","og_locale":"fr_FR","og_type":"article","og_title":"D1 Elite : La finale du Casque de diamant &agrave; Perpignan aux Gryzzlis Catalans - The Playoffs FR","og_url":"https:\/\/theplayoffs.news\/fr\/d1\/d1-elite-la-finale-du-casque-de-diamant-a-perpignan-aux-gryzzlis-catalans\/","og_site_name":"The Playoffs FR","article_publisher":"https:\/\/www.facebook.com\/TheFreeAgentFR\/","article_modified_time":"2024-02-08T18:20:28+00:00","og_image":[{"width":1200,"height":650,"url":"https:\/\/theplayoffs.news\/fr\/wp-content\/uploads\/2024\/02\/UNE_FINALE_ELITE_2024.jpg","type":"image\/jpeg"}],"author":"Charles Taudin","twitter_card":"summary_large_image","twitter_creator":"@TheFreeAgentFR","twitter_site":"@TheFreeAgentFR","twitter_misc":{"\u00c9crit par":"Charles Taudin","Dur\u00e9e de lecture estim\u00e9e":"1 minute"},"schema":{"@context":"https:\/\/schema.org","@graph":[{"@type":"WebPage","@id":"https:\/\/theplayoffs.news\/fr\/d1\/d1-elite-la-finale-du-casque-de-diamant-a-perpignan-aux-gryzzlis-catalans\/","url":"https:\/\/theplayoffs.news\/fr\/d1\/d1-elite-la-finale-du-casque-de-diamant-a-perpignan-aux-gryzzlis-catalans\/","name":"D1 Elite : La finale du Casque de diamant \u00e0 Perpignan aux Gryzzlis Catalans - The Playoffs FR","isPartOf":{"@id":"https:\/\/theplayoffs.news\/fr\/#website"},"primaryImageOfPage":{"@id":"https:\/\/theplayoffs.news\/fr\/d1\/d1-elite-la-finale-du-casque-de-diamant-a-perpignan-aux-gryzzlis-catalans\/#primaryimage"},"image":{"@id":"https:\/\/theplayoffs.news\/fr\/d1\/d1-elite-la-finale-du-casque-de-diamant-a-perpignan-aux-gryzzlis-catalans\/#primaryimage"},"thumbnailUrl":"https:\/\/theplayoffs.news\/fr\/wp-content\/uploads\/2024\/02\/UNE_FINALE_ELITE_2024.jpg","datePublished":"2024-02-08T17:00:56+00:00","dateModified":"2024-02-08T18:20:28+00:00","author":{"@id":"https:\/\/theplayoffs.news\/fr\/#\/schema\/person\/eee5b69ad5d3c51cabe881c839dbe133"},"breadcrumb":{"@id":"https:\/\/theplayoffs.news\/fr\/d1\/d1-elite-la-finale-du-casque-de-diamant-a-perpignan-aux-gryzzlis-catalans\/#breadcrumb"},"inLanguage":"fr-FR","potentialAction":[{"@type":"ReadAction","target":["https:\/\/theplayoffs.news\/fr\/d1\/d1-elite-la-finale-du-casque-de-diamant-a-perpignan-aux-gryzzlis-catalans\/"]}]},{"@type":"ImageObject","inLanguage":"fr-FR","@id":"https:\/\/theplayoffs.news\/fr\/d1\/d1-elite-la-finale-du-casque-de-diamant-a-perpignan-aux-gryzzlis-catalans\/#primaryimage","url":"https:\/\/theplayoffs.news\/fr\/wp-content\/uploads\/2024\/02\/UNE_FINALE_ELITE_2024.jpg","contentUrl":"https:\/\/theplayoffs.news\/fr\/wp-content\/uploads\/2024\/02\/UNE_FINALE_ELITE_2024.jpg","width":1200,"height":650,"caption":"D1 Elite"},{"@type":"BreadcrumbList","@id":"https:\/\/theplayoffs.news\/fr\/d1\/d1-elite-la-finale-du-casque-de-diamant-a-perpignan-aux-gryzzlis-catalans\/#breadcrumb","itemListElement":[{"@type":"ListItem","position":1,"name":"Accueil","item":"https:\/\/theplayoffs.news\/fr\/"},{"@type":"ListItem","position":2,"name":"D1 Elite : La finale du Casque de diamant \u00e0 Perpignan aux Gryzzlis Catalans"}]},{"@type":"WebSite","@id":"https:\/\/theplayoffs.news\/fr\/#website","url":"https:\/\/theplayoffs.news\/fr\/","name":"The Playoffs FR","description":"NBA-NFL-NHL-MLB","potentialAction":[{"@type":"SearchAction","target":{"@type":"EntryPoint","urlTemplate":"https:\/\/theplayoffs.news\/fr\/?s={search_term_string}"},"query-input":{"@type":"PropertyValueSpecification","valueRequired":true,"valueName":"search_term_string"}}],"inLanguage":"fr-FR"},{"@type":"Person","@id":"https:\/\/theplayoffs.news\/fr\/#\/schema\/person\/eee5b69ad5d3c51cabe881c839dbe133","name":"Charles Taudin","image":{"@type":"ImageObject","inLanguage":"fr-FR","@id":"https:\/\/theplayoffs.news\/fr\/#\/schema\/person\/image\/","url":"https:\/\/secure.gravatar.com\/avatar\/59a1e772205ce9fd255edfcafc93013736822e20261f294c5753b20c41ede9f2?s=96&d=mm&r=g","contentUrl":"https:\/\/secure.gravatar.com\/avatar\/59a1e772205ce9fd255edfcafc93013736822e20261f294c5753b20c41ede9f2?s=96&d=mm&r=g","caption":"Charles Taudin"},"description":"R\u00e9dacteur en chef global de The Playoffs, j\u2019ai cr\u00e9\u00e9 The Free Agent, devenu The Playoffs FR, en 2020 durant la pand\u00e9mie. Amoureux depuis des ann\u00e9es des 4 sports majeurs am\u00e9ricains, j\u2019organise maintenant la strat\u00e9gie \u00e9ditoriale et les r\u00e9seaux sociaux de l\u2019ensemble des versions de The Playoffs. Il m\u2019arrive encore d\u2019\u00e9crire sur certains sports que j\u2019affectionne particuli\u00e8rement comme la NFL ou la MLB. Si vous devez retenir qu\u2019une chose : Eli Manning est le vrai GOAT pour avoir battu deux fois Tom Brady.","sameAs":["https:\/\/www.instagram.com\/ctaudin_\/"],"url":"https:\/\/theplayoffs.news\/fr\/author\/charles-taudin\/"}]}},"_links":{"self":[{"href":"https:\/\/theplayoffs.news\/fr\/wp-json\/wp\/v2\/posts\/1334315","targetHints":{"allow":["GET"]}}],"collection":[{"href":"https:\/\/theplayoffs.news\/fr\/wp-json\/wp\/v2\/posts"}],"about":[{"href":"https:\/\/theplayoffs.news\/fr\/wp-json\/wp\/v2\/types\/post"}],"author":[{"embeddable":true,"href":"https:\/\/theplayoffs.news\/fr\/wp-json\/wp\/v2\/users\/13"}],"replies":[{"embeddable":true,"href":"https:\/\/theplayoffs.news\/fr\/wp-json\/wp\/v2\/comments?post=1334315"}],"version-history":[{"count":4,"href":"https:\/\/theplayoffs.news\/fr\/wp-json\/wp\/v2\/posts\/1334315\/revisions"}],"predecessor-version":[{"id":1335061,"href":"https:\/\/theplayoffs.news\/fr\/wp-json\/wp\/v2\/posts\/1334315\/revisions\/1335061"}],"wp:featuredmedia":[{"embeddable":true,"href":"https:\/\/theplayoffs.news\/fr\/wp-json\/wp\/v2\/media\/1334329"}],"wp:attachment":[{"href":"https:\/\/theplayoffs.news\/fr\/wp-json\/wp\/v2\/media?parent=1334315"}],"wp:term":[{"taxonomy":"category","embeddable":true,"href":"https:\/\/theplayoffs.news\/fr\/wp-json\/wp\/v2\/categories?post=1334315"},{"taxonomy":"post_tag","embeddable":true,"href":"https:\/\/theplayoffs.news\/fr\/wp-json\/wp\/v2\/tags?post=1334315"},{"taxonomy":"sport","embeddable":true,"href":"https:\/\/theplayoffs.news\/fr\/wp-json\/wp\/v2\/sport?post=1334315"},{"taxonomy":"saison","embeddable":true,"href":"https:\/\/theplayoffs.news\/fr\/wp-json\/wp\/v2\/saison?post=1334315"}],"curies":[{"name":"wp","href":"https:\/\/api.w.org\/{rel}","templated":true}]}}