{"id":1331677,"date":"2024-02-07T18:23:52","date_gmt":"2024-02-07T17:23:52","guid":{"rendered":"https:\/\/theplayoffs.news\/fr\/?p=1331677"},"modified":"2024-02-07T18:23:53","modified_gmt":"2024-02-07T17:23:53","slug":"andy-reid-felicite-les-raiders-pour-leurs-installations","status":"publish","type":"post","link":"https:\/\/theplayoffs.news\/fr\/actualite-nfl\/andy-reid-felicite-les-raiders-pour-leurs-installations\/","title":{"rendered":"Andy Reid f\u00e9licite les Raiders pour leurs installations"},"content":{"rendered":"<h2>NFL &ndash; Les conditions d&rsquo;entra&icirc;nement sont un sujet &eacute;pineux &agrave; quelques jours du Super Bowl, enfin, pas pour Andy Reid.<\/h2><p>Lorsque la question lui a &eacute;t&eacute; pos&eacute;e concernant la qualit&eacute; des infrastructures, l&rsquo;entra&icirc;neur des Chiefs s&rsquo;est montr&eacute; &eacute;logieux :<\/p><blockquote><p>&laquo;&nbsp;Les conditions sont excellentes pour pr&eacute;parer ce match&nbsp;&raquo;, <a href=\"https:\/\/www.nbcsports.com\/nfl\/profootballtalk\/rumor-mill\/news\/andy-reid-credits-raiders-for-having-great-facilities-to-use-during-super-bowl-week\" class=\"trk-cta-link\" data-cta-trk='{\"ctaType\":\"Link\",\"ctaSubType\":\"main\"}'>a affirm&eacute; Andy Reid<\/a>. &laquo;&nbsp;Je pense que nos joueurs se sont concentr&eacute;s sur ce point et que les installations sont excellentes.&nbsp;&raquo;<\/p><\/blockquote><p><a href=\"https:\/\/theplayoffs.news\/fr\/nfl\/les-49ers-de-san-francisco-confrontes-a-un-dilemme-de-terrain-avant-le-super-bowl-lviii\/\" class=\"trk-cta-link\" data-cta-trk='{\"ctaType\":\"Link\",\"ctaSubType\":\"main\"}'>Du c&ocirc;t&eacute; des 49ers,<\/a> le son de cloche n&rsquo;est pas tout &agrave; fait le m&ecirc;me. Install&eacute; dans les infrastructures de UNLV, les conditions ne semblent pas aussi optimales que pour les Chiefs. Lundi, dans le pat McAfee show, Adam Schefter avait r&eacute;v&eacute;l&eacute; les conditions dans lesquelles les 49ers se trouvaient :<\/p><blockquote><p>&laquo;&nbsp;Il y a d&eacute;j&agrave; eu des plaintes selon lesquelles il y a des coutures dans le terrain d&rsquo;entra&icirc;nement, qu&rsquo;on a l&rsquo;impression de marcher sur une &eacute;ponge&nbsp;&raquo;, a d&eacute;clar&eacute; Adam Schefter d&rsquo;ESPN&nbsp;<a href=\"https:\/\/twitter.com\/PatMcAfeeShow\/status\/1754558494538072249\" target=\"_blank\" rel=\"noopener\" class=\"trk-cta-link\" data-cta-trk='{\"ctaType\":\"Link\",\"ctaSubType\":\"main\"}'>dans l&rsquo;&eacute;mission &laquo;&nbsp;The Pat McAfee Show&nbsp;&raquo; lundi<\/a>. &laquo;&nbsp;Je peux vous dire que les Niners ne sont pas satisfaits des conditions d&rsquo;entra&icirc;nement sur ce terrain que la ligue est charg&eacute;e d&rsquo;entretenir. Ils ont l&rsquo;impression que c&rsquo;est un d&eacute;savantage&nbsp;&raquo;.<\/p><\/blockquote><p>Pas sur que cette d&eacute;claration d&rsquo;Andy Reid ne soit bien accueillie par les 49ers et leur fans.<\/p><p>Credit Photo : Kirby Lee-USA TODAY Sports<\/p>\n","protected":false},"excerpt":{"rendered":"","protected":false},"author":13,"featured_media":1331678,"comment_status":"open","ping_status":"closed","sticky":false,"template":"","format":"standard","meta":{"inline_featured_image":false,"kia_subtitle":"","_mux_skip_reasons":[],"proofreadBy":0,"footnotes":""},"categories":[118,40],"tags":[1037,5731],"sport":[],"saison":[],"class_list":["post-1331677","post","type-post","status-publish","format-standard","has-post-thumbnail","hentry","category-actualite-nfl","category-nfl","tag-andy-reid","tag-chiefs-de-kansas-city"],"acf":[],"yoast_head":"<!-- This site is optimized with the Yoast SEO plugin v24.2 - https:\/\/yoast.com\/wordpress\/plugins\/seo\/ -->\n<title>Andy Reid f&eacute;licite les Raiders pour leurs installations - The Playoffs FR<\/title>\n<meta name=\"robots\" content=\"index, follow, max-snippet:-1, max-image-preview:large, max-video-preview:-1\" \/>\n<link rel=\"canonical\" href=\"https:\/\/theplayoffs.news\/fr\/actualite-nfl\/andy-reid-felicite-les-raiders-pour-leurs-installations\/\" \/>\n<meta property=\"og:locale\" content=\"fr_FR\" \/>\n<meta property=\"og:type\" content=\"article\" \/>\n<meta property=\"og:title\" content=\"Andy Reid f&eacute;licite les Raiders pour leurs installations - The Playoffs FR\" \/>\n<meta property=\"og:url\" content=\"https:\/\/theplayoffs.news\/fr\/actualite-nfl\/andy-reid-felicite-les-raiders-pour-leurs-installations\/\" \/>\n<meta property=\"og:site_name\" content=\"The Playoffs FR\" \/>\n<meta property=\"article:publisher\" content=\"https:\/\/www.facebook.com\/TheFreeAgentFR\/\" \/>\n<meta property=\"article:modified_time\" content=\"2024-02-07T18:23:53+01:00\" \/>\n<meta property=\"og:image\" content=\"https:\/\/theplayoffs.news\/fr\/wp-content\/uploads\/2024\/02\/USATSI_22456256.jpg\" \/>\n\t<meta property=\"og:image:width\" content=\"1920\" \/>\n\t<meta property=\"og:image:height\" content=\"1190\" \/>\n\t<meta property=\"og:image:type\" content=\"image\/jpeg\" \/>\n<meta name=\"author\" content=\"Charles Taudin\" \/>\n<meta name=\"twitter:card\" content=\"summary_large_image\" \/>\n<meta name=\"twitter:creator\" content=\"@TheFreeAgentFR\" \/>\n<meta name=\"twitter:site\" content=\"@TheFreeAgentFR\" \/>\n<meta name=\"twitter:label1\" content=\"\u00c9crit par\" \/>\n\t<meta name=\"twitter:data1\" content=\"Charles Taudin\" \/>\n\t<meta name=\"twitter:label2\" content=\"Dur\u00e9e de lecture estim\u00e9e\" \/>\n\t<meta name=\"twitter:data2\" content=\"1 minute\" \/>\n<script type=\"application\/ld+json\" class=\"yoast-schema-graph\">{\"@context\":\"https:\/\/schema.org\",\"@graph\":[{\"@type\":\"WebPage\",\"@id\":\"https:\/\/theplayoffs.news\/fr\/actualite-nfl\/andy-reid-felicite-les-raiders-pour-leurs-installations\/\",\"url\":\"https:\/\/theplayoffs.news\/fr\/actualite-nfl\/andy-reid-felicite-les-raiders-pour-leurs-installations\/\",\"name\":\"Andy Reid f\u00e9licite les Raiders pour leurs installations - The Playoffs FR\",\"isPartOf\":{\"@id\":\"https:\/\/theplayoffs.news\/fr\/#website\"},\"primaryImageOfPage\":{\"@id\":\"https:\/\/theplayoffs.news\/fr\/actualite-nfl\/andy-reid-felicite-les-raiders-pour-leurs-installations\/#primaryimage\"},\"image\":{\"@id\":\"https:\/\/theplayoffs.news\/fr\/actualite-nfl\/andy-reid-felicite-les-raiders-pour-leurs-installations\/#primaryimage\"},\"thumbnailUrl\":\"https:\/\/theplayoffs.news\/fr\/wp-content\/uploads\/2024\/02\/USATSI_22456256.jpg\",\"datePublished\":\"2024-02-07T17:23:52+00:00\",\"dateModified\":\"2024-02-07T17:23:53+00:00\",\"author\":{\"@id\":\"https:\/\/theplayoffs.news\/fr\/#\/schema\/person\/eee5b69ad5d3c51cabe881c839dbe133\"},\"breadcrumb\":{\"@id\":\"https:\/\/theplayoffs.news\/fr\/actualite-nfl\/andy-reid-felicite-les-raiders-pour-leurs-installations\/#breadcrumb\"},\"inLanguage\":\"fr-FR\",\"potentialAction\":[{\"@type\":\"ReadAction\",\"target\":[\"https:\/\/theplayoffs.news\/fr\/actualite-nfl\/andy-reid-felicite-les-raiders-pour-leurs-installations\/\"]}]},{\"@type\":\"ImageObject\",\"inLanguage\":\"fr-FR\",\"@id\":\"https:\/\/theplayoffs.news\/fr\/actualite-nfl\/andy-reid-felicite-les-raiders-pour-leurs-installations\/#primaryimage\",\"url\":\"https:\/\/theplayoffs.news\/fr\/wp-content\/uploads\/2024\/02\/USATSI_22456256.jpg\",\"contentUrl\":\"https:\/\/theplayoffs.news\/fr\/wp-content\/uploads\/2024\/02\/USATSI_22456256.jpg\",\"width\":1920,\"height\":1190,\"caption\":\"Feb 6, 2024; Las Vegas, NV, USA; Kansas City Chiefs head coach Andy Reid speaks during a press conference before Super Bowl LVIII at Westin Lake Las Vegas Resort and Spa. Mandatory Credit: Kirby Lee-USA TODAY Sports\"},{\"@type\":\"BreadcrumbList\",\"@id\":\"https:\/\/theplayoffs.news\/fr\/actualite-nfl\/andy-reid-felicite-les-raiders-pour-leurs-installations\/#breadcrumb\",\"itemListElement\":[{\"@type\":\"ListItem\",\"position\":1,\"name\":\"Accueil\",\"item\":\"https:\/\/theplayoffs.news\/fr\/\"},{\"@type\":\"ListItem\",\"position\":2,\"name\":\"Andy Reid f\u00e9licite les Raiders pour leurs installations\"}]},{\"@type\":\"WebSite\",\"@id\":\"https:\/\/theplayoffs.news\/fr\/#website\",\"url\":\"https:\/\/theplayoffs.news\/fr\/\",\"name\":\"The Playoffs FR\",\"description\":\"NBA-NFL-NHL-MLB\",\"potentialAction\":[{\"@type\":\"SearchAction\",\"target\":{\"@type\":\"EntryPoint\",\"urlTemplate\":\"https:\/\/theplayoffs.news\/fr\/?s={search_term_string}\"},\"query-input\":{\"@type\":\"PropertyValueSpecification\",\"valueRequired\":true,\"valueName\":\"search_term_string\"}}],\"inLanguage\":\"fr-FR\"},{\"@type\":\"Person\",\"@id\":\"https:\/\/theplayoffs.news\/fr\/#\/schema\/person\/eee5b69ad5d3c51cabe881c839dbe133\",\"name\":\"Charles Taudin\",\"image\":{\"@type\":\"ImageObject\",\"inLanguage\":\"fr-FR\",\"@id\":\"https:\/\/theplayoffs.news\/fr\/#\/schema\/person\/image\/\",\"url\":\"https:\/\/secure.gravatar.com\/avatar\/59a1e772205ce9fd255edfcafc93013736822e20261f294c5753b20c41ede9f2?s=96&d=mm&r=g\",\"contentUrl\":\"https:\/\/secure.gravatar.com\/avatar\/59a1e772205ce9fd255edfcafc93013736822e20261f294c5753b20c41ede9f2?s=96&d=mm&r=g\",\"caption\":\"Charles Taudin\"},\"description\":\"R\u00e9dacteur en chef global de The Playoffs, j\u2019ai cr\u00e9\u00e9 The Free Agent, devenu The Playoffs FR, en 2020 durant la pand\u00e9mie. Amoureux depuis des ann\u00e9es des 4 sports majeurs am\u00e9ricains, j\u2019organise maintenant la strat\u00e9gie \u00e9ditoriale et les r\u00e9seaux sociaux de l\u2019ensemble des versions de The Playoffs. Il m\u2019arrive encore d\u2019\u00e9crire sur certains sports que j\u2019affectionne particuli\u00e8rement comme la NFL ou la MLB. Si vous devez retenir qu\u2019une chose : Eli Manning est le vrai GOAT pour avoir battu deux fois Tom Brady.\",\"sameAs\":[\"https:\/\/www.instagram.com\/ctaudin_\/\"],\"url\":\"https:\/\/theplayoffs.news\/fr\/author\/charles-taudin\/\"}]}<\/script>\n<!-- \/ Yoast SEO plugin. -->","yoast_head_json":{"title":"Andy Reid f&eacute;licite les Raiders pour leurs installations - The Playoffs FR","robots":{"index":"index","follow":"follow","max-snippet":"max-snippet:-1","max-image-preview":"max-image-preview:large","max-video-preview":"max-video-preview:-1"},"canonical":"https:\/\/theplayoffs.news\/fr\/actualite-nfl\/andy-reid-felicite-les-raiders-pour-leurs-installations\/","og_locale":"fr_FR","og_type":"article","og_title":"Andy Reid f&eacute;licite les Raiders pour leurs installations - The Playoffs FR","og_url":"https:\/\/theplayoffs.news\/fr\/actualite-nfl\/andy-reid-felicite-les-raiders-pour-leurs-installations\/","og_site_name":"The Playoffs FR","article_publisher":"https:\/\/www.facebook.com\/TheFreeAgentFR\/","article_modified_time":"2024-02-07T17:23:53+00:00","og_image":[{"width":1920,"height":1190,"url":"https:\/\/theplayoffs.news\/fr\/wp-content\/uploads\/2024\/02\/USATSI_22456256.jpg","type":"image\/jpeg"}],"author":"Charles Taudin","twitter_card":"summary_large_image","twitter_creator":"@TheFreeAgentFR","twitter_site":"@TheFreeAgentFR","twitter_misc":{"\u00c9crit par":"Charles Taudin","Dur\u00e9e de lecture estim\u00e9e":"1 minute"},"schema":{"@context":"https:\/\/schema.org","@graph":[{"@type":"WebPage","@id":"https:\/\/theplayoffs.news\/fr\/actualite-nfl\/andy-reid-felicite-les-raiders-pour-leurs-installations\/","url":"https:\/\/theplayoffs.news\/fr\/actualite-nfl\/andy-reid-felicite-les-raiders-pour-leurs-installations\/","name":"Andy Reid f\u00e9licite les Raiders pour leurs installations - The Playoffs FR","isPartOf":{"@id":"https:\/\/theplayoffs.news\/fr\/#website"},"primaryImageOfPage":{"@id":"https:\/\/theplayoffs.news\/fr\/actualite-nfl\/andy-reid-felicite-les-raiders-pour-leurs-installations\/#primaryimage"},"image":{"@id":"https:\/\/theplayoffs.news\/fr\/actualite-nfl\/andy-reid-felicite-les-raiders-pour-leurs-installations\/#primaryimage"},"thumbnailUrl":"https:\/\/theplayoffs.news\/fr\/wp-content\/uploads\/2024\/02\/USATSI_22456256.jpg","datePublished":"2024-02-07T17:23:52+00:00","dateModified":"2024-02-07T17:23:53+00:00","author":{"@id":"https:\/\/theplayoffs.news\/fr\/#\/schema\/person\/eee5b69ad5d3c51cabe881c839dbe133"},"breadcrumb":{"@id":"https:\/\/theplayoffs.news\/fr\/actualite-nfl\/andy-reid-felicite-les-raiders-pour-leurs-installations\/#breadcrumb"},"inLanguage":"fr-FR","potentialAction":[{"@type":"ReadAction","target":["https:\/\/theplayoffs.news\/fr\/actualite-nfl\/andy-reid-felicite-les-raiders-pour-leurs-installations\/"]}]},{"@type":"ImageObject","inLanguage":"fr-FR","@id":"https:\/\/theplayoffs.news\/fr\/actualite-nfl\/andy-reid-felicite-les-raiders-pour-leurs-installations\/#primaryimage","url":"https:\/\/theplayoffs.news\/fr\/wp-content\/uploads\/2024\/02\/USATSI_22456256.jpg","contentUrl":"https:\/\/theplayoffs.news\/fr\/wp-content\/uploads\/2024\/02\/USATSI_22456256.jpg","width":1920,"height":1190,"caption":"Feb 6, 2024; Las Vegas, NV, USA; Kansas City Chiefs head coach Andy Reid speaks during a press conference before Super Bowl LVIII at Westin Lake Las Vegas Resort and Spa. Mandatory Credit: Kirby Lee-USA TODAY Sports"},{"@type":"BreadcrumbList","@id":"https:\/\/theplayoffs.news\/fr\/actualite-nfl\/andy-reid-felicite-les-raiders-pour-leurs-installations\/#breadcrumb","itemListElement":[{"@type":"ListItem","position":1,"name":"Accueil","item":"https:\/\/theplayoffs.news\/fr\/"},{"@type":"ListItem","position":2,"name":"Andy Reid f\u00e9licite les Raiders pour leurs installations"}]},{"@type":"WebSite","@id":"https:\/\/theplayoffs.news\/fr\/#website","url":"https:\/\/theplayoffs.news\/fr\/","name":"The Playoffs FR","description":"NBA-NFL-NHL-MLB","potentialAction":[{"@type":"SearchAction","target":{"@type":"EntryPoint","urlTemplate":"https:\/\/theplayoffs.news\/fr\/?s={search_term_string}"},"query-input":{"@type":"PropertyValueSpecification","valueRequired":true,"valueName":"search_term_string"}}],"inLanguage":"fr-FR"},{"@type":"Person","@id":"https:\/\/theplayoffs.news\/fr\/#\/schema\/person\/eee5b69ad5d3c51cabe881c839dbe133","name":"Charles Taudin","image":{"@type":"ImageObject","inLanguage":"fr-FR","@id":"https:\/\/theplayoffs.news\/fr\/#\/schema\/person\/image\/","url":"https:\/\/secure.gravatar.com\/avatar\/59a1e772205ce9fd255edfcafc93013736822e20261f294c5753b20c41ede9f2?s=96&d=mm&r=g","contentUrl":"https:\/\/secure.gravatar.com\/avatar\/59a1e772205ce9fd255edfcafc93013736822e20261f294c5753b20c41ede9f2?s=96&d=mm&r=g","caption":"Charles Taudin"},"description":"R\u00e9dacteur en chef global de The Playoffs, j\u2019ai cr\u00e9\u00e9 The Free Agent, devenu The Playoffs FR, en 2020 durant la pand\u00e9mie. Amoureux depuis des ann\u00e9es des 4 sports majeurs am\u00e9ricains, j\u2019organise maintenant la strat\u00e9gie \u00e9ditoriale et les r\u00e9seaux sociaux de l\u2019ensemble des versions de The Playoffs. Il m\u2019arrive encore d\u2019\u00e9crire sur certains sports que j\u2019affectionne particuli\u00e8rement comme la NFL ou la MLB. Si vous devez retenir qu\u2019une chose : Eli Manning est le vrai GOAT pour avoir battu deux fois Tom Brady.","sameAs":["https:\/\/www.instagram.com\/ctaudin_\/"],"url":"https:\/\/theplayoffs.news\/fr\/author\/charles-taudin\/"}]}},"_links":{"self":[{"href":"https:\/\/theplayoffs.news\/fr\/wp-json\/wp\/v2\/posts\/1331677","targetHints":{"allow":["GET"]}}],"collection":[{"href":"https:\/\/theplayoffs.news\/fr\/wp-json\/wp\/v2\/posts"}],"about":[{"href":"https:\/\/theplayoffs.news\/fr\/wp-json\/wp\/v2\/types\/post"}],"author":[{"embeddable":true,"href":"https:\/\/theplayoffs.news\/fr\/wp-json\/wp\/v2\/users\/13"}],"replies":[{"embeddable":true,"href":"https:\/\/theplayoffs.news\/fr\/wp-json\/wp\/v2\/comments?post=1331677"}],"version-history":[{"count":3,"href":"https:\/\/theplayoffs.news\/fr\/wp-json\/wp\/v2\/posts\/1331677\/revisions"}],"predecessor-version":[{"id":1331681,"href":"https:\/\/theplayoffs.news\/fr\/wp-json\/wp\/v2\/posts\/1331677\/revisions\/1331681"}],"wp:featuredmedia":[{"embeddable":true,"href":"https:\/\/theplayoffs.news\/fr\/wp-json\/wp\/v2\/media\/1331678"}],"wp:attachment":[{"href":"https:\/\/theplayoffs.news\/fr\/wp-json\/wp\/v2\/media?parent=1331677"}],"wp:term":[{"taxonomy":"category","embeddable":true,"href":"https:\/\/theplayoffs.news\/fr\/wp-json\/wp\/v2\/categories?post=1331677"},{"taxonomy":"post_tag","embeddable":true,"href":"https:\/\/theplayoffs.news\/fr\/wp-json\/wp\/v2\/tags?post=1331677"},{"taxonomy":"sport","embeddable":true,"href":"https:\/\/theplayoffs.news\/fr\/wp-json\/wp\/v2\/sport?post=1331677"},{"taxonomy":"saison","embeddable":true,"href":"https:\/\/theplayoffs.news\/fr\/wp-json\/wp\/v2\/saison?post=1331677"}],"curies":[{"name":"wp","href":"https:\/\/api.w.org\/{rel}","templated":true}]}}